{"id":82,"date":"2025-02-14T08:24:47","date_gmt":"2025-02-14T14:24:47","guid":{"rendered":"https:\/\/beleza.artereciclada.com.br\/?p=82"},"modified":"2025-02-14T17:17:40","modified_gmt":"2025-02-14T20:17:40","slug":"protetor-solar","status":"publish","type":"post","link":"https:\/\/beleza.artereciclada.com.br\/it\/pele\/protetor-solar\/","title":{"rendered":"Protezione solare: come sceglierla e applicarla correttamente?"},"content":{"rendered":"<p>O <strong>crema solare<\/strong> \u00e8 uno degli alleati pi\u00f9 importanti nella routine di cura della pelle. La sua funzione va ben oltre la semplice protezione dai raggi ultravioletti; preserva la salute della pelle, previene l'invecchiamento precoce e riduce il rischio di cancro alla pelle. In questo articolo, esaminiamo nel dettaglio come scegliere la crema solare giusta per la vostra pelle. <strong>crema solare<\/strong> ideale per le vostre esigenze e le migliori tecniche di applicazione per garantire la massima efficacia.<\/p>\n\n\n\n<figure class=\"wp-block-image size-large\"><img fetchpriority=\"high\" decoding=\"async\" width=\"1024\" height=\"585\" src=\"https:\/\/beleza.artereciclada.com.br\/wp-content\/uploads\/2025\/02\/DALL\u00b7E-2025-02-14-11.20.00-A-vibrant-and-sunny-scene-featuring-a-person-holding-a-sunscreen-bottle-against-a-bright-blue-sky.-The-composition-is-clean-and-minimalistic-with-a-f-1-1024x585.webp\" alt=\"protetor solar\" class=\"wp-image-83\" srcset=\"https:\/\/beleza.artereciclada.com.br\/wp-content\/uploads\/2025\/02\/DALL\u00b7E-2025-02-14-11.20.00-A-vibrant-and-sunny-scene-featuring-a-person-holding-a-sunscreen-bottle-against-a-bright-blue-sky.-The-composition-is-clean-and-minimalistic-with-a-f-1-1024x585.webp 1024w, https:\/\/beleza.artereciclada.com.br\/wp-content\/uploads\/2025\/02\/DALL\u00b7E-2025-02-14-11.20.00-A-vibrant-and-sunny-scene-featuring-a-person-holding-a-sunscreen-bottle-against-a-bright-blue-sky.-The-composition-is-clean-and-minimalistic-with-a-f-1-300x171.webp 300w, https:\/\/beleza.artereciclada.com.br\/wp-content\/uploads\/2025\/02\/DALL\u00b7E-2025-02-14-11.20.00-A-vibrant-and-sunny-scene-featuring-a-person-holding-a-sunscreen-bottle-against-a-bright-blue-sky.-The-composition-is-clean-and-minimalistic-with-a-f-1-768x439.webp 768w, https:\/\/beleza.artereciclada.com.br\/wp-content\/uploads\/2025\/02\/DALL\u00b7E-2025-02-14-11.20.00-A-vibrant-and-sunny-scene-featuring-a-person-holding-a-sunscreen-bottle-against-a-bright-blue-sky.-The-composition-is-clean-and-minimalistic-with-a-f-1-1536x878.webp 1536w, https:\/\/beleza.artereciclada.com.br\/wp-content\/uploads\/2025\/02\/DALL\u00b7E-2025-02-14-11.20.00-A-vibrant-and-sunny-scene-featuring-a-person-holding-a-sunscreen-bottle-against-a-bright-blue-sky.-The-composition-is-clean-and-minimalistic-with-a-f-1-18x10.webp 18w, https:\/\/beleza.artereciclada.com.br\/wp-content\/uploads\/2025\/02\/DALL\u00b7E-2025-02-14-11.20.00-A-vibrant-and-sunny-scene-featuring-a-person-holding-a-sunscreen-bottle-against-a-bright-blue-sky.-The-composition-is-clean-and-minimalistic-with-a-f-1.webp 1792w\" sizes=\"(max-width: 1024px) 100vw, 1024px\" \/><\/figure>\n\n\n\n<hr class=\"wp-block-separator has-alpha-channel-opacity\"\/>\n\n\n\n<div class=\"wp-block-rank-math-toc-block\" id=\"rank-math-toc\"><h2>Indice<\/h2><nav><ul><li class=\"\"><a href=\"#a-importancia-do-protetor-solar-na-rotina-de-cuidados\">L'importanza della protezione solare nella routine di cura<\/a><\/li><li class=\"\"><a href=\"#como-escolher-o-protetor-solar-ideal\">Come scegliere la giusta protezione solare<\/a><ul><li class=\"\"><a href=\"#1-fator-de-protecao-solar-fps\">1. Fattore di protezione solare (SPF)<\/a><\/li><li class=\"\"><a href=\"#2-tipos-de-protetor-solar\">2. Tipi di protezione solare<\/a><ul><li class=\"\"><a href=\"#protetor-solar-fisico-mineral\">Protezione solare fisica (minerale)<\/a><\/li><li class=\"\"><a href=\"#protetor-solar-quimico\">Protezione solare chimica<\/a><\/li><li class=\"\"><a href=\"#protetor-solar-hibrido\">Protezione solare ibrida<\/a><\/li><\/ul><\/li><li class=\"\"><a href=\"#3-espectro-de-protecao\">3. Spettro di protezione<\/a><\/li><li class=\"\"><a href=\"#4-textura-e-sensacao-na-pele\">4. Struttura e sensazione sulla pelle<\/a><\/li><li class=\"\"><a href=\"#5-resistencia-a-agua-e-suor\">5. Resistenza all'acqua e al sudore<\/a><\/li><\/ul><\/li><li class=\"\"><a href=\"#tecnicas-corretas-para-aplicacao-do-protetor-solar\">Tecniche corrette per l'applicazione della protezione solare<\/a><ul><li class=\"\"><a href=\"#1-preparacao-da-pele\">1. Preparazione della pelle<\/a><\/li><li class=\"\"><a href=\"#2-quantidade-adequada\">2. Quantit\u00e0 adeguata<\/a><\/li><li class=\"\"><a href=\"#3-tecnicas-de-aplicacao\">3. Tecniche di applicazione<\/a><\/li><li class=\"\"><a href=\"#4-reaplicacao\">4. Riapplicazione<\/a><\/li><\/ul><\/li><li class=\"\"><a href=\"#dicas-para-maximizar-a-eficacia-do-protetor-solar\">Consigli per massimizzare l'efficacia della protezione solare<\/a><ul><li class=\"\"><a href=\"#uso-de-acessorios-de-protecao\">Utilizzo di accessori di protezione<\/a><\/li><li class=\"\"><a href=\"#ambiente-de-exposicao\">Ambiente espositivo<\/a><\/li><li class=\"\"><a href=\"#cuidados-especiais-para-criancas-e-peles-sensiveis\">Cura speciale per i bambini e la pelle sensibile<\/a><\/li><\/ul><\/li><li class=\"\"><a href=\"#estudos-e-tendencias-no-uso-do-protetor-solar\">Studi e tendenze nell'uso della protezione solare<\/a><ul><li class=\"\"><a href=\"#1-formulacoes-de-nova-geracao\">1. Formulazioni di nuova generazione<\/a><\/li><li class=\"\"><a href=\"#2-personalizacao-e-tecnologia\">2. Personalizzazione e tecnologia<\/a><\/li><\/ul><\/li><li class=\"\"><a href=\"#integracao-do-protetor-solar-na-rotina-diaria\">Integrare la protezione solare nella propria routine quotidiana<\/a><ul><li class=\"\"><a href=\"#rotina-completa-de-skincare-com-protetor-solar\">Routine completa per la cura della pelle con protezione solare<\/a><\/li><li class=\"\"><a href=\"#beneficios-de-uma-rotina-consistente\">I vantaggi di una routine coerente<\/a><\/li><\/ul><\/li><li class=\"\"><a href=\"#consideracoes-finais\">Considerazioni finali<\/a><\/li><li class=\"\"><a href=\"#fontes-de-inspiracao\">Fonti di ispirazione<\/a><\/li><\/ul><\/nav><\/div>\n\n\n\n<h2 class=\"wp-block-heading\" id=\"a-importancia-do-protetor-solar-na-rotina-de-cuidados\"><strong>L'importanza della protezione solare nella routine di cura<\/strong><\/h2>\n\n\n\n<p>L'uso quotidiano di <strong>crema solare<\/strong> \u00e8 essenziale per mantenere l'integrit\u00e0 della pelle, indipendentemente dal suo tipo o colore. L'esposizione prolungata ai raggi UV pu\u00f2 causare danni irreversibili, quali:<\/p>\n\n\n\n<ul class=\"wp-block-list\">\n<li><strong>Invecchiamento precoce:<\/strong> Rughe, linee di espressione e macchie sono segni visibili dei raggi solari.<\/li>\n\n\n\n<li><strong>Danno alla barriera cutanea:<\/strong> Le radiazioni ultraviolette compromettono la funzione protettiva della pelle, facilitando l'ingresso di agenti aggressivi.<\/li>\n\n\n\n<li><strong>Rischio di cancro alla pelle:<\/strong> L'esposizione non protetta aumenta significativamente la probabilit\u00e0 di sviluppare lesioni precancerose e cancro della pelle.<\/li>\n<\/ul>\n\n\n\n<p>Pertanto, incorporare <strong>crema solare<\/strong> nella routine quotidiana non \u00e8 solo una questione estetica, ma una misura preventiva essenziale per la salute.<\/p>\n\n\n\n<hr class=\"wp-block-separator has-alpha-channel-opacity\"\/>\n\n\n\n<h2 class=\"wp-block-heading\" id=\"como-escolher-o-protetor-solar-ideal\"><strong>Come scegliere la giusta protezione solare<\/strong><\/h2>\n\n\n\n<p>La selezione di un <strong>crema solare<\/strong> La scelta giusta deve tenere conto di vari fattori, come il tipo di pelle, l'intensit\u00e0 dell'esposizione al sole e le esigenze specifiche di ogni persona. Di seguito, illustriamo i criteri per una scelta consapevole.<\/p>\n\n\n\n<h3 class=\"wp-block-heading\" id=\"1-fator-de-protecao-solar-fps\"><strong>1. Fattore di protezione solare (SPF)<\/strong><\/h3>\n\n\n\n<p>L'SPF indica il grado di protezione che il prodotto offre contro i raggi UVB, la causa principale delle scottature solari.<\/p>\n\n\n\n<ul class=\"wp-block-list\">\n<li><strong>Raccomandazione generale:<\/strong> Per la maggior parte dei casi si raccomanda un SPF minimo di 30.<\/li>\n\n\n\n<li><strong>Pelle sensibile o con precedenti di ustioni:<\/strong> Potrebbe essere necessario un SPF pi\u00f9 alto, come 50 o superiore.<\/li>\n<\/ul>\n\n\n\n<h3 class=\"wp-block-heading\" id=\"2-tipos-de-protetor-solar\"><strong>2. Tipi di protezione solare<\/strong><\/h3>\n\n\n\n<p>Il <strong>schermi solari<\/strong> possono essere classificati in base alla loro formulazione e alla loro modalit\u00e0 d'azione:<\/p>\n\n\n\n<h4 class=\"wp-block-heading\" id=\"protetor-solar-fisico-mineral\"><strong>Protezione solare fisica (minerale)<\/strong><\/h4>\n\n\n\n<ul class=\"wp-block-list\">\n<li><strong>Composizione:<\/strong> Contiene ingredienti come l'ossido di zinco e il biossido di titanio.<\/li>\n\n\n\n<li><strong>Meccanismo:<\/strong> Forma una barriera sulla superficie della pelle, riflettendo i raggi solari.<\/li>\n\n\n\n<li><strong>Adatto per:<\/strong> Pelle sensibile, perch\u00e9 provoca meno irritazioni ed \u00e8 meno soggetta a reazioni allergiche.<\/li>\n<\/ul>\n\n\n\n<h4 class=\"wp-block-heading\" id=\"protetor-solar-quimico\"><strong>Protezione solare chimica<\/strong><\/h4>\n\n\n\n<ul class=\"wp-block-list\">\n<li><strong>Composizione:<\/strong> Contiene principi attivi come l'avobenzone, l'octocrilene e l'ossibenzone.<\/li>\n\n\n\n<li><strong>Meccanismo:<\/strong> Assorbe i raggi UV e li converte in energia termica, che viene dissipata dalla pelle.<\/li>\n\n\n\n<li><strong>Adatto per:<\/strong> Pelli tendenti all'oleosit\u00e0, perch\u00e9 in genere hanno una texture pi\u00f9 leggera e si assorbono facilmente.<\/li>\n<\/ul>\n\n\n\n<h4 class=\"wp-block-heading\" id=\"protetor-solar-hibrido\"><strong>Protezione solare ibrida<\/strong><\/h4>\n\n\n\n<ul class=\"wp-block-list\">\n<li><strong>Combinazione:<\/strong> Combina i vantaggi dei filtri fisici e chimici.<\/li>\n\n\n\n<li><strong>Vantaggi:<\/strong> Offre una protezione completa ed \u00e8 adatta a diversi tipi di pelle.<\/li>\n<\/ul>\n\n\n\n<h3 class=\"wp-block-heading\" id=\"3-espectro-de-protecao\"><strong>3. Spettro di protezione<\/strong><\/h3>\n\n\n\n<p>Uno <strong>crema solare<\/strong> devono offrire una protezione ad ampio spettro, cio\u00e8 contro i raggi UVA e UVB.<\/p>\n\n\n\n<ul class=\"wp-block-list\">\n<li><strong>UVB:<\/strong> Responsabile di causare scottature solari.<\/li>\n\n\n\n<li><strong>UVA:<\/strong> Penetrano in profondit\u00e0 nella pelle, contribuendo all'invecchiamento precoce e ai danni alla struttura cutanea.<\/li>\n<\/ul>\n\n\n\n<h3 class=\"wp-block-heading\" id=\"4-textura-e-sensacao-na-pele\"><strong>4. Struttura e sensazione sulla pelle<\/strong><\/h3>\n\n\n\n<p>La scelta della texture <strong>crema solare<\/strong> dipende dal tipo di pelle e dalle preferenze personali:<\/p>\n\n\n\n<ul class=\"wp-block-list\">\n<li><strong>Pelle grassa\/mista:<\/strong> Optate per formule senza olio, in gel o in lozione, che garantiscano una finitura opaca e non ostruiscano i pori.<\/li>\n\n\n\n<li><strong>Pelle secca:<\/strong> Le creme con una maggiore concentrazione di emollienti aiutano a mantenere la pelle idratata e morbida.<\/li>\n\n\n\n<li><strong>Pelle sensibile:<\/strong> I prodotti senza profumo e ipoallergenici riducono al minimo il rischio di irritazione.<\/li>\n<\/ul>\n\n\n\n<h3 class=\"wp-block-heading\" id=\"5-resistencia-a-agua-e-suor\"><strong>5. Resistenza all'acqua e al sudore<\/strong><\/h3>\n\n\n\n<p>Per le attivit\u00e0 all'aria aperta o per chi pratica sport, \u00e8 fondamentale scegliere un <strong>crema solare<\/strong> resistente all'acqua e al sudore.<\/p>\n\n\n\n<ul class=\"wp-block-list\">\n<li><strong>Etichettatura:<\/strong> Cercate i prodotti etichettati come \"resistenti all'acqua\".<\/li>\n\n\n\n<li><strong>Riapplicazione:<\/strong> Anche con le formule resistenti, \u00e8 essenziale riapplicarle ogni due ore o dopo il contatto con l'acqua per mantenere la protezione.<\/li>\n<\/ul>\n\n\n\n<hr class=\"wp-block-separator has-alpha-channel-opacity\"\/>\n\n\n\n<h2 class=\"wp-block-heading\" id=\"tecnicas-corretas-para-aplicacao-do-protetor-solar\"><strong>Tecniche corrette per l'applicazione della protezione solare<\/strong><\/h2>\n\n\n\n<p>Applicazione corretta di <strong>crema solare<\/strong> ne esalta i benefici e garantisce una protezione continua durante l'esposizione al sole.<\/p>\n\n\n\n<h3 class=\"wp-block-heading\" id=\"1-preparacao-da-pele\"><strong>1. Preparazione della pelle<\/strong><\/h3>\n\n\n\n<ul class=\"wp-block-list\">\n<li><strong>Pulizia:<\/strong> Iniziate la vostra routine con una pulizia adeguata per rimuovere le impurit\u00e0 e i residui di trucco. La pelle pulita favorisce l'assorbimento dei prodotti.<\/li>\n\n\n\n<li><strong>Idratante:<\/strong> Se si utilizza una crema idratante, lasciarla assorbire completamente prima di applicarla. <strong>crema solare<\/strong>.<\/li>\n<\/ul>\n\n\n\n<h3 class=\"wp-block-heading\" id=\"2-quantidade-adequada\"><strong>2. Quantit\u00e0 adeguata<\/strong><\/h3>\n\n\n\n<ul class=\"wp-block-list\">\n<li><strong>Regola generale:<\/strong> La quantit\u00e0 raccomandata \u00e8 di circa 2 mg di prodotto per centimetro quadrato di pelle.<\/li>\n\n\n\n<li><strong>Applicazione totale:<\/strong> Per il viso, il collo e la nuca, utilizzare una quantit\u00e0 generosa per garantire uno strato protettivo uniforme.<\/li>\n<\/ul>\n\n\n\n<h3 class=\"wp-block-heading\" id=\"3-tecnicas-de-aplicacao\"><strong>3. Tecniche di applicazione<\/strong><\/h3>\n\n\n\n<ul class=\"wp-block-list\">\n<li><strong>Movimenti fluidi:<\/strong> Distribuire il prodotto con movimenti leggeri e circolari, assicurandosi di coprire tutte le aree esposte.<\/li>\n\n\n\n<li><strong>Non dimenticate le aree sensibili:<\/strong> Anche le labbra, le orecchie, il collo e la parte superiore del torace sono aree spesso trascurate che necessitano di protezione.<\/li>\n\n\n\n<li><strong>Strato finale:<\/strong> Per ottenere risultati ottimali, applicare <strong>crema solare<\/strong> come ultimo passo della routine di cura della pelle prima di uscire al sole.<\/li>\n<\/ul>\n\n\n\n<h3 class=\"wp-block-heading\" id=\"4-reaplicacao\"><strong>4. Riapplicazione<\/strong><\/h3>\n\n\n\n<ul class=\"wp-block-list\">\n<li><strong>Frequenza:<\/strong> Riapplicare ogni due ore, soprattutto se si \u00e8 esposti a una luce solare intensa o se si \u00e8 sudato.<\/li>\n\n\n\n<li><strong>Dopo il contatto con l'acqua:<\/strong> Anche se il prodotto \u00e8 resistente all'acqua, \u00e8 importante riapplicarlo immediatamente dopo aver nuotato o sudato eccessivamente.<\/li>\n<\/ul>\n\n\n\n<hr class=\"wp-block-separator has-alpha-channel-opacity\"\/>\n\n\n\n<h2 class=\"wp-block-heading\" id=\"dicas-para-maximizar-a-eficacia-do-protetor-solar\"><strong>Consigli per massimizzare l'efficacia della protezione solare<\/strong><\/h2>\n\n\n\n<p>Per garantire che il <strong>crema solare<\/strong> svolgere efficacemente la sua funzione di protezione, \u00e8 possibile adottare alcune pratiche complementari:<\/p>\n\n\n\n<h3 class=\"wp-block-heading\" id=\"uso-de-acessorios-de-protecao\"><strong>Utilizzo di accessori di protezione<\/strong><\/h3>\n\n\n\n<ul class=\"wp-block-list\">\n<li><strong>Cappelli e berretti:<\/strong> L'uso di cappelli e berretti a tesa larga aumenta la protezione, soprattutto del viso e del collo.<\/li>\n\n\n\n<li><strong>Occhiali da sole:<\/strong> Proteggono gli occhi e la pelle circostante, anch'essa soggetta ai danni dei raggi UV.<\/li>\n\n\n\n<li><strong>Abbigliamento con fattore di protezione:<\/strong> I tessuti con protezione solare integrata offrono un ulteriore strato contro le radiazioni.<\/li>\n<\/ul>\n\n\n\n<h3 class=\"wp-block-heading\" id=\"ambiente-de-exposicao\"><strong>Ambiente espositivo<\/strong><\/h3>\n\n\n\n<ul class=\"wp-block-list\">\n<li><strong>Tonalit\u00e0:<\/strong> Quando possibile, preferire ambienti ombreggiati per ridurre l'esposizione diretta al sole.<\/li>\n\n\n\n<li><strong>Orari di punta:<\/strong> Evitare l'esposizione al sole tra le 10 e le 16, quando i raggi UV sono pi\u00f9 intensi.<\/li>\n<\/ul>\n\n\n\n<h3 class=\"wp-block-heading\" id=\"cuidados-especiais-para-criancas-e-peles-sensiveis\"><strong>Cura speciale per i bambini e la pelle sensibile<\/strong><\/h3>\n\n\n\n<ul class=\"wp-block-list\">\n<li><strong>Prodotti specifici:<\/strong> Utilizzo <strong>schermi solari<\/strong> formulati per pelli sensibili e bambini, che sono solitamente pi\u00f9 delicati e ipoallergenici.<\/li>\n\n\n\n<li><strong>Applicazione raddoppiata:<\/strong> Applicare il prodotto in strati sottili e uniformi, controllando sempre la reazione della pelle e regolando se necessario.<\/li>\n<\/ul>\n\n\n\n<hr class=\"wp-block-separator has-alpha-channel-opacity\"\/>\n\n\n\n<h2 class=\"wp-block-heading\" id=\"estudos-e-tendencias-no-uso-do-protetor-solar\"><strong>Studi e tendenze nell'uso della protezione solare<\/strong><\/h2>\n\n\n\n<p>L'innovazione nel <strong>crema solare<\/strong> ha fatto notevoli progressi, con nuove tecnologie e formulazioni mirate a una maggiore efficacia e comfort.<\/p>\n\n\n\n<h3 class=\"wp-block-heading\" id=\"1-formulacoes-de-nova-geracao\"><strong>1. Formulazioni di nuova generazione<\/strong><\/h3>\n\n\n\n<ul class=\"wp-block-list\">\n<li><strong>Nanotecnologie:<\/strong> L'uso di particelle in scala nanometrica consente una distribuzione pi\u00f9 uniforme e una migliore penetrazione dei filtri, aumentandone l'efficienza senza lasciare residui visibili.<\/li>\n\n\n\n<li><strong>Ingredienti naturali:<\/strong> L'incorporazione di estratti botanici e antiossidanti aumenta la protezione contro i danni ambientali e promuove ulteriori benefici come la rigenerazione cellulare.<\/li>\n<\/ul>\n\n\n\n<h3 class=\"wp-block-heading\" id=\"2-personalizacao-e-tecnologia\"><strong>2. Personalizzazione e tecnologia<\/strong><\/h3>\n\n\n\n<ul class=\"wp-block-list\">\n<li><strong>Test di analisi cutanea:<\/strong> I progressi della tecnologia hanno permesso lo sviluppo di <strong>schermi solari<\/strong> personalizzato, basato sull'analisi della pelle e sul livello di esposizione al sole.<\/li>\n\n\n\n<li><strong>Applicazioni e dispositivi:<\/strong> Le app che monitorano l'esposizione al sole e ricordano di riapplicare il prodotto aiutano a mantenere la routine di protezione costante ed efficace.<\/li>\n<\/ul>\n\n\n\n<hr class=\"wp-block-separator has-alpha-channel-opacity\"\/>\n\n\n\n<h2 class=\"wp-block-heading\" id=\"integracao-do-protetor-solar-na-rotina-diaria\"><strong>Integrare la protezione solare nella propria routine quotidiana<\/strong><\/h2>\n\n\n\n<p>Per ottenere il massimo da <strong>crema solare<\/strong>\u00c8 importante che la sua applicazione diventi parte integrante della routine quotidiana di cura della pelle.<\/p>\n\n\n\n<h3 class=\"wp-block-heading\" id=\"rotina-completa-de-skincare-com-protetor-solar\"><strong>Routine completa per la cura della pelle con protezione solare<\/strong><\/h3>\n\n\n\n<ol class=\"wp-block-list\">\n<li><strong>Pulizia:<\/strong> Utilizzare un sapone o un gel detergente per rimuovere le impurit\u00e0 e preparare la pelle.<\/li>\n\n\n\n<li><strong>Tonico e siero:<\/strong> Applicare un tonico per il viso per equilibrare il pH e poi un siero con attivi antiossidanti per aumentare la protezione.<\/li>\n\n\n\n<li><strong>Idratante:<\/strong> Utilizzate una crema idratante adatta al vostro tipo di pelle per mantenere una barriera cutanea sana.<\/li>\n\n\n\n<li><strong>Protezione solare:<\/strong> Terminare con <strong>crema solare<\/strong>Questo garantisce una copertura uniforme ed efficace.<\/li>\n\n\n\n<li><strong>Riapplicazione:<\/strong> Se l'esposizione \u00e8 prolungata, ricordarsi di riapplicare il prodotto ogni due ore.<\/li>\n<\/ol>\n\n\n\n<h3 class=\"wp-block-heading\" id=\"beneficios-de-uma-rotina-consistente\"><strong>I vantaggi di una routine coerente<\/strong><\/h3>\n\n\n\n<ul class=\"wp-block-list\">\n<li><strong>Protezione continua:<\/strong> L'integrazione di <strong>crema solare<\/strong> nella vostra routine quotidiana riduce al minimo i danni causati dai raggi UV, proteggendo la pelle per tutto il giorno.<\/li>\n\n\n\n<li><strong>Prevenzione dell'invecchiamento:<\/strong> L'uso regolare aiuta a prevenire rughe, macchie e altri segni di invecchiamento precoce.<\/li>\n\n\n\n<li><strong>Salute della pelle:<\/strong> Oltre a proteggere, il <strong>crema solare<\/strong> contribuisce a mantenere l'idratazione e l'integrit\u00e0 della barriera cutanea.<\/li>\n<\/ul>\n\n\n\n<hr class=\"wp-block-separator has-alpha-channel-opacity\"\/>\n\n\n\n<h2 class=\"wp-block-heading\" id=\"consideracoes-finais\"><strong>Considerazioni finali<\/strong><\/h2>\n\n\n\n<p>La scelta e l'applicazione corretta di <strong>crema solare<\/strong> sono passi fondamentali per una routine di cura della pelle efficace e per mantenere la salute della pelle a lungo termine. Scegliendo il prodotto adatto, tenendo conto del fattore di protezione SPF, del tipo di formula, dello spettro di protezione e della texture, ci si assicura che la pelle sia protetta dagli effetti nocivi dei raggi UV. Inoltre, la tecnica di applicazione - dalla preparazione della pelle alla riapplicazione - \u00e8 fondamentale per massimizzare i benefici e garantire una protezione continua.<\/p>\n\n\n\n<p>Noi di <strong>Arte della bellezza<\/strong>sottolineiamo che il <strong>crema solare<\/strong> non deve essere considerato solo un articolo estivo, ma una componente indispensabile della routine quotidiana di cura della pelle. Investire in un prodotto di qualit\u00e0 e seguire le migliori pratiche di applicazione \u00e8 essenziale per prevenire l'invecchiamento precoce, proteggere dai danni ambientali e promuovere un aspetto sano e luminoso.<\/p>\n\n\n\n<p>Per ulteriori consigli sulla cura della pelle e sui prodotti di alta qualit\u00e0, vi invitiamo a visitare il nostro sito web e a seguire i nostri social network. Tenersi informati e adattare la propria routine alle esigenze individuali \u00e8 il primo passo verso una pelle protetta, bella e curata.<\/p>\n\n\n\n<hr class=\"wp-block-separator has-alpha-channel-opacity\"\/>\n\n\n\n<h2 class=\"wp-block-heading\" id=\"fontes-de-inspiracao\"><strong>Fonti di ispirazione<\/strong><\/h2>\n\n\n\n<p>Questo articolo \u00e8 stato sviluppato sulla base di esperienze personali, ricerche sulle tendenze e pratiche consigliate nel mondo della cura della pelle. Le linee guida qui presentate hanno lo scopo di fornire informazioni accurate e aggiornate per poter scegliere e applicare i migliori prodotti per la cura della pelle. <strong>crema solare<\/strong> correttamente ed efficacemente.<\/p>\n\n\n\n<p>Adottando queste pratiche, investirete nella salute della vostra pelle, prevenendo i danni e garantendo una protezione costante contro gli effetti nocivi del sole. Ricordate: la prevenzione \u00e8 il modo migliore per mantenere la giovinezza e la vitalit\u00e0 della pelle nel corso degli anni.<\/p>\n\n\n\n<p><a href=\"https:\/\/www.youtube.com\/watch?v=GFWxMmWpmXY\" target=\"_blank\" rel=\"noopener\">Suggerimento video<\/a><\/p>\n\n\n\n<p><\/p>","protected":false},"excerpt":{"rendered":"<p>O protetor solar \u00e9 um dos aliados mais importantes na rotina de cuidados com a pele. Sua fun\u00e7\u00e3o vai muito al\u00e9m da simples prote\u00e7\u00e3o contra os raios ultravioletas; ele preserva a sa\u00fade da pele, previne o envelhecimento precoce e reduz o risco de c\u00e2ncer de pele. Neste artigo, abordamos de forma detalhada como escolher o [&hellip;]<\/p>","protected":false},"author":4,"featured_media":83,"comment_status":"open","ping_status":"open","sticky":false,"template":"","format":"standard","meta":{"footnotes":""},"categories":[5],"tags":[],"class_list":["post-82","post","type-post","status-publish","format-standard","has-post-thumbnail","hentry","category-pele"],"blocksy_meta":[],"_links":{"self":[{"href":"https:\/\/beleza.artereciclada.com.br\/it\/wp-json\/wp\/v2\/posts\/82","targetHints":{"allow":["GET"]}}],"collection":[{"href":"https:\/\/beleza.artereciclada.com.br\/it\/wp-json\/wp\/v2\/posts"}],"about":[{"href":"https:\/\/beleza.artereciclada.com.br\/it\/wp-json\/wp\/v2\/types\/post"}],"author":[{"embeddable":true,"href":"https:\/\/beleza.artereciclada.com.br\/it\/wp-json\/wp\/v2\/users\/4"}],"replies":[{"embeddable":true,"href":"https:\/\/beleza.artereciclada.com.br\/it\/wp-json\/wp\/v2\/comments?post=82"}],"version-history":[{"count":3,"href":"https:\/\/beleza.artereciclada.com.br\/it\/wp-json\/wp\/v2\/posts\/82\/revisions"}],"predecessor-version":[{"id":242,"href":"https:\/\/beleza.artereciclada.com.br\/it\/wp-json\/wp\/v2\/posts\/82\/revisions\/242"}],"wp:featuredmedia":[{"embeddable":true,"href":"https:\/\/beleza.artereciclada.com.br\/it\/wp-json\/wp\/v2\/media\/83"}],"wp:attachment":[{"href":"https:\/\/beleza.artereciclada.com.br\/it\/wp-json\/wp\/v2\/media?parent=82"}],"wp:term":[{"taxonomy":"category","embeddable":true,"href":"https:\/\/beleza.artereciclada.com.br\/it\/wp-json\/wp\/v2\/categories?post=82"},{"taxonomy":"post_tag","embeddable":true,"href":"https:\/\/beleza.artereciclada.com.br\/it\/wp-json\/wp\/v2\/tags?post=82"}],"curies":[{"name":"wp","href":"https:\/\/api.w.org\/{rel}","templated":true}]}}