{"id":158,"date":"2025-02-14T10:42:53","date_gmt":"2025-02-14T16:42:53","guid":{"rendered":"https:\/\/beleza.artereciclada.com.br\/?p=158"},"modified":"2025-02-14T17:10:07","modified_gmt":"2025-02-14T20:10:07","slug":"cuidados-com-a-barba","status":"publish","type":"post","link":"https:\/\/beleza.artereciclada.com.br\/it\/cabelo\/cuidados-com-a-barba\/","title":{"rendered":"Cura della barba: prodotti e tecniche per un look impeccabile"},"content":{"rendered":"<p>Mantenere una barba curata \u00e8 essenziale per un look moderno ed elegante. Il <strong>cura della barba<\/strong> vanno oltre il semplice atto di lasciar crescere i capelli; comportano una routine di pulizia, idratazione, nutrimento e styling che garantisce un risultato impeccabile e sano. In questo articolo, su <strong>Arte della bellezza<\/strong>Vi presentiamo le tecniche e i prodotti migliori per la cura della barba, assicurandovi un aspetto curato e pieno di personalit\u00e0.<\/p>\n\n\n\n<figure class=\"wp-block-image size-large\"><img fetchpriority=\"high\" decoding=\"async\" width=\"1024\" height=\"585\" src=\"https:\/\/beleza.artereciclada.com.br\/wp-content\/uploads\/2025\/02\/DALL\u00b7E-2025-02-14-13.38.53-A-modern-and-stylish-composition-featuring-a-well-groomed-man-applying-beard-oil-or-balm-highlighting-beard-care-and-maintenance.-The-scene-includes-1-1024x585.webp\" alt=\"Cuidados com a barba\" class=\"wp-image-159\" srcset=\"https:\/\/beleza.artereciclada.com.br\/wp-content\/uploads\/2025\/02\/DALL\u00b7E-2025-02-14-13.38.53-A-modern-and-stylish-composition-featuring-a-well-groomed-man-applying-beard-oil-or-balm-highlighting-beard-care-and-maintenance.-The-scene-includes-1-1024x585.webp 1024w, https:\/\/beleza.artereciclada.com.br\/wp-content\/uploads\/2025\/02\/DALL\u00b7E-2025-02-14-13.38.53-A-modern-and-stylish-composition-featuring-a-well-groomed-man-applying-beard-oil-or-balm-highlighting-beard-care-and-maintenance.-The-scene-includes-1-300x171.webp 300w, https:\/\/beleza.artereciclada.com.br\/wp-content\/uploads\/2025\/02\/DALL\u00b7E-2025-02-14-13.38.53-A-modern-and-stylish-composition-featuring-a-well-groomed-man-applying-beard-oil-or-balm-highlighting-beard-care-and-maintenance.-The-scene-includes-1-768x439.webp 768w, https:\/\/beleza.artereciclada.com.br\/wp-content\/uploads\/2025\/02\/DALL\u00b7E-2025-02-14-13.38.53-A-modern-and-stylish-composition-featuring-a-well-groomed-man-applying-beard-oil-or-balm-highlighting-beard-care-and-maintenance.-The-scene-includes-1-1536x878.webp 1536w, https:\/\/beleza.artereciclada.com.br\/wp-content\/uploads\/2025\/02\/DALL\u00b7E-2025-02-14-13.38.53-A-modern-and-stylish-composition-featuring-a-well-groomed-man-applying-beard-oil-or-balm-highlighting-beard-care-and-maintenance.-The-scene-includes-1-18x10.webp 18w, https:\/\/beleza.artereciclada.com.br\/wp-content\/uploads\/2025\/02\/DALL\u00b7E-2025-02-14-13.38.53-A-modern-and-stylish-composition-featuring-a-well-groomed-man-applying-beard-oil-or-balm-highlighting-beard-care-and-maintenance.-The-scene-includes-1.webp 1792w\" sizes=\"(max-width: 1024px) 100vw, 1024px\" \/><\/figure>\n\n\n\n<hr class=\"wp-block-separator has-alpha-channel-opacity\"\/>\n\n\n\n<div class=\"wp-block-rank-math-toc-block\" id=\"rank-math-toc\"><h2>Indice<\/h2><nav><ul><li class=\"\"><a href=\"#a-importancia-dos-cuidados-com-a-barba\">L'importanza della cura della barba<\/a><\/li><li class=\"\"><a href=\"#produtos-essenciais-para-os-cuidados-com-a-barba\">Prodotti essenziali per la cura della barba<\/a><ul><li class=\"\"><a href=\"#1-shampoo-e-condicionador-para-barba\">1. Shampoo e balsamo per la barba<\/a><\/li><li class=\"\"><a href=\"#2-oleo-para-barba\">2. Olio per la barba<\/a><\/li><li class=\"\"><a href=\"#3-balsamo-para-barba\">3. Balsamo per la barba<\/a><\/li><li class=\"\"><a href=\"#4-escova-e-pente-para-barba\">4. Spazzola e pettine per barba<\/a><\/li><li class=\"\"><a href=\"#5-tesoura-de-barba\">5. Forbici per barba<\/a><\/li><\/ul><\/li><li class=\"\"><a href=\"#tecnicas-para-um-visual-impecavel\">Tecniche per un look impeccabile<\/a><ul><li class=\"\"><a href=\"#1-limpeza-diaria\">1. pulizia quotidiana<\/a><\/li><li class=\"\"><a href=\"#2-hidratacao-e-nutricao\">2. Idratazione e nutrizione<\/a><\/li><li class=\"\"><a href=\"#3-escovacao-e-penteado\">3. Spazzolatura e acconciatura<\/a><\/li><li class=\"\"><a href=\"#4-aparar-regularmente\">4. Rifinitura regolare<\/a><\/li><li class=\"\"><a href=\"#5-protecao-contra-o-clima\">5. Protezione del clima<\/a><\/li><\/ul><\/li><li class=\"\"><a href=\"#dicas-adicionais-para-potencializar-os-cuidados-com-a-barba\">Ulteriori suggerimenti per migliorare la cura della barba<\/a><\/li><li class=\"\"><a href=\"#conclusao\">Conclusione<\/a><\/li><li class=\"\"><a href=\"#fontes-de-inspiracao\">Fonti di ispirazione<\/a><\/li><\/ul><\/nav><\/div>\n\n\n\n<h2 class=\"wp-block-heading\" id=\"a-importancia-dos-cuidados-com-a-barba\"><strong>L'importanza della cura della barba<\/strong><\/h2>\n\n\n\n<p>Il <strong>cura della barba<\/strong> sono essenziali non solo per l'estetica, ma anche per la salute della pelle e dei peli del viso. Una barba ben curata fornisce:<\/p>\n\n\n\n<ul class=\"wp-block-list\">\n<li><strong>Igiene e salute:<\/strong> Rimuove impurit\u00e0 e residui, prevenendo irritazioni e dermatiti.<\/li>\n\n\n\n<li><strong>Stile e personalit\u00e0:<\/strong> Mette in risalto le caratteristiche e completa il look, valorizzando l'immagine personale.<\/li>\n\n\n\n<li><strong>Comfort:<\/strong> Una barba ben curata evita pruriti e fastidi sulla pelle, mantenendo il pelo idratato e nutrito.<\/li>\n<\/ul>\n\n\n\n<hr class=\"wp-block-separator has-alpha-channel-opacity\"\/>\n\n\n\n<h2 class=\"wp-block-heading\" id=\"produtos-essenciais-para-os-cuidados-com-a-barba\"><strong>Prodotti essenziali per la cura della barba<\/strong><\/h2>\n\n\n\n<p>Investire in prodotti di qualit\u00e0 \u00e8 il primo passo per ottenere un look impeccabile. Ecco alcuni degli articoli essenziali per <strong>cura della barba<\/strong>:<\/p>\n\n\n\n<h3 class=\"wp-block-heading\" id=\"1-shampoo-e-condicionador-para-barba\"><strong>1. Shampoo e balsamo per la barba<\/strong><\/h3>\n\n\n\n<ul class=\"wp-block-list\">\n<li><strong>Shampoo per barba:<\/strong> Specifico per i peli del viso, rimuove lo sporco senza danneggiare la pelle. I prodotti senza solfati sono ideali perch\u00e9 preservano l'idratazione naturale.<\/li>\n\n\n\n<li><strong>Balsamo:<\/strong> Aiuta a districare e ammorbidire i peli, rendendo la barba pi\u00f9 maneggevole e dal tocco setoso.<\/li>\n<\/ul>\n\n\n\n<h3 class=\"wp-block-heading\" id=\"2-oleo-para-barba\"><strong>2. Olio per la barba<\/strong><\/h3>\n\n\n\n<ul class=\"wp-block-list\">\n<li><strong>Alimentazione e idratazione:<\/strong> Gli oli di argan, jojoba e vitamina E sono eccellenti per idratare i capelli e la pelle, prevenire le irritazioni e promuovere una lucentezza naturale.<\/li>\n\n\n\n<li><strong>Applicazione:<\/strong> Poche gocce distribuite uniformemente sulla barba, massaggiando delicatamente per stimolare la circolazione.<\/li>\n<\/ul>\n\n\n\n<h3 class=\"wp-block-heading\" id=\"3-balsamo-para-barba\"><strong>3. Balsamo per la barba<\/strong><\/h3>\n\n\n\n<ul class=\"wp-block-list\">\n<li><strong>Modellazione e fissaggio:<\/strong> Il balsamo per la barba agisce come un balsamo pi\u00f9 denso, aiutando a controllare le ciocche indisciplinate e a modellare la barba con una finitura naturale.<\/li>\n\n\n\n<li><strong>Protezione:<\/strong> Forma una barriera protettiva contro i fattori ambientali come il vento e l'inquinamento, mantenendo i capelli disciplinati.<\/li>\n<\/ul>\n\n\n\n<h3 class=\"wp-block-heading\" id=\"4-escova-e-pente-para-barba\"><strong>4. Spazzola e pettine per barba<\/strong><\/h3>\n\n\n\n<ul class=\"wp-block-list\">\n<li><strong>Distribuzione uniforme:<\/strong> Una spazzola di setole naturali e un pettine a denti larghi sono strumenti essenziali per districare e allineare i capelli.<\/li>\n\n\n\n<li><strong>Stimolazione:<\/strong> Una spazzolatura regolare stimola la circolazione sanguigna del viso, aiutando la barba a crescere in modo sano.<\/li>\n<\/ul>\n\n\n\n<h3 class=\"wp-block-heading\" id=\"5-tesoura-de-barba\"><strong>5. Forbici per barba<\/strong><\/h3>\n\n\n\n<ul class=\"wp-block-list\">\n<li><strong>Taglio preciso:<\/strong> Per rifinire e definire i contorni, le forbici di precisione sono indispensabili. Permettono di eliminare le doppie punte e di mantenere la lunghezza ideale.<\/li>\n<\/ul>\n\n\n\n<hr class=\"wp-block-separator has-alpha-channel-opacity\"\/>\n\n\n\n<h2 class=\"wp-block-heading\" id=\"tecnicas-para-um-visual-impecavel\"><strong>Tecniche per un look impeccabile<\/strong><\/h2>\n\n\n\n<p>Oltre ai prodotti, l'adozione delle giuste tecniche \u00e8 fondamentale per garantire i migliori risultati nel <strong>cura della barba<\/strong>.<\/p>\n\n\n\n<h3 class=\"wp-block-heading\" id=\"1-limpeza-diaria\"><strong>1. pulizia quotidiana<\/strong><\/h3>\n\n\n\n<ul class=\"wp-block-list\">\n<li><strong>Routine di lavaggio:<\/strong> Lavate la barba quotidianamente con uno shampoo specifico per barba per rimuovere lo sporco e l'olio accumulato.<\/li>\n\n\n\n<li><strong>Massaggio delicato:<\/strong> Durante il lavaggio, massaggiare il cuoio capelluto e la pelle del viso con movimenti circolari per migliorare la circolazione e stimolare la crescita.<\/li>\n<\/ul>\n\n\n\n<h3 class=\"wp-block-heading\" id=\"2-hidratacao-e-nutricao\"><strong>2. Idratazione e nutrizione<\/strong><\/h3>\n\n\n\n<ul class=\"wp-block-list\">\n<li><strong>Applicazione dell'olio:<\/strong> Dopo aver lavato e asciugato la barba, applicare un olio o un balsamo per idratare i peli. Questo passaggio \u00e8 essenziale per mantenere i peli morbidi e prevenire la secchezza.<\/li>\n\n\n\n<li><strong>Combinazione di prodotti:<\/strong> Usate l'olio per idratare e, se necessario, completate con il balsamo per modellare e fissare la barba, creando un aspetto curato.<\/li>\n<\/ul>\n\n\n\n<h3 class=\"wp-block-heading\" id=\"3-escovacao-e-penteado\"><strong>3. Spazzolatura e acconciatura<\/strong><\/h3>\n\n\n\n<ul class=\"wp-block-list\">\n<li><strong>Uso della spazzola:<\/strong> Spazzolare la barba quotidianamente per distribuire gli oli naturali e i prodotti applicati, nonch\u00e9 per aiutare ad allineare le ciocche e a rimuovere i nodi.<\/li>\n\n\n\n<li><strong>Combinazione:<\/strong> Dopo la spazzolatura, utilizzare un pettine a denti larghi per rifinire l'acconciatura, assicurandosi che la barba sia ben definita e non crespa.<\/li>\n<\/ul>\n\n\n\n<h3 class=\"wp-block-heading\" id=\"4-aparar-regularmente\"><strong>4. Rifinitura regolare<\/strong><\/h3>\n\n\n\n<ul class=\"wp-block-list\">\n<li><strong>Lunghezza Manutenzione:<\/strong> Una regolare rifinitura con forbici di precisione mantiene la barba in forma simmetrica e previene le doppie punte.<\/li>\n\n\n\n<li><strong>Definizione di contorni:<\/strong> Utilizzare le forbici per definire le linee della barba e mantenere il look pulito e allineato.<\/li>\n<\/ul>\n\n\n\n<h3 class=\"wp-block-heading\" id=\"5-protecao-contra-o-clima\"><strong>5. Protezione del clima<\/strong><\/h3>\n\n\n\n<ul class=\"wp-block-list\">\n<li><strong>Uso del balsamo:<\/strong> Nelle giornate di vento o di freddo pungente, applicare un balsamo per creare una barriera protettiva, evitando che i capelli diventino crespi e secchi.<\/li>\n\n\n\n<li><strong>Accessori:<\/strong> Se necessario, utilizzare sciarpe o berretti per proteggere la barba dalle condizioni atmosferiche avverse.<\/li>\n<\/ul>\n\n\n\n<hr class=\"wp-block-separator has-alpha-channel-opacity\"\/>\n\n\n\n<h2 class=\"wp-block-heading\" id=\"dicas-adicionais-para-potencializar-os-cuidados-com-a-barba\"><strong>Ulteriori suggerimenti per migliorare la cura della barba<\/strong><\/h2>\n\n\n\n<ul class=\"wp-block-list\">\n<li><strong>Coerenza:<\/strong> Mantenere una routine regolare di <strong>cura della barba<\/strong> \u00e8 la chiave per un look impeccabile. Un po' di cura quotidiana fa una grande differenza nel lungo periodo.<\/li>\n\n\n\n<li><strong>Consultazione con i professionisti:<\/strong> Se necessario, recatevi da un barbiere professionista per ottenere regolazioni e consigli personalizzati. Un buon professionista pu\u00f2 consigliarvi la forma e i prodotti ideali per il vostro tipo di barba.<\/li>\n\n\n\n<li><strong>Mangiare sano:<\/strong> Ricordate che la salute della barba viene anche dall'interno. Una dieta ricca di vitamine e proteine contribuisce alla crescita e al rafforzamento della barba.<\/li>\n\n\n\n<li><strong>Idratazione interna:<\/strong> Bere molta acqua aiuta a mantenere la pelle e i peli idratati, con il risultato di una barba pi\u00f9 morbida e dall'aspetto pi\u00f9 naturale.<\/li>\n<\/ul>\n\n\n\n<hr class=\"wp-block-separator has-alpha-channel-opacity\"\/>\n\n\n\n<h2 class=\"wp-block-heading\" id=\"conclusao\"><strong>Conclusione<\/strong><\/h2>\n\n\n\n<p>Il <strong>cura della barba<\/strong> vanno ben oltre la crescita dei capelli. Con i prodotti e le tecniche giuste, \u00e8 possibile ottenere un look impeccabile, elegante e sano. Investite in shampoo, oli, balsami, spazzole e forbici di qualit\u00e0 per trasformare la vostra routine e valorizzare la vostra personalit\u00e0 attraverso la barba.<\/p>\n\n\n\n<p>No <strong>Arte della bellezza<\/strong>Crediamo che una barba ben curata sia sinonimo di sicurezza di s\u00e9 e di stile. Per ulteriori consigli, indicazioni e prodotti di alta qualit\u00e0 che possono migliorare la vostra barba <strong>cura della barba<\/strong>, visitate il nostro sito web <a href=\"https:\/\/beleza.artereciclada.com.br\/it\/\">Arte della bellezza<\/a> e seguite i nostri social network. Se avete bisogno di una consulenza personalizzata, contattateci via e-mail all'indirizzo <strong><a href=\"mailto:contato@artereciclada.com.br\">contato@artereciclada.com.br<\/a><\/strong>.<\/p>\n\n\n\n<hr class=\"wp-block-separator has-alpha-channel-opacity\"\/>\n\n\n\n<h2 class=\"wp-block-heading\" id=\"fontes-de-inspiracao\"><strong>Fonti di ispirazione<\/strong><\/h2>\n\n\n\n<p>Questo articolo \u00e8 stato sviluppato sulla base delle tendenze del mercato della bellezza e delle pratiche consolidate nel mondo della cura della persona. Le linee guida qui presentate riflettono il nostro impegno nell'offrire una guida completa e aggiornata, in modo che possiate ottenere una barba curata e un look impeccabile.<\/p>\n\n\n\n<p>Investire in <strong>cura della barba<\/strong> e scoprire come piccoli dettagli possono trasformare il vostro look e aumentare la vostra autostima!<\/p>\n\n\n\n<p><a href=\"https:\/\/www.youtube.com\/watch?v=Fm-aDFK9Ol4\" target=\"_blank\" rel=\"noopener\">Suggerimento video<\/a><\/p>\n\n\n\n<p><\/p>","protected":false},"excerpt":{"rendered":"<p>Manter uma barba bem cuidada \u00e9 essencial para um visual moderno e elegante. Os cuidados com a barba v\u00e3o al\u00e9m do simples ato de deixar os pelos crescerem; eles envolvem uma rotina de limpeza, hidrata\u00e7\u00e3o, nutri\u00e7\u00e3o e modelagem que garante um acabamento impec\u00e1vel e saud\u00e1vel. Neste artigo, no Beleza Arte, apresentamos as melhores t\u00e9cnicas e [&hellip;]<\/p>","protected":false},"author":4,"featured_media":159,"comment_status":"open","ping_status":"open","sticky":false,"template":"","format":"standard","meta":{"footnotes":""},"categories":[6],"tags":[],"class_list":["post-158","post","type-post","status-publish","format-standard","has-post-thumbnail","hentry","category-cabelo"],"blocksy_meta":[],"_links":{"self":[{"href":"https:\/\/beleza.artereciclada.com.br\/it\/wp-json\/wp\/v2\/posts\/158","targetHints":{"allow":["GET"]}}],"collection":[{"href":"https:\/\/beleza.artereciclada.com.br\/it\/wp-json\/wp\/v2\/posts"}],"about":[{"href":"https:\/\/beleza.artereciclada.com.br\/it\/wp-json\/wp\/v2\/types\/post"}],"author":[{"embeddable":true,"href":"https:\/\/beleza.artereciclada.com.br\/it\/wp-json\/wp\/v2\/users\/4"}],"replies":[{"embeddable":true,"href":"https:\/\/beleza.artereciclada.com.br\/it\/wp-json\/wp\/v2\/comments?post=158"}],"version-history":[{"count":2,"href":"https:\/\/beleza.artereciclada.com.br\/it\/wp-json\/wp\/v2\/posts\/158\/revisions"}],"predecessor-version":[{"id":230,"href":"https:\/\/beleza.artereciclada.com.br\/it\/wp-json\/wp\/v2\/posts\/158\/revisions\/230"}],"wp:featuredmedia":[{"embeddable":true,"href":"https:\/\/beleza.artereciclada.com.br\/it\/wp-json\/wp\/v2\/media\/159"}],"wp:attachment":[{"href":"https:\/\/beleza.artereciclada.com.br\/it\/wp-json\/wp\/v2\/media?parent=158"}],"wp:term":[{"taxonomy":"category","embeddable":true,"href":"https:\/\/beleza.artereciclada.com.br\/it\/wp-json\/wp\/v2\/categories?post=158"},{"taxonomy":"post_tag","embeddable":true,"href":"https:\/\/beleza.artereciclada.com.br\/it\/wp-json\/wp\/v2\/tags?post=158"}],"curies":[{"name":"wp","href":"https:\/\/api.w.org\/{rel}","templated":true}]}}