{"id":129,"date":"2025-02-14T10:34:59","date_gmt":"2025-02-14T16:34:59","guid":{"rendered":"https:\/\/beleza.artereciclada.com.br\/?p=129"},"modified":"2025-02-14T17:11:17","modified_gmt":"2025-02-14T20:11:17","slug":"cronograma-capilar","status":"publish","type":"post","link":"https:\/\/beleza.artereciclada.com.br\/it\/cabelo\/cronograma-capilar\/","title":{"rendered":"Programma capelli: cos'\u00e8 e come farlo bene"},"content":{"rendered":"<figure class=\"wp-block-image size-large\"><img fetchpriority=\"high\" decoding=\"async\" width=\"1024\" height=\"585\" src=\"https:\/\/beleza.artereciclada.com.br\/wp-content\/uploads\/2025\/02\/DALL\u00b7E-2025-02-14-12.54.34-A-modern-and-stylish-composition-illustrating-a-structured-hair-care-routine-cronograma-capilar.-The-image-features-a-neatly-arranged-set-of-hair-ca-1-1-1024x585.webp\" alt=\"\" class=\"wp-image-131\" srcset=\"https:\/\/beleza.artereciclada.com.br\/wp-content\/uploads\/2025\/02\/DALL\u00b7E-2025-02-14-12.54.34-A-modern-and-stylish-composition-illustrating-a-structured-hair-care-routine-cronograma-capilar.-The-image-features-a-neatly-arranged-set-of-hair-ca-1-1-1024x585.webp 1024w, https:\/\/beleza.artereciclada.com.br\/wp-content\/uploads\/2025\/02\/DALL\u00b7E-2025-02-14-12.54.34-A-modern-and-stylish-composition-illustrating-a-structured-hair-care-routine-cronograma-capilar.-The-image-features-a-neatly-arranged-set-of-hair-ca-1-1-300x171.webp 300w, https:\/\/beleza.artereciclada.com.br\/wp-content\/uploads\/2025\/02\/DALL\u00b7E-2025-02-14-12.54.34-A-modern-and-stylish-composition-illustrating-a-structured-hair-care-routine-cronograma-capilar.-The-image-features-a-neatly-arranged-set-of-hair-ca-1-1-768x439.webp 768w, https:\/\/beleza.artereciclada.com.br\/wp-content\/uploads\/2025\/02\/DALL\u00b7E-2025-02-14-12.54.34-A-modern-and-stylish-composition-illustrating-a-structured-hair-care-routine-cronograma-capilar.-The-image-features-a-neatly-arranged-set-of-hair-ca-1-1-1536x878.webp 1536w, https:\/\/beleza.artereciclada.com.br\/wp-content\/uploads\/2025\/02\/DALL\u00b7E-2025-02-14-12.54.34-A-modern-and-stylish-composition-illustrating-a-structured-hair-care-routine-cronograma-capilar.-The-image-features-a-neatly-arranged-set-of-hair-ca-1-1-18x10.webp 18w, https:\/\/beleza.artereciclada.com.br\/wp-content\/uploads\/2025\/02\/DALL\u00b7E-2025-02-14-12.54.34-A-modern-and-stylish-composition-illustrating-a-structured-hair-care-routine-cronograma-capilar.-The-image-features-a-neatly-arranged-set-of-hair-ca-1-1.webp 1792w\" sizes=\"(max-width: 1024px) 100vw, 1024px\" \/><\/figure>\n\n\n\n<p>O <strong>calendario dei capelli<\/strong> \u00e8 una routine di cura strutturata che mira a ripristinare, nutrire e idratare i capelli in modo personalizzato. Questa tecnica consiste nell'effettuare trattamenti specifici, distribuiti in fasi, per soddisfare le esigenze individuali dei capelli. Adottando un programma per capelli, si favorisce il recupero dei danni, si migliora la texture e si esalta la bellezza naturale dei capelli.<\/p>\n\n\n\n<div class=\"wp-block-rank-math-toc-block\" id=\"rank-math-toc\"><h2>Indice<\/h2><nav><ul><li class=\"\"><a href=\"#o-que-e-o-cronograma-capilar\">Qual \u00e8 il programma dei capelli?<\/a><\/li><li class=\"\"><a href=\"#por-que-fazer-um-cronograma-capilar\">Perch\u00e9 fare un programma per i capelli?<\/a><\/li><li class=\"\"><a href=\"#como-montar-seu-cronograma-capilar\">Come impostare il programma per i capelli<\/a><ul><li class=\"\"><a href=\"#1-avaliacao-do-estado-do-cabelo\">1. Valutazione dello stato dei capelli<\/a><\/li><li class=\"\"><a href=\"#2-definindo-a-frequencia-dos-tratamentos\">2. Definire la frequenza dei trattamenti<\/a><\/li><li class=\"\"><a href=\"#3-escolha-dos-produtos\">3. Selezione del prodotto<\/a><\/li><li class=\"\"><a href=\"#4-organizacao-da-rotina\">4. Organizzazione di routine<\/a><\/li><\/ul><\/li><li class=\"\"><a href=\"#dicas-para-potencializar-o-cronograma-capilar\">Suggerimenti per potenziare la programmazione dei capelli<\/a><ul><li class=\"\"><a href=\"#1-envolvimento-termico\">1. involucro termico<\/a><\/li><li class=\"\"><a href=\"#2-massagem-capilar\">2. Massaggio dei capelli<\/a><\/li><li class=\"\"><a href=\"#3-uso-de-agua-na-temperatura-adequada\">3. Utilizzare l'acqua alla giusta temperatura<\/a><\/li><li class=\"\"><a href=\"#4-consistencia-e-fundamental\">4. La coerenza \u00e8 fondamentale<\/a><\/li><\/ul><\/li><li class=\"\"><a href=\"#conclusao\">Conclusione<\/a><\/li><li class=\"\"><a href=\"#fontes-de-inspiracao\">Fonti di ispirazione<\/a><\/li><\/ul><\/nav><\/div>\n\n\n\n<h2 class=\"wp-block-heading\" id=\"o-que-e-o-cronograma-capilar\"><strong>Qual \u00e8 il programma dei capelli?<\/strong><\/h2>\n\n\n\n<p>O <strong>calendario dei capelli<\/strong> \u00e8 un metodo di cura che organizza i trattamenti dei capelli in tre fasi principali:<\/p>\n\n\n\n<ul class=\"wp-block-list\">\n<li><strong>Idratante:<\/strong> Si concentra sul ripristino dell'idratazione dei capelli, essenziale per mantenerli morbidi e lucenti.<\/li>\n\n\n\n<li><strong>Nutrizione:<\/strong> Mira a reintegrare i lipidi responsabili di dare forza e resistenza ai capelli, prevenendone la rottura.<\/li>\n\n\n\n<li><strong>Ricostruzione:<\/strong> Agisce per reintegrare le proteine e riparare la struttura interna del capello, essenziale per i capelli danneggiati o trattati chimicamente.<\/li>\n<\/ul>\n\n\n\n<p>Ogni fase della <strong>calendario dei capelli<\/strong> hanno un ruolo specifico e, combinati, garantiscono un trattamento completo, adatto alle esigenze dei capelli.<\/p>\n\n\n\n<hr class=\"wp-block-separator has-alpha-channel-opacity\"\/>\n\n\n\n<h2 class=\"wp-block-heading\" id=\"por-que-fazer-um-cronograma-capilar\"><strong>Perch\u00e9 fare un programma per i capelli?<\/strong><\/h2>\n\n\n\n<p>L'attuazione di un programma per capelli ha numerosi benefici per la salute dei capelli:<\/p>\n\n\n\n<ul class=\"wp-block-list\">\n<li><strong>Recupero dei danni:<\/strong> Ripara i danni causati da processi chimici, esposizione al sole, uso eccessivo di strumenti termici e fattori ambientali.<\/li>\n\n\n\n<li><strong>Texture migliorata:<\/strong> Aumenta la morbidezza, la lucentezza e la maneggevolezza dei capelli.<\/li>\n\n\n\n<li><strong>Prevenzione delle rotture:<\/strong> Rafforza i capelli, riducendo la rottura e la comparsa delle doppie punte.<\/li>\n\n\n\n<li><strong>Equilibrio personalizzato:<\/strong> Permette di adattare i trattamenti alle esigenze specifiche di ogni tipo di capello, sia esso secco, grasso, misto o danneggiato.<\/li>\n<\/ul>\n\n\n\n<hr class=\"wp-block-separator has-alpha-channel-opacity\"\/>\n\n\n\n<h2 class=\"wp-block-heading\" id=\"como-montar-seu-cronograma-capilar\"><strong>Come impostare il programma per i capelli<\/strong><\/h2>\n\n\n\n<p>Impostazione di un <strong>calendario dei capelli<\/strong> Una routine efficace richiede valutazione e pianificazione. Ecco i passaggi per creare la routine ideale:<\/p>\n\n\n\n<h3 class=\"wp-block-heading\" id=\"1-avaliacao-do-estado-do-cabelo\"><strong>1. Valutazione dello stato dei capelli<\/strong><\/h3>\n\n\n\n<p>Prima di iniziare, controllate lo stato dei vostri capelli:<\/p>\n\n\n\n<ul class=\"wp-block-list\">\n<li><strong>Idratante:<\/strong> I vostri capelli sono secchi o opachi?<\/li>\n\n\n\n<li><strong>Nutrizione:<\/strong> I vostri capelli sono senza vita o tendenti alla rottura?<\/li>\n\n\n\n<li><strong>Ricostruzione:<\/strong> Ci sono segni di danni profondi, come perdita di capelli o rottura eccessiva?<\/li>\n<\/ul>\n\n\n\n<p>Questa analisi vi aiuter\u00e0 a definire la frequenza di ogni fase nel vostro programma.<\/p>\n\n\n\n<h3 class=\"wp-block-heading\" id=\"2-definindo-a-frequencia-dos-tratamentos\"><strong>2. Definire la frequenza dei trattamenti<\/strong><\/h3>\n\n\n\n<p>In base alla valutazione, \u00e8 possibile distribuire le sessioni di cura nel corso del mese. Ad esempio:<\/p>\n\n\n\n<ul class=\"wp-block-list\">\n<li><strong>Capelli secchi o danneggiati:<\/strong> Possono essere necessarie sedute di idratazione e ricostruzione due volte alla settimana, intervallate da sedute di nutrizione.<\/li>\n\n\n\n<li><strong>Capelli grassi o normali:<\/strong> Pu\u00f2 essere sufficiente una frequenza inferiore, ad esempio una volta alla settimana per ogni fase.<\/li>\n<\/ul>\n\n\n\n<p>Ricordate che <strong>calendario dei capelli<\/strong> \u00e8 flessibile e deve essere regolato in base alla risposta dei fili.<\/p>\n\n\n\n<h3 class=\"wp-block-heading\" id=\"3-escolha-dos-produtos\"><strong>3. Selezione del prodotto<\/strong><\/h3>\n\n\n\n<p>Per ogni fase della <strong>calendario dei capelli<\/strong>scegliere prodotti specifici:<\/p>\n\n\n\n<ul class=\"wp-block-list\">\n<li><strong>Idratante:<\/strong> Maschere e creme con ingredienti come acido ialuronico, pantenolo e aloe vera.<\/li>\n\n\n\n<li><strong>Nutrizione:<\/strong> Prodotti contenenti oli naturali (olio di cocco, olio di argan, olio di avocado) e burri vegetali (burro di karit\u00e9).<\/li>\n\n\n\n<li><strong>Ricostruzione:<\/strong> Maschere e trattamenti con cheratina, collagene e aminoacidi, che aiutano a riparare la struttura interna dei capelli.<\/li>\n<\/ul>\n\n\n\n<h3 class=\"wp-block-heading\" id=\"4-organizacao-da-rotina\"><strong>4. Organizzazione di routine<\/strong><\/h3>\n\n\n\n<p>Create un calendario mensile o settimanale, distribuendo le sedute di idratazione, nutrimento e ricostruzione. Un suggerimento per un mese potrebbe essere:<\/p>\n\n\n\n<ul class=\"wp-block-list\">\n<li><strong>Settimana 1:<\/strong> Idratazione, nutrizione, idratazione, ricostruzione<\/li>\n\n\n\n<li><strong>Settimana 2:<\/strong> Idratazione, Nutrizione, Idratazione, Nutrizione<\/li>\n\n\n\n<li><strong>Settimana 3:<\/strong> Idratazione, ricostruzione, idratazione e nutrizione<\/li>\n\n\n\n<li><strong>Settimana 4:<\/strong> Idratazione, nutrizione, idratazione, ricostruzione<\/li>\n<\/ul>\n\n\n\n<p>Questa distribuzione pu\u00f2 essere regolata in base all'evoluzione dello stato di salute dei capelli.<\/p>\n\n\n\n<hr class=\"wp-block-separator has-alpha-channel-opacity\"\/>\n\n\n\n<h2 class=\"wp-block-heading\" id=\"dicas-para-potencializar-o-cronograma-capilar\"><strong>Suggerimenti per potenziare la programmazione dei capelli<\/strong><\/h2>\n\n\n\n<h3 class=\"wp-block-heading\" id=\"1-envolvimento-termico\"><strong>1. involucro termico<\/strong><\/h3>\n\n\n\n<p>Dopo aver applicato i prodotti, avvolgere i capelli in una cuffia termica o in un asciugamano caldo. Il calore aiuter\u00e0 ad aprire le cuticole dei capelli, consentendo un migliore assorbimento dei principi attivi e massimizzando i risultati del trattamento. <strong>idratazione dei capelli<\/strong>nutrizione e ricostruzione.<\/p>\n\n\n\n<h3 class=\"wp-block-heading\" id=\"2-massagem-capilar\"><strong>2. Massaggio dei capelli<\/strong><\/h3>\n\n\n\n<p>Quando si applicano i prodotti, massaggiare delicatamente il cuoio capelluto. Questo stimola la circolazione sanguigna e favorisce la penetrazione delle sostanze nutritive, contribuendo a rendere i capelli pi\u00f9 forti e sani.<\/p>\n\n\n\n<h3 class=\"wp-block-heading\" id=\"3-uso-de-agua-na-temperatura-adequada\"><strong>3. Utilizzare l'acqua alla giusta temperatura<\/strong><\/h3>\n\n\n\n<p>Lavare e risciacquare i capelli con acqua tiepida per favorire l'assorbimento dei prodotti, terminando con un getto di acqua fredda per sigillare le cuticole e mantenere i benefici del trattamento.<\/p>\n\n\n\n<h3 class=\"wp-block-heading\" id=\"4-consistencia-e-fundamental\"><strong>4. La coerenza \u00e8 fondamentale<\/strong><\/h3>\n\n\n\n<p>Cos\u00ec che <strong>calendario dei capelli<\/strong> \u00e8 efficace, \u00e8 essenziale mantenere trattamenti regolari. La salute dei capelli migliora con il tempo e la costanza delle cure.<\/p>\n\n\n\n<hr class=\"wp-block-separator has-alpha-channel-opacity\"\/>\n\n\n\n<h2 class=\"wp-block-heading\" id=\"conclusao\"><strong>Conclusione<\/strong><\/h2>\n\n\n\n<p>O <strong>calendario dei capelli<\/strong> \u00e8 una strategia personalizzata ed efficace per ripristinare e mantenere i capelli sani. Combinando idratazione, nutrizione e ricostruzione, si garantisce ai capelli la cura di cui hanno bisogno per rimanere forti, lucidi e pieni di vitalit\u00e0. Adattate la frequenza dei trattamenti alle esigenze dei vostri capelli e scegliete prodotti di qualit\u00e0 per ottenere i migliori risultati.<\/p>\n\n\n\n<p>Noi di <strong>Arte della bellezza<\/strong>Siamo convinti che investire in un programma coerente per i capelli sia il modo per trasformare la salute dei vostri capelli. Per ulteriori consigli, linee guida e prodotti essenziali per una salute sana <strong>calendario dei capelli<\/strong> efficace, visitate il nostro sito web <a href=\"https:\/\/beleza.artereciclada.com.br\/it\/\">Arte della bellezza<\/a> e seguite i nostri social network. Se avete bisogno di una consulenza personalizzata, contattateci via e-mail all'indirizzo <strong><a href=\"mailto:contato@artereciclada.com.br\">contato@artereciclada.com.br<\/a><\/strong>.<\/p>\n\n\n\n<hr class=\"wp-block-separator has-alpha-channel-opacity\"\/>\n\n\n\n<h2 class=\"wp-block-heading\" id=\"fontes-de-inspiracao\"><strong>Fonti di ispirazione<\/strong><\/h2>\n\n\n\n<p>Questo articolo \u00e8 stato sviluppato sulla base di esperienze personali, tendenze del mercato della bellezza e pratiche consolidate nel mondo della cura dei capelli. Le linee guida qui presentate intendono offrire una guida completa e aggiornata, in modo che possiate attuare una <strong>calendario dei capelli<\/strong> efficace, promuovendo capelli nutriti e forti con una lucentezza naturale.<\/p>\n\n\n\n<p>Investite nella salute dei vostri capelli e godetevi i benefici di un trattamento personalizzato che esalti la bellezza delle vostre ciocche!<\/p>\n\n\n\n<p><a href=\"https:\/\/www.youtube.com\/watch?v=pB0r0XUgEII\" target=\"_blank\" rel=\"noopener\">Suggerimento video<\/a><\/p>\n\n\n\n<p><\/p>","protected":false},"excerpt":{"rendered":"<p>O cronograma capilar \u00e9 uma rotina de cuidados estruturada que tem como objetivo restaurar, nutrir e hidratar os fios de forma personalizada. Essa t\u00e9cnica consiste na realiza\u00e7\u00e3o de tratamentos espec\u00edficos, distribu\u00eddos em fases, para atender \u00e0s necessidades individuais dos cabelos. Ao adotar um cronograma capilar, voc\u00ea promove a recupera\u00e7\u00e3o dos danos, melhora a textura e [&hellip;]<\/p>","protected":false},"author":4,"featured_media":130,"comment_status":"open","ping_status":"open","sticky":false,"template":"","format":"standard","meta":{"footnotes":""},"categories":[6],"tags":[],"class_list":["post-129","post","type-post","status-publish","format-standard","has-post-thumbnail","hentry","category-cabelo"],"blocksy_meta":[],"_links":{"self":[{"href":"https:\/\/beleza.artereciclada.com.br\/it\/wp-json\/wp\/v2\/posts\/129","targetHints":{"allow":["GET"]}}],"collection":[{"href":"https:\/\/beleza.artereciclada.com.br\/it\/wp-json\/wp\/v2\/posts"}],"about":[{"href":"https:\/\/beleza.artereciclada.com.br\/it\/wp-json\/wp\/v2\/types\/post"}],"author":[{"embeddable":true,"href":"https:\/\/beleza.artereciclada.com.br\/it\/wp-json\/wp\/v2\/users\/4"}],"replies":[{"embeddable":true,"href":"https:\/\/beleza.artereciclada.com.br\/it\/wp-json\/wp\/v2\/comments?post=129"}],"version-history":[{"count":2,"href":"https:\/\/beleza.artereciclada.com.br\/it\/wp-json\/wp\/v2\/posts\/129\/revisions"}],"predecessor-version":[{"id":231,"href":"https:\/\/beleza.artereciclada.com.br\/it\/wp-json\/wp\/v2\/posts\/129\/revisions\/231"}],"wp:featuredmedia":[{"embeddable":true,"href":"https:\/\/beleza.artereciclada.com.br\/it\/wp-json\/wp\/v2\/media\/130"}],"wp:attachment":[{"href":"https:\/\/beleza.artereciclada.com.br\/it\/wp-json\/wp\/v2\/media?parent=129"}],"wp:term":[{"taxonomy":"category","embeddable":true,"href":"https:\/\/beleza.artereciclada.com.br\/it\/wp-json\/wp\/v2\/categories?post=129"},{"taxonomy":"post_tag","embeddable":true,"href":"https:\/\/beleza.artereciclada.com.br\/it\/wp-json\/wp\/v2\/tags?post=129"}],"curies":[{"name":"wp","href":"https:\/\/api.w.org\/{rel}","templated":true}]}}