{"id":122,"date":"2025-02-14T09:47:05","date_gmt":"2025-02-14T15:47:05","guid":{"rendered":"https:\/\/beleza.artereciclada.com.br\/?p=122"},"modified":"2025-02-14T17:11:38","modified_gmt":"2025-02-14T20:11:38","slug":"finalizacao-capilar","status":"publish","type":"post","link":"https:\/\/beleza.artereciclada.com.br\/it\/cabelo\/finalizacao-capilar\/","title":{"rendered":"Acconciatura: consigli per capelli ricci e lisci"},"content":{"rendered":"<p>A <strong>finalizzazione dei capelli<\/strong> \u00e8 la fase cruciale che definisce l'aspetto e il tocco finale di qualsiasi acconciatura, sia per i capelli ricci che per quelli lisci. Una buona finitura non solo esalta la bellezza naturale dei capelli, ma garantisce anche la durata e la protezione dai danni quotidiani. A <strong>Arte della bellezza<\/strong>Abbiamo raccolto consigli specializzati per ottenere un risultato perfetto, indipendentemente dal tipo di capelli.<\/p>\n\n\n\n<figure class=\"wp-block-image size-large\"><img fetchpriority=\"high\" decoding=\"async\" width=\"1024\" height=\"585\" src=\"https:\/\/beleza.artereciclada.com.br\/wp-content\/uploads\/2025\/02\/DALL\u00b7E-2025-02-14-12.46.01-A-stylish-and-modern-composition-featuring-a-person-with-beautifully-styled-shiny-and-well-defined-hair.-The-image-highlights-the-final-steps-of-a-h-1-1-1024x585.webp\" alt=\"Finaliza\u00e7\u00e3o capilar\" class=\"wp-image-126\" srcset=\"https:\/\/beleza.artereciclada.com.br\/wp-content\/uploads\/2025\/02\/DALL\u00b7E-2025-02-14-12.46.01-A-stylish-and-modern-composition-featuring-a-person-with-beautifully-styled-shiny-and-well-defined-hair.-The-image-highlights-the-final-steps-of-a-h-1-1-1024x585.webp 1024w, https:\/\/beleza.artereciclada.com.br\/wp-content\/uploads\/2025\/02\/DALL\u00b7E-2025-02-14-12.46.01-A-stylish-and-modern-composition-featuring-a-person-with-beautifully-styled-shiny-and-well-defined-hair.-The-image-highlights-the-final-steps-of-a-h-1-1-300x171.webp 300w, https:\/\/beleza.artereciclada.com.br\/wp-content\/uploads\/2025\/02\/DALL\u00b7E-2025-02-14-12.46.01-A-stylish-and-modern-composition-featuring-a-person-with-beautifully-styled-shiny-and-well-defined-hair.-The-image-highlights-the-final-steps-of-a-h-1-1-768x439.webp 768w, https:\/\/beleza.artereciclada.com.br\/wp-content\/uploads\/2025\/02\/DALL\u00b7E-2025-02-14-12.46.01-A-stylish-and-modern-composition-featuring-a-person-with-beautifully-styled-shiny-and-well-defined-hair.-The-image-highlights-the-final-steps-of-a-h-1-1-1536x878.webp 1536w, https:\/\/beleza.artereciclada.com.br\/wp-content\/uploads\/2025\/02\/DALL\u00b7E-2025-02-14-12.46.01-A-stylish-and-modern-composition-featuring-a-person-with-beautifully-styled-shiny-and-well-defined-hair.-The-image-highlights-the-final-steps-of-a-h-1-1-18x10.webp 18w, https:\/\/beleza.artereciclada.com.br\/wp-content\/uploads\/2025\/02\/DALL\u00b7E-2025-02-14-12.46.01-A-stylish-and-modern-composition-featuring-a-person-with-beautifully-styled-shiny-and-well-defined-hair.-The-image-highlights-the-final-steps-of-a-h-1-1.webp 1792w\" sizes=\"(max-width: 1024px) 100vw, 1024px\" \/><\/figure>\n\n\n\n<div class=\"wp-block-rank-math-toc-block\" id=\"rank-math-toc\"><h2>Indice<\/h2><nav><ul><li class=\"\"><a href=\"#a-importancia-da-finalizacao-capilar\">L'importanza della rifinitura dei capelli<\/a><\/li><li class=\"\"><a href=\"#dicas-de-finalizacao-capilar-para-cabelos-cacheados\">Consigli per la rifinitura dei capelli ricci<\/a><ul><li class=\"\"><a href=\"#1-hidratacao-profunda\">1. Idratazione profonda<\/a><\/li><li class=\"\"><a href=\"#2-tecnicas-de-finalizacao\">2. Tecniche di finitura<\/a><\/li><li class=\"\"><a href=\"#3-produtos-especificos\">3. Prodotti specifici<\/a><\/li><\/ul><\/li><li class=\"\"><a href=\"#dicas-de-finalizacao-capilar-para-cabelos-lisos\">Consigli per la rifinitura dei capelli lisci<\/a><ul><li class=\"\"><a href=\"#1-controle-do-frizz\">1. Controllo del crespo<\/a><\/li><li class=\"\"><a href=\"#2-tecnicas-de-finalizacao-1\">2. Tecniche di finitura<\/a><\/li><li class=\"\"><a href=\"#3-produtos-essenciais\">3. Prodotti essenziali<\/a><\/li><\/ul><\/li><li class=\"\"><a href=\"#dicas-gerais-para-uma-finalizacao-capilar-perfeita\">Consigli generali per una finitura perfetta dei capelli<\/a><\/li><li class=\"\"><a href=\"#conclusao\">Conclusione<\/a><\/li><li class=\"\"><a href=\"#fontes-de-inspiracao\">Fonti di ispirazione<\/a><\/li><\/ul><\/nav><\/div>\n\n\n\n<h2 class=\"wp-block-heading\" id=\"a-importancia-da-finalizacao-capilar\"><strong>L'importanza della rifinitura dei capelli<\/strong><\/h2>\n\n\n\n<p>A <strong>finalizzazione dei capelli<\/strong> \u00e8 responsabile di:<\/p>\n\n\n\n<ul class=\"wp-block-list\">\n<li><strong>Definire la texture:<\/strong> Esalta la forma naturale dei ricci o l'aspetto liscio e disciplinato dei capelli.<\/li>\n\n\n\n<li><strong>Proteggere i fili:<\/strong> Sigilla l'umidit\u00e0 e forma una barriera contro le aggressioni esterne come l'inquinamento e il calore.<\/li>\n\n\n\n<li><strong>Aggiungono lucentezza e vitalit\u00e0:<\/strong> Una finitura ben eseguita dona ai capelli lucentezza e salute.<\/li>\n\n\n\n<li><strong>Facilitare lo styling:<\/strong> I prodotti di finitura aiutano a mantenere lo stile pi\u00f9 a lungo, riducendo l'effetto crespo e le ciocche ribelli.<\/li>\n<\/ul>\n\n\n\n<hr class=\"wp-block-separator has-alpha-channel-opacity\"\/>\n\n\n\n<h2 class=\"wp-block-heading\" id=\"dicas-de-finalizacao-capilar-para-cabelos-cacheados\"><strong>Consigli per la rifinitura dei capelli ricci<\/strong><\/h2>\n\n\n\n<p>I capelli ricci hanno una struttura unica che richiede una cura specifica durante la rifinitura. Ecco alcuni consigli essenziali:<\/p>\n\n\n\n<h3 class=\"wp-block-heading\" id=\"1-hidratacao-profunda\"><strong>1. Idratazione profonda<\/strong><\/h3>\n\n\n\n<ul class=\"wp-block-list\">\n<li><strong>Prefinalizzazione:<\/strong> Prima di concludere, assicuratevi che i vostri ricci siano ben idratati con un leave-in o una crema per lo styling. A <strong>finalizzazione dei capelli<\/strong> I capelli ricci dipendono dall'idratazione per definire i ricci e ridurre il crespo.<\/li>\n\n\n\n<li><strong>Maschere e trattamenti:<\/strong> Utilizzate maschere nutrienti ogni settimana per mantenere la salute dei vostri capelli e migliorare la definizione dei vostri ricci.<\/li>\n<\/ul>\n\n\n\n<h3 class=\"wp-block-heading\" id=\"2-tecnicas-de-finalizacao\"><strong>2. Tecniche di finitura<\/strong><\/h3>\n\n\n\n<ul class=\"wp-block-list\">\n<li><strong>Scrunching:<\/strong> Applicare il prodotto finale con le mani, facendo dei movimenti di scrunching per aiutare i ricci a formarsi. Questa tecnica aiuta a distribuire la crema o il gel in modo uniforme, migliorando la definizione.<\/li>\n\n\n\n<li><strong>Diffusore:<\/strong> Se utilizzate un asciugacapelli, applicate un diffusore per asciugare i capelli ricci senza danneggiare le ciocche. Questo aiuta a mantenere la forma naturale dei ricci e a prevenire l'effetto crespo.<\/li>\n<\/ul>\n\n\n\n<h3 class=\"wp-block-heading\" id=\"3-produtos-especificos\"><strong>3. Prodotti specifici<\/strong><\/h3>\n\n\n\n<ul class=\"wp-block-list\">\n<li><strong>Gel per ricci:<\/strong> Un gel con una buona tenuta, ma senza lasciare le ciocche rigide, \u00e8 ideale per controllare il crespo e definire i ricci. Optate per formule che contengono ingredienti idratanti.<\/li>\n\n\n\n<li><strong>Crema per pettinare:<\/strong> Le creme che garantiscono idratazione e definizione sono indispensabili per la <strong>finalizzazione dei capelli<\/strong> per i capelli ricci. Aiutano a mantenere i ricci morbidi e con un movimento naturale.<\/li>\n\n\n\n<li><strong>Oli leggeri:<\/strong> L'applicazione di qualche goccia di olio, come l'olio di argan o di cocco, pu\u00f2 sigillare l'idratazione e aumentare la lucentezza senza appesantire i capelli.<\/li>\n<\/ul>\n\n\n\n<hr class=\"wp-block-separator has-alpha-channel-opacity\"\/>\n\n\n\n<h2 class=\"wp-block-heading\" id=\"dicas-de-finalizacao-capilar-para-cabelos-lisos\"><strong>Consigli per la rifinitura dei capelli lisci<\/strong><\/h2>\n\n\n\n<figure class=\"wp-block-image size-large\"><img decoding=\"async\" width=\"1024\" height=\"585\" src=\"https:\/\/beleza.artereciclada.com.br\/wp-content\/uploads\/2025\/02\/DALL\u00b7E-2025-02-14-12.50.06-A-stylish-and-modern-composition-featuring-a-person-with-sleek-shiny-and-well-defined-straight-hair.-The-image-highlights-the-final-steps-of-a-hair-1-1024x585.webp\" alt=\"\" class=\"wp-image-127\" srcset=\"https:\/\/beleza.artereciclada.com.br\/wp-content\/uploads\/2025\/02\/DALL\u00b7E-2025-02-14-12.50.06-A-stylish-and-modern-composition-featuring-a-person-with-sleek-shiny-and-well-defined-straight-hair.-The-image-highlights-the-final-steps-of-a-hair-1-1024x585.webp 1024w, https:\/\/beleza.artereciclada.com.br\/wp-content\/uploads\/2025\/02\/DALL\u00b7E-2025-02-14-12.50.06-A-stylish-and-modern-composition-featuring-a-person-with-sleek-shiny-and-well-defined-straight-hair.-The-image-highlights-the-final-steps-of-a-hair-1-300x171.webp 300w, https:\/\/beleza.artereciclada.com.br\/wp-content\/uploads\/2025\/02\/DALL\u00b7E-2025-02-14-12.50.06-A-stylish-and-modern-composition-featuring-a-person-with-sleek-shiny-and-well-defined-straight-hair.-The-image-highlights-the-final-steps-of-a-hair-1-768x439.webp 768w, https:\/\/beleza.artereciclada.com.br\/wp-content\/uploads\/2025\/02\/DALL\u00b7E-2025-02-14-12.50.06-A-stylish-and-modern-composition-featuring-a-person-with-sleek-shiny-and-well-defined-straight-hair.-The-image-highlights-the-final-steps-of-a-hair-1-1536x878.webp 1536w, https:\/\/beleza.artereciclada.com.br\/wp-content\/uploads\/2025\/02\/DALL\u00b7E-2025-02-14-12.50.06-A-stylish-and-modern-composition-featuring-a-person-with-sleek-shiny-and-well-defined-straight-hair.-The-image-highlights-the-final-steps-of-a-hair-1-18x10.webp 18w, https:\/\/beleza.artereciclada.com.br\/wp-content\/uploads\/2025\/02\/DALL\u00b7E-2025-02-14-12.50.06-A-stylish-and-modern-composition-featuring-a-person-with-sleek-shiny-and-well-defined-straight-hair.-The-image-highlights-the-final-steps-of-a-hair-1.webp 1792w\" sizes=\"(max-width: 1024px) 100vw, 1024px\" \/><\/figure>\n\n\n\n<p>I capelli lisci richiedono tecniche e prodotti che garantiscano un look disciplinato e brillante, pur mantenendo morbidezza e movimento naturale.<\/p>\n\n\n\n<h3 class=\"wp-block-heading\" id=\"1-controle-do-frizz\"><strong>1. Controllo del crespo<\/strong><\/h3>\n\n\n\n<ul class=\"wp-block-list\">\n<li><strong>L'anticrespo leave-in:<\/strong> Utilizzate un leave-in con protezione termica e controllo del crespo per mantenere i capelli allineati. A <strong>finalizzazione dei capelli<\/strong> I capelli lisci dipendono da prodotti che controllano l'oleosit\u00e0 e prevengono il crespo.<\/li>\n\n\n\n<li><strong>Protettore termico:<\/strong> Prima di usare l'asciugacapelli o la piastra, applicare un protettore termico per preservare la salute dei capelli e prevenire i danni da calore.<\/li>\n<\/ul>\n\n\n\n<h3 class=\"wp-block-heading\" id=\"2-tecnicas-de-finalizacao-1\"><strong>2. Tecniche di finitura<\/strong><\/h3>\n\n\n\n<ul class=\"wp-block-list\">\n<li><strong>Spazzolatura:<\/strong> Dopo il lavaggio, asciugare i capelli con una spazzola rotonda per modellare le ciocche e garantire un aspetto liscio e curato.<\/li>\n\n\n\n<li><strong>Raddrizzamento naturale:<\/strong> Se preferite una finitura pi\u00f9 liscia, utilizzate una crema lisciante o una crema di finitura specifica per capelli lisci, che vi aiuter\u00e0 a mantenere l'acconciatura senza farla sembrare artificiale.<\/li>\n<\/ul>\n\n\n\n<h3 class=\"wp-block-heading\" id=\"3-produtos-essenciais\"><strong>3. Prodotti essenziali<\/strong><\/h3>\n\n\n\n<ul class=\"wp-block-list\">\n<li><strong>Siero di lucentezza:<\/strong> Un siero di finitura pu\u00f2 fornire lucentezza istantanea e ridurre il crespo, lasciando i capelli lisci come la seta.<\/li>\n\n\n\n<li><strong>Spray per il fissaggio della luce:<\/strong> I finish spray aiutano a mantenere l'acconciatura intatta per tutto il giorno senza appesantire i capelli.<\/li>\n\n\n\n<li><strong>Oli per capelli:<\/strong> L'applicazione di una piccola quantit\u00e0 di olio di argan o di olio di jojoba sui capelli asciutti pu\u00f2 aggiungere un tocco finale di lucentezza e morbidezza.<\/li>\n<\/ul>\n\n\n\n<hr class=\"wp-block-separator has-alpha-channel-opacity\"\/>\n\n\n\n<h2 class=\"wp-block-heading\" id=\"dicas-gerais-para-uma-finalizacao-capilar-perfeita\"><strong>Consigli generali per una finitura perfetta dei capelli<\/strong><\/h2>\n\n\n\n<p>Indipendentemente dal tipo di capelli, alcune cure generali possono migliorare la qualit\u00e0 dei capelli. <strong>finalizzazione dei capelli<\/strong>:<\/p>\n\n\n\n<ul class=\"wp-block-list\">\n<li><strong>Prodotti di qualit\u00e0:<\/strong> Investite in prodotti di alta qualit\u00e0 specifici per il vostro tipo di capelli. La giusta scelta dei prodotti \u00e8 essenziale per ottenere risultati duraturi.<\/li>\n\n\n\n<li><strong>Coerenza nella routine:<\/strong> Mantenere una routine regolare per i capelli che includa pulizia, idratazione e rifinitura \u00e8 il segreto per avere capelli curati e dall'aspetto sano.<\/li>\n\n\n\n<li><strong>Adattarsi alle esigenze:<\/strong> Ogni capello \u00e8 unico. Provate diversi prodotti e tecniche fino a trovare la combinazione pi\u00f9 adatta alle vostre esigenze.<\/li>\n\n\n\n<li><strong>Attenzione al caldo:<\/strong> Evitare l'uso eccessivo di strumenti termici e utilizzare sempre protezioni termiche prima di acconciare i capelli.<\/li>\n<\/ul>\n\n\n\n<hr class=\"wp-block-separator has-alpha-channel-opacity\"\/>\n\n\n\n<h2 class=\"wp-block-heading\" id=\"conclusao\"><strong>Conclusione<\/strong><\/h2>\n\n\n\n<p>A <strong>finalizzazione dei capelli<\/strong> \u00e8 il tocco finale che trasforma la salute e l'aspetto dei vostri capelli, siano essi ricci o lisci. Con i consigli e i prodotti giusti, \u00e8 possibile ottenere un look perfetto, con capelli disciplinati, lucenti e pieni di vitalit\u00e0.<\/p>\n\n\n\n<p>No <strong>Arte della bellezza<\/strong>Crediamo che la chiave per uno styling impeccabile stia nel combinare le giuste tecniche con prodotti di qualit\u00e0. Investite in una routine personalizzata e scoprite la trasformazione che una buona finitura pu\u00f2 apportare al vostro look.<\/p>\n\n\n\n<p>Per ulteriori suggerimenti, linee guida e prodotti che possono elevare il vostro <strong>finalizzazione dei capelli<\/strong>, visitate il nostro sito web <a href=\"https:\/\/beleza.artereciclada.com.br\/it\/\">Arte della bellezza<\/a> e seguite i nostri social network. Se avete bisogno di una consulenza personalizzata, contattateci via e-mail all'indirizzo <strong><a href=\"mailto:contato@artereciclada.com.br\">contato@artereciclada.com.br<\/a><\/strong>.<\/p>\n\n\n\n<hr class=\"wp-block-separator has-alpha-channel-opacity\"\/>\n\n\n\n<h2 class=\"wp-block-heading\" id=\"fontes-de-inspiracao\"><strong>Fonti di ispirazione<\/strong><\/h2>\n\n\n\n<p>Questo articolo \u00e8 stato sviluppato sulla base delle tendenze del mercato della bellezza, delle esperienze personali e delle pratiche consolidate nel mondo della cura dei capelli. Le linee guida qui presentate riflettono il nostro impegno nell'offrire una guida completa e aggiornata che vi permetta di ottenere una finitura perfetta, esaltando la bellezza naturale dei vostri capelli.<\/p>\n\n\n\n<p><a href=\"https:\/\/www.youtube.com\/watch?v=VRkrPjzVpqE\" target=\"_blank\" rel=\"noopener\">Suggerimento video<\/a><\/p>\n\n\n\n<p><\/p>","protected":false},"excerpt":{"rendered":"<p>A finaliza\u00e7\u00e3o capilar \u00e9 a etapa crucial que define o visual e o toque final de qualquer penteado, seja para cabelos cacheados ou lisos. Uma boa finaliza\u00e7\u00e3o n\u00e3o s\u00f3 potencializa a beleza natural dos fios, mas tamb\u00e9m garante durabilidade e prote\u00e7\u00e3o contra os danos do dia a dia. No Beleza Arte, reunimos dicas especializadas para [&hellip;]<\/p>","protected":false},"author":4,"featured_media":123,"comment_status":"open","ping_status":"open","sticky":false,"template":"","format":"standard","meta":{"footnotes":""},"categories":[6],"tags":[],"class_list":["post-122","post","type-post","status-publish","format-standard","has-post-thumbnail","hentry","category-cabelo"],"blocksy_meta":[],"_links":{"self":[{"href":"https:\/\/beleza.artereciclada.com.br\/it\/wp-json\/wp\/v2\/posts\/122","targetHints":{"allow":["GET"]}}],"collection":[{"href":"https:\/\/beleza.artereciclada.com.br\/it\/wp-json\/wp\/v2\/posts"}],"about":[{"href":"https:\/\/beleza.artereciclada.com.br\/it\/wp-json\/wp\/v2\/types\/post"}],"author":[{"embeddable":true,"href":"https:\/\/beleza.artereciclada.com.br\/it\/wp-json\/wp\/v2\/users\/4"}],"replies":[{"embeddable":true,"href":"https:\/\/beleza.artereciclada.com.br\/it\/wp-json\/wp\/v2\/comments?post=122"}],"version-history":[{"count":4,"href":"https:\/\/beleza.artereciclada.com.br\/it\/wp-json\/wp\/v2\/posts\/122\/revisions"}],"predecessor-version":[{"id":232,"href":"https:\/\/beleza.artereciclada.com.br\/it\/wp-json\/wp\/v2\/posts\/122\/revisions\/232"}],"wp:featuredmedia":[{"embeddable":true,"href":"https:\/\/beleza.artereciclada.com.br\/it\/wp-json\/wp\/v2\/media\/123"}],"wp:attachment":[{"href":"https:\/\/beleza.artereciclada.com.br\/it\/wp-json\/wp\/v2\/media?parent=122"}],"wp:term":[{"taxonomy":"category","embeddable":true,"href":"https:\/\/beleza.artereciclada.com.br\/it\/wp-json\/wp\/v2\/categories?post=122"},{"taxonomy":"post_tag","embeddable":true,"href":"https:\/\/beleza.artereciclada.com.br\/it\/wp-json\/wp\/v2\/tags?post=122"}],"curies":[{"name":"wp","href":"https:\/\/api.w.org\/{rel}","templated":true}]}}