{"id":117,"date":"2025-02-14T09:33:45","date_gmt":"2025-02-14T15:33:45","guid":{"rendered":"https:\/\/beleza.artereciclada.com.br\/?p=117"},"modified":"2025-02-14T10:22:51","modified_gmt":"2025-02-14T16:22:51","slug":"cabelos-tingidos","status":"publish","type":"post","link":"https:\/\/beleza.artereciclada.com.br\/it\/cabelo\/cabelos-tingidos\/","title":{"rendered":"Capelli tinti: come curarli e prevenirne lo sbiadimento"},"content":{"rendered":"<figure class=\"wp-block-image size-large\"><img fetchpriority=\"high\" decoding=\"async\" width=\"1024\" height=\"585\" src=\"https:\/\/beleza.artereciclada.com.br\/wp-content\/uploads\/2025\/02\/DALL\u00b7E-2025-02-14-12.26.49-A-modern-and-stylish-composition-featuring-vibrant-well-maintained-colored-hair-with-a-person-applying-a-nourishing-hair-mask-or-serum.-The-scene-inc-1-1-1024x585.webp\" alt=\"\" class=\"wp-image-119\" srcset=\"https:\/\/beleza.artereciclada.com.br\/wp-content\/uploads\/2025\/02\/DALL\u00b7E-2025-02-14-12.26.49-A-modern-and-stylish-composition-featuring-vibrant-well-maintained-colored-hair-with-a-person-applying-a-nourishing-hair-mask-or-serum.-The-scene-inc-1-1-1024x585.webp 1024w, https:\/\/beleza.artereciclada.com.br\/wp-content\/uploads\/2025\/02\/DALL\u00b7E-2025-02-14-12.26.49-A-modern-and-stylish-composition-featuring-vibrant-well-maintained-colored-hair-with-a-person-applying-a-nourishing-hair-mask-or-serum.-The-scene-inc-1-1-300x171.webp 300w, https:\/\/beleza.artereciclada.com.br\/wp-content\/uploads\/2025\/02\/DALL\u00b7E-2025-02-14-12.26.49-A-modern-and-stylish-composition-featuring-vibrant-well-maintained-colored-hair-with-a-person-applying-a-nourishing-hair-mask-or-serum.-The-scene-inc-1-1-768x439.webp 768w, https:\/\/beleza.artereciclada.com.br\/wp-content\/uploads\/2025\/02\/DALL\u00b7E-2025-02-14-12.26.49-A-modern-and-stylish-composition-featuring-vibrant-well-maintained-colored-hair-with-a-person-applying-a-nourishing-hair-mask-or-serum.-The-scene-inc-1-1-1536x878.webp 1536w, https:\/\/beleza.artereciclada.com.br\/wp-content\/uploads\/2025\/02\/DALL\u00b7E-2025-02-14-12.26.49-A-modern-and-stylish-composition-featuring-vibrant-well-maintained-colored-hair-with-a-person-applying-a-nourishing-hair-mask-or-serum.-The-scene-inc-1-1-18x10.webp 18w, https:\/\/beleza.artereciclada.com.br\/wp-content\/uploads\/2025\/02\/DALL\u00b7E-2025-02-14-12.26.49-A-modern-and-stylish-composition-featuring-vibrant-well-maintained-colored-hair-with-a-person-applying-a-nourishing-hair-mask-or-serum.-The-scene-inc-1-1.webp 1792w\" sizes=\"(max-width: 1024px) 100vw, 1024px\" \/><\/figure>\n\n\n\n<p>Mantenere <strong>capelli colorati<\/strong> Avere un aspetto vivace e sano pu\u00f2 essere una sfida, ma con la giusta routine di cura \u00e8 possibile preservare il colore e l'integrit\u00e0 dei capelli. In questo articolo esploreremo i consigli e le strategie per prendersi cura dei propri capelli. <strong>capelli<\/strong>per prevenire lo sbiadimento e mantenere i capelli lucidi e pieni di vita.<\/p>\n\n\n\n<div class=\"wp-block-rank-math-toc-block\" id=\"rank-math-toc\"><h2>Indice<\/h2><nav><ul><li class=\"\"><a href=\"#por-que-os-cabelos-tingidos-desbotam\">Perch\u00e9 i capelli colorati sbiadiscono?<\/a><\/li><li class=\"\"><a href=\"#dicas-essenciais-para-cuidar-de-cabelos-tingidos\">Consigli essenziali per la cura dei capelli tinti<\/a><ul><li class=\"\"><a href=\"#1-use-produtos-especificos-para-cabelos-tingidos\">1. Utilizzare prodotti specifici per capelli tinti<\/a><\/li><li class=\"\"><a href=\"#2-lave-com-agua-fria-ou-morna\">2. Risciacquare con acqua fredda o tiepida<\/a><\/li><li class=\"\"><a href=\"#3-protecao-solar-para-cabelos-tingidos\">3. Protezione solare per capelli tinti<\/a><\/li><li class=\"\"><a href=\"#4-evite-o-uso-excessivo-de-ferramentas-de-calor\">4. Evitare l'uso eccessivo di strumenti termici<\/a><\/li><li class=\"\"><a href=\"#5-tratamentos-de-hidratacao-profunda\">5. Trattamenti di idratazione profonda<\/a><\/li><li class=\"\"><a href=\"#6-reduza-lavagens-excessivas\">6. Ridurre i lavaggi eccessivi<\/a><\/li><\/ul><\/li><li class=\"\"><a href=\"#dicas-adicionais-para-preservar-a-cor-dos-cabelos-tingidos\">Ulteriori consigli per preservare il colore dei capelli tinti<\/a><\/li><li class=\"\"><a href=\"#conclusao\">Conclusione<\/a><\/li><li class=\"\"><a href=\"#fontes-de-inspiracao\">Fonti di ispirazione<\/a><\/li><\/ul><\/nav><\/div>\n\n\n\n<hr class=\"wp-block-separator has-alpha-channel-opacity\"\/>\n\n\n\n<h2 class=\"wp-block-heading\" id=\"por-que-os-cabelos-tingidos-desbotam\"><strong>Perch\u00e9 i capelli colorati sbiadiscono?<\/strong><\/h2>\n\n\n\n<p>L'affievolimento di <strong>capelli colorati<\/strong> possono verificarsi per vari motivi. La comprensione di questi fattori \u00e8 il primo passo verso l'adozione di misure preventive:<\/p>\n\n\n\n<ul class=\"wp-block-list\">\n<li><strong>Esposizione al sole:<\/strong> I raggi UV sono una delle cause principali dello sbiadimento del colore, in quanto danneggiano la cuticola dei capelli.<\/li>\n\n\n\n<li><strong>Uso dell'acqua calda:<\/strong> Lavare i capelli con acqua calda pu\u00f2 aprire le cuticole, permettendo al colore di disperdersi pi\u00f9 facilmente.<\/li>\n\n\n\n<li><strong>Prodotti aggressivi:<\/strong> Shampoo e balsami con solfati possono togliere il colore ai capelli e comprometterne la salute.<\/li>\n\n\n\n<li><strong>Fattori ambientali:<\/strong> Anche l'inquinamento e il cloro delle piscine possono accelerare lo sbiadimento, danneggiando la vitalit\u00e0 della pelle. <strong>capelli colorati<\/strong>.<\/li>\n<\/ul>\n\n\n\n<hr class=\"wp-block-separator has-alpha-channel-opacity\"\/>\n\n\n\n<h2 class=\"wp-block-heading\" id=\"dicas-essenciais-para-cuidar-de-cabelos-tingidos\"><strong>Consigli essenziali per la cura dei capelli tinti<\/strong><\/h2>\n\n\n\n<h3 class=\"wp-block-heading\" id=\"1-use-produtos-especificos-para-cabelos-tingidos\"><strong>1. Utilizzare prodotti specifici per capelli tinti<\/strong><\/h3>\n\n\n\n<p>Optate per shampoo, balsami e maschere sviluppati appositamente per <strong>capelli colorati<\/strong> \u00e8 essenziale per proteggere e mantenere il colore:<\/p>\n\n\n\n<ul class=\"wp-block-list\">\n<li><strong>Shampoo senza solfati:<\/strong> Questi prodotti detergono delicatamente i capelli senza sverniciare il colore.<\/li>\n\n\n\n<li><strong>Balsami idratanti:<\/strong> Contribuiscono a sigillare la cuticola, mantenendo il colore e donando lucentezza.<\/li>\n\n\n\n<li><strong>Maschere nutrienti:<\/strong> Applicati settimanalmente, ripristinano l'idratazione e rafforzano i capelli, riducendone lo sbiadimento.<\/li>\n<\/ul>\n\n\n\n<h3 class=\"wp-block-heading\" id=\"2-lave-com-agua-fria-ou-morna\"><strong>2. Risciacquare con acqua fredda o tiepida<\/strong><\/h3>\n\n\n\n<p>Evitare l'uso di acqua calda \u00e8 fondamentale per preservare il colore dei capelli. <strong>capelli colorati<\/strong>:<\/p>\n\n\n\n<ul class=\"wp-block-list\">\n<li><strong>Acqua fredda o calda:<\/strong> Lavare i capelli a temperature pi\u00f9 basse aiuta a chiudere le cuticole e a trattenere il colore.<\/li>\n\n\n\n<li><strong>Terminare con acqua fredda:<\/strong> Un ultimo getto di acqua fredda pu\u00f2 aiutare a sigillare la cuticola e a prolungare la vivacit\u00e0 del colore.<\/li>\n<\/ul>\n\n\n\n<h3 class=\"wp-block-heading\" id=\"3-protecao-solar-para-cabelos-tingidos\"><strong>3. Protezione solare per capelli tinti<\/strong><\/h3>\n\n\n\n<p>Proprio come la pelle, anche i capelli hanno bisogno di essere protetti dai raggi UV:<\/p>\n\n\n\n<ul class=\"wp-block-list\">\n<li><strong>Prodotti con protezione solare:<\/strong> Usate spray o leave-in che contengono protezione UV per proteggere i capelli dall'esposizione diretta al sole.<\/li>\n\n\n\n<li><strong>Cappelli e accessori:<\/strong> Nelle giornate di sole, proteggere i capelli con cappelli aiuta a prevenire lo sbiadimento e a mantenere il colore vivace.<\/li>\n<\/ul>\n\n\n\n<h3 class=\"wp-block-heading\" id=\"4-evite-o-uso-excessivo-de-ferramentas-de-calor\"><strong>4. Evitare l'uso eccessivo di strumenti termici<\/strong><\/h3>\n\n\n\n<p>Gli strumenti termici possono esacerbare lo sbiadimento e causare danni a <strong>capelli colorati<\/strong>:<\/p>\n\n\n\n<ul class=\"wp-block-list\">\n<li><strong>Protettore termico:<\/strong> Applicare sempre un protettore termico prima di usare asciugacapelli, piastre o bigodini.<\/li>\n\n\n\n<li><strong>Ridurre la frequenza:<\/strong> Evitare l'uso quotidiano di strumenti termici per preservare l'integrit\u00e0 dei capelli e l'intensit\u00e0 del colore.<\/li>\n<\/ul>\n\n\n\n<h3 class=\"wp-block-heading\" id=\"5-tratamentos-de-hidratacao-profunda\"><strong>5. Trattamenti di idratazione profonda<\/strong><\/h3>\n\n\n\n<p>Investire in un'idratazione regolare \u00e8 fondamentale per mantenere <strong>capelli colorati<\/strong> sano e brillante:<\/p>\n\n\n\n<ul class=\"wp-block-list\">\n<li><strong>Maschere idratanti:<\/strong> Utilizzate trattamenti casalinghi o prodotti specifici per ripristinare l'idratazione dei capelli.<\/li>\n\n\n\n<li><strong>Oli naturali:<\/strong> L'olio di argan, l'olio di cocco o l'olio di jojoba possono essere applicati come rifinitori per sigillare l'idratazione e migliorare la lucentezza.<\/li>\n<\/ul>\n\n\n\n<h3 class=\"wp-block-heading\" id=\"6-reduza-lavagens-excessivas\"><strong>6. Ridurre i lavaggi eccessivi<\/strong><\/h3>\n\n\n\n<p>Lavare i capelli troppo spesso pu\u00f2 accelerare lo sbiadimento:<\/p>\n\n\n\n<ul class=\"wp-block-list\">\n<li><strong>Intervalli di lavaggio:<\/strong> Cercate di intervallare i lavaggi per preservare gli oli naturali e il colore. Se necessario, utilizzate uno shampoo a secco tra un lavaggio e l'altro per mantenere la sensazione di freschezza.<\/li>\n<\/ul>\n\n\n\n<hr class=\"wp-block-separator has-alpha-channel-opacity\"\/>\n\n\n\n<h2 class=\"wp-block-heading\" id=\"dicas-adicionais-para-preservar-a-cor-dos-cabelos-tingidos\"><strong>Ulteriori consigli per preservare il colore dei capelli tinti<\/strong><\/h2>\n\n\n\n<figure class=\"wp-block-image size-large\"><img decoding=\"async\" width=\"1024\" height=\"585\" src=\"https:\/\/beleza.artereciclada.com.br\/wp-content\/uploads\/2025\/02\/DALL\u00b7E-2025-02-14-12.32.43-A-stylish-and-modern-composition-featuring-a-person-with-vibrant-well-maintained-colored-hair-using-a-protective-hair-care-routine.-The-image-include-1-1024x585.webp\" alt=\"\" class=\"wp-image-120\" srcset=\"https:\/\/beleza.artereciclada.com.br\/wp-content\/uploads\/2025\/02\/DALL\u00b7E-2025-02-14-12.32.43-A-stylish-and-modern-composition-featuring-a-person-with-vibrant-well-maintained-colored-hair-using-a-protective-hair-care-routine.-The-image-include-1-1024x585.webp 1024w, https:\/\/beleza.artereciclada.com.br\/wp-content\/uploads\/2025\/02\/DALL\u00b7E-2025-02-14-12.32.43-A-stylish-and-modern-composition-featuring-a-person-with-vibrant-well-maintained-colored-hair-using-a-protective-hair-care-routine.-The-image-include-1-300x171.webp 300w, https:\/\/beleza.artereciclada.com.br\/wp-content\/uploads\/2025\/02\/DALL\u00b7E-2025-02-14-12.32.43-A-stylish-and-modern-composition-featuring-a-person-with-vibrant-well-maintained-colored-hair-using-a-protective-hair-care-routine.-The-image-include-1-768x439.webp 768w, https:\/\/beleza.artereciclada.com.br\/wp-content\/uploads\/2025\/02\/DALL\u00b7E-2025-02-14-12.32.43-A-stylish-and-modern-composition-featuring-a-person-with-vibrant-well-maintained-colored-hair-using-a-protective-hair-care-routine.-The-image-include-1-1536x878.webp 1536w, https:\/\/beleza.artereciclada.com.br\/wp-content\/uploads\/2025\/02\/DALL\u00b7E-2025-02-14-12.32.43-A-stylish-and-modern-composition-featuring-a-person-with-vibrant-well-maintained-colored-hair-using-a-protective-hair-care-routine.-The-image-include-1-18x10.webp 18w, https:\/\/beleza.artereciclada.com.br\/wp-content\/uploads\/2025\/02\/DALL\u00b7E-2025-02-14-12.32.43-A-stylish-and-modern-composition-featuring-a-person-with-vibrant-well-maintained-colored-hair-using-a-protective-hair-care-routine.-The-image-include-1.webp 1792w\" sizes=\"(max-width: 1024px) 100vw, 1024px\" \/><\/figure>\n\n\n\n<ul class=\"wp-block-list\">\n<li><strong>Evitare le piscine non protette:<\/strong> Il cloro pu\u00f2 danneggiare il colore, quindi indossate una cuffia o applicate un leave-in protettivo prima di immergervi.<\/li>\n\n\n\n<li><strong>Attenzione all'acqua dura:<\/strong> Se l'acqua della vostra zona \u00e8 ricca di minerali, prendete in considerazione l'uso di un filtro o di prodotti che combattono la secchezza causata dall'acqua dura.<\/li>\n\n\n\n<li><strong>Visitare regolarmente un professionista:<\/strong> Le visite regolari dal parrucchiere aiutano a mantenere i trattamenti, come il ritocco del colore e l'idratazione profonda.<\/li>\n<\/ul>\n\n\n\n<hr class=\"wp-block-separator has-alpha-channel-opacity\"\/>\n\n\n\n<h2 class=\"wp-block-heading\" id=\"conclusao\"><strong>Conclusione<\/strong><\/h2>\n\n\n\n<p>Prendersi cura di <strong>capelli colorati<\/strong> e prevenire lo sbiadimento del colore richiede una combinazione di prodotti adatti, abitudini di lavaggio accurate e protezione da fattori ambientali aggressivi. L'adozione di una routine di cura personalizzata pu\u00f2 fare la differenza per il mantenimento del colore e la salute dei capelli.<\/p>\n\n\n\n<p>Noi di <strong>Arte della bellezza<\/strong>Crediamo che investire in prodotti di qualit\u00e0 e in una routine coerente sia essenziale per la vostra attivit\u00e0. <strong>capelli colorati<\/strong> rimangono vibranti e pieni di vita. Per ulteriori consigli, linee guida e prodotti che aiutano a preservare il colore dei capelli, visitate il nostro sito web <a href=\"https:\/\/beleza.artereciclada.com.br\/it\/\">Arte della bellezza<\/a> e seguite i nostri social network. Se avete bisogno di una consulenza personalizzata, contattateci via e-mail all'indirizzo <strong><a href=\"mailto:contato@artereciclada.com.br\">contato@artereciclada.com.br<\/a><\/strong>.<\/p>\n\n\n\n<hr class=\"wp-block-separator has-alpha-channel-opacity\"\/>\n\n\n\n<h2 class=\"wp-block-heading\" id=\"fontes-de-inspiracao\"><strong>Fonti di ispirazione<\/strong><\/h2>\n\n\n\n<p>Questo articolo \u00e8 stato sviluppato sulla base di studi dermatologici, tendenze del mercato della bellezza e pratiche consigliate per la cura della pelle. <strong>capelli colorati<\/strong>. Le linee guida qui presentate vogliono offrire una guida completa e aggiornata per preservare il colore e la salute dei capelli in modo efficace e sostenibile.<\/p>\n\n\n\n<p>Investire nella cura di <strong>capelli colorati<\/strong> \u00e8 investire nella propria autostima e nel proprio aspetto. Informatevi, adattate la vostra routine e godetevi i benefici di una chioma vibrante e vivace!<\/p>\n\n\n\n<p><a href=\"https:\/\/www.youtube.com\/watch?v=tpNbTK_sL78\" target=\"_blank\" rel=\"noopener\">Suggerimento video<\/a><\/p>","protected":false},"excerpt":{"rendered":"<p>Manter cabelos tingidos com apar\u00eancia vibrante e saud\u00e1vel pode ser um desafio, mas com a rotina de cuidados certa \u00e9 poss\u00edvel preservar a cor e a integridade dos fios. Neste artigo, vamos explorar dicas e estrat\u00e9gias para cuidar dos cabelos, evitar o desbotamento e manter seus fios brilhantes e cheios de vida. Por que os [&hellip;]<\/p>","protected":false},"author":4,"featured_media":118,"comment_status":"open","ping_status":"open","sticky":false,"template":"","format":"standard","meta":{"footnotes":""},"categories":[6],"tags":[],"class_list":["post-117","post","type-post","status-publish","format-standard","has-post-thumbnail","hentry","category-cabelo"],"blocksy_meta":[],"_links":{"self":[{"href":"https:\/\/beleza.artereciclada.com.br\/it\/wp-json\/wp\/v2\/posts\/117","targetHints":{"allow":["GET"]}}],"collection":[{"href":"https:\/\/beleza.artereciclada.com.br\/it\/wp-json\/wp\/v2\/posts"}],"about":[{"href":"https:\/\/beleza.artereciclada.com.br\/it\/wp-json\/wp\/v2\/types\/post"}],"author":[{"embeddable":true,"href":"https:\/\/beleza.artereciclada.com.br\/it\/wp-json\/wp\/v2\/users\/4"}],"replies":[{"embeddable":true,"href":"https:\/\/beleza.artereciclada.com.br\/it\/wp-json\/wp\/v2\/comments?post=117"}],"version-history":[{"count":2,"href":"https:\/\/beleza.artereciclada.com.br\/it\/wp-json\/wp\/v2\/posts\/117\/revisions"}],"predecessor-version":[{"id":156,"href":"https:\/\/beleza.artereciclada.com.br\/it\/wp-json\/wp\/v2\/posts\/117\/revisions\/156"}],"wp:featuredmedia":[{"embeddable":true,"href":"https:\/\/beleza.artereciclada.com.br\/it\/wp-json\/wp\/v2\/media\/118"}],"wp:attachment":[{"href":"https:\/\/beleza.artereciclada.com.br\/it\/wp-json\/wp\/v2\/media?parent=117"}],"wp:term":[{"taxonomy":"category","embeddable":true,"href":"https:\/\/beleza.artereciclada.com.br\/it\/wp-json\/wp\/v2\/categories?post=117"},{"taxonomy":"post_tag","embeddable":true,"href":"https:\/\/beleza.artereciclada.com.br\/it\/wp-json\/wp\/v2\/tags?post=117"}],"curies":[{"name":"wp","href":"https:\/\/api.w.org\/{rel}","templated":true}]}}