{"id":106,"date":"2025-02-14T09:10:14","date_gmt":"2025-02-14T15:10:14","guid":{"rendered":"https:\/\/beleza.artereciclada.com.br\/?p=106"},"modified":"2025-02-14T17:15:23","modified_gmt":"2025-02-14T20:15:23","slug":"queda-de-cabelo","status":"publish","type":"post","link":"https:\/\/beleza.artereciclada.com.br\/it\/cabelo\/queda-de-cabelo\/","title":{"rendered":"Caduta dei capelli: come prevenire la caduta e stimolare la crescita dei capelli"},"content":{"rendered":"<p>A <strong>perdita di capelli<\/strong> \u00e8 un problema comune che colpisce milioni di persone in tutto il mondo. Che sia dovuta a fattori genetici, stress, alimentazione scorretta o squilibri ormonali, la perdita dei capelli pu\u00f2 avere un impatto sull'autostima e sulla qualit\u00e0 della vita. Nel nostro articolo su <strong>Arte della bellezza<\/strong>In questo articolo, discutiamo le strategie efficaci e i trattamenti moderni per prevenire <strong>perdita di capelli<\/strong> e stimolare la crescita dei capelli per un aspetto sano e rivitalizzato.<\/p>\n\n\n\n<figure class=\"wp-block-image size-large\"><img fetchpriority=\"high\" decoding=\"async\" width=\"1024\" height=\"585\" src=\"https:\/\/beleza.artereciclada.com.br\/wp-content\/uploads\/2025\/02\/DALL\u00b7E-2025-02-14-12.07.03-A-visually-appealing-image-showcasing-healthy-strong-hair-with-a-person-gently-massaging-their-scalp-to-promote-hair-growth.-The-composition-includes-1-1024x585.webp\" alt=\"Queda de cabelo\" class=\"wp-image-107\" srcset=\"https:\/\/beleza.artereciclada.com.br\/wp-content\/uploads\/2025\/02\/DALL\u00b7E-2025-02-14-12.07.03-A-visually-appealing-image-showcasing-healthy-strong-hair-with-a-person-gently-massaging-their-scalp-to-promote-hair-growth.-The-composition-includes-1-1024x585.webp 1024w, https:\/\/beleza.artereciclada.com.br\/wp-content\/uploads\/2025\/02\/DALL\u00b7E-2025-02-14-12.07.03-A-visually-appealing-image-showcasing-healthy-strong-hair-with-a-person-gently-massaging-their-scalp-to-promote-hair-growth.-The-composition-includes-1-300x171.webp 300w, https:\/\/beleza.artereciclada.com.br\/wp-content\/uploads\/2025\/02\/DALL\u00b7E-2025-02-14-12.07.03-A-visually-appealing-image-showcasing-healthy-strong-hair-with-a-person-gently-massaging-their-scalp-to-promote-hair-growth.-The-composition-includes-1-768x439.webp 768w, https:\/\/beleza.artereciclada.com.br\/wp-content\/uploads\/2025\/02\/DALL\u00b7E-2025-02-14-12.07.03-A-visually-appealing-image-showcasing-healthy-strong-hair-with-a-person-gently-massaging-their-scalp-to-promote-hair-growth.-The-composition-includes-1-1536x878.webp 1536w, https:\/\/beleza.artereciclada.com.br\/wp-content\/uploads\/2025\/02\/DALL\u00b7E-2025-02-14-12.07.03-A-visually-appealing-image-showcasing-healthy-strong-hair-with-a-person-gently-massaging-their-scalp-to-promote-hair-growth.-The-composition-includes-1-18x10.webp 18w, https:\/\/beleza.artereciclada.com.br\/wp-content\/uploads\/2025\/02\/DALL\u00b7E-2025-02-14-12.07.03-A-visually-appealing-image-showcasing-healthy-strong-hair-with-a-person-gently-massaging-their-scalp-to-promote-hair-growth.-The-composition-includes-1.webp 1792w\" sizes=\"(max-width: 1024px) 100vw, 1024px\" \/><\/figure>\n\n\n\n<div class=\"wp-block-rank-math-toc-block\" id=\"rank-math-toc\"><h2>Indice<\/h2><nav><ul><li class=\"\"><a href=\"#entendendo-a-queda-de-cabelo\">Capire la caduta dei capelli<\/a><ul><li class=\"\"><a href=\"#principais-causas-da-queda-de-cabelo\">Cause principali della caduta dei capelli<\/a><\/li><\/ul><\/li><li class=\"\"><a href=\"#estrategias-para-prevenir-a-queda-de-cabelo\">Strategie per prevenire la caduta dei capelli<\/a><ul><li class=\"\"><a href=\"#1-alimentacao-balanceada-e-suplementacao\">1. Dieta equilibrata e integrazione<\/a><\/li><li class=\"\"><a href=\"#2-cuidados-com-o-couro-cabeludo\">2. Cura del cuoio capelluto<\/a><\/li><li class=\"\"><a href=\"#3-controle-do-estresse-e-estilo-de-vida-saudavel\">3. Gestione dello stress e stile di vita sano<\/a><\/li><li class=\"\"><a href=\"#4-evitar-exposicao-excessiva-a-calor-e-produtos-quimicos\">4. Evitare l'esposizione eccessiva a calore e sostanze chimiche.<\/a><\/li><\/ul><\/li><li class=\"\"><a href=\"#tratamentos-e-terapias-para-estimular-o-crescimento-capilar\">Trattamenti e terapie per stimolare la crescita dei capelli<\/a><ul><li class=\"\"><a href=\"#1-terapia-com-luz-de-baixa-intensidade-lllt\">1 Terapia della luce a bassa intensit\u00e0 (LLLT)<\/a><\/li><li class=\"\"><a href=\"#2-mesoterapia-capilar\">2. Mesoterapia dei capelli<\/a><\/li><li class=\"\"><a href=\"#3-uso-de-minoxidil\">3. Utilizzo del Minoxidil<\/a><\/li><li class=\"\"><a href=\"#4-tratamentos-naturais-e-fitoterapicos\">4. Trattamenti naturali e a base di erbe<\/a><\/li><\/ul><\/li><li class=\"\"><a href=\"#dicas-praticas-para-a-rotina-capilar\">Consigli pratici per la vostra routine per i capelli<\/a><\/li><li class=\"\"><a href=\"#conclusao\">Conclusione<\/a><\/li><li class=\"\"><a href=\"#fontes-de-inspiracao\">Fonti di ispirazione<\/a><\/li><\/ul><\/nav><\/div>\n\n\n\n<hr class=\"wp-block-separator has-alpha-channel-opacity\"\/>\n\n\n\n<h2 class=\"wp-block-heading\" id=\"entendendo-a-queda-de-cabelo\"><strong>Capire la caduta dei capelli<\/strong><\/h2>\n\n\n\n<p>La caduta dei capelli pu\u00f2 avere varie cause e presentarsi in forme diverse, come l'alopecia androgenetica, il telogen effluvium e altre condizioni dermatologiche. Per combattere efficacemente <strong>perdita di capelli<\/strong>\u00c8 essenziale comprendere i fattori che contribuiscono a questo problema.<\/p>\n\n\n\n<h3 class=\"wp-block-heading\" id=\"principais-causas-da-queda-de-cabelo\"><strong>Cause principali della caduta dei capelli<\/strong><\/h3>\n\n\n\n<ul class=\"wp-block-list\">\n<li><strong>Genetica ed ereditariet\u00e0:<\/strong>\n<ul class=\"wp-block-list\">\n<li>La predisposizione genetica \u00e8 una delle cause principali, soprattutto nell'alopecia androgenetica, che colpisce sia uomini che donne.<\/li>\n<\/ul>\n<\/li>\n\n\n\n<li><strong>Fattori ormonali:<\/strong>\n<ul class=\"wp-block-list\">\n<li>Le fluttuazioni ormonali, come durante la gravidanza, la menopausa o i problemi alla tiroide, possono innescare la caduta dei capelli.<\/li>\n<\/ul>\n<\/li>\n\n\n\n<li><strong>Stress e ansia:<\/strong>\n<ul class=\"wp-block-list\">\n<li>Alti livelli di stress possono interrompere il ciclo di crescita dei capelli, provocando un aumento temporaneo della loro caduta.<\/li>\n<\/ul>\n<\/li>\n\n\n\n<li><strong>Carenze alimentari e nutrizionali:<\/strong>\n<ul class=\"wp-block-list\">\n<li>La mancanza di nutrienti essenziali come ferro, zinco, vitamine del gruppo B e proteine pu\u00f2 compromettere la salute dei capelli.<\/li>\n<\/ul>\n<\/li>\n\n\n\n<li><strong>Uso eccessivo di sostanze chimiche e calore:<\/strong>\n<ul class=\"wp-block-list\">\n<li>I processi chimici come la stiratura e la tintura, cos\u00ec come l'uso frequente di asciugacapelli e piastre, possono danneggiare i capelli e portarli alla caduta.<\/li>\n<\/ul>\n<\/li>\n\n\n\n<li><strong>Malattie e condizioni mediche:<\/strong>\n<ul class=\"wp-block-list\">\n<li>Problemi come le infezioni del cuoio capelluto, le malattie autoimmuni e alcune terapie mediche possono contribuire a <strong>perdita di capelli<\/strong>.<\/li>\n<\/ul>\n<\/li>\n<\/ul>\n\n\n\n<hr class=\"wp-block-separator has-alpha-channel-opacity\"\/>\n\n\n\n<h2 class=\"wp-block-heading\" id=\"estrategias-para-prevenir-a-queda-de-cabelo\"><strong>Strategie per prevenire la caduta dei capelli<\/strong><\/h2>\n\n\n\n<p>La prevenzione \u00e8 il modo migliore per combattere <strong>perdita di capelli<\/strong>. Di seguito sono riportate diverse strategie che, se combinate, possono aiutare a preservare la salute dei capelli e a ridurne la caduta.<\/p>\n\n\n\n<h3 class=\"wp-block-heading\" id=\"1-alimentacao-balanceada-e-suplementacao\"><strong>1. Dieta equilibrata e integrazione<\/strong><\/h3>\n\n\n\n<p>Una dieta equilibrata \u00e8 essenziale per mantenere i capelli forti e sani.<\/p>\n\n\n\n<ul class=\"wp-block-list\">\n<li><strong>Alimenti ricchi di proteine:<\/strong>\n<ul class=\"wp-block-list\">\n<li>Includere carni magre, uova, legumi e noci, che forniscono aminoacidi essenziali per la formazione dei capelli.<\/li>\n<\/ul>\n<\/li>\n\n\n\n<li><strong>Vitamine e minerali:<\/strong>\n<ul class=\"wp-block-list\">\n<li>Gli alimenti ricchi di ferro, zinco, vitamine A, C, D ed E e del complesso B (in particolare la biotina) aiutano a rafforzare i capelli.<\/li>\n<\/ul>\n<\/li>\n\n\n\n<li><strong>Acidi grassi essenziali:<\/strong>\n<ul class=\"wp-block-list\">\n<li>Gli omega-3, contenuti in pesci come il salmone, la chia e i semi di lino, aiutano a idratare e a migliorare la salute del cuoio capelluto.<\/li>\n<\/ul>\n<\/li>\n\n\n\n<li><strong>Integrazione:<\/strong>\n<ul class=\"wp-block-list\">\n<li>In alcuni casi pu\u00f2 essere necessario ricorrere a integratori specifici, sempre consigliati da un professionista della salute.<\/li>\n<\/ul>\n<\/li>\n<\/ul>\n\n\n\n<h3 class=\"wp-block-heading\" id=\"2-cuidados-com-o-couro-cabeludo\"><strong>2. Cura del cuoio capelluto<\/strong><\/h3>\n\n\n\n<p>Un cuoio capelluto sano \u00e8 la base per la crescita dei capelli.<\/p>\n\n\n\n<ul class=\"wp-block-list\">\n<li><strong>Igiene corretta:<\/strong>\n<ul class=\"wp-block-list\">\n<li>Lavate i capelli con uno shampoo delicato adatto al vostro tipo di capelli per rimuovere le impurit\u00e0 senza danneggiare la pelle.<\/li>\n<\/ul>\n<\/li>\n\n\n\n<li><strong>Massaggio dei capelli:<\/strong>\n<ul class=\"wp-block-list\">\n<li>Delicati massaggi con la punta delle dita stimolano la circolazione sanguigna, favorendo il nutrimento dei follicoli.<\/li>\n<\/ul>\n<\/li>\n\n\n\n<li><strong>Evitare prodotti aggressivi:<\/strong>\n<ul class=\"wp-block-list\">\n<li>Optate per prodotti privi di solfati e parabeni, che possono seccare il cuoio capelluto e compromettere la salute dei capelli.<\/li>\n<\/ul>\n<\/li>\n\n\n\n<li><strong>Trattamenti topici:<\/strong>\n<ul class=\"wp-block-list\">\n<li>Tonici e lozioni specifiche con ingredienti come caffeina, niacinamide ed estratti naturali possono rafforzare i follicoli e favorire la rigenerazione dei capelli.<\/li>\n<\/ul>\n<\/li>\n<\/ul>\n\n\n\n<h3 class=\"wp-block-heading\" id=\"3-controle-do-estresse-e-estilo-de-vida-saudavel\"><strong>3. Gestione dello stress e stile di vita sano<\/strong><\/h3>\n\n\n\n<p>Lo stress \u00e8 uno dei pi\u00f9 grandi cattivi quando si parla di <strong>perdita di capelli<\/strong>.<\/p>\n\n\n\n<ul class=\"wp-block-list\">\n<li><strong>Tecniche di rilassamento:<\/strong>\n<ul class=\"wp-block-list\">\n<li>Pratiche come la meditazione, lo yoga e l'esercizio fisico aiutano a ridurre i livelli di stress e a bilanciare gli ormoni.<\/li>\n<\/ul>\n<\/li>\n\n\n\n<li><strong>Qualit\u00e0 del sonno:<\/strong>\n<ul class=\"wp-block-list\">\n<li>Un sonno ristoratore (da 7 a 8 ore a notte) \u00e8 essenziale per la rigenerazione cellulare e il mantenimento di capelli sani.<\/li>\n<\/ul>\n<\/li>\n\n\n\n<li><strong>Attivit\u00e0 piacevoli:<\/strong>\n<ul class=\"wp-block-list\">\n<li>Dedicate del tempo alle attivit\u00e0 che portano piacere e relax, contribuendo al benessere generale.<\/li>\n<\/ul>\n<\/li>\n<\/ul>\n\n\n\n<h3 class=\"wp-block-heading\" id=\"4-evitar-exposicao-excessiva-a-calor-e-produtos-quimicos\"><strong>4. Evitare l'esposizione eccessiva a calore e sostanze chimiche.<\/strong><\/h3>\n\n\n\n<p>Riducendo l'uso di strumenti e trattamenti aggressivi si possono evitare danni ai capelli.<\/p>\n\n\n\n<ul class=\"wp-block-list\">\n<li><strong>Asciugacapelli e ferri da stiro:<\/strong>\n<ul class=\"wp-block-list\">\n<li>Utilizzare sempre un protettore termico prima di applicare il calore ai capelli e impostare la temperatura a livelli moderati.<\/li>\n<\/ul>\n<\/li>\n\n\n\n<li><strong>Processi chimici:<\/strong>\n<ul class=\"wp-block-list\">\n<li>Fate delle pause tra i trattamenti chimici e investite in prodotti di qualit\u00e0 per ridurre al minimo i danni.<\/li>\n<\/ul>\n<\/li>\n<\/ul>\n\n\n\n<hr class=\"wp-block-separator has-alpha-channel-opacity\"\/>\n\n\n\n<h2 class=\"wp-block-heading\" id=\"tratamentos-e-terapias-para-estimular-o-crescimento-capilar\"><strong>Trattamenti e terapie per stimolare la crescita dei capelli<\/strong><\/h2>\n\n\n\n<p>Oltre alla prevenzione, diverse terapie possono aiutare a stimolare la crescita dei capelli e a ridurne la caduta. <strong>perdita di capelli<\/strong>.<\/p>\n\n\n\n<h3 class=\"wp-block-heading\" id=\"1-terapia-com-luz-de-baixa-intensidade-lllt\"><strong>1 Terapia della luce a bassa intensit\u00e0 (LLLT)<\/strong><\/h3>\n\n\n\n<ul class=\"wp-block-list\">\n<li><strong>Come funziona:<\/strong>\n<ul class=\"wp-block-list\">\n<li>La terapia della luce a bassa intensit\u00e0 stimola la circolazione sanguigna del cuoio capelluto, favorendo la rigenerazione dei follicoli e la crescita dei capelli.<\/li>\n<\/ul>\n<\/li>\n\n\n\n<li><strong>Vantaggi:<\/strong>\n<ul class=\"wp-block-list\">\n<li>\u00c8 un trattamento non invasivo ed efficace per vari tipi di perdita di capelli.<\/li>\n<\/ul>\n<\/li>\n<\/ul>\n\n\n\n<h3 class=\"wp-block-heading\" id=\"2-mesoterapia-capilar\"><strong>2. Mesoterapia dei capelli<\/strong><\/h3>\n\n\n\n<ul class=\"wp-block-list\">\n<li><strong>Procedura:<\/strong>\n<ul class=\"wp-block-list\">\n<li>Consiste in microiniezioni di vitamine, aminoacidi e altri nutrienti direttamente nel cuoio capelluto.<\/li>\n<\/ul>\n<\/li>\n\n\n\n<li><strong>Risultati:<\/strong>\n<ul class=\"wp-block-list\">\n<li>Pu\u00f2 contribuire a migliorare la nutrizione dei follicoli e a stimolare la crescita dei capelli, oltre che a ridurre <strong>perdita di capelli<\/strong>.<\/li>\n<\/ul>\n<\/li>\n<\/ul>\n\n\n\n<h3 class=\"wp-block-heading\" id=\"3-uso-de-minoxidil\"><strong>3. Utilizzo del Minoxidil<\/strong><\/h3>\n\n\n\n<ul class=\"wp-block-list\">\n<li><strong>Indicazione:<\/strong>\n<ul class=\"wp-block-list\">\n<li>Il minoxidil \u00e8 uno dei migliori trattamenti topici per stimolare la crescita dei capelli e prevenirne la caduta.<\/li>\n<\/ul>\n<\/li>\n\n\n\n<li><strong>Come si usa:<\/strong>\n<ul class=\"wp-block-list\">\n<li>Deve essere applicato quotidianamente e pu\u00f2 essere combinato con altri trattamenti, sempre sotto controllo medico.<\/li>\n<\/ul>\n<\/li>\n<\/ul>\n\n\n\n<h3 class=\"wp-block-heading\" id=\"4-tratamentos-naturais-e-fitoterapicos\"><strong>4. Trattamenti naturali e a base di erbe<\/strong><\/h3>\n\n\n\n<ul class=\"wp-block-list\">\n<li><strong>Estratti vegetali:<\/strong>\n<ul class=\"wp-block-list\">\n<li>Ingredienti come l'estratto di saw palmetto, il rosmarino, l'ortica e il t\u00e8 verde hanno propriet\u00e0 che possono aiutare a prevenire la caduta dei capelli e a stimolarne la crescita.<\/li>\n<\/ul>\n<\/li>\n\n\n\n<li><strong>Oli essenziali:<\/strong>\n<ul class=\"wp-block-list\">\n<li>Oli come lavanda, rosmarino e tea tree possono essere diluiti in oli vettore e applicati sul cuoio capelluto, contribuendo a migliorare la circolazione e la salute dei follicoli.<\/li>\n<\/ul>\n<\/li>\n<\/ul>\n\n\n\n<hr class=\"wp-block-separator has-alpha-channel-opacity\"\/>\n\n\n\n<h2 class=\"wp-block-heading\" id=\"dicas-praticas-para-a-rotina-capilar\"><strong>Consigli pratici per la vostra routine per i capelli<\/strong><\/h2>\n\n\n\n<figure class=\"wp-block-image size-large\"><img decoding=\"async\" width=\"1024\" height=\"585\" src=\"https:\/\/beleza.artereciclada.com.br\/wp-content\/uploads\/2025\/02\/DALL\u00b7E-2025-02-14-12.09.40-A-modern-and-clean-composition-featuring-essential-hair-care-products-and-tools-arranged-aesthetically-on-a-neutral-background.-The-image-includes-sha-1-1024x585.webp\" alt=\"\" class=\"wp-image-108\" srcset=\"https:\/\/beleza.artereciclada.com.br\/wp-content\/uploads\/2025\/02\/DALL\u00b7E-2025-02-14-12.09.40-A-modern-and-clean-composition-featuring-essential-hair-care-products-and-tools-arranged-aesthetically-on-a-neutral-background.-The-image-includes-sha-1-1024x585.webp 1024w, https:\/\/beleza.artereciclada.com.br\/wp-content\/uploads\/2025\/02\/DALL\u00b7E-2025-02-14-12.09.40-A-modern-and-clean-composition-featuring-essential-hair-care-products-and-tools-arranged-aesthetically-on-a-neutral-background.-The-image-includes-sha-1-300x171.webp 300w, https:\/\/beleza.artereciclada.com.br\/wp-content\/uploads\/2025\/02\/DALL\u00b7E-2025-02-14-12.09.40-A-modern-and-clean-composition-featuring-essential-hair-care-products-and-tools-arranged-aesthetically-on-a-neutral-background.-The-image-includes-sha-1-768x439.webp 768w, https:\/\/beleza.artereciclada.com.br\/wp-content\/uploads\/2025\/02\/DALL\u00b7E-2025-02-14-12.09.40-A-modern-and-clean-composition-featuring-essential-hair-care-products-and-tools-arranged-aesthetically-on-a-neutral-background.-The-image-includes-sha-1-1536x878.webp 1536w, https:\/\/beleza.artereciclada.com.br\/wp-content\/uploads\/2025\/02\/DALL\u00b7E-2025-02-14-12.09.40-A-modern-and-clean-composition-featuring-essential-hair-care-products-and-tools-arranged-aesthetically-on-a-neutral-background.-The-image-includes-sha-1-18x10.webp 18w, https:\/\/beleza.artereciclada.com.br\/wp-content\/uploads\/2025\/02\/DALL\u00b7E-2025-02-14-12.09.40-A-modern-and-clean-composition-featuring-essential-hair-care-products-and-tools-arranged-aesthetically-on-a-neutral-background.-The-image-includes-sha-1.webp 1792w\" sizes=\"(max-width: 1024px) 100vw, 1024px\" \/><\/figure>\n\n\n\n<p>L'attuazione di una routine coerente per i capelli \u00e8 fondamentale per evitarne la caduta. <strong>perdita di capelli<\/strong> e stimolare la crescita dei capelli. Ecco alcuni consigli pratici:<\/p>\n\n\n\n<ul class=\"wp-block-list\">\n<li><strong>Stabilire un programma di lavaggio:<\/strong>\n<ul class=\"wp-block-list\">\n<li>Lavate i capelli in base alle esigenze del vostro tipo di capelli. I capelli grassi possono necessitare di lavaggi pi\u00f9 frequenti, mentre i capelli secchi beneficiano di lavaggi meno frequenti.<\/li>\n<\/ul>\n<\/li>\n\n\n\n<li><strong>Evitare pettini e spazzole aggressivi:<\/strong>\n<ul class=\"wp-block-list\">\n<li>Optate per spazzole a setole morbide e pettini a denti larghi per districare i capelli senza causare una trazione eccessiva.<\/li>\n<\/ul>\n<\/li>\n\n\n\n<li><strong>Mantenete il cuoio capelluto pulito e idratato:<\/strong>\n<ul class=\"wp-block-list\">\n<li>Utilizzare tonici e lozioni specifiche per mantenere la salute della zona, stimolando la circolazione e prevenendo l'accumulo di scorie.<\/li>\n<\/ul>\n<\/li>\n\n\n\n<li><strong>Alternare l'uso di prodotti termici:<\/strong>\n<ul class=\"wp-block-list\">\n<li>Fate delle pause dall'uso di asciugacapelli, piastre e bigodini per permettere ai capelli di riprendersi dai danni termici.<\/li>\n<\/ul>\n<\/li>\n\n\n\n<li><strong>Consultare regolarmente uno specialista:<\/strong>\n<ul class=\"wp-block-list\">\n<li>Visitare un dermatologo o un tricologo per controlli regolari e per regolare la routine dei capelli in base alle esigenze individuali.<\/li>\n<\/ul>\n<\/li>\n<\/ul>\n\n\n\n<hr class=\"wp-block-separator has-alpha-channel-opacity\"\/>\n\n\n\n<h2 class=\"wp-block-heading\" id=\"conclusao\"><strong>Conclusione<\/strong><\/h2>\n\n\n\n<p>Combattimento <strong>perdita di capelli<\/strong> e stimolare la crescita dei capelli richiede un approccio integrato che prevede cure quotidiane, aggiustamenti dello stile di vita e, quando necessario, trattamenti terapeutici specifici. Adottando una dieta equilibrata, prendendosi cura del cuoio capelluto, controllando lo stress ed evitando agenti aggressivi, \u00e8 possibile preservare la salute dei capelli e favorirne una crescita robusta.<\/p>\n\n\n\n<p>Noi di <strong>Arte della bellezza<\/strong>Crediamo che la personalizzazione e la coerenza siano essenziali per ottenere risultati duraturi. Ogni persona ha esigenze uniche e l'adattamento della routine dei capelli deve essere fatto individualmente, sempre con il supporto di professionisti specializzati quando necessario.<\/p>\n\n\n\n<p>Per ulteriori consigli, linee guida e prodotti di alta qualit\u00e0 che possono completare la vostra routine di cura dei capelli, visitate il nostro sito web <a href=\"https:\/\/beleza.artereciclada.com.br\/it\/\">Arte della bellezza<\/a> e seguite i nostri social network. Se avete bisogno di una consulenza personalizzata, contattateci via e-mail all'indirizzo <strong><a href=\"mailto:contato@artereciclada.com.br\">contato@artereciclada.com.br<\/a><\/strong>.<\/p>\n\n\n\n<hr class=\"wp-block-separator has-alpha-channel-opacity\"\/>\n\n\n\n<h2 class=\"wp-block-heading\" id=\"fontes-de-inspiracao\"><strong>Fonti di ispirazione<\/strong><\/h2>\n\n\n\n<p>Questo articolo \u00e8 stato sviluppato sulla base dell'esperienza personale, della pratica clinica e delle ultime tendenze nel mondo della cura dei capelli. Le linee guida presentate intendono offrire una guida completa e aggiornata per prevenire la caduta dei capelli. <strong>perdita di capelli<\/strong> e stimolare la crescita dei capelli in modo efficace, sano e sostenibile.<\/p>\n\n\n\n<p>Investire nella salute dei capelli \u00e8 un passo importante verso un aspetto e un'autostima rinnovati. Informatevi, modificate la vostra routine se necessario e godetevi i benefici di capelli pi\u00f9 forti e curati.<\/p>\n\n\n\n<p><a href=\"https:\/\/www.youtube.com\/watch?v=k92J-5MQlZI\" target=\"_blank\" rel=\"noopener\">Suggerimento video<\/a><\/p>\n\n\n\n<hr class=\"wp-block-separator has-alpha-channel-opacity\"\/>\n\n\n\n<p><\/p>","protected":false},"excerpt":{"rendered":"<p>A queda de cabelo \u00e9 uma preocupa\u00e7\u00e3o comum que afeta milh\u00f5es de pessoas em todo o mundo. Seja por fatores gen\u00e9ticos, estresse, m\u00e1 alimenta\u00e7\u00e3o ou desequil\u00edbrios hormonais, a perda capilar pode impactar a autoestima e a qualidade de vida. Em nosso artigo, no Beleza Arte, abordamos estrat\u00e9gias eficazes e tratamentos modernos para evitar a queda [&hellip;]<\/p>","protected":false},"author":4,"featured_media":107,"comment_status":"open","ping_status":"open","sticky":false,"template":"","format":"standard","meta":{"footnotes":""},"categories":[6],"tags":[],"class_list":["post-106","post","type-post","status-publish","format-standard","has-post-thumbnail","hentry","category-cabelo"],"blocksy_meta":[],"_links":{"self":[{"href":"https:\/\/beleza.artereciclada.com.br\/it\/wp-json\/wp\/v2\/posts\/106","targetHints":{"allow":["GET"]}}],"collection":[{"href":"https:\/\/beleza.artereciclada.com.br\/it\/wp-json\/wp\/v2\/posts"}],"about":[{"href":"https:\/\/beleza.artereciclada.com.br\/it\/wp-json\/wp\/v2\/types\/post"}],"author":[{"embeddable":true,"href":"https:\/\/beleza.artereciclada.com.br\/it\/wp-json\/wp\/v2\/users\/4"}],"replies":[{"embeddable":true,"href":"https:\/\/beleza.artereciclada.com.br\/it\/wp-json\/wp\/v2\/comments?post=106"}],"version-history":[{"count":3,"href":"https:\/\/beleza.artereciclada.com.br\/it\/wp-json\/wp\/v2\/posts\/106\/revisions"}],"predecessor-version":[{"id":236,"href":"https:\/\/beleza.artereciclada.com.br\/it\/wp-json\/wp\/v2\/posts\/106\/revisions\/236"}],"wp:featuredmedia":[{"embeddable":true,"href":"https:\/\/beleza.artereciclada.com.br\/it\/wp-json\/wp\/v2\/media\/107"}],"wp:attachment":[{"href":"https:\/\/beleza.artereciclada.com.br\/it\/wp-json\/wp\/v2\/media?parent=106"}],"wp:term":[{"taxonomy":"category","embeddable":true,"href":"https:\/\/beleza.artereciclada.com.br\/it\/wp-json\/wp\/v2\/categories?post=106"},{"taxonomy":"post_tag","embeddable":true,"href":"https:\/\/beleza.artereciclada.com.br\/it\/wp-json\/wp\/v2\/tags?post=106"}],"curies":[{"name":"wp","href":"https:\/\/api.w.org\/{rel}","templated":true}]}}