{"id":102,"date":"2025-02-14T09:04:56","date_gmt":"2025-02-14T15:04:56","guid":{"rendered":"https:\/\/beleza.artereciclada.com.br\/?p=102"},"modified":"2025-02-14T17:15:11","modified_gmt":"2025-02-14T20:15:11","slug":"cortes-de-cabelo","status":"publish","type":"post","link":"https:\/\/beleza.artereciclada.com.br\/it\/cabelo\/cortes-de-cabelo\/","title":{"rendered":"Tagli di capelli: i tagli di capelli da uomo e da donna che saranno di tendenza quest'anno"},"content":{"rendered":"<p>Il mondo della bellezza e della moda \u00e8 in costante evoluzione, e la <strong>tagli di capelli<\/strong> non fanno eccezione. Quest'anno abbiamo assistito a un rinnovamento delle tendenze che abbracciano stili audaci e versatili che riflettono la personalit\u00e0 di uomini e donne. In questo articolo <strong>Arte della bellezza<\/strong>esploriamo le principali tendenze in <strong>tagli di capelli<\/strong> per uomo e donna, evidenziando le caratteristiche che li rendono unici, i consigli di manutenzione e i suggerimenti per chi vuole provare un nuovo look.<\/p>\n\n\n\n<figure class=\"wp-block-image size-large\"><img fetchpriority=\"high\" decoding=\"async\" width=\"1024\" height=\"585\" src=\"https:\/\/beleza.artereciclada.com.br\/wp-content\/uploads\/2025\/02\/DALL\u00b7E-2025-02-14-12.01.21-A-stylish-and-modern-composition-showcasing-trendy-mens-and-womens-haircuts-for-the-year.-The-image-features-two-well-groomed-individuals-a-man-and-1-1024x585.webp\" alt=\"Cortes de cabelo\" class=\"wp-image-103\" srcset=\"https:\/\/beleza.artereciclada.com.br\/wp-content\/uploads\/2025\/02\/DALL\u00b7E-2025-02-14-12.01.21-A-stylish-and-modern-composition-showcasing-trendy-mens-and-womens-haircuts-for-the-year.-The-image-features-two-well-groomed-individuals-a-man-and-1-1024x585.webp 1024w, https:\/\/beleza.artereciclada.com.br\/wp-content\/uploads\/2025\/02\/DALL\u00b7E-2025-02-14-12.01.21-A-stylish-and-modern-composition-showcasing-trendy-mens-and-womens-haircuts-for-the-year.-The-image-features-two-well-groomed-individuals-a-man-and-1-300x171.webp 300w, https:\/\/beleza.artereciclada.com.br\/wp-content\/uploads\/2025\/02\/DALL\u00b7E-2025-02-14-12.01.21-A-stylish-and-modern-composition-showcasing-trendy-mens-and-womens-haircuts-for-the-year.-The-image-features-two-well-groomed-individuals-a-man-and-1-768x439.webp 768w, https:\/\/beleza.artereciclada.com.br\/wp-content\/uploads\/2025\/02\/DALL\u00b7E-2025-02-14-12.01.21-A-stylish-and-modern-composition-showcasing-trendy-mens-and-womens-haircuts-for-the-year.-The-image-features-two-well-groomed-individuals-a-man-and-1-1536x878.webp 1536w, https:\/\/beleza.artereciclada.com.br\/wp-content\/uploads\/2025\/02\/DALL\u00b7E-2025-02-14-12.01.21-A-stylish-and-modern-composition-showcasing-trendy-mens-and-womens-haircuts-for-the-year.-The-image-features-two-well-groomed-individuals-a-man-and-1-18x10.webp 18w, https:\/\/beleza.artereciclada.com.br\/wp-content\/uploads\/2025\/02\/DALL\u00b7E-2025-02-14-12.01.21-A-stylish-and-modern-composition-showcasing-trendy-mens-and-womens-haircuts-for-the-year.-The-image-features-two-well-groomed-individuals-a-man-and-1.webp 1792w\" sizes=\"(max-width: 1024px) 100vw, 1024px\" \/><\/figure>\n\n\n\n<div class=\"wp-block-rank-math-toc-block\" id=\"rank-math-toc\"><h2>Indice<\/h2><nav><ul><li class=\"\"><a href=\"#tendencias-para-cortes-de-cabelo-masculinos\">Tendenze nei tagli di capelli da uomo<\/a><ul><li class=\"\"><a href=\"#1-o-corte-fade-com-textura-natural\">1. Il taglio sfumato con texture naturale<\/a><\/li><li class=\"\"><a href=\"#2-o-buzz-cut-modernizado\">2. Il taglio a spazzola modernizzato<\/a><\/li><li class=\"\"><a href=\"#3-o-corte-undercut-com-disconexao\">3. Il sottosquadro con disconnessione<\/a><\/li><li class=\"\"><a href=\"#4-o-corte-texturizado-com-franja\">4. Il taglio strutturato con frangia<\/a><\/li><\/ul><\/li><li class=\"\"><a href=\"#tendencias-para-cortes-de-cabelo-femininos\">Tendenze dei tagli di capelli femminili<\/a><ul><li class=\"\"><a href=\"#1-o-bob-repaginado\">1. Bob in una nuova veste<\/a><\/li><li class=\"\"><a href=\"#2-o-long-bob-lob-desestruturado\">2. Bob lungo non strutturato (Lob)<\/a><\/li><li class=\"\"><a href=\"#3-o-corte-pixie-com-feminilidade\">3. Il taglio Pixie con femminilit\u00e0<\/a><\/li><li class=\"\"><a href=\"#4-o-corte-em-camadas-com-volume-natural\">4. Il taglio a strati con volume naturale<\/a><\/li><\/ul><\/li><li class=\"\"><a href=\"#dicas-gerais-para-a-escolha-e-manutencao-dos-cortes-de-cabelo\">Consigli generali per la scelta e la manutenzione dei tagli di capelli<\/a><ul><li class=\"\"><a href=\"#1-consultoria-com-profissionais\">1. Consulenza con i professionisti<\/a><\/li><li class=\"\"><a href=\"#2-cuidados-diarios\">2. Cura quotidiana<\/a><\/li><li class=\"\"><a href=\"#3-adaptacao-as-tendencias\">3. Adattamento alle tendenze<\/a><\/li><\/ul><\/li><li class=\"\"><a href=\"#inspiracao-e-estilo-transformando-o-visual-com-cortes-de-cabelo\">Ispirazione e stile: trasformare il proprio look con i tagli di capelli<\/a><\/li><li class=\"\"><a href=\"#conclusao\">Conclusione<\/a><\/li><li class=\"\"><a href=\"#fontes-de-inspiracao\">Fonti di ispirazione<\/a><\/li><\/ul><\/nav><\/div>\n\n\n\n<hr class=\"wp-block-separator has-alpha-channel-opacity\"\/>\n\n\n\n<h2 class=\"wp-block-heading\" id=\"tendencias-para-cortes-de-cabelo-masculinos\"><strong>Tendenze nei tagli di capelli da uomo<\/strong><\/h2>\n\n\n\n<p>Il <strong>tagli di capelli<\/strong> Le tendenze uomo di quest'anno sono caratterizzate da un mix di modernit\u00e0 e riferimenti classici, adattati alle esigenze degli uomini contemporanei che cercano praticit\u00e0 e stile. Di seguito, vi segnaliamo alcune delle principali tendenze per l'uomo.<\/p>\n\n\n\n<h3 class=\"wp-block-heading\" id=\"1-o-corte-fade-com-textura-natural\"><strong>1. Il taglio sfumato con texture naturale<\/strong><\/h3>\n\n\n\n<p>Il taglio fade continua ad essere una delle maggiori tendenze per gli uomini. Aggiornato con texture naturali e linee morbide, questo stile enfatizza il contrasto tra i capelli pi\u00f9 corti ai lati e la parte superiore pi\u00f9 lunga e strutturata.<\/p>\n\n\n\n<ul class=\"wp-block-list\">\n<li><strong>Caratteristiche:<\/strong>\n<ul class=\"wp-block-list\">\n<li>Una sfumatura morbida che si intensifica verso la nuca.<\/li>\n\n\n\n<li>Texture naturale sulla parte superiore, che consente variazioni di styling come l'uso di pomate o cere.<\/li>\n\n\n\n<li>Abbastanza versatile da potersi adattare a diversi tipi di viso.<\/li>\n<\/ul>\n<\/li>\n\n\n\n<li><strong>Consigli per la manutenzione:<\/strong>\n<ul class=\"wp-block-list\">\n<li>Visitare regolarmente il barbiere per mantenere la pendenza aggiornata.<\/li>\n\n\n\n<li>Utilizzate prodotti che enfatizzino la texture naturale, senza appesantire i capelli o farli sembrare grassi.<\/li>\n<\/ul>\n<\/li>\n<\/ul>\n\n\n\n<h3 class=\"wp-block-heading\" id=\"2-o-buzz-cut-modernizado\"><strong>2. Il taglio a spazzola modernizzato<\/strong><\/h3>\n\n\n\n<p>Il classico taglio a spazzola ha subito un aggiornamento che lo rende ancora pi\u00f9 attraente per gli uomini che cercano un look minimalista e pratico, senza perdere la sua eleganza.<\/p>\n\n\n\n<ul class=\"wp-block-list\">\n<li><strong>Caratteristiche:<\/strong>\n<ul class=\"wp-block-list\">\n<li>Lunghezza uniforme su tutto il cuoio capelluto, ma con leggere variazioni per creare sfumature.<\/li>\n\n\n\n<li>Ideale per uomini dalla forma del viso simmetrica e dai lineamenti marcati.<\/li>\n\n\n\n<li>Bassa manutenzione, ideale per chi ha una routine frenetica.<\/li>\n<\/ul>\n<\/li>\n\n\n\n<li><strong>Consigli per la manutenzione:<\/strong>\n<ul class=\"wp-block-list\">\n<li>Mantenere il taglio ogni 3 o 4 settimane.<\/li>\n\n\n\n<li>Idratare il cuoio capelluto per evitare secchezza e irritazione.<\/li>\n<\/ul>\n<\/li>\n<\/ul>\n\n\n\n<h3 class=\"wp-block-heading\" id=\"3-o-corte-undercut-com-disconexao\"><strong>3. Il sottosquadro con disconnessione<\/strong><\/h3>\n\n\n\n<p>L'undercut con disconnessione \u00e8 ancora in voga e offre un contrasto sorprendente tra la parte superiore pi\u00f9 lunga e i lati rasati. Questo taglio \u00e8 perfetto per chi vuole osare senza abbandonare il classico.<\/p>\n\n\n\n<ul class=\"wp-block-list\">\n<li><strong>Caratteristiche:<\/strong>\n<ul class=\"wp-block-list\">\n<li>Forte contrasto tra le aree, con linee definite e un look contemporaneo.<\/li>\n\n\n\n<li>Permette diverse varianti di acconciatura sulla parte superiore, dal classico ciuffo a un look disordinato.<\/li>\n\n\n\n<li>Ideale per gli uomini che amano sperimentare stili e texture diverse.<\/li>\n<\/ul>\n<\/li>\n\n\n\n<li><strong>Consigli per la manutenzione:<\/strong>\n<ul class=\"wp-block-list\">\n<li>Una manutenzione regolare \u00e8 essenziale per preservare la definizione della disconnessione.<\/li>\n\n\n\n<li>Investite in prodotti per lo styling che aiutino a modellare e mantenere il volume desiderato sulla parte superiore.<\/li>\n<\/ul>\n<\/li>\n<\/ul>\n\n\n\n<h3 class=\"wp-block-heading\" id=\"4-o-corte-texturizado-com-franja\"><strong>4. Il taglio strutturato con frangia<\/strong><\/h3>\n\n\n\n<p>Per gli uomini che preferiscono un look pi\u00f9 rilassato e moderno, il taglio con frange \u00e8 un'opzione eccellente. Questo stile combina la praticit\u00e0 dei tagli corti con la raffinatezza di un look leggermente spogliato.<\/p>\n\n\n\n<ul class=\"wp-block-list\">\n<li><strong>Caratteristiche:<\/strong>\n<ul class=\"wp-block-list\">\n<li>Frangia leggermente sfilacciata che pu\u00f2 essere acconciata al naturale o in una pettinatura.<\/li>\n\n\n\n<li>La texture marcata sulla tomaia offre un look dinamico.<\/li>\n\n\n\n<li>Adatto a diverse forme del viso, esalta i tratti e ammorbidisce gli angoli acuti.<\/li>\n<\/ul>\n<\/li>\n\n\n\n<li><strong>Consigli per la manutenzione:<\/strong>\n<ul class=\"wp-block-list\">\n<li>Utilizzate prodotti che aggiungano consistenza senza seccare i capelli.<\/li>\n\n\n\n<li>Regolate la frangia in base alla forma del viso, cercando un equilibrio armonioso.<\/li>\n<\/ul>\n<\/li>\n<\/ul>\n\n\n\n<hr class=\"wp-block-separator has-alpha-channel-opacity\"\/>\n\n\n\n<h2 class=\"wp-block-heading\" id=\"tendencias-para-cortes-de-cabelo-femininos\"><strong>Tendenze dei tagli di capelli femminili<\/strong><\/h2>\n\n\n\n<p>Nell'universo femminile, il <strong>tagli di capelli<\/strong> quest'anno rivelano una ricerca di versatilit\u00e0, eleganza e libert\u00e0 di espressione. Le tendenze spaziano da stili classici con un tocco contemporaneo a tagli audaci che sottolineano l'individualit\u00e0.<\/p>\n\n\n\n<h3 class=\"wp-block-heading\" id=\"1-o-bob-repaginado\"><strong>1. Bob in una nuova veste<\/strong><\/h3>\n\n\n\n<figure class=\"wp-block-image size-large\"><img decoding=\"async\" width=\"1024\" height=\"585\" src=\"https:\/\/beleza.artereciclada.com.br\/wp-content\/uploads\/2025\/02\/DALL\u00b7E-2025-02-14-12.04.45-A-stylish-and-modern-composition-showcasing-the-revamped-bob-haircut-in-different-variations-from-medium-length-to-short.-The-image-features-a-fashio-1024x585.webp\" alt=\"\" class=\"wp-image-104\" srcset=\"https:\/\/beleza.artereciclada.com.br\/wp-content\/uploads\/2025\/02\/DALL\u00b7E-2025-02-14-12.04.45-A-stylish-and-modern-composition-showcasing-the-revamped-bob-haircut-in-different-variations-from-medium-length-to-short.-The-image-features-a-fashio-1024x585.webp 1024w, https:\/\/beleza.artereciclada.com.br\/wp-content\/uploads\/2025\/02\/DALL\u00b7E-2025-02-14-12.04.45-A-stylish-and-modern-composition-showcasing-the-revamped-bob-haircut-in-different-variations-from-medium-length-to-short.-The-image-features-a-fashio-300x171.webp 300w, https:\/\/beleza.artereciclada.com.br\/wp-content\/uploads\/2025\/02\/DALL\u00b7E-2025-02-14-12.04.45-A-stylish-and-modern-composition-showcasing-the-revamped-bob-haircut-in-different-variations-from-medium-length-to-short.-The-image-features-a-fashio-768x439.webp 768w, https:\/\/beleza.artereciclada.com.br\/wp-content\/uploads\/2025\/02\/DALL\u00b7E-2025-02-14-12.04.45-A-stylish-and-modern-composition-showcasing-the-revamped-bob-haircut-in-different-variations-from-medium-length-to-short.-The-image-features-a-fashio-1536x878.webp 1536w, https:\/\/beleza.artereciclada.com.br\/wp-content\/uploads\/2025\/02\/DALL\u00b7E-2025-02-14-12.04.45-A-stylish-and-modern-composition-showcasing-the-revamped-bob-haircut-in-different-variations-from-medium-length-to-short.-The-image-features-a-fashio-18x10.webp 18w, https:\/\/beleza.artereciclada.com.br\/wp-content\/uploads\/2025\/02\/DALL\u00b7E-2025-02-14-12.04.45-A-stylish-and-modern-composition-showcasing-the-revamped-bob-haircut-in-different-variations-from-medium-length-to-short.-The-image-features-a-fashio.webp 1792w\" sizes=\"(max-width: 1024px) 100vw, 1024px\" \/><\/figure>\n\n\n\n<p>Il taglio bob, gi\u00e0 un classico senza tempo, \u00e8 tornato in auge in versioni rinnovate che variano tra lunghezze medie e corte. Questo taglio \u00e8 ideale per le donne che cercano praticit\u00e0 senza rinunciare alla raffinatezza.<\/p>\n\n\n\n<ul class=\"wp-block-list\">\n<li><strong>Caratteristiche:<\/strong>\n<ul class=\"wp-block-list\">\n<li>Linea dritta o leggermente asimmetrica, con una vestibilit\u00e0 elegante.<\/li>\n\n\n\n<li>Pu\u00f2 essere acconciato con o senza frange, a seconda dei gusti personali.<\/li>\n\n\n\n<li>Versatile per le diverse texture di capelli, si adatta facilmente ai capelli lisci, mossi o ricci.<\/li>\n<\/ul>\n<\/li>\n\n\n\n<li><strong>Consigli per la manutenzione:<\/strong>\n<ul class=\"wp-block-list\">\n<li>Eseguire tagli regolari per mantenere la forma e la lunghezza desiderate.<\/li>\n\n\n\n<li>Utilizzate trattamenti di idratazione profonda per migliorare la lucentezza e la morbidezza dei capelli.<\/li>\n<\/ul>\n<\/li>\n<\/ul>\n\n\n\n<h3 class=\"wp-block-heading\" id=\"2-o-long-bob-lob-desestruturado\"><strong>2. Bob lungo non strutturato (Lob)<\/strong><\/h3>\n\n\n\n<p>Il long bob, o lob, \u00e8 un'evoluzione del classico bob, con una lunghezza che si estende fino alle spalle, offrendo un look pi\u00f9 morbido e versatile. Questo taglio \u00e8 ideale per le donne che cercano un equilibrio tra modernit\u00e0 ed eleganza.<\/p>\n\n\n\n<ul class=\"wp-block-list\">\n<li><strong>Caratteristiche:<\/strong>\n<ul class=\"wp-block-list\">\n<li>Lunghezza media che consente diverse varianti di styling.<\/li>\n\n\n\n<li>Un look non strutturato che enfatizza il movimento naturale dei capelli.<\/li>\n\n\n\n<li>Pu\u00f2 essere combinato con m\u00e8ches o balayage per aggiungere dimensione e profondit\u00e0.<\/li>\n<\/ul>\n<\/li>\n\n\n\n<li><strong>Consigli per la manutenzione:<\/strong>\n<ul class=\"wp-block-list\">\n<li>Investite in prodotti che preservino il colore e la salute dei vostri capelli.<\/li>\n\n\n\n<li>L'uso regolare di maschere nutrienti \u00e8 essenziale per mantenere i capelli idratati e brillanti.<\/li>\n<\/ul>\n<\/li>\n<\/ul>\n\n\n\n<h3 class=\"wp-block-heading\" id=\"3-o-corte-pixie-com-feminilidade\"><strong>3. Il taglio Pixie con femminilit\u00e0<\/strong><\/h3>\n\n\n\n<p>Il taglio pixie, simbolo di audacia e modernit\u00e0, \u00e8 tornato con adattamenti che sottolineano la femminilit\u00e0 e la raffinatezza. Ideale per le donne che desiderano un look pratico ed elegante, questo taglio enfatizza i tratti del viso e sottolinea la personalit\u00e0.<\/p>\n\n\n\n<ul class=\"wp-block-list\">\n<li><strong>Caratteristiche:<\/strong>\n<ul class=\"wp-block-list\">\n<li>Taglio corto con linee definite e texture moderna.<\/li>\n\n\n\n<li>Permette di creare stili versatili, da un look pi\u00f9 classico a uno pi\u00f9 spoglio.<\/li>\n\n\n\n<li>Esalta i lineamenti ed \u00e8 ideale per chi vuole enfatizzare il viso.<\/li>\n<\/ul>\n<\/li>\n\n\n\n<li><strong>Consigli per la manutenzione:<\/strong>\n<ul class=\"wp-block-list\">\n<li>Una manutenzione regolare \u00e8 importante per preservare la forma e la definizione del taglio.<\/li>\n\n\n\n<li>Provate diversi prodotti per lo styling per variare la finitura e la consistenza dei vostri capelli.<\/li>\n<\/ul>\n<\/li>\n<\/ul>\n\n\n\n<h3 class=\"wp-block-heading\" id=\"4-o-corte-em-camadas-com-volume-natural\"><strong>4. Il taglio a strati con volume naturale<\/strong><\/h3>\n\n\n\n<p>Per le donne con i capelli pi\u00f9 lunghi, il taglio a strati \u00e8 una tendenza che enfatizza il volume e il movimento naturale dei capelli. Questo stile consente di ottenere un aspetto pi\u00f9 leggero e dinamico, ideale per chi cerca un look sofisticato e senza fronzoli.<\/p>\n\n\n\n<ul class=\"wp-block-list\">\n<li><strong>Caratteristiche:<\/strong>\n<ul class=\"wp-block-list\">\n<li>Strati strategicamente distribuiti per creare movimento e dare leggerezza al look.<\/li>\n\n\n\n<li>Pu\u00f2 essere abbinato a frange o fianchi per un tocco di modernit\u00e0 in pi\u00f9.<\/li>\n\n\n\n<li>Funziona bene con diversi tipi di capelli, da quelli lisci a quelli ricci.<\/li>\n<\/ul>\n<\/li>\n\n\n\n<li><strong>Consigli per la manutenzione:<\/strong>\n<ul class=\"wp-block-list\">\n<li>Investite in tagli regolari per evitare le doppie punte e tenere sotto controllo il volume.<\/li>\n\n\n\n<li>Utilizzate prodotti che enfatizzino la definizione degli strati senza appesantire i capelli.<\/li>\n<\/ul>\n<\/li>\n<\/ul>\n\n\n\n<hr class=\"wp-block-separator has-alpha-channel-opacity\"\/>\n\n\n\n<h2 class=\"wp-block-heading\" id=\"dicas-gerais-para-a-escolha-e-manutencao-dos-cortes-de-cabelo\"><strong>Consigli generali per la scelta e la manutenzione dei tagli di capelli<\/strong><\/h2>\n\n\n\n<p>Indipendentemente dallo stile scelto, sono indispensabili alcune precauzioni per garantire che la <strong>tagli di capelli<\/strong> sempre aggiornate e valorizzate la bellezza dei vostri capelli.<\/p>\n\n\n\n<h3 class=\"wp-block-heading\" id=\"1-consultoria-com-profissionais\"><strong>1. Consulenza con i professionisti<\/strong><\/h3>\n\n\n\n<ul class=\"wp-block-list\">\n<li><strong>Valutazione personalizzata:<\/strong> Prima di scegliere un nuovo taglio, \u00e8 importante consultare un parrucchiere per valutare la forma del viso, la struttura dei capelli e lo stile di vita. Questa valutazione aiuta a definire il taglio pi\u00f9 adatto alle vostre caratteristiche.<\/li>\n\n\n\n<li><strong>Tendenze e adattamenti:<\/strong> Professionisti aggiornati possono offrire suggerimenti che combinano le tendenze attuali con le particolarit\u00e0 di ogni persona, garantendo un risultato armonioso.<\/li>\n<\/ul>\n\n\n\n<h3 class=\"wp-block-heading\" id=\"2-cuidados-diarios\"><strong>2. Cura quotidiana<\/strong><\/h3>\n\n\n\n<ul class=\"wp-block-list\">\n<li><strong>Idratante e nutriente:<\/strong> Mantenere una routine di cura che includa shampoo, balsamo e maschere idratanti per preservare la salute dei capelli.<\/li>\n\n\n\n<li><strong>Protezione termica:<\/strong> L'uso di strumenti termici come asciugacapelli e piastre deve essere accompagnato da prodotti che proteggano i capelli dai danni termici.<\/li>\n\n\n\n<li><strong>Taglio regolare:<\/strong> Mantenere un taglio aggiornato non solo migliora la bellezza dei capelli, ma previene anche le doppie punte e mantiene un look moderno.<\/li>\n<\/ul>\n\n\n\n<h3 class=\"wp-block-heading\" id=\"3-adaptacao-as-tendencias\"><strong>3. Adattamento alle tendenze<\/strong><\/h3>\n\n\n\n<ul class=\"wp-block-list\">\n<li><strong>Sperimentare con i colori:<\/strong> Oltre al taglio, le tecniche di colorazione e di evidenziazione, come il balayage, possono trasformare il look e stare al passo con le ultime tendenze. <strong>tagli di capelli<\/strong> quest'anno.<\/li>\n\n\n\n<li><strong>Stile personale:<\/strong> \u00c8 essenziale che il taglio scelto rifletta la vostra personalit\u00e0 e il vostro stile di vita. La conoscenza di s\u00e9 \u00e8 la chiave per trovare il look pi\u00f9 adatto alla propria essenza.<\/li>\n<\/ul>\n\n\n\n<hr class=\"wp-block-separator has-alpha-channel-opacity\"\/>\n\n\n\n<h2 class=\"wp-block-heading\" id=\"inspiracao-e-estilo-transformando-o-visual-com-cortes-de-cabelo\"><strong>Ispirazione e stile: trasformare il proprio look con i tagli di capelli<\/strong><\/h2>\n\n\n\n<p>Il <strong>tagli di capelli<\/strong> sono intrinsecamente legati all'identit\u00e0 e al modo in cui ci presentiamo al mondo. L'adozione di un nuovo taglio pu\u00f2 trasformare non solo il vostro aspetto, ma anche la vostra sicurezza e la vostra percezione personale.<\/p>\n\n\n\n<ul class=\"wp-block-list\">\n<li><strong>Per gli uomini:<\/strong> Gli stili moderni come il fade, l'undercut e il buzz cut modernizzato offrono un look pulito e contemporaneo, consentendo una transizione fluida tra il tradizionale e l'innovativo.<\/li>\n\n\n\n<li><strong>Per le donne:<\/strong> Tagli come il rinnovato bob, il lob, il pixie e il taglio a strati enfatizzano la versatilit\u00e0 e la femminilit\u00e0, combinando praticit\u00e0 e raffinatezza.<\/li>\n<\/ul>\n\n\n\n<p>Quando scegliete un nuovo taglio, considerate la manutenzione, la praticit\u00e0 e la compatibilit\u00e0 con la vostra routine quotidiana. Con la giusta cura <strong>tagli di capelli<\/strong> pu\u00f2 diventare lo strumento principale per trasformare il vostro look, esaltando la vostra bellezza naturale e regalandovi un aspetto sempre attuale ed elegante.<\/p>\n\n\n\n<hr class=\"wp-block-separator has-alpha-channel-opacity\"\/>\n\n\n\n<h2 class=\"wp-block-heading\" id=\"conclusao\"><strong>Conclusione<\/strong><\/h2>\n\n\n\n<p>Le tendenze di quest'anno mostrano che <strong>tagli di capelli<\/strong> - sia maschili che femminili, stanno diventando sempre pi\u00f9 versatili e personalizzati. Che si tratti di una sfumatura texturizzata, di un audace undercut o di un bob rinnovato, le opzioni sono vaste e consentono a ciascuno di trovare uno stile adatto alla propria personalit\u00e0 e alle proprie esigenze.<\/p>\n\n\n\n<p>Noi di <strong>Arte della bellezza<\/strong>Crediamo che la scelta del taglio di capelli debba basarsi sull'individualit\u00e0 e sulla guida di professionisti qualificati. Investire in un cambio di look pu\u00f2 essere il primo passo per rinnovare la propria autostima e sentirsi ancora pi\u00f9 sicuri di s\u00e9.<\/p>\n\n\n\n<p>Per ulteriori consigli su styling, cura e tendenze dei tagli di capelli, visitate il nostro sito web <a href=\"https:\/\/beleza.artereciclada.com.br\/it\/\">Arte della bellezza<\/a> e seguite i nostri social network. Se desiderate una consulenza personalizzata, contattateci a <strong><a href=\"mailto:contato@artereciclada.com.br\">contato@artereciclada.com.br<\/a><\/strong>.<\/p>\n\n\n\n<hr class=\"wp-block-separator has-alpha-channel-opacity\"\/>\n\n\n\n<h2 class=\"wp-block-heading\" id=\"fontes-de-inspiracao\"><strong>Fonti di ispirazione<\/strong><\/h2>\n\n\n\n<p>Questo articolo \u00e8 stato sviluppato sulla base di studi sulle tendenze della moda e della bellezza. Le linee guida qui presentate riflettono le ultime novit\u00e0 e le pratiche pi\u00f9 recenti in modo che <strong>tagli di capelli<\/strong> diventare uno strumento di espressione personale e di trasformazione estetica.<\/p>\n\n\n\n<p>Tenersi aggiornati e adattare le tendenze al proprio stile personale \u00e8 essenziale per sfruttare al meglio le possibilit\u00e0 dei tagli di capelli. Rimanete informati, provate le nuove tendenze e celebrate la vostra individualit\u00e0 attraverso il vostro look.<\/p>\n\n\n\n<p><a href=\"https:\/\/www.youtube.com\/watch?v=9jg2GRASnX4\" target=\"_blank\" rel=\"noopener\">Suggerimento video<\/a><\/p>\n\n\n\n<hr class=\"wp-block-separator has-alpha-channel-opacity\"\/>\n\n\n\n<p><\/p>","protected":false},"excerpt":{"rendered":"<p>O universo da beleza e da moda est\u00e1 sempre em constante transforma\u00e7\u00e3o, e os cortes de cabelo n\u00e3o s\u00e3o exce\u00e7\u00e3o. Este ano, observamos uma renova\u00e7\u00e3o nas tend\u00eancias que abra\u00e7am estilos ousados, vers\u00e1teis e que refletem personalidade tanto no p\u00fablico masculino quanto feminino. Neste artigo, no Beleza Arte, n\u00f3s exploramos as principais tend\u00eancias de cortes de [&hellip;]<\/p>","protected":false},"author":4,"featured_media":103,"comment_status":"open","ping_status":"open","sticky":false,"template":"","format":"standard","meta":{"footnotes":""},"categories":[6],"tags":[],"class_list":["post-102","post","type-post","status-publish","format-standard","has-post-thumbnail","hentry","category-cabelo"],"blocksy_meta":[],"_links":{"self":[{"href":"https:\/\/beleza.artereciclada.com.br\/it\/wp-json\/wp\/v2\/posts\/102","targetHints":{"allow":["GET"]}}],"collection":[{"href":"https:\/\/beleza.artereciclada.com.br\/it\/wp-json\/wp\/v2\/posts"}],"about":[{"href":"https:\/\/beleza.artereciclada.com.br\/it\/wp-json\/wp\/v2\/types\/post"}],"author":[{"embeddable":true,"href":"https:\/\/beleza.artereciclada.com.br\/it\/wp-json\/wp\/v2\/users\/4"}],"replies":[{"embeddable":true,"href":"https:\/\/beleza.artereciclada.com.br\/it\/wp-json\/wp\/v2\/comments?post=102"}],"version-history":[{"count":3,"href":"https:\/\/beleza.artereciclada.com.br\/it\/wp-json\/wp\/v2\/posts\/102\/revisions"}],"predecessor-version":[{"id":235,"href":"https:\/\/beleza.artereciclada.com.br\/it\/wp-json\/wp\/v2\/posts\/102\/revisions\/235"}],"wp:featuredmedia":[{"embeddable":true,"href":"https:\/\/beleza.artereciclada.com.br\/it\/wp-json\/wp\/v2\/media\/103"}],"wp:attachment":[{"href":"https:\/\/beleza.artereciclada.com.br\/it\/wp-json\/wp\/v2\/media?parent=102"}],"wp:term":[{"taxonomy":"category","embeddable":true,"href":"https:\/\/beleza.artereciclada.com.br\/it\/wp-json\/wp\/v2\/categories?post=102"},{"taxonomy":"post_tag","embeddable":true,"href":"https:\/\/beleza.artereciclada.com.br\/it\/wp-json\/wp\/v2\/tags?post=102"}],"curies":[{"name":"wp","href":"https:\/\/api.w.org\/{rel}","templated":true}]}}