{"id":94,"date":"2025-02-14T08:50:59","date_gmt":"2025-02-14T14:50:59","guid":{"rendered":"https:\/\/beleza.artereciclada.com.br\/?p=94"},"modified":"2025-02-14T17:15:58","modified_gmt":"2025-02-14T20:15:58","slug":"reducao-de-olheiras","status":"publish","type":"post","link":"https:\/\/beleza.artereciclada.com.br\/fr\/pele\/reducao-de-olheiras\/","title":{"rendered":"R\u00e9duction des cernes : comment r\u00e9duire les cernes et les poches sous les yeux"},"content":{"rendered":"<p>A <strong>r\u00e9duction des cernes<\/strong> C'est un sujet qui suscite beaucoup d'int\u00e9r\u00eat dans le domaine des soins de la peau, car les cernes et les poches sous les yeux peuvent avoir un impact significatif sur l'apparence et l'estime de soi. Dans notre article, sur le site <strong>Beaut\u00e9 Art<\/strong>, nous abordons des strat\u00e9gies efficaces, des traitements et des conseils pratiques pour r\u00e9duire les cernes et att\u00e9nuer les poches sous les yeux, tout en pr\u00e9servant la sant\u00e9 et la vitalit\u00e9 de la peau.<\/p>\n\n\n\n<figure class=\"wp-block-image size-large\"><img fetchpriority=\"high\" decoding=\"async\" width=\"1024\" height=\"585\" src=\"https:\/\/beleza.artereciclada.com.br\/wp-content\/uploads\/2025\/02\/DALL\u00b7E-2025-02-14-11.43.02-A-modern-and-clean-composition-featuring-a-close-up-of-a-person-gently-applying-an-eye-cream-or-cooling-gel-under-their-eyes.-The-scene-has-a-soft-and-1-1024x585.webp\" alt=\"Redu\u00e7\u00e3o de olheiras\" class=\"wp-image-95\" srcset=\"https:\/\/beleza.artereciclada.com.br\/wp-content\/uploads\/2025\/02\/DALL\u00b7E-2025-02-14-11.43.02-A-modern-and-clean-composition-featuring-a-close-up-of-a-person-gently-applying-an-eye-cream-or-cooling-gel-under-their-eyes.-The-scene-has-a-soft-and-1-1024x585.webp 1024w, https:\/\/beleza.artereciclada.com.br\/wp-content\/uploads\/2025\/02\/DALL\u00b7E-2025-02-14-11.43.02-A-modern-and-clean-composition-featuring-a-close-up-of-a-person-gently-applying-an-eye-cream-or-cooling-gel-under-their-eyes.-The-scene-has-a-soft-and-1-300x171.webp 300w, https:\/\/beleza.artereciclada.com.br\/wp-content\/uploads\/2025\/02\/DALL\u00b7E-2025-02-14-11.43.02-A-modern-and-clean-composition-featuring-a-close-up-of-a-person-gently-applying-an-eye-cream-or-cooling-gel-under-their-eyes.-The-scene-has-a-soft-and-1-768x439.webp 768w, https:\/\/beleza.artereciclada.com.br\/wp-content\/uploads\/2025\/02\/DALL\u00b7E-2025-02-14-11.43.02-A-modern-and-clean-composition-featuring-a-close-up-of-a-person-gently-applying-an-eye-cream-or-cooling-gel-under-their-eyes.-The-scene-has-a-soft-and-1-1536x878.webp 1536w, https:\/\/beleza.artereciclada.com.br\/wp-content\/uploads\/2025\/02\/DALL\u00b7E-2025-02-14-11.43.02-A-modern-and-clean-composition-featuring-a-close-up-of-a-person-gently-applying-an-eye-cream-or-cooling-gel-under-their-eyes.-The-scene-has-a-soft-and-1-18x10.webp 18w, https:\/\/beleza.artereciclada.com.br\/wp-content\/uploads\/2025\/02\/DALL\u00b7E-2025-02-14-11.43.02-A-modern-and-clean-composition-featuring-a-close-up-of-a-person-gently-applying-an-eye-cream-or-cooling-gel-under-their-eyes.-The-scene-has-a-soft-and-1.webp 1792w\" sizes=\"(max-width: 1024px) 100vw, 1024px\" \/><\/figure>\n\n\n\n<div class=\"wp-block-rank-math-toc-block\" id=\"rank-math-toc\"><h2>Index<\/h2><nav><ul><li class=\"\"><a href=\"#entendendo-as-olheiras-e-bolsas-abaixo-dos-olhos\">Comprendre les cernes et les poches sous les yeux<\/a><ul><li class=\"\"><a href=\"#causas-comuns-das-olheiras\">Causes courantes des cernes sous les yeux<\/a><\/li><li class=\"\"><a href=\"#causas-das-bolsas-abaixo-dos-olhos\">Causes des poches sous les yeux<\/a><\/li><\/ul><\/li><li class=\"\"><a href=\"#estrategias-para-a-reducao-de-olheiras-e-bolsas\">Strat\u00e9gies pour r\u00e9duire les cernes et les poches sous les yeux<\/a><ul><li class=\"\"><a href=\"#1-cuidados-diarios-e-rotina-de-skincare\">1. Soins quotidiens et routine de soins de la peau<\/a><ul><li class=\"\"><a href=\"#limpeza-delicada\">Nettoyage d\u00e9licat<\/a><\/li><li class=\"\"><a href=\"#hidratacao-especifica\">Hydratation sp\u00e9cifique<\/a><\/li><li class=\"\"><a href=\"#protecao-solar\">Protection solaire<\/a><\/li><\/ul><\/li><li class=\"\"><a href=\"#2-tratamentos-especificos-para-a-reducao-de-olheiras\">2. Traitements sp\u00e9cifiques pour r\u00e9duire les cernes<\/a><ul><li class=\"\"><a href=\"#compressas-frias\">Compresses froides<\/a><\/li><li class=\"\"><a href=\"#massagens-e-tecnicas-de-drenagem\">Massages et techniques de drainage<\/a><\/li><li class=\"\"><a href=\"#produtos-com-ativos-especificos\">Produits contenant des actifs sp\u00e9cifiques<\/a><\/li><\/ul><\/li><li class=\"\"><a href=\"#3-procedimentos-esteticos\">3. Proc\u00e9dures esth\u00e9tiques<\/a><ul><li class=\"\"><a href=\"#peelings-leves\">Peelings l\u00e9gers<\/a><\/li><li class=\"\"><a href=\"#preenchimentos-e-tratamentos-a-laser\">Remplissages et traitements au laser<\/a><\/li><\/ul><\/li><\/ul><\/li><li class=\"\"><a href=\"#ajustes-no-estilo-de-vida-para-a-reducao-de-olheiras\">Changements de mode de vie pour r\u00e9duire les cernes sous les yeux<\/a><ul><li class=\"\"><a href=\"#1-alimentacao-e-hidratacao\">1. Alimentation et hydratation<\/a><\/li><li class=\"\"><a href=\"#2-sono-de-qualidade\">2. Sommeil de qualit\u00e9<\/a><\/li><li class=\"\"><a href=\"#3-controle-do-estresse\">3. Gestion du stress<\/a><\/li><\/ul><\/li><li class=\"\"><a href=\"#dicas-adicionais-para-potencializar-a-reducao-de-olheiras\">Conseils suppl\u00e9mentaires pour r\u00e9duire les cernes sous les yeux<\/a><\/li><li class=\"\"><a href=\"#exemplo-de-rotina-para-reducao-de-olheiras\">Exemple de routine pour r\u00e9duire les cernes sous les yeux<\/a><ul><li class=\"\"><a href=\"#manha\">Matin<\/a><\/li><li class=\"\"><a href=\"#noite\">Nuit<\/a><\/li><\/ul><\/li><li class=\"\"><a href=\"#consideracoes-finais\">Consid\u00e9rations finales<\/a><\/li><li class=\"\"><a href=\"#fontes-de-inspiracao\">Sources d'inspiration<\/a><\/li><\/ul><\/nav><\/div>\n\n\n\n<h2 class=\"wp-block-heading\" id=\"entendendo-as-olheiras-e-bolsas-abaixo-dos-olhos\"><strong>Comprendre les cernes et les poches sous les yeux<\/strong><\/h2>\n\n\n\n<p>Les cernes et les poches sous les yeux peuvent avoir plusieurs causes, allant de facteurs g\u00e9n\u00e9tiques \u00e0 des habitudes de vie inappropri\u00e9es. Il est essentiel de comprendre ces causes pour d\u00e9finir un traitement efficace.<\/p>\n\n\n\n<h3 class=\"wp-block-heading\" id=\"causas-comuns-das-olheiras\"><strong>Causes courantes des cernes sous les yeux<\/strong><\/h3>\n\n\n\n<ul class=\"wp-block-list\">\n<li><strong>H\u00e9r\u00e9dit\u00e9 :<\/strong> La pr\u00e9disposition g\u00e9n\u00e9tique peut d\u00e9terminer la pr\u00e9sence de cernes, en particulier chez les personnes ayant une peau plus fine au niveau du contour des yeux.<\/li>\n\n\n\n<li><strong>Fatigue et manque de sommeil :<\/strong> Le manque de sommeil augmente la circulation sanguine dans cette zone, accentuant ainsi l'apparition des cernes.<\/li>\n\n\n\n<li><strong>D\u00e9shydratation :<\/strong> Le manque d'hydratation ad\u00e9quate peut rendre la peau plus terne et favoriser l'accumulation de pigments.<\/li>\n\n\n\n<li><strong>Vieillissement :<\/strong> Avec l'\u00e2ge, la peau perd de son \u00e9lasticit\u00e9 et s'amincit, ce qui rend les vaisseaux sanguins sous-jacents plus visibles.<\/li>\n<\/ul>\n\n\n\n<h3 class=\"wp-block-heading\" id=\"causas-das-bolsas-abaixo-dos-olhos\"><strong>Causes des poches sous les yeux<\/strong><\/h3>\n\n\n\n<ul class=\"wp-block-list\">\n<li><strong>R\u00e9tention d'eau :<\/strong> Une mauvaise alimentation, un exc\u00e8s de sel et la d\u00e9shydratation peuvent contribuer \u00e0 la r\u00e9tention d'eau dans la r\u00e9gion des yeux, formant ainsi des poches.<\/li>\n\n\n\n<li><strong>Fatigue et stress :<\/strong> La fatigue et le stress affectent la circulation, provoquant des gonflements et une accumulation de liquide.<\/li>\n\n\n\n<li><strong>Allergies :<\/strong> Les r\u00e9actions allergiques et les irritations peuvent entra\u00eener un gonflement de la zone p\u00e9riorbitaire.<\/li>\n\n\n\n<li><strong>Facteurs g\u00e9n\u00e9tiques :<\/strong> Tout comme les cernes, la tendance \u00e0 d\u00e9velopper des poches sous les yeux peut \u00eatre h\u00e9r\u00e9ditaire.<\/li>\n<\/ul>\n\n\n\n<hr class=\"wp-block-separator has-alpha-channel-opacity\"\/>\n\n\n\n<h2 class=\"wp-block-heading\" id=\"estrategias-para-a-reducao-de-olheiras-e-bolsas\"><strong>Strat\u00e9gies pour r\u00e9duire les cernes et les poches sous les yeux<\/strong><\/h2>\n\n\n\n<p>Pour atteindre une efficacit\u00e9 <strong>r\u00e9duction des cernes<\/strong>, il est important d'adopter une approche multiforme qui inclut des soins quotidiens, des traitements sp\u00e9cifiques et des ajustements du mode de vie.<\/p>\n\n\n\n<h3 class=\"wp-block-heading\" id=\"1-cuidados-diarios-e-rotina-de-skincare\"><strong>1. Soins quotidiens et routine de soins de la peau<\/strong><\/h3>\n\n\n\n<p>Mettre en place une routine de soins sp\u00e9cifique pour le contour des yeux peut faire toute la diff\u00e9rence. Voici quelques \u00e9tapes essentielles :<\/p>\n\n\n\n<h4 class=\"wp-block-heading\" id=\"limpeza-delicada\"><strong>Nettoyage d\u00e9licat<\/strong><\/h4>\n\n\n\n<ul class=\"wp-block-list\">\n<li><strong>Produit adapt\u00e9 :<\/strong> Utilisez un savon ou un gel nettoyant sp\u00e9cifique pour la zone sensible du contour des yeux. Le nettoyage doit \u00eatre effectu\u00e9 avec des mouvements doux afin d'\u00e9viter toute irritation.<\/li>\n\n\n\n<li><strong>Fr\u00e9quence :<\/strong> Nettoyez votre peau deux fois par jour, matin et soir, afin d'\u00e9liminer les impuret\u00e9s et de pr\u00e9parer votre peau aux \u00e9tapes suivantes.<\/li>\n<\/ul>\n\n\n\n<h4 class=\"wp-block-heading\" id=\"hidratacao-especifica\"><strong>Hydratation sp\u00e9cifique<\/strong><\/h4>\n\n\n\n<ul class=\"wp-block-list\">\n<li><strong>Hydratants pour le contour des yeux :<\/strong> Optez pour des cr\u00e8mes et des gels sp\u00e9cialement formul\u00e9s pour le contour des yeux. Des ingr\u00e9dients tels que l'acide hyaluronique, les peptides et la niacinamide sont excellents pour hydrater sans alourdir.<\/li>\n\n\n\n<li><strong>Application minutieuse :<\/strong> Appliquez le produit du bout des doigts en tapotant l\u00e9g\u00e8rement pour favoriser l'absorption sans agresser la peau.<\/li>\n<\/ul>\n\n\n\n<h4 class=\"wp-block-heading\" id=\"protecao-solar\"><strong>Protection solaire<\/strong><\/h4>\n\n\n\n<ul class=\"wp-block-list\">\n<li><strong>\u00c9cran solaire :<\/strong> La r\u00e9gion des yeux est particuli\u00e8rement sensible aux rayons UV. Utilisez un \u00e9cran solaire sp\u00e9cifique pour cette zone ou une cr\u00e8me hydratante avec SPF, afin d'assurer une protection continue.<\/li>\n<\/ul>\n\n\n\n<h3 class=\"wp-block-heading\" id=\"2-tratamentos-especificos-para-a-reducao-de-olheiras\"><strong>2. Traitements sp\u00e9cifiques pour r\u00e9duire les cernes<\/strong><\/h3>\n\n\n\n<p>En plus de la routine quotidienne, des traitements cibl\u00e9s peuvent renforcer la <strong>r\u00e9duction des cernes<\/strong> et minimiser les poches sous les yeux.<\/p>\n\n\n\n<h4 class=\"wp-block-heading\" id=\"compressas-frias\"><strong>Compresses froides<\/strong><\/h4>\n\n\n\n<ul class=\"wp-block-list\">\n<li><strong>Effet r\u00e9ducteur de gonflement :<\/strong> L'application de compresses froides ou de rouleaux de jade sur le contour des yeux peut stimuler la circulation et r\u00e9duire les poches.<\/li>\n\n\n\n<li><strong>Fr\u00e9quence :<\/strong> Utilisez quotidiennement, surtout au r\u00e9veil, pour r\u00e9duire la r\u00e9tention d'eau.<\/li>\n<\/ul>\n\n\n\n<h4 class=\"wp-block-heading\" id=\"massagens-e-tecnicas-de-drenagem\"><strong>Massages et techniques de drainage<\/strong><\/h4>\n\n\n\n<ul class=\"wp-block-list\">\n<li><strong>Massage doux :<\/strong> Le massage par mouvements circulaires doux autour des yeux stimule la circulation lymphatique et aide \u00e0 \u00e9liminer les toxines.<\/li>\n\n\n\n<li><strong>Utilisation du rouleau de jade ou du gua sha :<\/strong> Ces instruments favorisent le drainage lymphatique et procurent un effet relaxant, r\u00e9duisant ainsi les poches sous les yeux et am\u00e9liorant leur apparence.<\/li>\n<\/ul>\n\n\n\n<h4 class=\"wp-block-heading\" id=\"produtos-com-ativos-especificos\"><strong>Produits contenant des actifs sp\u00e9cifiques<\/strong><\/h4>\n\n\n\n<ul class=\"wp-block-list\">\n<li><strong>Peptides et r\u00e9tinol :<\/strong> Les produits contenant des peptides et du r\u00e9tinol peuvent am\u00e9liorer la fermet\u00e9 et stimuler le renouvellement cellulaire, contribuant ainsi \u00e0 la <strong>r\u00e9duction des cernes<\/strong>.<\/li>\n\n\n\n<li><strong>Vitamine C :<\/strong> Cet antioxydant est efficace pour \u00e9claircir la peau, r\u00e9duire la pigmentation et uniformiser le teint du contour des yeux.<\/li>\n<\/ul>\n\n\n\n<h3 class=\"wp-block-heading\" id=\"3-procedimentos-esteticos\"><strong>3. Proc\u00e9dures esth\u00e9tiques<\/strong><\/h3>\n\n\n\n<p>Pour les cas plus persistants, des interventions esth\u00e9tiques r\u00e9alis\u00e9es par des dermatologues peuvent \u00eatre indiqu\u00e9es :<\/p>\n\n\n\n<h4 class=\"wp-block-heading\" id=\"peelings-leves\"><strong>Peelings l\u00e9gers<\/strong><\/h4>\n\n\n\n<ul class=\"wp-block-list\">\n<li><strong>Peeling chimique doux :<\/strong> Les peelings \u00e0 base d'acides doux, tels que l'acide glycolique, favorisent le renouvellement cellulaire et att\u00e9nuent les taches brunes.<\/li>\n\n\n\n<li><strong>P\u00e9riodicit\u00e9 :<\/strong> R\u00e9alis\u00e9s sous supervision m\u00e9dicale, ils peuvent \u00eatre effectu\u00e9s \u00e0 intervalles r\u00e9guliers pour des r\u00e9sultats durables.<\/li>\n<\/ul>\n\n\n\n<h4 class=\"wp-block-heading\" id=\"preenchimentos-e-tratamentos-a-laser\"><strong>Remplissages et traitements au laser<\/strong><\/h4>\n\n\n\n<ul class=\"wp-block-list\">\n<li><strong>Remplissages :<\/strong> En cas de perte de volume et d'amincissement de la peau, les produits de comblement \u00e0 base d'acide hyaluronique peuvent att\u00e9nuer les cernes.<\/li>\n\n\n\n<li><strong>Traitements au laser :<\/strong> Les technologies laser aident \u00e0 stimuler le collag\u00e8ne et \u00e0 r\u00e9duire la pigmentation, favorisant ainsi une am\u00e9lioration visible au niveau du contour des yeux.<\/li>\n<\/ul>\n\n\n\n<hr class=\"wp-block-separator has-alpha-channel-opacity\"\/>\n\n\n\n<h2 class=\"wp-block-heading\" id=\"ajustes-no-estilo-de-vida-para-a-reducao-de-olheiras\"><strong>Changements de mode de vie pour r\u00e9duire les cernes sous les yeux<\/strong><\/h2>\n\n\n\n<p>Outre les soins topiques, des changements dans le mode de vie peuvent contribuer de mani\u00e8re significative \u00e0 la <strong>r\u00e9duction des cernes<\/strong>.<\/p>\n\n\n\n<h3 class=\"wp-block-heading\" id=\"1-alimentacao-e-hidratacao\"><strong>1. Alimentation et hydratation<\/strong><\/h3>\n\n\n\n<ul class=\"wp-block-list\">\n<li><strong>R\u00e9gime alimentaire \u00e9quilibr\u00e9 :<\/strong> Misez sur une alimentation riche en fruits, l\u00e9gumes, prot\u00e9ines maigres et graisses saines. Les aliments riches en antioxydants aident \u00e0 lutter contre l'inflammation et \u00e0 am\u00e9liorer la circulation sanguine.<\/li>\n\n\n\n<li><strong>R\u00e9duction du sel :<\/strong> R\u00e9duire la consommation de sel diminue la r\u00e9tention d'eau et, par cons\u00e9quent, le gonflement au niveau des yeux.<\/li>\n\n\n\n<li><strong>Hydratation ad\u00e9quate :<\/strong> Boire au moins 2 litres d'eau par jour aide \u00e0 maintenir la peau hydrat\u00e9e et am\u00e9liore l'\u00e9limination des toxines.<\/li>\n<\/ul>\n\n\n\n<h3 class=\"wp-block-heading\" id=\"2-sono-de-qualidade\"><strong>2. Sommeil de qualit\u00e9<\/strong><\/h3>\n\n\n\n<ul class=\"wp-block-list\">\n<li><strong>Routine de sommeil r\u00e9guli\u00e8re :<\/strong> Dormir 7 \u00e0 8 heures par nuit est essentiel pour la r\u00e9g\u00e9n\u00e9ration cellulaire. Le manque de sommeil peut accentuer les cernes et les poches sous les yeux.<\/li>\n\n\n\n<li><strong>Position pour dormir :<\/strong> Dormir sur le dos avec un oreiller l\u00e9g\u00e8rement sur\u00e9lev\u00e9 peut \u00e9viter l'accumulation de liquide dans la r\u00e9gion des yeux.<\/li>\n<\/ul>\n\n\n\n<figure class=\"wp-block-image size-large\"><img decoding=\"async\" width=\"1024\" height=\"585\" src=\"https:\/\/beleza.artereciclada.com.br\/wp-content\/uploads\/2025\/02\/DALL\u00b7E-2025-02-14-11.49.48-A-peaceful-and-cozy-bedroom-scene-featuring-a-person-sleeping-comfortably-on-a-soft-pillow-with-warm-lighting-and-a-relaxing-atmosphere.-The-environm-1-1024x585.webp\" alt=\"\" class=\"wp-image-96\" srcset=\"https:\/\/beleza.artereciclada.com.br\/wp-content\/uploads\/2025\/02\/DALL\u00b7E-2025-02-14-11.49.48-A-peaceful-and-cozy-bedroom-scene-featuring-a-person-sleeping-comfortably-on-a-soft-pillow-with-warm-lighting-and-a-relaxing-atmosphere.-The-environm-1-1024x585.webp 1024w, https:\/\/beleza.artereciclada.com.br\/wp-content\/uploads\/2025\/02\/DALL\u00b7E-2025-02-14-11.49.48-A-peaceful-and-cozy-bedroom-scene-featuring-a-person-sleeping-comfortably-on-a-soft-pillow-with-warm-lighting-and-a-relaxing-atmosphere.-The-environm-1-300x171.webp 300w, https:\/\/beleza.artereciclada.com.br\/wp-content\/uploads\/2025\/02\/DALL\u00b7E-2025-02-14-11.49.48-A-peaceful-and-cozy-bedroom-scene-featuring-a-person-sleeping-comfortably-on-a-soft-pillow-with-warm-lighting-and-a-relaxing-atmosphere.-The-environm-1-768x439.webp 768w, https:\/\/beleza.artereciclada.com.br\/wp-content\/uploads\/2025\/02\/DALL\u00b7E-2025-02-14-11.49.48-A-peaceful-and-cozy-bedroom-scene-featuring-a-person-sleeping-comfortably-on-a-soft-pillow-with-warm-lighting-and-a-relaxing-atmosphere.-The-environm-1-1536x878.webp 1536w, https:\/\/beleza.artereciclada.com.br\/wp-content\/uploads\/2025\/02\/DALL\u00b7E-2025-02-14-11.49.48-A-peaceful-and-cozy-bedroom-scene-featuring-a-person-sleeping-comfortably-on-a-soft-pillow-with-warm-lighting-and-a-relaxing-atmosphere.-The-environm-1-18x10.webp 18w, https:\/\/beleza.artereciclada.com.br\/wp-content\/uploads\/2025\/02\/DALL\u00b7E-2025-02-14-11.49.48-A-peaceful-and-cozy-bedroom-scene-featuring-a-person-sleeping-comfortably-on-a-soft-pillow-with-warm-lighting-and-a-relaxing-atmosphere.-The-environm-1.webp 1792w\" sizes=\"(max-width: 1024px) 100vw, 1024px\" \/><\/figure>\n\n\n\n<h3 class=\"wp-block-heading\" id=\"3-controle-do-estresse\"><strong>3. Gestion du stress<\/strong><\/h3>\n\n\n\n<ul class=\"wp-block-list\">\n<li><strong>Techniques de relaxation :<\/strong> Pratiquer des activit\u00e9s telles que la m\u00e9ditation, le yoga ou l'exercice physique aide \u00e0 r\u00e9duire le stress, qui peut aggraver les cernes.<\/li>\n\n\n\n<li><strong>Moment de d\u00e9tente :<\/strong> Consacrez chaque jour un peu de temps \u00e0 vous-m\u00eame, afin de permettre \u00e0 votre corps et \u00e0 votre esprit de r\u00e9cup\u00e9rer de l'usure quotidienne.<\/li>\n<\/ul>\n\n\n\n<hr class=\"wp-block-separator has-alpha-channel-opacity\"\/>\n\n\n\n<h2 class=\"wp-block-heading\" id=\"dicas-adicionais-para-potencializar-a-reducao-de-olheiras\"><strong>Conseils suppl\u00e9mentaires pour r\u00e9duire les cernes sous les yeux<\/strong><\/h2>\n\n\n\n<p>Pour maximiser les r\u00e9sultats dans la <strong>r\u00e9duction des cernes<\/strong>, il est important d'int\u00e9grer diff\u00e9rentes pratiques \u00e0 votre quotidien :<\/p>\n\n\n\n<ul class=\"wp-block-list\">\n<li><strong>Utilisation d'huiles naturelles :<\/strong> Des huiles telles que celles de rose musqu\u00e9e et de lavande peuvent \u00eatre int\u00e9gr\u00e9es \u00e0 votre routine nocturne pour favoriser la r\u00e9g\u00e9n\u00e9ration cellulaire et \u00e9claircir le contour des yeux.<\/li>\n\n\n\n<li><strong>Masques faits maison :<\/strong> Les masques faciaux contenant des ingr\u00e9dients tels que le concombre, la pomme de terre ou le th\u00e9 \u00e0 la camomille ont des propri\u00e9t\u00e9s apaisantes et \u00e9claircissantes qui peuvent r\u00e9duire les cernes.<\/li>\n\n\n\n<li><strong>Consultation r\u00e9guli\u00e8re chez un dermatologue :<\/strong> Pour \u00e9valuer les r\u00e9sultats et ajuster la routine si n\u00e9cessaire, il est essentiel de consulter r\u00e9guli\u00e8rement un sp\u00e9cialiste.<\/li>\n<\/ul>\n\n\n\n<hr class=\"wp-block-separator has-alpha-channel-opacity\"\/>\n\n\n\n<h2 class=\"wp-block-heading\" id=\"exemplo-de-rotina-para-reducao-de-olheiras\"><strong>Exemple de routine pour r\u00e9duire les cernes sous les yeux<\/strong><\/h2>\n\n\n\n<h3 class=\"wp-block-heading\" id=\"manha\"><strong>Matin<\/strong><\/h3>\n\n\n\n<ol class=\"wp-block-list\">\n<li><strong>Nettoyage :<\/strong> Commencez par un savon doux pour le visage, adapt\u00e9 \u00e0 la zone des yeux.<\/li>\n\n\n\n<li><strong>Application du tonique :<\/strong> Utilisez un tonique aux propri\u00e9t\u00e9s apaisantes pour \u00e9quilibrer le pH de la peau.<\/li>\n\n\n\n<li><strong>Hydratant :<\/strong> Appliquez une cr\u00e8me sp\u00e9cifique pour le contour des yeux contenant des ingr\u00e9dients tels que l'acide hyaluronique et des peptides.<\/li>\n\n\n\n<li><strong>Protection solaire :<\/strong> Terminez par l'application d'un \u00e9cran solaire \u00e0 large spectre pour \u00e9viter les dommages caus\u00e9s par les rayons UV.<\/li>\n<\/ol>\n\n\n\n<h3 class=\"wp-block-heading\" id=\"noite\"><strong>Nuit<\/strong><\/h3>\n\n\n\n<ol class=\"wp-block-list\">\n<li><strong>Nettoyage et d\u00e9maquillage :<\/strong> Assurez-vous d'\u00e9liminer compl\u00e8tement les impuret\u00e9s et le maquillage.<\/li>\n\n\n\n<li><strong>Traitement sp\u00e9cifique :<\/strong> Utilisez un s\u00e9rum ou une cr\u00e8me de nuit contenant du r\u00e9tinol ou de la vitamine C pour stimuler le renouvellement cellulaire.<\/li>\n\n\n\n<li><strong>Massage doux :<\/strong> Appliquez un rouleau de jade ou effectuez de l\u00e9gers massages pour stimuler le drainage lymphatique.<\/li>\n\n\n\n<li><strong>Hydratation intense :<\/strong> Terminez par une cr\u00e8me nourrissante pour favoriser la r\u00e9g\u00e9n\u00e9ration pendant le sommeil.<\/li>\n<\/ol>\n\n\n\n<hr class=\"wp-block-separator has-alpha-channel-opacity\"\/>\n\n\n\n<h2 class=\"wp-block-heading\" id=\"consideracoes-finais\"><strong>Consid\u00e9rations finales<\/strong><\/h2>\n\n\n\n<p>A <strong>r\u00e9duction des cernes<\/strong> Les poches sous les yeux constituent un d\u00e9fi qui n\u00e9cessite une approche int\u00e9gr\u00e9e, combinant soins quotidiens, traitements sp\u00e9cifiques et ajustements du mode de vie. En suivant les conseils pr\u00e9sent\u00e9s, vous investirez dans la sant\u00e9 et l'apparence de votre peau, pour un regard plus repos\u00e9, \u00e9clatant et jeune.<\/p>\n\n\n\n<p>Nous, du <strong>Beaut\u00e9 Art<\/strong>, nous soulignons l'importance d'une routine de soins personnalis\u00e9e et coh\u00e9rente. Pour plus de conseils, des produits de qualit\u00e9 et des recommandations sp\u00e9cialis\u00e9es, rendez-vous sur notre site web. <a href=\"https:\/\/beleza.artereciclada.com.br\/fr\/\">Beaut\u00e9 Art<\/a> et suivez nos r\u00e9seaux sociaux. Si vous avez besoin de conseils personnalis\u00e9s, veuillez nous contacter par courrier \u00e9lectronique \u00e0 l'adresse suivante <strong><a href=\"mailto:contato@artereciclada.com.br\">contato@artereciclada.com.br<\/a><\/strong>.<\/p>\n\n\n\n<hr class=\"wp-block-separator has-alpha-channel-opacity\"\/>\n\n\n\n<h2 class=\"wp-block-heading\" id=\"fontes-de-inspiracao\"><strong>Sources d'inspiration<\/strong><\/h2>\n\n\n\n<p>Cet article a \u00e9t\u00e9 r\u00e9dig\u00e9 \u00e0 partir d'exp\u00e9riences personnelles, de pratiques cliniques et des tendances actuelles dans le traitement des cernes et des poches sous les yeux. Les conseils pr\u00e9sent\u00e9s visent \u00e0 offrir un guide complet et actualis\u00e9 afin que vous puissiez atteindre l'objectif souhait\u00e9. <strong>r\u00e9duction des cernes<\/strong> de mani\u00e8re s\u00fbre et efficace, en investissant dans des soins qui favorisent la sant\u00e9, le bien-\u00eatre et une apparence rajeunie.<\/p>\n\n\n\n<p>Investir dans les soins du contour des yeux est essentiel pour une apparence harmonieuse et un bien-\u00eatre quotidien. Restez inform\u00e9, adaptez votre routine si n\u00e9cessaire et profitez des r\u00e9sultats d'une peau bien soign\u00e9e et d'un regard revitalis\u00e9.<br><\/p>\n\n\n\n<p><a href=\"https:\/\/www.youtube.com\/watch?v=J1JN5KBligU\" target=\"_blank\" rel=\"noopener\">Vid\u00e9o Suggestion<\/a><\/p>\n\n\n\n<hr class=\"wp-block-separator has-alpha-channel-opacity\"\/>\n\n\n\n<p><\/p>","protected":false},"excerpt":{"rendered":"<p>A redu\u00e7\u00e3o de olheiras \u00e9 um tema de grande interesse no universo dos cuidados com a pele, pois olheiras e bolsas abaixo dos olhos podem impactar significativamente a apar\u00eancia e a autoestima. Em nosso artigo, no Beleza Arte, n\u00f3s abordamos estrat\u00e9gias eficazes, tratamentos e dicas pr\u00e1ticas para reduzir olheiras e diminuir as bolsas na regi\u00e3o [&hellip;]<\/p>","protected":false},"author":4,"featured_media":95,"comment_status":"open","ping_status":"open","sticky":false,"template":"","format":"standard","meta":{"footnotes":""},"categories":[5],"tags":[],"class_list":["post-94","post","type-post","status-publish","format-standard","has-post-thumbnail","hentry","category-pele"],"blocksy_meta":[],"_links":{"self":[{"href":"https:\/\/beleza.artereciclada.com.br\/fr\/wp-json\/wp\/v2\/posts\/94","targetHints":{"allow":["GET"]}}],"collection":[{"href":"https:\/\/beleza.artereciclada.com.br\/fr\/wp-json\/wp\/v2\/posts"}],"about":[{"href":"https:\/\/beleza.artereciclada.com.br\/fr\/wp-json\/wp\/v2\/types\/post"}],"author":[{"embeddable":true,"href":"https:\/\/beleza.artereciclada.com.br\/fr\/wp-json\/wp\/v2\/users\/4"}],"replies":[{"embeddable":true,"href":"https:\/\/beleza.artereciclada.com.br\/fr\/wp-json\/wp\/v2\/comments?post=94"}],"version-history":[{"count":4,"href":"https:\/\/beleza.artereciclada.com.br\/fr\/wp-json\/wp\/v2\/posts\/94\/revisions"}],"predecessor-version":[{"id":238,"href":"https:\/\/beleza.artereciclada.com.br\/fr\/wp-json\/wp\/v2\/posts\/94\/revisions\/238"}],"wp:featuredmedia":[{"embeddable":true,"href":"https:\/\/beleza.artereciclada.com.br\/fr\/wp-json\/wp\/v2\/media\/95"}],"wp:attachment":[{"href":"https:\/\/beleza.artereciclada.com.br\/fr\/wp-json\/wp\/v2\/media?parent=94"}],"wp:term":[{"taxonomy":"category","embeddable":true,"href":"https:\/\/beleza.artereciclada.com.br\/fr\/wp-json\/wp\/v2\/categories?post=94"},{"taxonomy":"post_tag","embeddable":true,"href":"https:\/\/beleza.artereciclada.com.br\/fr\/wp-json\/wp\/v2\/tags?post=94"}],"curies":[{"name":"wp","href":"https:\/\/api.w.org\/{rel}","templated":true}]}}