{"id":82,"date":"2025-02-14T08:24:47","date_gmt":"2025-02-14T14:24:47","guid":{"rendered":"https:\/\/beleza.artereciclada.com.br\/?p=82"},"modified":"2025-02-14T17:17:40","modified_gmt":"2025-02-14T20:17:40","slug":"protetor-solar","status":"publish","type":"post","link":"https:\/\/beleza.artereciclada.com.br\/fr\/pele\/protetor-solar\/","title":{"rendered":"\u00c9cran solaire : comment choisir et appliquer correctement ?"},"content":{"rendered":"<p>O <strong>cr\u00e8me solaire<\/strong> est l'un des alli\u00e9s les plus importants dans la routine de soins de la peau. Sa fonction va bien au-del\u00e0 de la simple protection contre les rayons ultraviolets ; il pr\u00e9serve la sant\u00e9 de la peau, pr\u00e9vient le vieillissement pr\u00e9matur\u00e9 et r\u00e9duit le risque de cancer de la peau. Dans cet article, nous abordons en d\u00e9tail comment choisir le <strong>cr\u00e8me solaire<\/strong> id\u00e9al pour vos besoins et les meilleures techniques d'application pour garantir une efficacit\u00e9 maximale.<\/p>\n\n\n\n<figure class=\"wp-block-image size-large\"><img fetchpriority=\"high\" decoding=\"async\" width=\"1024\" height=\"585\" src=\"https:\/\/beleza.artereciclada.com.br\/wp-content\/uploads\/2025\/02\/DALL\u00b7E-2025-02-14-11.20.00-A-vibrant-and-sunny-scene-featuring-a-person-holding-a-sunscreen-bottle-against-a-bright-blue-sky.-The-composition-is-clean-and-minimalistic-with-a-f-1-1024x585.webp\" alt=\"protetor solar\" class=\"wp-image-83\" srcset=\"https:\/\/beleza.artereciclada.com.br\/wp-content\/uploads\/2025\/02\/DALL\u00b7E-2025-02-14-11.20.00-A-vibrant-and-sunny-scene-featuring-a-person-holding-a-sunscreen-bottle-against-a-bright-blue-sky.-The-composition-is-clean-and-minimalistic-with-a-f-1-1024x585.webp 1024w, https:\/\/beleza.artereciclada.com.br\/wp-content\/uploads\/2025\/02\/DALL\u00b7E-2025-02-14-11.20.00-A-vibrant-and-sunny-scene-featuring-a-person-holding-a-sunscreen-bottle-against-a-bright-blue-sky.-The-composition-is-clean-and-minimalistic-with-a-f-1-300x171.webp 300w, https:\/\/beleza.artereciclada.com.br\/wp-content\/uploads\/2025\/02\/DALL\u00b7E-2025-02-14-11.20.00-A-vibrant-and-sunny-scene-featuring-a-person-holding-a-sunscreen-bottle-against-a-bright-blue-sky.-The-composition-is-clean-and-minimalistic-with-a-f-1-768x439.webp 768w, https:\/\/beleza.artereciclada.com.br\/wp-content\/uploads\/2025\/02\/DALL\u00b7E-2025-02-14-11.20.00-A-vibrant-and-sunny-scene-featuring-a-person-holding-a-sunscreen-bottle-against-a-bright-blue-sky.-The-composition-is-clean-and-minimalistic-with-a-f-1-1536x878.webp 1536w, https:\/\/beleza.artereciclada.com.br\/wp-content\/uploads\/2025\/02\/DALL\u00b7E-2025-02-14-11.20.00-A-vibrant-and-sunny-scene-featuring-a-person-holding-a-sunscreen-bottle-against-a-bright-blue-sky.-The-composition-is-clean-and-minimalistic-with-a-f-1-18x10.webp 18w, https:\/\/beleza.artereciclada.com.br\/wp-content\/uploads\/2025\/02\/DALL\u00b7E-2025-02-14-11.20.00-A-vibrant-and-sunny-scene-featuring-a-person-holding-a-sunscreen-bottle-against-a-bright-blue-sky.-The-composition-is-clean-and-minimalistic-with-a-f-1.webp 1792w\" sizes=\"(max-width: 1024px) 100vw, 1024px\" \/><\/figure>\n\n\n\n<hr class=\"wp-block-separator has-alpha-channel-opacity\"\/>\n\n\n\n<div class=\"wp-block-rank-math-toc-block\" id=\"rank-math-toc\"><h2>Index<\/h2><nav><ul><li class=\"\"><a href=\"#a-importancia-do-protetor-solar-na-rotina-de-cuidados\">L'importance de la cr\u00e8me solaire dans votre routine de soins<\/a><\/li><li class=\"\"><a href=\"#como-escolher-o-protetor-solar-ideal\">Comment choisir la cr\u00e8me solaire id\u00e9ale<\/a><ul><li class=\"\"><a href=\"#1-fator-de-protecao-solar-fps\">1. Indice de protection solaire (SPF)<\/a><\/li><li class=\"\"><a href=\"#2-tipos-de-protetor-solar\">2. Types de cr\u00e8mes solaires<\/a><ul><li class=\"\"><a href=\"#protetor-solar-fisico-mineral\">\u00c9cran solaire physique (min\u00e9ral)<\/a><\/li><li class=\"\"><a href=\"#protetor-solar-quimico\">\u00c9cran solaire chimique<\/a><\/li><li class=\"\"><a href=\"#protetor-solar-hibrido\">\u00c9cran solaire hybride<\/a><\/li><\/ul><\/li><li class=\"\"><a href=\"#3-espectro-de-protecao\">3. Spectre de protection<\/a><\/li><li class=\"\"><a href=\"#4-textura-e-sensacao-na-pele\">4. Texture et sensation sur la peau<\/a><\/li><li class=\"\"><a href=\"#5-resistencia-a-agua-e-suor\">5. R\u00e9sistance \u00e0 l'eau et \u00e0 la transpiration<\/a><\/li><\/ul><\/li><li class=\"\"><a href=\"#tecnicas-corretas-para-aplicacao-do-protetor-solar\">Techniques correctes pour l'application de la cr\u00e8me solaire<\/a><ul><li class=\"\"><a href=\"#1-preparacao-da-pele\">1. Pr\u00e9paration de la peau<\/a><\/li><li class=\"\"><a href=\"#2-quantidade-adequada\">2. Quantit\u00e9 ad\u00e9quate<\/a><\/li><li class=\"\"><a href=\"#3-tecnicas-de-aplicacao\">3. Techniques d'application<\/a><\/li><li class=\"\"><a href=\"#4-reaplicacao\">4. R\u00e9application<\/a><\/li><\/ul><\/li><li class=\"\"><a href=\"#dicas-para-maximizar-a-eficacia-do-protetor-solar\">Conseils pour maximiser l'efficacit\u00e9 de la cr\u00e8me solaire<\/a><ul><li class=\"\"><a href=\"#uso-de-acessorios-de-protecao\">Utilisation d'accessoires de protection<\/a><\/li><li class=\"\"><a href=\"#ambiente-de-exposicao\">Environnement d'exposition<\/a><\/li><li class=\"\"><a href=\"#cuidados-especiais-para-criancas-e-peles-sensiveis\">Soins sp\u00e9ciaux pour les enfants et les peaux sensibles<\/a><\/li><\/ul><\/li><li class=\"\"><a href=\"#estudos-e-tendencias-no-uso-do-protetor-solar\">\u00c9tudes et tendances dans l'utilisation des \u00e9crans solaires<\/a><ul><li class=\"\"><a href=\"#1-formulacoes-de-nova-geracao\">1. Formulations nouvelle g\u00e9n\u00e9ration<\/a><\/li><li class=\"\"><a href=\"#2-personalizacao-e-tecnologia\">2. Personnalisation et technologie<\/a><\/li><\/ul><\/li><li class=\"\"><a href=\"#integracao-do-protetor-solar-na-rotina-diaria\">Int\u00e9gration de la cr\u00e8me solaire dans la routine quotidienne<\/a><ul><li class=\"\"><a href=\"#rotina-completa-de-skincare-com-protetor-solar\">Routine compl\u00e8te de soins de la peau avec \u00e9cran solaire<\/a><\/li><li class=\"\"><a href=\"#beneficios-de-uma-rotina-consistente\">Les avantages d'une routine r\u00e9guli\u00e8re<\/a><\/li><\/ul><\/li><li class=\"\"><a href=\"#consideracoes-finais\">Consid\u00e9rations finales<\/a><\/li><li class=\"\"><a href=\"#fontes-de-inspiracao\">Sources d'inspiration<\/a><\/li><\/ul><\/nav><\/div>\n\n\n\n<h2 class=\"wp-block-heading\" id=\"a-importancia-do-protetor-solar-na-rotina-de-cuidados\"><strong>L'importance de la cr\u00e8me solaire dans votre routine de soins<\/strong><\/h2>\n\n\n\n<p>L'utilisation quotidienne de <strong>cr\u00e8me solaire<\/strong> est indispensable pour pr\u00e9server l'int\u00e9grit\u00e9 de la peau, quels que soient son type et sa couleur. Une exposition prolong\u00e9e aux rayons UV peut causer des dommages irr\u00e9versibles, tels que :<\/p>\n\n\n\n<ul class=\"wp-block-list\">\n<li><strong>Vieillissement pr\u00e9matur\u00e9 :<\/strong> Les rides, les rides d'expression et les taches sont des signes visibles de l'action des rayons solaires.<\/li>\n\n\n\n<li><strong>Dommages \u00e0 la barri\u00e8re cutan\u00e9e :<\/strong> Les rayons ultraviolets compromettent la fonction protectrice de la peau, facilitant ainsi la p\u00e9n\u00e9tration d'agents agressifs.<\/li>\n\n\n\n<li><strong>Risque de cancer de la peau :<\/strong> Une exposition sans protection augmente consid\u00e9rablement le risque de d\u00e9velopper des l\u00e9sions pr\u00e9canc\u00e9reuses et un cancer de la peau.<\/li>\n<\/ul>\n\n\n\n<p>Par cons\u00e9quent, int\u00e9grer le <strong>cr\u00e8me solaire<\/strong> dans la routine quotidienne n'est pas seulement une question d'esth\u00e9tique, mais une mesure pr\u00e9ventive essentielle pour la sant\u00e9.<\/p>\n\n\n\n<hr class=\"wp-block-separator has-alpha-channel-opacity\"\/>\n\n\n\n<h2 class=\"wp-block-heading\" id=\"como-escolher-o-protetor-solar-ideal\"><strong>Comment choisir la cr\u00e8me solaire id\u00e9ale<\/strong><\/h2>\n\n\n\n<p>La s\u00e9lection d'un <strong>cr\u00e8me solaire<\/strong> ad\u00e9quat doit tenir compte de plusieurs facteurs, tels que le type de peau, l'intensit\u00e9 de l'exposition au soleil et les besoins sp\u00e9cifiques de chaque personne. Nous d\u00e9taillons ci-dessous les crit\u00e8res permettant de faire un choix \u00e9clair\u00e9.<\/p>\n\n\n\n<h3 class=\"wp-block-heading\" id=\"1-fator-de-protecao-solar-fps\"><strong>1. Indice de protection solaire (SPF)<\/strong><\/h3>\n\n\n\n<p>Le FPS indique le degr\u00e9 de protection offert par le produit contre les rayons UVB, principaux responsables des coups de soleil.<\/p>\n\n\n\n<ul class=\"wp-block-list\">\n<li><strong>Recommandation g\u00e9n\u00e9rale :<\/strong> Un FPS minimum de 30 est recommand\u00e9 dans la plupart des cas.<\/li>\n\n\n\n<li><strong>Peau sensible ou ayant d\u00e9j\u00e0 subi des br\u00fblures :<\/strong> Un FPS plus \u00e9lev\u00e9, tel que 50 ou plus, peut \u00eatre n\u00e9cessaire.<\/li>\n<\/ul>\n\n\n\n<h3 class=\"wp-block-heading\" id=\"2-tipos-de-protetor-solar\"><strong>2. Types de cr\u00e8mes solaires<\/strong><\/h3>\n\n\n\n<p>Les <strong>cr\u00e8mes solaires<\/strong> Ils peuvent \u00eatre class\u00e9s selon leur formulation et leur mode d'action :<\/p>\n\n\n\n<h4 class=\"wp-block-heading\" id=\"protetor-solar-fisico-mineral\"><strong>\u00c9cran solaire physique (min\u00e9ral)<\/strong><\/h4>\n\n\n\n<ul class=\"wp-block-list\">\n<li><strong>Composition :<\/strong> Contient des ingr\u00e9dients tels que l'oxyde de zinc et le dioxyde de titane.<\/li>\n\n\n\n<li><strong>M\u00e9canisme :<\/strong> Il forme une barri\u00e8re \u00e0 la surface de la peau, r\u00e9fl\u00e9chissant les rayons solaires.<\/li>\n\n\n\n<li><strong>Indiqu\u00e9 pour :<\/strong> Peaux sensibles, car il provoque moins d'irritations et est moins susceptible de provoquer des r\u00e9actions allergiques.<\/li>\n<\/ul>\n\n\n\n<h4 class=\"wp-block-heading\" id=\"protetor-solar-quimico\"><strong>\u00c9cran solaire chimique<\/strong><\/h4>\n\n\n\n<ul class=\"wp-block-list\">\n<li><strong>Composition :<\/strong> Il contient des ingr\u00e9dients actifs tels que l'avobenzone, l'octocryl\u00e8ne et l'oxybenzone.<\/li>\n\n\n\n<li><strong>M\u00e9canisme :<\/strong> Il absorbe les rayons UV et les convertit en \u00e9nergie thermique, qui est dissip\u00e9e par la peau.<\/li>\n\n\n\n<li><strong>Indiqu\u00e9 pour :<\/strong> Les peaux \u00e0 tendance grasse, car elles ont g\u00e9n\u00e9ralement une texture plus l\u00e9g\u00e8re et sont facilement absorb\u00e9es.<\/li>\n<\/ul>\n\n\n\n<h4 class=\"wp-block-heading\" id=\"protetor-solar-hibrido\"><strong>\u00c9cran solaire hybride<\/strong><\/h4>\n\n\n\n<ul class=\"wp-block-list\">\n<li><strong>Combinaison :<\/strong> Combine les avantages des filtres physiques et chimiques.<\/li>\n\n\n\n<li><strong>Avantages :<\/strong> Offre une protection \u00e9tendue et est bien tol\u00e9r\u00e9e par diff\u00e9rents types de peau.<\/li>\n<\/ul>\n\n\n\n<h3 class=\"wp-block-heading\" id=\"3-espectro-de-protecao\"><strong>3. Spectre de protection<\/strong><\/h3>\n\n\n\n<p>Un <strong>cr\u00e8me solaire<\/strong> de qualit\u00e9 doit offrir une protection \u00e0 large spectre, c'est-\u00e0-dire contre les rayons UVA et UVB.<\/p>\n\n\n\n<ul class=\"wp-block-list\">\n<li><strong>UVB :<\/strong> Responsables des coups de soleil.<\/li>\n\n\n\n<li><strong>UVA :<\/strong> Ils p\u00e9n\u00e8trent plus profond\u00e9ment dans la peau, contribuant au vieillissement pr\u00e9matur\u00e9 et \u00e0 l'endommagement de la structure cutan\u00e9e.<\/li>\n<\/ul>\n\n\n\n<h3 class=\"wp-block-heading\" id=\"4-textura-e-sensacao-na-pele\"><strong>4. Texture et sensation sur la peau<\/strong><\/h3>\n\n\n\n<p>Le choix de la texture du <strong>cr\u00e8me solaire<\/strong> Cela d\u00e9pend de votre type de peau et de vos pr\u00e9f\u00e9rences personnelles :<\/p>\n\n\n\n<ul class=\"wp-block-list\">\n<li><strong>Peau grasse\/mixte :<\/strong> Optez pour des formules sans huile, en gel ou en lotion, qui offrent un fini mat et n'obstruent pas les pores.<\/li>\n\n\n\n<li><strong>Peau s\u00e8che :<\/strong> Les cr\u00e8mes \u00e0 forte concentration en \u00e9mollients aident \u00e0 maintenir l'hydratation et la douceur de la peau.<\/li>\n\n\n\n<li><strong>Peau sensible :<\/strong> Les produits sans parfum et hypoallerg\u00e9niques minimisent le risque d'irritation.<\/li>\n<\/ul>\n\n\n\n<h3 class=\"wp-block-heading\" id=\"5-resistencia-a-agua-e-suor\"><strong>5. R\u00e9sistance \u00e0 l'eau et \u00e0 la transpiration<\/strong><\/h3>\n\n\n\n<p>Pour les activit\u00e9s de plein air ou pour ceux qui pratiquent un sport, il est essentiel de choisir un <strong>cr\u00e8me solaire<\/strong> r\u00e9sistant \u00e0 l'eau et \u00e0 la transpiration.<\/p>\n\n\n\n<ul class=\"wp-block-list\">\n<li><strong>\u00c9tiquetage :<\/strong> Recherchez les produits portant la mention \u201c water-resistant \u201d (r\u00e9sistant \u00e0 l'eau) ou \u201c waterproof \u201d (imperm\u00e9able).<\/li>\n\n\n\n<li><strong>R\u00e9application :<\/strong> M\u00eame avec des formules r\u00e9sistantes, il est essentiel de renouveler l'application toutes les deux heures ou apr\u00e8s contact avec l'eau pour maintenir la protection.<\/li>\n<\/ul>\n\n\n\n<hr class=\"wp-block-separator has-alpha-channel-opacity\"\/>\n\n\n\n<h2 class=\"wp-block-heading\" id=\"tecnicas-corretas-para-aplicacao-do-protetor-solar\"><strong>Techniques correctes pour l'application de la cr\u00e8me solaire<\/strong><\/h2>\n\n\n\n<p>Une application correcte du <strong>cr\u00e8me solaire<\/strong> optimise ses bienfaits et garantit une protection continue pendant l'exposition au soleil.<\/p>\n\n\n\n<h3 class=\"wp-block-heading\" id=\"1-preparacao-da-pele\"><strong>1. Pr\u00e9paration de la peau<\/strong><\/h3>\n\n\n\n<ul class=\"wp-block-list\">\n<li><strong>Nettoyage :<\/strong> Commencez votre routine par un nettoyage ad\u00e9quat afin d'\u00e9liminer les impuret\u00e9s et les r\u00e9sidus de maquillage. Une peau propre favorise l'absorption du produit.<\/li>\n\n\n\n<li><strong>Hydratant :<\/strong> Si vous utilisez une cr\u00e8me hydratante, laissez-la p\u00e9n\u00e9trer compl\u00e8tement avant d'appliquer le <strong>cr\u00e8me solaire<\/strong>.<\/li>\n<\/ul>\n\n\n\n<h3 class=\"wp-block-heading\" id=\"2-quantidade-adequada\"><strong>2. Quantit\u00e9 ad\u00e9quate<\/strong><\/h3>\n\n\n\n<ul class=\"wp-block-list\">\n<li><strong>R\u00e8gle g\u00e9n\u00e9rale :<\/strong> La quantit\u00e9 recommand\u00e9e est d'environ 2 mg de produit par centim\u00e8tre carr\u00e9 de peau.<\/li>\n\n\n\n<li><strong>Application totale :<\/strong> Pour le visage, le cou et le d\u00e9collet\u00e9, appliquez une quantit\u00e9 g\u00e9n\u00e9reuse afin d'assurer une couche uniforme et protectrice.<\/li>\n<\/ul>\n\n\n\n<h3 class=\"wp-block-heading\" id=\"3-tecnicas-de-aplicacao\"><strong>3. Techniques d'application<\/strong><\/h3>\n\n\n\n<ul class=\"wp-block-list\">\n<li><strong>Mouvements doux :<\/strong> Appliquez le produit en effectuant de l\u00e9gers mouvements circulaires, en veillant \u00e0 bien couvrir toutes les zones expos\u00e9es.<\/li>\n\n\n\n<li><strong>Ne pas oublier les zones sensibles :<\/strong> Les l\u00e8vres, les oreilles, le cou et le haut de la poitrine sont des zones souvent n\u00e9glig\u00e9es, mais qui ont \u00e9galement besoin d'\u00eatre prot\u00e9g\u00e9es.<\/li>\n\n\n\n<li><strong>Couche finale :<\/strong> Pour de meilleurs r\u00e9sultats, appliquez le <strong>cr\u00e8me solaire<\/strong> comme derni\u00e8re \u00e9tape de votre routine de soins, avant de vous exposer au soleil.<\/li>\n<\/ul>\n\n\n\n<h3 class=\"wp-block-heading\" id=\"4-reaplicacao\"><strong>4. R\u00e9application<\/strong><\/h3>\n\n\n\n<ul class=\"wp-block-list\">\n<li><strong>Fr\u00e9quence :<\/strong> Renouvelez l'application toutes les deux heures, en particulier si vous \u00eates expos\u00e9 \u00e0 un ensoleillement intense ou si vous avez transpir\u00e9.<\/li>\n\n\n\n<li><strong>Apr\u00e8s contact avec l'eau :<\/strong> M\u00eame si le produit est r\u00e9sistant \u00e0 l'eau, il est important de le r\u00e9appliquer imm\u00e9diatement apr\u00e8s avoir nag\u00e9 ou transpir\u00e9 abondamment.<\/li>\n<\/ul>\n\n\n\n<hr class=\"wp-block-separator has-alpha-channel-opacity\"\/>\n\n\n\n<h2 class=\"wp-block-heading\" id=\"dicas-para-maximizar-a-eficacia-do-protetor-solar\"><strong>Conseils pour maximiser l'efficacit\u00e9 de la cr\u00e8me solaire<\/strong><\/h2>\n\n\n\n<p>Pour garantir que le <strong>cr\u00e8me solaire<\/strong> Pour remplir efficacement sa fonction de protection, certaines pratiques compl\u00e9mentaires peuvent \u00eatre adopt\u00e9es :<\/p>\n\n\n\n<h3 class=\"wp-block-heading\" id=\"uso-de-acessorios-de-protecao\"><strong>Utilisation d'accessoires de protection<\/strong><\/h3>\n\n\n\n<ul class=\"wp-block-list\">\n<li><strong>Chapeaux et casquettes :<\/strong> Le port de chapeaux \u00e0 larges bords et de casquettes renforce la protection, en particulier au niveau du visage et du cou.<\/li>\n\n\n\n<li><strong>Lunettes de soleil :<\/strong> Ils prot\u00e8gent les yeux et la peau qui les entoure, \u00e9galement sensible aux dommages caus\u00e9s par les rayons UV.<\/li>\n\n\n\n<li><strong>V\u00eatements avec facteur de protection :<\/strong> Les tissus avec protection solaire int\u00e9gr\u00e9e offrent une couche suppl\u00e9mentaire contre les rayons.<\/li>\n<\/ul>\n\n\n\n<h3 class=\"wp-block-heading\" id=\"ambiente-de-exposicao\"><strong>Environnement d'exposition<\/strong><\/h3>\n\n\n\n<ul class=\"wp-block-list\">\n<li><strong>Ombre :<\/strong> Dans la mesure du possible, privil\u00e9giez les environnements ombrag\u00e9s afin de r\u00e9duire l'exposition directe au soleil.<\/li>\n\n\n\n<li><strong>Heures de pointe :<\/strong> \u00c9vitez l'exposition au soleil entre 10 h et 16 h, lorsque les rayons UV sont les plus intenses.<\/li>\n<\/ul>\n\n\n\n<h3 class=\"wp-block-heading\" id=\"cuidados-especiais-para-criancas-e-peles-sensiveis\"><strong>Soins sp\u00e9ciaux pour les enfants et les peaux sensibles<\/strong><\/h3>\n\n\n\n<ul class=\"wp-block-list\">\n<li><strong>Produits sp\u00e9cifiques :<\/strong> Utilisez <strong>cr\u00e8mes solaires<\/strong> formul\u00e9s pour les peaux sensibles et pour les enfants, qui sont g\u00e9n\u00e9ralement plus doux et hypoallerg\u00e9niques.<\/li>\n\n\n\n<li><strong>Application redoubl\u00e9e :<\/strong> Appliquez le produit en couches fines et uniformes, en v\u00e9rifiant toujours la r\u00e9action de la peau et en ajustant si n\u00e9cessaire.<\/li>\n<\/ul>\n\n\n\n<hr class=\"wp-block-separator has-alpha-channel-opacity\"\/>\n\n\n\n<h2 class=\"wp-block-heading\" id=\"estudos-e-tendencias-no-uso-do-protetor-solar\"><strong>\u00c9tudes et tendances dans l'utilisation des \u00e9crans solaires<\/strong><\/h2>\n\n\n\n<p>L'innovation dans le segment des <strong>cr\u00e8me solaire<\/strong> a consid\u00e9rablement progress\u00e9, avec de nouvelles technologies et formulations visant \u00e0 am\u00e9liorer l'efficacit\u00e9 et le confort.<\/p>\n\n\n\n<h3 class=\"wp-block-heading\" id=\"1-formulacoes-de-nova-geracao\"><strong>1. Formulations nouvelle g\u00e9n\u00e9ration<\/strong><\/h3>\n\n\n\n<ul class=\"wp-block-list\">\n<li><strong>Nanotechnologie :<\/strong> L'utilisation de particules nanom\u00e9triques permet une distribution plus uniforme et une meilleure p\u00e9n\u00e9tration des filtres, augmentant ainsi leur efficacit\u00e9 sans laisser de r\u00e9sidus visibles.<\/li>\n\n\n\n<li><strong>Ingr\u00e9dients naturels :<\/strong> L'incorporation d'extraits botaniques et d'antioxydants renforce la protection contre les dommages environnementaux et apporte des bienfaits suppl\u00e9mentaires, tels que la r\u00e9g\u00e9n\u00e9ration cellulaire.<\/li>\n<\/ul>\n\n\n\n<h3 class=\"wp-block-heading\" id=\"2-personalizacao-e-tecnologia\"><strong>2. Personnalisation et technologie<\/strong><\/h3>\n\n\n\n<ul class=\"wp-block-list\">\n<li><strong>Tests d'analyse cutan\u00e9e :<\/strong> Les progr\u00e8s technologiques ont permis le d\u00e9veloppement de <strong>cr\u00e8mes solaires<\/strong> personnalis\u00e9s, bas\u00e9s sur l'analyse de la peau et le niveau d'exposition au soleil.<\/li>\n\n\n\n<li><strong>Applications et appareils :<\/strong> Les applications qui surveillent l'exposition au soleil et rappellent de r\u00e9appliquer le produit aident \u00e0 maintenir une routine de protection coh\u00e9rente et efficace.<\/li>\n<\/ul>\n\n\n\n<hr class=\"wp-block-separator has-alpha-channel-opacity\"\/>\n\n\n\n<h2 class=\"wp-block-heading\" id=\"integracao-do-protetor-solar-na-rotina-diaria\"><strong>Int\u00e9gration de la cr\u00e8me solaire dans la routine quotidienne<\/strong><\/h2>\n\n\n\n<p>Pour profiter au maximum des avantages du <strong>cr\u00e8me solaire<\/strong>, il est important que son application fasse partie int\u00e9grante de votre routine quotidienne de soins de la peau.<\/p>\n\n\n\n<h3 class=\"wp-block-heading\" id=\"rotina-completa-de-skincare-com-protetor-solar\"><strong>Routine compl\u00e8te de soins de la peau avec \u00e9cran solaire<\/strong><\/h3>\n\n\n\n<ol class=\"wp-block-list\">\n<li><strong>Nettoyage :<\/strong> Utilisez un savon ou un gel nettoyant pour \u00e9liminer les impuret\u00e9s et pr\u00e9parer la peau.<\/li>\n\n\n\n<li><strong>Tonique et s\u00e9rum :<\/strong> Appliquez un tonique facial pour \u00e9quilibrer le pH, puis un s\u00e9rum contenant des actifs antioxydants pour renforcer la protection.<\/li>\n\n\n\n<li><strong>Hydratant :<\/strong> Utilisez un hydratant adapt\u00e9 \u00e0 votre type de peau pour maintenir une barri\u00e8re cutan\u00e9e saine.<\/li>\n\n\n\n<li><strong>\u00c9cran solaire :<\/strong> Terminez avec le <strong>cr\u00e8me solaire<\/strong>, garantissant une couverture uniforme et efficace.<\/li>\n\n\n\n<li><strong>R\u00e9application :<\/strong> Si l'exposition est prolong\u00e9e, n'oubliez pas de r\u00e9appliquer le produit toutes les deux heures.<\/li>\n<\/ol>\n\n\n\n<h3 class=\"wp-block-heading\" id=\"beneficios-de-uma-rotina-consistente\"><strong>Les avantages d'une routine r\u00e9guli\u00e8re<\/strong><\/h3>\n\n\n\n<ul class=\"wp-block-list\">\n<li><strong>Protection continue :<\/strong> L'int\u00e9gration du <strong>cr\u00e8me solaire<\/strong> dans votre routine quotidienne minimise les dommages caus\u00e9s par les rayons UV, prot\u00e9geant ainsi votre peau tout au long de la journ\u00e9e.<\/li>\n\n\n\n<li><strong>Pr\u00e9vention du vieillissement :<\/strong> Une utilisation r\u00e9guli\u00e8re aide \u00e0 pr\u00e9venir les rides, les taches et autres signes de vieillissement pr\u00e9matur\u00e9.<\/li>\n\n\n\n<li><strong>Sant\u00e9 de la peau :<\/strong> En plus de prot\u00e9ger, le <strong>cr\u00e8me solaire<\/strong> contribue au maintien de l'hydratation et de l'int\u00e9grit\u00e9 de la barri\u00e8re cutan\u00e9e.<\/li>\n<\/ul>\n\n\n\n<hr class=\"wp-block-separator has-alpha-channel-opacity\"\/>\n\n\n\n<h2 class=\"wp-block-heading\" id=\"consideracoes-finais\"><strong>Consid\u00e9rations finales<\/strong><\/h2>\n\n\n\n<p>Le choix et l'application correcte du <strong>cr\u00e8me solaire<\/strong> sont des \u00e9tapes fondamentales pour une routine de soins efficace et pour le maintien de la sant\u00e9 de la peau \u00e0 long terme. En choisissant un produit adapt\u00e9, en tenant compte de l'indice SPF, du type de formule, du spectre de protection et de la texture, vous vous assurez que votre peau est prot\u00e9g\u00e9e contre les effets nocifs des rayons UV. De plus, la technique d'application, de la pr\u00e9paration de la peau \u00e0 la r\u00e9application, est cruciale pour maximiser les bienfaits et garantir une protection continue.<\/p>\n\n\n\n<p>Nous, du <strong>Beaut\u00e9 Art<\/strong>, nous soulignons que le <strong>cr\u00e8me solaire<\/strong> Il ne doit pas \u00eatre consid\u00e9r\u00e9 uniquement comme un produit estival, mais plut\u00f4t comme un \u00e9l\u00e9ment indispensable dans la routine quotidienne de soins de la peau. Investir dans un produit de qualit\u00e9 et suivre les meilleures pratiques d'application sont des mesures essentielles pour pr\u00e9venir le vieillissement pr\u00e9matur\u00e9, prot\u00e9ger contre les dommages environnementaux et favoriser une apparence saine et \u00e9clatante.<\/p>\n\n\n\n<p>Pour plus de conseils sur les soins de la peau et les produits de haute qualit\u00e9, nous vous invitons \u00e0 visiter notre site Web et \u00e0 suivre nos r\u00e9seaux sociaux. Se tenir inform\u00e9 et adapter sa routine \u00e0 ses besoins individuels est la premi\u00e8re \u00e9tape pour avoir une peau prot\u00e9g\u00e9e, belle et bien soign\u00e9e.<\/p>\n\n\n\n<hr class=\"wp-block-separator has-alpha-channel-opacity\"\/>\n\n\n\n<h2 class=\"wp-block-heading\" id=\"fontes-de-inspiracao\"><strong>Sources d'inspiration<\/strong><\/h2>\n\n\n\n<p>Cet article a \u00e9t\u00e9 r\u00e9dig\u00e9 \u00e0 partir d'exp\u00e9riences personnelles, d'\u00e9tudes sur les tendances et des meilleures pratiques dans le domaine des soins de la peau. Les conseils pr\u00e9sent\u00e9s ici visent \u00e0 fournir des informations pr\u00e9cises et actualis\u00e9es afin que vous puissiez choisir et appliquer votre <strong>cr\u00e8me solaire<\/strong> de mani\u00e8re correcte et efficace.<\/p>\n\n\n\n<p>En adoptant ces pratiques, vous investissez dans la sant\u00e9 de votre peau, vous pr\u00e9venez les dommages et vous vous assurez une protection constante contre les effets nocifs du soleil. N'oubliez pas : la pr\u00e9vention est le meilleur moyen de pr\u00e9server la jeunesse et la vitalit\u00e9 de votre peau au fil des ans.<\/p>\n\n\n\n<p><a href=\"https:\/\/www.youtube.com\/watch?v=GFWxMmWpmXY\" target=\"_blank\" rel=\"noopener\">Vid\u00e9o Suggestion<\/a><\/p>\n\n\n\n<p><\/p>","protected":false},"excerpt":{"rendered":"<p>O protetor solar \u00e9 um dos aliados mais importantes na rotina de cuidados com a pele. Sua fun\u00e7\u00e3o vai muito al\u00e9m da simples prote\u00e7\u00e3o contra os raios ultravioletas; ele preserva a sa\u00fade da pele, previne o envelhecimento precoce e reduz o risco de c\u00e2ncer de pele. Neste artigo, abordamos de forma detalhada como escolher o [&hellip;]<\/p>","protected":false},"author":4,"featured_media":83,"comment_status":"open","ping_status":"open","sticky":false,"template":"","format":"standard","meta":{"footnotes":""},"categories":[5],"tags":[],"class_list":["post-82","post","type-post","status-publish","format-standard","has-post-thumbnail","hentry","category-pele"],"blocksy_meta":[],"_links":{"self":[{"href":"https:\/\/beleza.artereciclada.com.br\/fr\/wp-json\/wp\/v2\/posts\/82","targetHints":{"allow":["GET"]}}],"collection":[{"href":"https:\/\/beleza.artereciclada.com.br\/fr\/wp-json\/wp\/v2\/posts"}],"about":[{"href":"https:\/\/beleza.artereciclada.com.br\/fr\/wp-json\/wp\/v2\/types\/post"}],"author":[{"embeddable":true,"href":"https:\/\/beleza.artereciclada.com.br\/fr\/wp-json\/wp\/v2\/users\/4"}],"replies":[{"embeddable":true,"href":"https:\/\/beleza.artereciclada.com.br\/fr\/wp-json\/wp\/v2\/comments?post=82"}],"version-history":[{"count":3,"href":"https:\/\/beleza.artereciclada.com.br\/fr\/wp-json\/wp\/v2\/posts\/82\/revisions"}],"predecessor-version":[{"id":242,"href":"https:\/\/beleza.artereciclada.com.br\/fr\/wp-json\/wp\/v2\/posts\/82\/revisions\/242"}],"wp:featuredmedia":[{"embeddable":true,"href":"https:\/\/beleza.artereciclada.com.br\/fr\/wp-json\/wp\/v2\/media\/83"}],"wp:attachment":[{"href":"https:\/\/beleza.artereciclada.com.br\/fr\/wp-json\/wp\/v2\/media?parent=82"}],"wp:term":[{"taxonomy":"category","embeddable":true,"href":"https:\/\/beleza.artereciclada.com.br\/fr\/wp-json\/wp\/v2\/categories?post=82"},{"taxonomy":"post_tag","embeddable":true,"href":"https:\/\/beleza.artereciclada.com.br\/fr\/wp-json\/wp\/v2\/tags?post=82"}],"curies":[{"name":"wp","href":"https:\/\/api.w.org\/{rel}","templated":true}]}}