{"id":181,"date":"2025-02-14T11:39:20","date_gmt":"2025-02-14T17:39:20","guid":{"rendered":"https:\/\/beleza.artereciclada.com.br\/?p=181"},"modified":"2025-02-14T17:01:22","modified_gmt":"2025-02-14T20:01:22","slug":"tendencias-maquiagem","status":"publish","type":"post","link":"https:\/\/beleza.artereciclada.com.br\/fr\/maquiagem\/tendencias-maquiagem\/","title":{"rendered":"Tendances maquillage : les tendances maquillage pour chaque saison de l'ann\u00e9e"},"content":{"rendered":"<p>L'univers de la beaut\u00e9 est en constante \u00e9volution, et les <strong>tendances maquillage<\/strong> suivent le rythme des saisons, refl\u00e9tant non seulement les changements climatiques, mais aussi les influences culturelles et artistiques de chaque p\u00e9riode. Chaque saison apporte ses propres inspirations, palettes de couleurs et techniques qui peuvent \u00eatre int\u00e9gr\u00e9es \u00e0 votre routine de maquillage pour cr\u00e9er des looks modernes, sophistiqu\u00e9s et qui mettent en valeur votre personnalit\u00e9. Dans cet article, nous explorerons les principales tendances maquillage pour le printemps, l'\u00e9t\u00e9, l'automne et l'hiver, en vous offrant de pr\u00e9cieux conseils pour adapter votre look \u00e0 chaque saison et rester au fait des derni\u00e8res tendances. <strong>tendances maquillage<\/strong>.<\/p>\n\n\n\n<figure class=\"wp-block-image size-large\"><img fetchpriority=\"high\" decoding=\"async\" width=\"1024\" height=\"585\" src=\"https:\/\/beleza.artereciclada.com.br\/wp-content\/uploads\/2025\/02\/DALL\u00b7E-2025-02-14-14.34.12-A-stylish-and-modern-composition-showcasing-makeup-trends-for-each-season-of-the-year.-The-image-features-four-different-makeup-looks-representing-spr-1-1024x585.webp\" alt=\"Tend\u00eancias maquiagem\" class=\"wp-image-182\" srcset=\"https:\/\/beleza.artereciclada.com.br\/wp-content\/uploads\/2025\/02\/DALL\u00b7E-2025-02-14-14.34.12-A-stylish-and-modern-composition-showcasing-makeup-trends-for-each-season-of-the-year.-The-image-features-four-different-makeup-looks-representing-spr-1-1024x585.webp 1024w, https:\/\/beleza.artereciclada.com.br\/wp-content\/uploads\/2025\/02\/DALL\u00b7E-2025-02-14-14.34.12-A-stylish-and-modern-composition-showcasing-makeup-trends-for-each-season-of-the-year.-The-image-features-four-different-makeup-looks-representing-spr-1-300x171.webp 300w, https:\/\/beleza.artereciclada.com.br\/wp-content\/uploads\/2025\/02\/DALL\u00b7E-2025-02-14-14.34.12-A-stylish-and-modern-composition-showcasing-makeup-trends-for-each-season-of-the-year.-The-image-features-four-different-makeup-looks-representing-spr-1-768x439.webp 768w, https:\/\/beleza.artereciclada.com.br\/wp-content\/uploads\/2025\/02\/DALL\u00b7E-2025-02-14-14.34.12-A-stylish-and-modern-composition-showcasing-makeup-trends-for-each-season-of-the-year.-The-image-features-four-different-makeup-looks-representing-spr-1-1536x878.webp 1536w, https:\/\/beleza.artereciclada.com.br\/wp-content\/uploads\/2025\/02\/DALL\u00b7E-2025-02-14-14.34.12-A-stylish-and-modern-composition-showcasing-makeup-trends-for-each-season-of-the-year.-The-image-features-four-different-makeup-looks-representing-spr-1-18x10.webp 18w, https:\/\/beleza.artereciclada.com.br\/wp-content\/uploads\/2025\/02\/DALL\u00b7E-2025-02-14-14.34.12-A-stylish-and-modern-composition-showcasing-makeup-trends-for-each-season-of-the-year.-The-image-features-four-different-makeup-looks-representing-spr-1.webp 1792w\" sizes=\"(max-width: 1024px) 100vw, 1024px\" \/><\/figure>\n\n\n\n<div class=\"wp-block-rank-math-toc-block\" id=\"rank-math-toc\"><h2>Table des mati\u00e8res<\/h2><nav><ul><li><a href=\"#por-que-as-tendencias-de-maquiagem-variam-com-as-estacoes\">Pourquoi les tendances maquillage varient-elles selon les saisons ?<\/a><\/li><li><a href=\"#maquiagem-na-primavera-frescor-e-renovacao\">Maquillage au printemps : fra\u00eecheur et renouveau<\/a><ul><li><a href=\"#paleta-de-cores\">Palette de couleurs<\/a><\/li><li><a href=\"#produtos-e-tecnicas\">Produits et techniques<\/a><\/li><li><a href=\"#dicas-de-aplicacao\">Conseils d'application<\/a><\/li><\/ul><\/li><li><a href=\"#maquiagem-no-verao-leveza-e-resiliencia\">Maquillage en \u00e9t\u00e9 : l\u00e9g\u00e8ret\u00e9 et r\u00e9silience<\/a><ul><li><a href=\"#paleta-de-cores-1\">Palette de couleurs<\/a><\/li><li><a href=\"#produtos-e-tecnicas-2\">Produits et techniques<\/a><\/li><li><a href=\"#dicas-de-aplicacao-3\">Conseils d'application<\/a><\/li><\/ul><\/li><li><a href=\"#maquiagem-no-outono-elegancia-e-sofisticacao\">Maquillage d'automne : \u00e9l\u00e9gance et sophistication<\/a><ul><li><a href=\"#paleta-de-cores-4\">Palette de couleurs<\/a><\/li><li><a href=\"#produtos-e-tecnicas-5\">Produits et techniques<\/a><\/li><li><a href=\"#dicas-de-aplicacao-6\">Conseils d'application<\/a><\/li><\/ul><\/li><li><a href=\"#maquiagem-no-inverno-intensidade-e-dramaticidade-suave\">Maquillage en hiver : intensit\u00e9 et dramatisme doux<\/a><ul><li><a href=\"#paleta-de-cores-7\">Palette de couleurs<\/a><\/li><li><a href=\"#produtos-e-tecnicas-8\">Produits et techniques<\/a><\/li><li><a href=\"#dicas-de-aplicacao-9\">Conseils d'application<\/a><\/li><\/ul><\/li><li><a href=\"#conclusao\">Conclusion<\/a><\/li><li><a href=\"#fontes-de-inspiracao\">Sources d'inspiration<\/a><\/li><\/ul><\/nav><\/div>\n\n\n\n<h2 class=\"wp-block-heading\" id=\"por-que-as-tendencias-de-maquiagem-variam-com-as-estacoes\"><strong>Pourquoi les tendances maquillage varient-elles selon les saisons ?<\/strong><\/h2>\n\n\n\n<p>Les <strong>tendances maquillage<\/strong> sont influenc\u00e9es par divers facteurs, parmi lesquels :<\/p>\n\n\n\n<ul class=\"wp-block-list\">\n<li><strong>Climat et environnement :<\/strong> Les conditions climatiques affectent la peau et les cheveux. Pendant les saisons chaudes, le maquillage a tendance \u00e0 \u00eatre plus l\u00e9ger et r\u00e9sistant \u00e0 la chaleur, tandis que pendant les saisons froides, les produits qui favorisent l'hydratation et la protection contre le dess\u00e8chement sont privil\u00e9gi\u00e9s.<\/li>\n\n\n\n<li><strong>Palettes de couleurs :<\/strong> Chaque saison inspire une palette de couleurs distincte. Les tons pastel et floraux marquent le printemps, les couleurs vives et tropicales d\u00e9finissent l'\u00e9t\u00e9, les tons terreux et chauds caract\u00e9risent l'automne, et les tons profonds et sophistiqu\u00e9s sont la marque de l'hiver.<\/li>\n\n\n\n<li><strong>Influences culturelles et mode :<\/strong> Les collections de mode de chaque saison influencent directement les choix en mati\u00e8re de maquillage. Les d\u00e9fil\u00e9s, les \u00e9ditoriaux et les campagnes publicitaires d\u00e9finissent les tendances qui arrivent sur le march\u00e9 et sont adapt\u00e9es aux go\u00fbts personnels.<\/li>\n\n\n\n<li><strong>Technologie et innovation :<\/strong> Les progr\u00e8s technologiques dans l'industrie cosm\u00e9tique permettent le d\u00e9veloppement de produits qui s'adaptent aux besoins sp\u00e9cifiques de chaque saison, garantissant une plus grande durabilit\u00e9 et un plus grand confort.<\/li>\n<\/ul>\n\n\n\n<p>Comprendre ces facteurs est essentiel pour tirer le meilleur parti des <strong>tendances maquillage<\/strong> et choisir les produits et techniques adapt\u00e9s \u00e0 chaque saison.<\/p>\n\n\n\n<hr class=\"wp-block-separator has-alpha-channel-opacity\"\/>\n\n\n\n<h2 class=\"wp-block-heading\" id=\"maquiagem-na-primavera-frescor-e-renovacao\"><strong>Maquillage au printemps : fra\u00eecheur et renouveau<\/strong><\/h2>\n\n\n\n<p>Le printemps est la saison de la renaissance et du renouveau. La nature se pare de couleurs douces, les fleurs s'\u00e9panouissent et le climat cl\u00e9ment invite \u00e0 adopter des looks l\u00e9gers et naturels. Les <strong>tendances maquillage<\/strong> pour le printemps mettent l'accent sur la fra\u00eecheur et la luminosit\u00e9.<\/p>\n\n\n\n<h3 class=\"wp-block-heading\" id=\"paleta-de-cores\"><strong>Palette de couleurs<\/strong><\/h3>\n\n\n\n<ul class=\"wp-block-list\">\n<li><strong>Teintes pastel :<\/strong> Les roses, les lilas, les bleus clairs et les verts menthe sont des choix populaires pour les ombres \u00e0 paupi\u00e8res, les fards \u00e0 joues et les rouges \u00e0 l\u00e8vres.<\/li>\n\n\n\n<li><strong>Couleurs douces :<\/strong> Les tons neutres avec une touche de brillance, comme le beige nacr\u00e9 et le champagne, sont parfaits pour mettre en valeur la beaut\u00e9 naturelle.<\/li>\n<\/ul>\n\n\n\n<h3 class=\"wp-block-heading\" id=\"produtos-e-tecnicas\"><strong>Produits et techniques<\/strong><\/h3>\n\n\n\n<ul class=\"wp-block-list\">\n<li><strong>Primer illuminateur :<\/strong> Pour garantir un teint \u00e9clatant, utilisez un primer contenant des particules illuminatrices qui donnent \u00e0 la peau un aspect frais et lumineux.<\/li>\n\n\n\n<li><strong>Bases l\u00e9g\u00e8res et liquides :<\/strong> Pr\u00e9f\u00e9rez les fonds de teint l\u00e9gers ou moyens avec un fini naturel, qui laissent la peau respirer et conservent un aspect doux.<\/li>\n\n\n\n<li><strong>Blush cr\u00e8me :<\/strong> Les blushs en cr\u00e8me sont parfaits pour le printemps, car ils se fondent dans la peau, cr\u00e9ant un effet \u201c rose naturel \u201d qui imite l'\u00e9clat de la jeunesse.<\/li>\n\n\n\n<li><strong>Illuminateur subtil :<\/strong> Appliquez l'enlumineur sur les points saillants du visage, tels que les tempes et l'arc de Cupidon, afin de cr\u00e9er un effet de lumi\u00e8re naturelle et de mettre en valeur les traits.<\/li>\n<\/ul>\n\n\n\n<h3 class=\"wp-block-heading\" id=\"dicas-de-aplicacao\"><strong>Conseils d'application<\/strong><\/h3>\n\n\n\n<ul class=\"wp-block-list\">\n<li><strong>Look naturel :<\/strong> Moins, c'est mieux. Optez pour un maquillage qui met en valeur votre beaut\u00e9 sans para\u00eetre trop charg\u00e9.<\/li>\n\n\n\n<li><strong>Une peau bien pr\u00e9par\u00e9e :<\/strong> Investissez dans une bonne routine de soins de la peau pour garantir une base uniforme et hydrat\u00e9e.<\/li>\n\n\n\n<li><strong>Finition translucide :<\/strong> Terminez avec une poudre translucide l\u00e9g\u00e8re pour fixer le maquillage sans compromettre l'\u00e9clat naturel.<\/li>\n<\/ul>\n\n\n\n<p>Le maquillage printanier est parfait pour celles qui recherchent un look radieux, avec des couleurs qui transmettent l\u00e9g\u00e8ret\u00e9 et renouveau. Essayez de m\u00e9langer des tons pastel avec des produits qui favorisent l'hydratation et la luminosit\u00e9 pour cr\u00e9er un look frais et charmant.<\/p>\n\n\n\n<hr class=\"wp-block-separator has-alpha-channel-opacity\"\/>\n\n\n\n<h2 class=\"wp-block-heading\" id=\"maquiagem-no-verao-leveza-e-resiliencia\"><strong>Maquillage en \u00e9t\u00e9 : l\u00e9g\u00e8ret\u00e9 et r\u00e9silience<\/strong><\/h2>\n\n\n\n<p>L'\u00e9t\u00e9 est la saison de la chaleur, de l'\u00e9nergie et des journ\u00e9es ensoleill\u00e9es. Les <strong>tendances maquillage<\/strong> pour l'\u00e9t\u00e9 se concentrent sur des produits qui offrent une r\u00e9sistance \u00e0 la chaleur, \u00e0 la transpiration et \u00e0 l'exposition au soleil, tout en conservant un look impeccable m\u00eame pendant les journ\u00e9es les plus intenses.<\/p>\n\n\n\n<h3 class=\"wp-block-heading\" id=\"paleta-de-cores-1\"><strong>Palette de couleurs<\/strong><\/h3>\n\n\n\n<ul class=\"wp-block-list\">\n<li><strong>Couleurs vibrantes :<\/strong> Les couleurs telles que le corail, l'orange, le rouge et le fuchsia sont tr\u00e8s tendance, apportant une touche d'audace et de vitalit\u00e9.<\/li>\n\n\n\n<li><strong>Neutres rafra\u00eechissants :<\/strong> Pour celles qui pr\u00e9f\u00e8rent un look plus discret, les tons neutres aux reflets dor\u00e9s ou bronz\u00e9s sont id\u00e9aux.<\/li>\n<\/ul>\n\n\n\n<h3 class=\"wp-block-heading\" id=\"produtos-e-tecnicas-2\"><strong>Produits et techniques<\/strong><\/h3>\n\n\n\n<ul class=\"wp-block-list\">\n<li><strong>\u00c9cran solaire et base :<\/strong> La protection solaire est indispensable. Utilisez un appr\u00eat avec SPF pour cr\u00e9er une base qui prot\u00e8ge la peau des dommages caus\u00e9s par les rayons UV.<\/li>\n\n\n\n<li><strong>Bases sans huile :<\/strong> Optez pour des fonds de teint au fini mat qui contr\u00f4lent la brillance et n'obstruent pas les pores, garantissant ainsi un teint frais tout au long de la journ\u00e9e.<\/li>\n\n\n\n<li><strong>Cr\u00e8mes et s\u00e9rums l\u00e9gers :<\/strong> Investissez dans des produits qui offrent une hydratation l\u00e9g\u00e8re, afin d'\u00e9viter un aspect charg\u00e9 et l'accumulation de produit.<\/li>\n\n\n\n<li><strong>Produits r\u00e9sistants \u00e0 l'eau :<\/strong> Les mascaras et les eye-liners waterproof sont indispensables pour garder un maquillage impeccable malgr\u00e9 la transpiration et l'humidit\u00e9.<\/li>\n<\/ul>\n\n\n\n<h3 class=\"wp-block-heading\" id=\"dicas-de-aplicacao-3\"><strong>Conseils d'application<\/strong><\/h3>\n\n\n\n<ul class=\"wp-block-list\">\n<li><strong>Application mod\u00e9r\u00e9e :<\/strong> Pendant l'\u00e9t\u00e9, \u00e9vitez d'appliquer plusieurs couches de maquillage. Privil\u00e9giez une approche minimaliste pour mettre en valeur votre beaut\u00e9 naturelle.<\/li>\n\n\n\n<li><strong>Spray fixateur :<\/strong> Utilisez un spray fixateur waterproof pour garantir que votre maquillage r\u00e9siste aux temp\u00e9ratures \u00e9lev\u00e9es et \u00e0 l'humidit\u00e9.<\/li>\n\n\n\n<li><strong>Technique \u201c No-Makeup \u201d :<\/strong> Le maquillage \u201c no-makeup \u201d est une tendance populaire en \u00e9t\u00e9. Il consiste \u00e0 mettre en valeur les traits du visage \u00e0 l'aide de produits l\u00e9gers qui donnent un aspect parfait \u00e0 la peau sans para\u00eetre maquill\u00e9e.<\/li>\n<\/ul>\n\n\n\n<p>Le maquillage d'\u00e9t\u00e9 doit \u00eatre pratique et durable, avec des produits qui s'adaptent aux conditions climatiques et prot\u00e8gent la peau des agressions ext\u00e9rieures. Essayez des looks qui associent des couleurs vives \u00e0 une application l\u00e9g\u00e8re pour conserver un aspect moderne et sain.<\/p>\n\n\n\n<hr class=\"wp-block-separator has-alpha-channel-opacity\"\/>\n\n\n\n<h2 class=\"wp-block-heading\" id=\"maquiagem-no-outono-elegancia-e-sofisticacao\"><strong>Maquillage d'automne : \u00e9l\u00e9gance et sophistication<\/strong><\/h2>\n\n\n\n<p>L'automne apporte avec lui des tons chauds et terreux, inspirant des looks sophistiqu\u00e9s et \u00e9l\u00e9gants. Les <strong>tendances maquillage<\/strong> pour cette saison, ils mettent en valeur la richesse des tons automnaux et une finition qui souligne la texture naturelle de la peau.<\/p>\n\n\n\n<h3 class=\"wp-block-heading\" id=\"paleta-de-cores-4\"><strong>Palette de couleurs<\/strong><\/h3>\n\n\n\n<ul class=\"wp-block-list\">\n<li><strong>Teintes terreuses :<\/strong> Le marron, le bronze, le cuivre et le dor\u00e9 dominent les palettes, cr\u00e9ant un look chaleureux et \u00e9l\u00e9gant.<\/li>\n\n\n\n<li><strong>Neutres profonds :<\/strong> Des tons tels que le beige, le caramel et le mauve compl\u00e8tent la palette automnale, ajoutant sophistication et chaleur au look.<\/li>\n<\/ul>\n\n\n\n<h3 class=\"wp-block-heading\" id=\"produtos-e-tecnicas-5\"><strong>Produits et techniques<\/strong><\/h3>\n\n\n\n<ul class=\"wp-block-list\">\n<li><strong>Bases de couverture moyenne :<\/strong> Pr\u00e9f\u00e9rez les fonds de teint qui offrent une couvrance moyenne avec un fini naturel, id\u00e9aux pour uniformiser le teint sans cr\u00e9er un effet trop charg\u00e9.<\/li>\n\n\n\n<li><strong>Ombre \u00e0 paupi\u00e8res aux tons chauds :<\/strong> Utilisez des ombres \u00e0 paupi\u00e8res dans des tons terreux pour cr\u00e9er un look harmonieux. Associez des couleurs fonc\u00e9es dans le creux de la paupi\u00e8re \u00e0 des tons plus clairs sur la paupi\u00e8re mobile pour d\u00e9finir le regard avec \u00e9l\u00e9gance.<\/li>\n\n\n\n<li><strong>Blush et enlumineur :<\/strong> Les blushs dans les tons p\u00eache ou rose br\u00fbl\u00e9 et les enlumineurs aux reflets dor\u00e9s contribuent \u00e0 cr\u00e9er un effet radieux et sophistiqu\u00e9.<\/li>\n\n\n\n<li><strong>L\u00e8vres :<\/strong> Les rouges \u00e0 l\u00e8vres aux teintes terreuses, comme le nude, le marron et le bordeaux, sont parfaits pour compl\u00e9ter votre look automnal.<\/li>\n<\/ul>\n\n\n\n<h3 class=\"wp-block-heading\" id=\"dicas-de-aplicacao-6\"><strong>Conseils d'application<\/strong><\/h3>\n\n\n\n<ul class=\"wp-block-list\">\n<li><strong>Contour doux :<\/strong> Le contour peut \u00eatre utilis\u00e9 pour mettre en valeur les traits et cr\u00e9er des ombres naturelles, d\u00e9finissant ainsi subtilement la structure du visage.<\/li>\n\n\n\n<li><strong>M\u00e9lange de tons :<\/strong> Lorsque vous appliquez du fard \u00e0 paupi\u00e8res et du blush, optez pour des techniques permettant de bien estomper les produits afin d'\u00e9viter les lignes marqu\u00e9es et d'assurer une transition douce entre les couleurs.<\/li>\n\n\n\n<li><strong>Finition mate ou semi-mate :<\/strong> En automne, une finition mate ou semi-mate conf\u00e8re un aspect plus sophistiqu\u00e9 et \u00e9l\u00e9gant.<\/li>\n<\/ul>\n\n\n\n<p>Le maquillage d'automne c\u00e9l\u00e8bre la richesse des couleurs chaudes et offre un look qui allie \u00e9l\u00e9gance et naturel. Investissez dans des produits aux teintes terreuses et des techniques de contouring pour cr\u00e9er un look qui met en valeur votre beaut\u00e9 de mani\u00e8re sophistiqu\u00e9e.<\/p>\n\n\n\n<hr class=\"wp-block-separator has-alpha-channel-opacity\"\/>\n\n\n\n<h2 class=\"wp-block-heading\" id=\"maquiagem-no-inverno-intensidade-e-dramaticidade-suave\"><strong>Maquillage en hiver : intensit\u00e9 et dramatisme doux<\/strong><\/h2>\n\n\n\n<p>L'hiver est la saison des contrastes, o\u00f9 le froid et la faible luminosit\u00e9 cr\u00e9ent un cadre id\u00e9al pour des looks plus intenses et dramatiques, sans pour autant perdre en naturel. Les <strong>tendances maquillage<\/strong> pour l'hiver mettent l'accent sur l'hydratation en profondeur, les couleurs intenses et un fini impeccable afin de prot\u00e9ger la peau des rigueurs du froid.<\/p>\n\n\n\n<h3 class=\"wp-block-heading\" id=\"paleta-de-cores-7\"><strong>Palette de couleurs<\/strong><\/h3>\n\n\n\n<ul class=\"wp-block-list\">\n<li><strong>Tons profonds :<\/strong> Les rouges, les bordeaux, les violets et les bleus fonc\u00e9s sont tr\u00e8s utilis\u00e9s, cr\u00e9ant un look saisissant.<\/li>\n\n\n\n<li><strong>Neutres sophistiqu\u00e9s :<\/strong> Les couleurs telles que le gris, le marron et le noir sont \u00e9galement tr\u00e8s appr\u00e9ci\u00e9es, car elles apportent une touche d'\u00e9l\u00e9gance et de modernit\u00e9.<\/li>\n\n\n\n<li><strong>Finition brillante :<\/strong> Les produits aux finitions lumineuses peuvent aider \u00e0 cr\u00e9er un look \u00e9clatant, compensant ainsi la luminosit\u00e9 naturelle moindre en hiver.<\/li>\n<\/ul>\n\n\n\n<h3 class=\"wp-block-heading\" id=\"produtos-e-tecnicas-8\"><strong>Produits et techniques<\/strong><\/h3>\n\n\n\n<ul class=\"wp-block-list\">\n<li><strong>Bases hydratantes :<\/strong> Pendant l'hiver, il est essentiel d'utiliser des fonds de teint qui offrent une hydratation intense pour \u00e9viter le dess\u00e8chement de la peau. Les formules en cr\u00e8me ou liquides avec un fini lumineux sont id\u00e9ales.<\/li>\n\n\n\n<li><strong>Illuminateurs :<\/strong> Un enlumineur puissant aide \u00e0 illuminer le teint et \u00e0 cr\u00e9er un effet \u201c peau de porcelaine \u201d. Appliquez-le sur les points saillants du visage pour un look radieux.<\/li>\n\n\n\n<li><strong>Palettes d'ombres \u00e0 paupi\u00e8res intenses :<\/strong> Investissez dans des ombres \u00e0 paupi\u00e8res tr\u00e8s pigment\u00e9es, mais qui peuvent \u00eatre estomp\u00e9es pour cr\u00e9er un look sophistiqu\u00e9 sans exag\u00e9ration.<\/li>\n\n\n\n<li><strong>Produits pour les l\u00e8vres :<\/strong> Les rouges \u00e0 l\u00e8vres hydratants et longue tenue sont indispensables, car les l\u00e8vres ont tendance \u00e0 se dess\u00e9cher en hiver. Les teintes intenses peuvent \u00eatre utilis\u00e9es pour apporter une touche dramatique.<\/li>\n<\/ul>\n\n\n\n<h3 class=\"wp-block-heading\" id=\"dicas-de-aplicacao-9\"><strong>Conseils d'application<\/strong><\/h3>\n\n\n\n<ul class=\"wp-block-list\">\n<li><strong>Hydratation pr\u00e9alable :<\/strong> La pr\u00e9paration de la peau est encore plus importante en hiver. Utilisez des masques hydratants et des cr\u00e8mes riches pour garantir une base ad\u00e9quate pour le maquillage.<\/li>\n\n\n\n<li><strong>Techniques de d\u00e9grad\u00e9 :<\/strong> Lorsque vous appliquez des ombres \u00e0 paupi\u00e8res et des eye-liners, prenez le temps de les estomper pour \u00e9viter un look trop charg\u00e9 et cr\u00e9er un effet de transition doux.<\/li>\n\n\n\n<li><strong>Finition avec spray fixateur :<\/strong> Utilisez un spray fixateur pour garder votre maquillage intact tout au long de la journ\u00e9e, garantissant ainsi sa tenue m\u00eame dans les environnements chauff\u00e9s ou climatis\u00e9s.<\/li>\n<\/ul>\n\n\n\n<p>Le maquillage d'hiver est l'occasion d'explorer des couleurs intenses et de cr\u00e9er des looks marquants, tout en pr\u00e9servant le naturel. Investissez dans des produits hydratants et des techniques d'application qui mettent en valeur votre beaut\u00e9, pour un look sophistiqu\u00e9 et durable.<\/p>\n\n\n\n<hr class=\"wp-block-separator has-alpha-channel-opacity\"\/>\n\n\n\n<h2 class=\"wp-block-heading\" id=\"conclusao\"><strong>Conclusion<\/strong><\/h2>\n\n\n\n<p>Les <strong>tendances maquillage<\/strong> varient selon les saisons, refl\u00e9tant les changements climatiques, les palettes de couleurs et les influences culturelles. De la l\u00e9g\u00e8ret\u00e9 et la fra\u00eecheur du printemps \u00e0 l'\u00e9l\u00e9gance de l'automne et l'intensit\u00e9 de l'hiver, en passant par la praticit\u00e9 et la r\u00e9sistance de l'\u00e9t\u00e9, chaque saison offre des occasions uniques de r\u00e9inventer son look et d'exprimer sa personnalit\u00e9.<\/p>\n\n\n\n<p>Pour tirer pleinement parti de ces tendances, il est essentiel :<\/p>\n\n\n\n<ul class=\"wp-block-list\">\n<li>Adaptez votre routine de soins \u00e0 la saison.<\/li>\n\n\n\n<li>Investissez dans des produits qui r\u00e9pondent aux besoins sp\u00e9cifiques de votre peau et de votre environnement.<\/li>\n\n\n\n<li>Essayer de nouvelles techniques et \u00eatre ouverte aux nouveaut\u00e9s dans le domaine du maquillage.<\/li>\n<\/ul>\n\n\n\n<p>N'oubliez pas que le maquillage est une forme d'expression personnelle. Quelle que soit la saison, l'important est que vous vous sentiez confiante et authentique avec le look que vous avez choisi. Gr\u00e2ce aux conseils pr\u00e9sent\u00e9s dans ce guide, vous serez pr\u00eate \u00e0 explorer les <strong>tendances maquillage<\/strong> de chaque saison et cr\u00e9er des looks qui mettent en valeur votre beaut\u00e9 naturelle, s'harmonisent avec votre style et s'adaptent aux conditions climatiques.<\/p>\n\n\n\n<p>Non <strong>Beaut\u00e9 Art<\/strong>, nous nous engageons \u00e0 vous proposer des conseils et des produits qui transformeront votre routine beaut\u00e9. Pour plus d'astuces, de tutoriels et d'actualit\u00e9s sur l'univers du maquillage, rendez-vous sur notre site web. <a href=\"https:\/\/beleza.artereciclada.com.br\/fr\/\">Beaut\u00e9 Art<\/a> et suivez nos r\u00e9seaux sociaux. Si vous avez besoin de conseils personnalis\u00e9s, veuillez nous contacter par courrier \u00e9lectronique \u00e0 l'adresse suivante <strong><a href=\"mailto:contato@artereciclada.com.br\">contato@artereciclada.com.br<\/a><\/strong>.<\/p>\n\n\n\n<hr class=\"wp-block-separator has-alpha-channel-opacity\"\/>\n\n\n\n<h2 class=\"wp-block-heading\" id=\"fontes-de-inspiracao\"><strong>Sources d'inspiration<\/strong><\/h2>\n\n\n\n<p>Cet article a \u00e9t\u00e9 r\u00e9dig\u00e9 sur la base des tendances actuelles du march\u00e9 de la beaut\u00e9 et des pratiques reconnues dans le domaine du maquillage. Les conseils pr\u00e9sent\u00e9s ici ont pour objectif de vous offrir un guide complet et actualis\u00e9 afin que vous puissiez explorer les <strong>tendances maquillage<\/strong> \u00e0 chaque saison, en adaptant votre look et en mettant en valeur votre beaut\u00e9 de mani\u00e8re unique et sophistiqu\u00e9e.<\/p>\n\n\n\n<p>Investissez en vous, essayez de nouvelles couleurs et techniques, et d\u00e9couvrez le pouvoir transformateur d'un maquillage qui s'adapte aux saisons : chaque p\u00e9riode de l'ann\u00e9e m\u00e9rite un look sp\u00e9cial et authentique !<\/p>\n\n\n\n<p><a href=\"https:\/\/www.youtube.com\/watch?v=7TNCcTnHZOw\" target=\"_blank\" rel=\"noopener\">Vid\u00e9o Suggestion<\/a><\/p>\n\n\n\n<p><\/p>","protected":false},"excerpt":{"rendered":"<p>O universo da beleza est\u00e1 em constante transforma\u00e7\u00e3o, e as tend\u00eancias maquiagem acompanham o ritmo das esta\u00e7\u00f5es do ano, refletindo n\u00e3o apenas as mudan\u00e7as clim\u00e1ticas, mas tamb\u00e9m as influ\u00eancias culturais e art\u00edsticas de cada per\u00edodo. Cada esta\u00e7\u00e3o traz suas pr\u00f3prias inspira\u00e7\u00f5es, paletas de cores e t\u00e9cnicas que podem ser incorporadas \u00e0 sua rotina de maquiagem [&hellip;]<\/p>","protected":false},"author":4,"featured_media":182,"comment_status":"open","ping_status":"open","sticky":false,"template":"","format":"standard","meta":{"footnotes":""},"categories":[7],"tags":[],"class_list":["post-181","post","type-post","status-publish","format-standard","has-post-thumbnail","hentry","category-maquiagem"],"blocksy_meta":[],"_links":{"self":[{"href":"https:\/\/beleza.artereciclada.com.br\/fr\/wp-json\/wp\/v2\/posts\/181","targetHints":{"allow":["GET"]}}],"collection":[{"href":"https:\/\/beleza.artereciclada.com.br\/fr\/wp-json\/wp\/v2\/posts"}],"about":[{"href":"https:\/\/beleza.artereciclada.com.br\/fr\/wp-json\/wp\/v2\/types\/post"}],"author":[{"embeddable":true,"href":"https:\/\/beleza.artereciclada.com.br\/fr\/wp-json\/wp\/v2\/users\/4"}],"replies":[{"embeddable":true,"href":"https:\/\/beleza.artereciclada.com.br\/fr\/wp-json\/wp\/v2\/comments?post=181"}],"version-history":[{"count":2,"href":"https:\/\/beleza.artereciclada.com.br\/fr\/wp-json\/wp\/v2\/posts\/181\/revisions"}],"predecessor-version":[{"id":224,"href":"https:\/\/beleza.artereciclada.com.br\/fr\/wp-json\/wp\/v2\/posts\/181\/revisions\/224"}],"wp:featuredmedia":[{"embeddable":true,"href":"https:\/\/beleza.artereciclada.com.br\/fr\/wp-json\/wp\/v2\/media\/182"}],"wp:attachment":[{"href":"https:\/\/beleza.artereciclada.com.br\/fr\/wp-json\/wp\/v2\/media?parent=181"}],"wp:term":[{"taxonomy":"category","embeddable":true,"href":"https:\/\/beleza.artereciclada.com.br\/fr\/wp-json\/wp\/v2\/categories?post=181"},{"taxonomy":"post_tag","embeddable":true,"href":"https:\/\/beleza.artereciclada.com.br\/fr\/wp-json\/wp\/v2\/tags?post=181"}],"curies":[{"name":"wp","href":"https:\/\/api.w.org\/{rel}","templated":true}]}}