{"id":174,"date":"2025-02-14T11:28:40","date_gmt":"2025-02-14T17:28:40","guid":{"rendered":"https:\/\/beleza.artereciclada.com.br\/?p=174"},"modified":"2025-02-14T17:05:17","modified_gmt":"2025-02-14T20:05:17","slug":"base-ideal","status":"publish","type":"post","link":"https:\/\/beleza.artereciclada.com.br\/fr\/maquiagem\/base-ideal\/","title":{"rendered":"Fond de teint id\u00e9al : comment choisir le fond de teint id\u00e9al pour votre teint et votre type de peau"},"content":{"rendered":"<p>Trouver la <strong>base id\u00e9ale<\/strong> C'est l'une des \u00e9tapes les plus importantes pour obtenir un maquillage parfait et naturel. Le fond de teint ad\u00e9quat uniformise non seulement le teint, mais cr\u00e9e \u00e9galement une base parfaite pour l'application du reste du maquillage. Dans <strong>Beaut\u00e9 Art<\/strong>, nous comprenons que le choix du fond de teint est un processus qui implique plusieurs facteurs, depuis votre teint jusqu'au type et aux besoins sp\u00e9cifiques de vos cheveux. Dans cet article, nous allons d\u00e9tailler comment choisir le fond de teint id\u00e9al, en abordant des conseils, des techniques et des consid\u00e9rations essentielles pour que vous puissiez trouver le produit parfait pour mettre en valeur votre beaut\u00e9 naturelle.<\/p>\n\n\n\n<figure class=\"wp-block-image size-large\"><img fetchpriority=\"high\" decoding=\"async\" width=\"1024\" height=\"585\" src=\"https:\/\/beleza.artereciclada.com.br\/wp-content\/uploads\/2025\/02\/DALL\u00b7E-2025-02-14-14.25.20-A-stylish-and-modern-composition-featuring-a-close-up-of-different-foundation-shades-swatched-on-a-persons-arm-showcasing-a-variety-of-skin-tones.-T-1-1024x585.webp\" alt=\"base ideal\" class=\"wp-image-175\" srcset=\"https:\/\/beleza.artereciclada.com.br\/wp-content\/uploads\/2025\/02\/DALL\u00b7E-2025-02-14-14.25.20-A-stylish-and-modern-composition-featuring-a-close-up-of-different-foundation-shades-swatched-on-a-persons-arm-showcasing-a-variety-of-skin-tones.-T-1-1024x585.webp 1024w, https:\/\/beleza.artereciclada.com.br\/wp-content\/uploads\/2025\/02\/DALL\u00b7E-2025-02-14-14.25.20-A-stylish-and-modern-composition-featuring-a-close-up-of-different-foundation-shades-swatched-on-a-persons-arm-showcasing-a-variety-of-skin-tones.-T-1-300x171.webp 300w, https:\/\/beleza.artereciclada.com.br\/wp-content\/uploads\/2025\/02\/DALL\u00b7E-2025-02-14-14.25.20-A-stylish-and-modern-composition-featuring-a-close-up-of-different-foundation-shades-swatched-on-a-persons-arm-showcasing-a-variety-of-skin-tones.-T-1-768x439.webp 768w, https:\/\/beleza.artereciclada.com.br\/wp-content\/uploads\/2025\/02\/DALL\u00b7E-2025-02-14-14.25.20-A-stylish-and-modern-composition-featuring-a-close-up-of-different-foundation-shades-swatched-on-a-persons-arm-showcasing-a-variety-of-skin-tones.-T-1-1536x878.webp 1536w, https:\/\/beleza.artereciclada.com.br\/wp-content\/uploads\/2025\/02\/DALL\u00b7E-2025-02-14-14.25.20-A-stylish-and-modern-composition-featuring-a-close-up-of-different-foundation-shades-swatched-on-a-persons-arm-showcasing-a-variety-of-skin-tones.-T-1-18x10.webp 18w, https:\/\/beleza.artereciclada.com.br\/wp-content\/uploads\/2025\/02\/DALL\u00b7E-2025-02-14-14.25.20-A-stylish-and-modern-composition-featuring-a-close-up-of-different-foundation-shades-swatched-on-a-persons-arm-showcasing-a-variety-of-skin-tones.-T-1.webp 1792w\" sizes=\"(max-width: 1024px) 100vw, 1024px\" \/><\/figure>\n\n\n\n<div class=\"wp-block-rank-math-toc-block\" id=\"rank-math-toc\"><h2>Index<\/h2><nav><ul><li class=\"\"><a href=\"#a-importancia-de-escolher-a-base-ideal\">L'importance de choisir la base id\u00e9ale<\/a><\/li><li class=\"\"><a href=\"#fatores-a-considerar-na-escolha-da-base-ideal\">Facteurs \u00e0 prendre en compte lors du choix de la base id\u00e9ale<\/a><ul><li class=\"\"><a href=\"#1-conheca-seu-tipo-de-pele\">1. Connaissez votre type de peau<\/a><\/li><li class=\"\"><a href=\"#2-determine-o-tom-e-o-subtom-da-sua-pele\">2. D\u00e9terminez la teinte et la sous-teinte de votre peau<\/a><\/li><li class=\"\"><a href=\"#3-escolha-o-grau-de-cobertura\">3. Choisissez le degr\u00e9 de couverture<\/a><\/li><li class=\"\"><a href=\"#4-considere-o-acabamento\">4. Consid\u00e9rez la finition<\/a><\/li><li class=\"\"><a href=\"#5-formula-e-ingredientes\">5. Formule et ingr\u00e9dients<\/a><\/li><\/ul><\/li><li class=\"\"><a href=\"#tecnicas-de-aplicacao-para-uma-base-impecavel\">Techniques d'application pour un teint impeccable<\/a><ul><li class=\"\"><a href=\"#1-preparacao-da-pele\">1. Pr\u00e9paration de la peau<\/a><\/li><li class=\"\"><a href=\"#2-aplicacao-da-base\">2. Application de la base<\/a><\/li><li class=\"\"><a href=\"#3-fixacao-e-selagem\">3. Fixation et scellement<\/a><\/li><\/ul><\/li><li class=\"\"><a href=\"#erros-comuns-e-como-evita-los\">Erreurs courantes et comment les \u00e9viter<\/a><ul><li class=\"\"><a href=\"#1-escolher-a-cor-errada\">1. Choisir la mauvaise couleur<\/a><\/li><li class=\"\"><a href=\"#2-excesso-de-produto\">2. Exc\u00e8s de produit<\/a><\/li><li class=\"\"><a href=\"#3-nao-preparar-a-pele-corretamente\">3. Ne pas pr\u00e9parer correctement la peau<\/a><\/li><li class=\"\"><a href=\"#4-nao-ajustar-a-formula-ao-clima\">4. Ne pas adapter la formule au climat<\/a><\/li><\/ul><\/li><li class=\"\"><a href=\"#personalizando-a-escolha-da-base-ideal\">Personnalisation du choix de la base id\u00e9ale<\/a><\/li><li class=\"\"><a href=\"#tendencias-e-inovacoes-em-bases\">Tendances et innovations dans les bases<\/a><ul><li class=\"\"><a href=\"#1-bases-com-tecnologia-de-longa-duracao\">1. Bases avec technologie longue dur\u00e9e<\/a><\/li><li class=\"\"><a href=\"#2-bases-multifuncionais\">2. Bases multifonctionnelles<\/a><\/li><li class=\"\"><a href=\"#3-bases-personalizaveis\">3. Bases personnalisables<\/a><\/li><\/ul><\/li><li class=\"\"><a href=\"#dicas-finais-e-conclusao\">Conseils finaux et conclusion<\/a><\/li><li class=\"\"><a href=\"#fontes-de-inspiracao\">Sources d'inspiration<\/a><\/li><\/ul><\/nav><\/div>\n\n\n\n<h2 class=\"wp-block-heading\" id=\"a-importancia-de-escolher-a-base-ideal\"><strong>L'importance de choisir la base id\u00e9ale<\/strong><\/h2>\n\n\n\n<p>Le fond de teint est la premi\u00e8re \u00e9tape pour un maquillage r\u00e9ussi. Il sert \u00e0 uniformiser le teint, \u00e0 dissimuler les imperfections et \u00e0 cr\u00e9er une surface lisse et homog\u00e8ne pour l'application d'autres produits. Un fond de teint mal choisi peut donner un aspect artificiel, avec des lignes visibles et un fini inad\u00e9quat. C'est pourquoi il est important de prendre le temps de trouver le <strong>base id\u00e9ale<\/strong> est essentiel pour :<\/p>\n\n\n\n<ul class=\"wp-block-list\">\n<li><strong>Mettre en valeur la beaut\u00e9 naturelle :<\/strong> Le fond de teint adapt\u00e9 met en valeur vos plus beaux atouts, tout en \u00e9quilibrant les imperfections sans masquer votre authenticit\u00e9.<\/li>\n\n\n\n<li><strong>Uniformiser le teint :<\/strong> Corrige les petites taches, les cernes et les zones d\u00e9color\u00e9es, pour un teint plus uniforme.<\/li>\n\n\n\n<li><strong>Pr\u00e9parer la peau pour le reste du maquillage :<\/strong> Une base bien appliqu\u00e9e permet aux autres produits, tels que les correcteurs, les fards \u00e0 joues et les enlumineurs, de mieux adh\u00e9rer et de tenir plus longtemps.<\/li>\n\n\n\n<li><strong>Augmenter la confiance en soi :<\/strong> Lorsque le maquillage est bien fait et harmonieux, l'estime de soi a tendance \u00e0 augmenter, ce qui a un impact positif sur divers aspects de la vie.<\/li>\n<\/ul>\n\n\n\n<hr class=\"wp-block-separator has-alpha-channel-opacity\"\/>\n\n\n\n<h2 class=\"wp-block-heading\" id=\"fatores-a-considerar-na-escolha-da-base-ideal\"><strong>Facteurs \u00e0 prendre en compte lors du choix de la base id\u00e9ale<\/strong><\/h2>\n\n\n\n<h3 class=\"wp-block-heading\" id=\"1-conheca-seu-tipo-de-pele\"><strong>1. Connaissez votre type de peau<\/strong><\/h3>\n\n\n\n<p>La premi\u00e8re \u00e9tape pour trouver la <strong>base id\u00e9ale<\/strong> est d'identifier votre type de peau. Chaque peau poss\u00e8de des caract\u00e9ristiques uniques qui influencent le choix de la formule et du fini du fond de teint.<\/p>\n\n\n\n<ul class=\"wp-block-list\">\n<li><strong>Peau normale :<\/strong> G\u00e9n\u00e9ralement bien \u00e9quilibr\u00e9e en termes d'hydratation et de s\u00e9bum. Les fonds de teint l\u00e9gers \u00e0 moyens conviennent bien et offrent un fini naturel.<\/li>\n\n\n\n<li><strong>Peau grasse :<\/strong> Elle a tendance \u00e0 pr\u00e9senter un exc\u00e8s de brillance et des pores dilat\u00e9s. Privil\u00e9giez les fonds de teint sans huile, au fini mat, qui contr\u00f4lent la brillance tout au long de la journ\u00e9e.<\/li>\n\n\n\n<li><strong>Peau s\u00e8che :<\/strong> Elle semble s\u00e8che et peut faire appara\u00eetre des ridules. Les fonds de teint hydratants et cr\u00e9meux sont id\u00e9aux pour maintenir l'hydratation et le confort.<\/li>\n\n\n\n<li><strong>Peau mixte :<\/strong> Il pr\u00e9sente des zones plus grasses (g\u00e9n\u00e9ralement dans la zone T) et des zones s\u00e8ches. Il peut \u00eatre n\u00e9cessaire d'utiliser des produits diff\u00e9rents pour chaque zone ou d'opter pour un fond de teint semi-mat qui \u00e9quilibre les besoins.<\/li>\n\n\n\n<li><strong>Peau sensible :<\/strong> R\u00e9agit facilement aux ingr\u00e9dients agressifs. Choisissez des bases hypoallerg\u00e9niques et sans parfum, formul\u00e9es pour minimiser les irritations.<\/li>\n<\/ul>\n\n\n\n<h3 class=\"wp-block-heading\" id=\"2-determine-o-tom-e-o-subtom-da-sua-pele\"><strong>2. D\u00e9terminez la teinte et la sous-teinte de votre peau<\/strong><\/h3>\n\n\n\n<p>Trouver la <strong>base id\u00e9ale<\/strong> pour votre teint et votre sous-teint est essentiel pour obtenir un r\u00e9sultat naturel. Le teint fait r\u00e9f\u00e9rence \u00e0 la couleur g\u00e9n\u00e9rale de la peau, tandis que le sous-teint indique la nuance qui appara\u00eet en dessous, qui peut \u00eatre froide, chaude ou neutre.<\/p>\n\n\n\n<ul class=\"wp-block-list\">\n<li><strong>Test sur le poignet ou le visage :<\/strong> La meilleure fa\u00e7on de choisir la bonne couleur est de tester le fond de teint sur le contour de votre visage ou sur votre poignet. Laissez le produit s\u00e9cher et v\u00e9rifiez si la couleur s'harmonise avec votre peau.<\/li>\n\n\n\n<li><strong>Identification du sous-ton :<\/strong>\n<ul class=\"wp-block-list\">\n<li><strong>Sous-ton froid :<\/strong> Pr\u00e9sence de nuances ros\u00e9es, rouge\u00e2tres ou bleut\u00e9es. Je constate que la base peut avoir une touche plus nacr\u00e9e ou des reflets ros\u00e9s.<\/li>\n\n\n\n<li><strong>Sous-ton chaud :<\/strong> Pr\u00e9dominance de tons dor\u00e9s, jaun\u00e2tres ou p\u00eache. Les fonds de teint au fini dor\u00e9 sont recommand\u00e9s.<\/li>\n\n\n\n<li><strong>Sous-ton neutre :<\/strong> Combinaison \u00e9quilibr\u00e9e de tons froids et chauds. La plupart des bases neutres s'adaptent bien \u00e0 cette condition.<\/li>\n<\/ul>\n<\/li>\n<\/ul>\n\n\n\n<h3 class=\"wp-block-heading\" id=\"3-escolha-o-grau-de-cobertura\"><strong>3. Choisissez le degr\u00e9 de couverture<\/strong><\/h3>\n\n\n\n<p>A <strong>base id\u00e9ale<\/strong> varie \u00e9galement en fonction de la couvrance souhait\u00e9e. Il existe des fonds de teint \u00e0 couvrance l\u00e9g\u00e8re, moyenne et totale. Le choix d\u00e9pend du r\u00e9sultat que vous recherchez :<\/p>\n\n\n\n<ul class=\"wp-block-list\">\n<li><strong>Couverture l\u00e9g\u00e8re :<\/strong> Id\u00e9al pour un look naturel, qui unifie le teint sans masquer les traits naturels. Convient pour un usage quotidien et pour celles qui pr\u00e9f\u00e8rent un look plus frais.<\/li>\n\n\n\n<li><strong>Couverture moyenne :<\/strong> Il offre un \u00e9quilibre entre le camouflage des imperfections et le maintien du naturel de la peau. C'est un excellent choix pour celles qui recherchent un fini un peu plus raffin\u00e9.<\/li>\n\n\n\n<li><strong>Couverture totale :<\/strong> Indiqu\u00e9 pour les \u00e9v\u00e9nements sp\u00e9ciaux ou pour dissimuler les imperfections plus importantes, telles que les cicatrices ou les taches importantes. Il peut avoir un effet plus lourd et n\u00e9cessite une application minutieuse pour \u00e9viter un aspect trop cr\u00e9meux.<\/li>\n<\/ul>\n\n\n\n<h3 class=\"wp-block-heading\" id=\"4-considere-o-acabamento\"><strong>4. Consid\u00e9rez la finition<\/strong><\/h3>\n\n\n\n<p>La finition de la base influence directement l'aspect final du maquillage. Il existe diff\u00e9rents types de finitions qui peuvent r\u00e9pondre \u00e0 diverses pr\u00e9f\u00e9rences :<\/p>\n\n\n\n<ul class=\"wp-block-list\">\n<li><strong>Finition mate :<\/strong> Indiqu\u00e9 pour les peaux grasses, car il aide \u00e0 contr\u00f4ler la brillance et \u00e0 donner un aspect plus uniforme.<\/li>\n\n\n\n<li><strong>Finition lumineuse :<\/strong> Pour les peaux s\u00e8ches ou normales qui ont besoin d'un coup d'\u00e9clat et de vitalit\u00e9.<\/li>\n\n\n\n<li><strong>Finition naturelle :<\/strong> \u00c9quilibre parfait entre matit\u00e9 et luminosit\u00e9, id\u00e9al pour la plupart des types de peau.<\/li>\n<\/ul>\n\n\n\n<h3 class=\"wp-block-heading\" id=\"5-formula-e-ingredientes\"><strong>5. Formule et ingr\u00e9dients<\/strong><\/h3>\n\n\n\n<p>Outre la couleur et la couvrance, la composition du fond de teint est essentielle pour garantir la sant\u00e9 de la peau. Recherchez des formules contenant des ingr\u00e9dients b\u00e9n\u00e9fiques, tels que :<\/p>\n\n\n\n<ul class=\"wp-block-list\">\n<li><strong>Acide hyaluronique :<\/strong> Pour une hydratation en profondeur.<\/li>\n\n\n\n<li><strong>Vitamines C et E :<\/strong> Antioxydants qui prot\u00e8gent la peau contre les dommages environnementaux.<\/li>\n\n\n\n<li><strong>Peptides :<\/strong> Qui aident \u00e0 stimuler la production de collag\u00e8ne.<\/li>\n\n\n\n<li><strong>Formules sans parab\u00e8ne ni sulfate :<\/strong> Sp\u00e9cialement con\u00e7u pour les peaux sensibles, afin d'\u00e9viter les irritations et les allergies.<\/li>\n<\/ul>\n\n\n\n<hr class=\"wp-block-separator has-alpha-channel-opacity\"\/>\n\n\n\n<h2 class=\"wp-block-heading\" id=\"tecnicas-de-aplicacao-para-uma-base-impecavel\"><strong>Techniques d'application pour un teint impeccable<\/strong><\/h2>\n\n\n\n<p>M\u00eame le fond de teint id\u00e9al doit \u00eatre bien appliqu\u00e9 pour obtenir un fini parfait. Voici quelques conseils d'application :<\/p>\n\n\n\n<h3 class=\"wp-block-heading\" id=\"1-preparacao-da-pele\"><strong>1. Pr\u00e9paration de la peau<\/strong><\/h3>\n\n\n\n<ul class=\"wp-block-list\">\n<li><strong>Nettoyage et hydratation :<\/strong> Commencez par nettoyer et hydrater votre peau. Appliquez une base pour uniformiser le grain de peau et prolonger la tenue du maquillage.<\/li>\n\n\n\n<li><strong>\u00c9cran solaire :<\/strong> N'oubliez pas d'appliquer un \u00e9cran solaire avant le fond de teint, surtout si celui-ci ne contient pas de SPF.<\/li>\n<\/ul>\n\n\n\n<h3 class=\"wp-block-heading\" id=\"2-aplicacao-da-base\"><strong>2. Application de la base<\/strong><\/h3>\n\n\n\n<ul class=\"wp-block-list\">\n<li><strong>Outils appropri\u00e9s :<\/strong> Utilisez des pinceaux, des \u00e9ponges humides ou vos doigts pour appliquer le fond de teint, selon votre pr\u00e9f\u00e9rence. L'\u00e9ponge humide peut donner un fini plus l\u00e9ger et naturel.<\/li>\n\n\n\n<li><strong>Mouvements doux :<\/strong> Appliquez le fond de teint par mouvements circulaires et doux, en r\u00e9partissant le produit uniform\u00e9ment. \u00c9vitez de frotter le produit, ce qui pourrait cr\u00e9er des traces et un fini irr\u00e9gulier.<\/li>\n\n\n\n<li><strong>Construction de la couverture :<\/strong> Si n\u00e9cessaire, appliquez plusieurs couches l\u00e9g\u00e8res. Il est plus facile d'ajouter du produit que d'enlever l'exc\u00e9dent.<\/li>\n<\/ul>\n\n\n\n<h3 class=\"wp-block-heading\" id=\"3-fixacao-e-selagem\"><strong>3. Fixation et scellement<\/strong><\/h3>\n\n\n\n<ul class=\"wp-block-list\">\n<li><strong>Poudre translucide :<\/strong> Apr\u00e8s avoir appliqu\u00e9 le fond de teint, utilisez une poudre translucide pour fixer le maquillage, en particulier sur la zone T ou les zones grasses.<\/li>\n\n\n\n<li><strong>Spray fixateur :<\/strong> Un spray fixateur peut aider \u00e0 prolonger la tenue du maquillage et \u00e0 conserver un fini impeccable tout au long de la journ\u00e9e.<\/li>\n<\/ul>\n\n\n\n<hr class=\"wp-block-separator has-alpha-channel-opacity\"\/>\n\n\n\n<h2 class=\"wp-block-heading\" id=\"erros-comuns-e-como-evita-los\"><strong>Erreurs courantes et comment les \u00e9viter<\/strong><\/h2>\n\n\n\n<p>M\u00eame avec tous ces conseils, il est courant de commettre certaines erreurs dans le choix et l'application du fond de teint. Voici quelques-unes des erreurs les plus courantes et comment les \u00e9viter :<\/p>\n\n\n\n<h3 class=\"wp-block-heading\" id=\"1-escolher-a-cor-errada\"><strong>1. Choisir la mauvaise couleur<\/strong><\/h3>\n\n\n\n<ul class=\"wp-block-list\">\n<li><strong>Test sur la peau :<\/strong> Ne choisissez jamais un fond de teint uniquement en regardant l'emballage. Testez-le toujours sur le contour du visage et observez-le sous diff\u00e9rents \u00e9clairages.<\/li>\n\n\n\n<li><strong>R\u00e9glage de la sous-tonalit\u00e9 :<\/strong> Si la base semble \u201c grise \u201d ou \u201c orange \u201d, elle n'est probablement pas adapt\u00e9e \u00e0 votre sous-ton. Optez plut\u00f4t pour une couleur qui compl\u00e8te votre teint.<\/li>\n<\/ul>\n\n\n\n<h3 class=\"wp-block-heading\" id=\"2-excesso-de-produto\"><strong>2. Exc\u00e8s de produit<\/strong><\/h3>\n\n\n\n<ul class=\"wp-block-list\">\n<li><strong>Couches minces :<\/strong> \u00c9vitez d'appliquer trop de fond de teint \u00e0 la fois. Des couches fines garantissent un fini plus naturel et \u00e9vitent l'effet \u201c cakey \u201d.<\/li>\n\n\n\n<li><strong>M\u00e9lange ad\u00e9quat :<\/strong> M\u00e9langez toujours bien les produits pour \u00e9viter les accumulations et les traces visibles, en particulier au niveau du contour des yeux et de la bouche.<\/li>\n<\/ul>\n\n\n\n<h3 class=\"wp-block-heading\" id=\"3-nao-preparar-a-pele-corretamente\"><strong>3. Ne pas pr\u00e9parer correctement la peau<\/strong><\/h3>\n\n\n\n<ul class=\"wp-block-list\">\n<li><strong>Une peau parfaitement nette :<\/strong> Le fond de teint n'adh\u00e9rera pas bien si la peau est sale ou grasse. Investissez dans une bonne routine de nettoyage et d'hydratation.<\/li>\n\n\n\n<li><strong>Utilisation du primaire :<\/strong> Le primer est un alli\u00e9 important pour obtenir un fini uniforme et durable. Ne sautez pas cette \u00e9tape.<\/li>\n<\/ul>\n\n\n\n<h3 class=\"wp-block-heading\" id=\"4-nao-ajustar-a-formula-ao-clima\"><strong>4. Ne pas adapter la formule au climat<\/strong><\/h3>\n\n\n\n<ul class=\"wp-block-list\">\n<li><strong>Climat chaud :<\/strong> Par temps chaud, privil\u00e9giez les fonds de teint au fini mat pour contr\u00f4ler la brillance.<\/li>\n\n\n\n<li><strong>Climat froid :<\/strong> Dans les environnements plus secs, les fonds de teint lumineux et les formules hydratantes sont id\u00e9aux pour \u00e9viter que la peau ne se dess\u00e8che.<\/li>\n<\/ul>\n\n\n\n<hr class=\"wp-block-separator has-alpha-channel-opacity\"\/>\n\n\n\n<h2 class=\"wp-block-heading\" id=\"personalizando-a-escolha-da-base-ideal\"><strong>Personnalisation du choix de la base id\u00e9ale<\/strong><\/h2>\n\n\n\n<p>Chaque personne est unique, c'est pourquoi le choix de la <strong>base id\u00e9ale<\/strong> doit \u00eatre personnalis\u00e9e. Prenez en consid\u00e9ration :<\/p>\n\n\n\n<ul class=\"wp-block-list\">\n<li><strong>Pr\u00e9occupations sp\u00e9cifiques :<\/strong> Si vous avez de l'acn\u00e9, des taches ou des rides d'expression, choisissez un fond de teint qui aide \u00e0 dissimuler ces imperfections sans alourdir.<\/li>\n\n\n\n<li><strong>Pr\u00e9f\u00e9rence de couverture :<\/strong> Certaines personnes pr\u00e9f\u00e8rent un maquillage plus l\u00e9ger, tandis que d'autres ont besoin d'un fond de teint plus couvrant.<\/li>\n\n\n\n<li><strong>Routine de soins :<\/strong> Si vous avez une routine bien \u00e9tablie pour prendre soin de vos cheveux et de votre peau, optez pour un fond de teint qui s'int\u00e8gre bien aux autres produits, sans provoquer de d\u00e9coloration ni d'accumulation de produit.<\/li>\n<\/ul>\n\n\n\n<hr class=\"wp-block-separator has-alpha-channel-opacity\"\/>\n\n\n\n<h2 class=\"wp-block-heading\" id=\"tendencias-e-inovacoes-em-bases\"><strong>Tendances et innovations dans les bases<\/strong><\/h2>\n\n\n\n<p>Le march\u00e9 du maquillage est en constante \u00e9volution, et les fonds de teint se sont \u00e9galement adapt\u00e9s aux nouveaux besoins des consommateurs. Voici quelques innovations :<\/p>\n\n\n\n<h3 class=\"wp-block-heading\" id=\"1-bases-com-tecnologia-de-longa-duracao\"><strong>1. Bases avec technologie longue dur\u00e9e<\/strong><\/h3>\n\n\n\n<ul class=\"wp-block-list\">\n<li><strong>Formules r\u00e9sistantes \u00e0 la chaleur et \u00e0 l'humidit\u00e9 :<\/strong> Con\u00e7ues pour conserver leur couleur et leur finition m\u00eame dans des conditions difficiles, elles sont id\u00e9ales pour ceux qui passent toute la journ\u00e9e \u00e0 l'ext\u00e9rieur.<\/li>\n\n\n\n<li><strong>Ingr\u00e9dients de l'autocorrection :<\/strong> Certaines bases sont dot\u00e9es d'une technologie qui s'adapte \u00e0 la carnation tout au long de la journ\u00e9e, garantissant un fini naturel et harmonieux.<\/li>\n<\/ul>\n\n\n\n<h3 class=\"wp-block-heading\" id=\"2-bases-multifuncionais\"><strong>2. Bases multifonctionnelles<\/strong><\/h3>\n\n\n\n<ul class=\"wp-block-list\">\n<li><strong>Avec protection solaire :<\/strong> Des bases qui contiennent d\u00e9j\u00e0 un FPS, \u00e9liminant ainsi le besoin d'un \u00e9cran solaire s\u00e9par\u00e9.<\/li>\n\n\n\n<li><strong>Avec antioxydants et vitamine C :<\/strong> Produits qui aident \u00e0 lutter contre les radicaux libres et \u00e0 pr\u00e9venir les signes du vieillissement tout en uniformisant le teint.<\/li>\n<\/ul>\n\n\n\n<h3 class=\"wp-block-heading\" id=\"3-bases-personalizaveis\"><strong>3. Bases personnalisables<\/strong><\/h3>\n\n\n\n<ul class=\"wp-block-list\">\n<li><strong>Mix and Match :<\/strong> Certaines marques offrent la possibilit\u00e9 de m\u00e9langer diff\u00e9rentes teintes afin de cr\u00e9er la base id\u00e9ale pour votre teint et votre sous-teint, pour un r\u00e9sultat plus naturel et personnalis\u00e9.<\/li>\n<\/ul>\n\n\n\n<hr class=\"wp-block-separator has-alpha-channel-opacity\"\/>\n\n\n\n<h2 class=\"wp-block-heading\" id=\"dicas-finais-e-conclusao\"><strong>Conseils finaux et conclusion<\/strong><\/h2>\n\n\n\n<p>Trouver la <strong>base id\u00e9ale<\/strong> pour votre teint et votre type de peau est un processus d'auto-connaissance et d'exp\u00e9rimentation. Il est essentiel de tenir compte de votre type de peau, d'identifier votre teint et votre sous-teint, de choisir la couvrance et le fini qui correspondent le mieux \u00e0 vos besoins et d'investir dans des produits de qualit\u00e9 qui respectent la sant\u00e9 de votre peau.<\/p>\n\n\n\n<p>N'oubliez pas que la pr\u00e9paration de la peau est tout aussi importante que l'application du fond de teint. Une routine de soins bien d\u00e9finie, comprenant un nettoyage, une hydratation et une protection solaire, cr\u00e9e une toile de fond parfaite pour le maquillage et augmente consid\u00e9rablement la durabilit\u00e9 et l'effet naturel du produit.<\/p>\n\n\n\n<p>Essayez diff\u00e9rentes techniques d'application, que ce soit au pinceau, \u00e0 l'\u00e9ponge ou au doigt, afin de trouver celle qui correspond le mieux \u00e0 votre style et \u00e0 votre routine. Ajustez la quantit\u00e9 de produit selon vos besoins et terminez toujours par une poudre translucide ou un spray fixateur pour garantir un look impeccable tout au long de la journ\u00e9e.<\/p>\n\n\n\n<p>Non <strong>Beaut\u00e9 Art<\/strong>, nous pensons que le maquillage est une forme d'expression et d'\u00e9mancipation. Investir du temps dans le choix de la <strong>base id\u00e9ale<\/strong> C'est un investissement en vous-m\u00eame, qui peut transformer non seulement votre apparence, mais aussi votre confiance en vous et la perception que vous avez de vous-m\u00eame. Essayez, ajustez et d\u00e9couvrez le pouvoir d'un fond de teint bien choisi pour mettre en valeur votre beaut\u00e9 naturelle.<\/p>\n\n\n\n<p>Pour plus de conseils, d'astuces et de produits qui peuvent vous aider dans votre qu\u00eate de beaut\u00e9, rendez-vous sur notre site web. <a href=\"https:\/\/beleza.artereciclada.com.br\/fr\/\">Beaut\u00e9 Art<\/a> et suivez nos r\u00e9seaux sociaux. Si vous avez besoin de conseils personnalis\u00e9s, veuillez nous contacter par courrier \u00e9lectronique \u00e0 l'adresse suivante <strong><a href=\"mailto:contato@artereciclada.com.br\">contato@artereciclada.com.br<\/a><\/strong>.<\/p>\n\n\n\n<hr class=\"wp-block-separator has-alpha-channel-opacity\"\/>\n\n\n\n<h2 class=\"wp-block-heading\" id=\"fontes-de-inspiracao\"><strong>Sources d'inspiration<\/strong><\/h2>\n\n\n\n<p>Cet article a \u00e9t\u00e9 r\u00e9dig\u00e9 afin de vous offrir un guide complet et actualis\u00e9 pour vous aider \u00e0 choisir la <strong>base id\u00e9ale<\/strong> et obtenir un fini parfait, naturel et durable.<\/p>\n\n\n\n<p>Investissez en vous, essayez diff\u00e9rents produits et techniques, et d\u00e9couvrez le pouvoir transformateur d'un maquillage bien fait. Avec la <strong>base id\u00e9ale<\/strong>, votre beaut\u00e9 naturelle sera mise en valeur, refl\u00e9tant l'authenticit\u00e9 et la confiance que vous m\u00e9ritez !<\/p>\n\n\n\n<p><a href=\"https:\/\/www.youtube.com\/watch?v=eyAZ0FdPDkM\" target=\"_blank\" rel=\"noopener\">Vid\u00e9o Suggestion<\/a><\/p>\n\n\n\n<p><\/p>","protected":false},"excerpt":{"rendered":"<p>Encontrar a base ideal \u00e9 um dos passos mais importantes para uma maquiagem perfeita e natural. A base correta n\u00e3o s\u00f3 uniformiza o tom da pele, mas tamb\u00e9m cria uma tela perfeita para a aplica\u00e7\u00e3o do restante da maquiagem. No Beleza Arte, entendemos que a escolha da base \u00e9 um processo que envolve v\u00e1rios fatores, [&hellip;]<\/p>","protected":false},"author":4,"featured_media":175,"comment_status":"open","ping_status":"open","sticky":false,"template":"","format":"standard","meta":{"footnotes":""},"categories":[7],"tags":[],"class_list":["post-174","post","type-post","status-publish","format-standard","has-post-thumbnail","hentry","category-maquiagem"],"blocksy_meta":[],"_links":{"self":[{"href":"https:\/\/beleza.artereciclada.com.br\/fr\/wp-json\/wp\/v2\/posts\/174","targetHints":{"allow":["GET"]}}],"collection":[{"href":"https:\/\/beleza.artereciclada.com.br\/fr\/wp-json\/wp\/v2\/posts"}],"about":[{"href":"https:\/\/beleza.artereciclada.com.br\/fr\/wp-json\/wp\/v2\/types\/post"}],"author":[{"embeddable":true,"href":"https:\/\/beleza.artereciclada.com.br\/fr\/wp-json\/wp\/v2\/users\/4"}],"replies":[{"embeddable":true,"href":"https:\/\/beleza.artereciclada.com.br\/fr\/wp-json\/wp\/v2\/comments?post=174"}],"version-history":[{"count":2,"href":"https:\/\/beleza.artereciclada.com.br\/fr\/wp-json\/wp\/v2\/posts\/174\/revisions"}],"predecessor-version":[{"id":227,"href":"https:\/\/beleza.artereciclada.com.br\/fr\/wp-json\/wp\/v2\/posts\/174\/revisions\/227"}],"wp:featuredmedia":[{"embeddable":true,"href":"https:\/\/beleza.artereciclada.com.br\/fr\/wp-json\/wp\/v2\/media\/175"}],"wp:attachment":[{"href":"https:\/\/beleza.artereciclada.com.br\/fr\/wp-json\/wp\/v2\/media?parent=174"}],"wp:term":[{"taxonomy":"category","embeddable":true,"href":"https:\/\/beleza.artereciclada.com.br\/fr\/wp-json\/wp\/v2\/categories?post=174"},{"taxonomy":"post_tag","embeddable":true,"href":"https:\/\/beleza.artereciclada.com.br\/fr\/wp-json\/wp\/v2\/tags?post=174"}],"curies":[{"name":"wp","href":"https:\/\/api.w.org\/{rel}","templated":true}]}}