{"id":167,"date":"2025-02-14T11:04:50","date_gmt":"2025-02-14T17:04:50","guid":{"rendered":"https:\/\/beleza.artereciclada.com.br\/?p=167"},"modified":"2025-02-14T11:04:52","modified_gmt":"2025-02-14T17:04:52","slug":"cortes-para-afinar","status":"publish","type":"post","link":"https:\/\/beleza.artereciclada.com.br\/fr\/cabelo\/cortes-para-afinar\/","title":{"rendered":"Coupes pour affiner : des styles qui mettent en valeur chaque forme de visage"},"content":{"rendered":"<p>Trouver la coupe de cheveux id\u00e9ale peut compl\u00e8tement transformer votre apparence, en mettant en valeur la beaut\u00e9 naturelle de votre visage. Lorsque nous recherchons <strong>coupes pour affiner<\/strong>, l'objectif est de cr\u00e9er l'illusion d'un visage plus fin et harmonieux, en \u00e9quilibrant les proportions et en adoucissant les traits plus larges ou plus robustes. Dans cet article, dans le <strong>Beaut\u00e9 Art<\/strong>, nous vous pr\u00e9sentons un guide complet sur les coupes id\u00e9ales pour affiner le visage, avec des conseils sur les styles qui s'adaptent \u00e0 diff\u00e9rentes formes de visage et qui peuvent mettre en valeur votre personnalit\u00e9 avec sophistication.<\/p>\n\n\n\n<figure class=\"wp-block-image size-large\"><img fetchpriority=\"high\" decoding=\"async\" width=\"1024\" height=\"585\" src=\"https:\/\/beleza.artereciclada.com.br\/wp-content\/uploads\/2025\/02\/DALL\u00b7E-2025-02-14-13.59.08-A-stylish-and-modern-composition-featuring-different-flattering-haircut-styles-that-help-create-a-slimming-effect-on-the-face.-The-image-showcases-two-1-1-1024x585.webp\" alt=\"Cortes para afinar\" class=\"wp-image-169\" srcset=\"https:\/\/beleza.artereciclada.com.br\/wp-content\/uploads\/2025\/02\/DALL\u00b7E-2025-02-14-13.59.08-A-stylish-and-modern-composition-featuring-different-flattering-haircut-styles-that-help-create-a-slimming-effect-on-the-face.-The-image-showcases-two-1-1-1024x585.webp 1024w, https:\/\/beleza.artereciclada.com.br\/wp-content\/uploads\/2025\/02\/DALL\u00b7E-2025-02-14-13.59.08-A-stylish-and-modern-composition-featuring-different-flattering-haircut-styles-that-help-create-a-slimming-effect-on-the-face.-The-image-showcases-two-1-1-300x171.webp 300w, https:\/\/beleza.artereciclada.com.br\/wp-content\/uploads\/2025\/02\/DALL\u00b7E-2025-02-14-13.59.08-A-stylish-and-modern-composition-featuring-different-flattering-haircut-styles-that-help-create-a-slimming-effect-on-the-face.-The-image-showcases-two-1-1-768x439.webp 768w, https:\/\/beleza.artereciclada.com.br\/wp-content\/uploads\/2025\/02\/DALL\u00b7E-2025-02-14-13.59.08-A-stylish-and-modern-composition-featuring-different-flattering-haircut-styles-that-help-create-a-slimming-effect-on-the-face.-The-image-showcases-two-1-1-1536x878.webp 1536w, https:\/\/beleza.artereciclada.com.br\/wp-content\/uploads\/2025\/02\/DALL\u00b7E-2025-02-14-13.59.08-A-stylish-and-modern-composition-featuring-different-flattering-haircut-styles-that-help-create-a-slimming-effect-on-the-face.-The-image-showcases-two-1-1-18x10.webp 18w, https:\/\/beleza.artereciclada.com.br\/wp-content\/uploads\/2025\/02\/DALL\u00b7E-2025-02-14-13.59.08-A-stylish-and-modern-composition-featuring-different-flattering-haircut-styles-that-help-create-a-slimming-effect-on-the-face.-The-image-showcases-two-1-1.webp 1792w\" sizes=\"(max-width: 1024px) 100vw, 1024px\" \/><\/figure>\n\n\n\n<div class=\"wp-block-rank-math-toc-block\" id=\"rank-math-toc\"><h2>Index<\/h2><nav><ul><li class=\"\"><a href=\"#por-que-investir-em-cortes-para-afinar-o-rosto\">Pourquoi investir dans des coupes pour affiner le visage ?<\/a><\/li><li class=\"\"><a href=\"#entendendo-os-diferentes-formatos-de-rosto\">Comprendre les diff\u00e9rentes formes de visage<\/a><ul><li class=\"\"><a href=\"#1-rosto-redondo\">1. Visage rond<\/a><\/li><li class=\"\"><a href=\"#2-rosto-quadrado\">2. Visage carr\u00e9<\/a><\/li><li class=\"\"><a href=\"#3-rosto-oval\">3. Visage ovale<\/a><\/li><li class=\"\"><a href=\"#4-rosto-triangular-ou-coracao\">4. Visage triangulaire ou en forme de c\u0153ur<\/a><\/li><li class=\"\"><a href=\"#5-rosto-retangular\">5. Visage rectangulaire<\/a><\/li><\/ul><\/li><li class=\"\"><a href=\"#estilos-de-cortes-para-afinar-o-rosto\">Coupes pour affiner le visage<\/a><ul><li class=\"\"><a href=\"#1-bob-assimetrico\">1. Bob asym\u00e9trique<\/a><\/li><li class=\"\"><a href=\"#2-corte-longo-em-camadas\">2. Coupe longue en couches<\/a><\/li><li class=\"\"><a href=\"#3-pixie-cut-com-franja\">3. Coupe pixie avec frange<\/a><\/li><li class=\"\"><a href=\"#4-under-cut-com-volume-na-parte-superior\">4. UnderCut avec volume sur le dessus<\/a><\/li><li class=\"\"><a href=\"#5-corte-em-camadas-com-franja-lateral\">5. Coupe en couches avec frange sur le c\u00f4t\u00e9<\/a><\/li><\/ul><\/li><li class=\"\"><a href=\"#dicas-para-manutencao-e-estilo-dos-cortes-para-afinar\">Conseils pour l'entretien et le style des coupes pour affiner<\/a><ul><li class=\"\"><a href=\"#1-cuidados-diarios\">1. Soins quotidiens<\/a><\/li><li class=\"\"><a href=\"#2-visitas-regulares-ao-cabeleireiro\">2. Visites r\u00e9guli\u00e8res chez le coiffeur<\/a><\/li><li class=\"\"><a href=\"#3-estilo-e-versatilidade\">3. Style et polyvalence<\/a><\/li><li class=\"\"><a href=\"#4-cuidados-com-a-saude-dos-fios\">4. Soins pour la sant\u00e9 des cheveux<\/a><\/li><\/ul><\/li><li class=\"\"><a href=\"#conclusao\">Conclusion<\/a><\/li><li class=\"\"><a href=\"#fontes-de-inspiracao\">Sources d'inspiration<\/a><\/li><\/ul><\/nav><\/div>\n\n\n\n<h2 class=\"wp-block-heading\" id=\"por-que-investir-em-cortes-para-afinar-o-rosto\"><strong>Pourquoi investir dans des coupes pour affiner le visage ?<\/strong><\/h2>\n\n\n\n<p>Les <strong>coupes pour affiner<\/strong> Ils sont plus qu'une tendance esth\u00e9tique ; ils ont le pouvoir d'influencer la confiance en soi et la fa\u00e7on dont on se pr\u00e9sente. Une coupe bien choisie peut :<\/p>\n\n\n\n<ul class=\"wp-block-list\">\n<li><strong>\u00c9quilibrer les proportions :<\/strong> En ajustant le volume et la forme des m\u00e8ches, il est possible de cr\u00e9er un look plus proportionn\u00e9 et harmonieux.<\/li>\n\n\n\n<li><strong>Mettre en valeur les traits :<\/strong> Des coupes strat\u00e9giques peuvent mettre en valeur les points forts du visage et dissimuler les zones que l'on souhaite adoucir.<\/li>\n\n\n\n<li><strong>Valoriser la personnalit\u00e9 :<\/strong> Quelle que soit la forme du visage, une coupe adapt\u00e9e communique style, modernit\u00e9 et personnalit\u00e9.<\/li>\n<\/ul>\n\n\n\n<p>Investir dans une coupe qui affine le visage, c'est investir dans la connaissance de soi et dans la valorisation de son image personnelle, en montrant au monde le meilleur de chaque d\u00e9tail.<\/p>\n\n\n\n<hr class=\"wp-block-separator has-alpha-channel-opacity\"\/>\n\n\n\n<h2 class=\"wp-block-heading\" id=\"entendendo-os-diferentes-formatos-de-rosto\"><strong>Comprendre les diff\u00e9rentes formes de visage<\/strong><\/h2>\n\n\n\n<p>Avant de choisir l'un des <strong>coupes pour affiner<\/strong>, il est important d'identifier la forme de votre visage. Chaque forme poss\u00e8de des caract\u00e9ristiques uniques et b\u00e9n\u00e9ficie de coupes sp\u00e9cifiques.<\/p>\n\n\n\n<h3 class=\"wp-block-heading\" id=\"1-rosto-redondo\"><strong>1. Visage rond<\/strong><\/h3>\n\n\n\n<ul class=\"wp-block-list\">\n<li><strong>Caract\u00e9ristiques :<\/strong>\n<ul class=\"wp-block-list\">\n<li>Largeur et longueur similaires, avec des joues pro\u00e9minentes.<\/li>\n\n\n\n<li>Absence d'angles marqu\u00e9s.<\/li>\n<\/ul>\n<\/li>\n\n\n\n<li><strong>Conseils pour affiner :<\/strong>\n<ul class=\"wp-block-list\">\n<li><strong>Coupes longues ou moyennes :<\/strong> Opter pour des cheveux qui tombent sous les \u00e9paules aide \u00e0 allonger le visage.<\/li>\n\n\n\n<li><strong>Couches effil\u00e9es :<\/strong> Les coupes avec des couches l\u00e9g\u00e8res cr\u00e9ent du mouvement et d\u00e9tournent l'attention de la forme arrondie.<\/li>\n\n\n\n<li><strong>Frange lat\u00e9rale :<\/strong> Une frange inclin\u00e9e peut rompre la sym\u00e9trie du visage, cr\u00e9ant l'illusion d'un format plus allong\u00e9.<\/li>\n<\/ul>\n<\/li>\n<\/ul>\n\n\n\n<h3 class=\"wp-block-heading\" id=\"2-rosto-quadrado\"><strong>2. Visage carr\u00e9<\/strong><\/h3>\n\n\n\n<ul class=\"wp-block-list\">\n<li><strong>Caract\u00e9ristiques :<\/strong>\n<ul class=\"wp-block-list\">\n<li>Ligne de m\u00e2choire et front marqu\u00e9s, aux angles bien d\u00e9finis.<\/li>\n\n\n\n<li>Structure osseuse solide.<\/li>\n<\/ul>\n<\/li>\n\n\n\n<li><strong>Conseils pour affiner :<\/strong>\n<ul class=\"wp-block-list\">\n<li><strong>Coupes avec frange effil\u00e9e :<\/strong> Une frange lat\u00e9rale ou effil\u00e9e adoucit les angles et donne un look plus d\u00e9licat.<\/li>\n\n\n\n<li><strong>Coupes en couches :<\/strong> Les couches qui cr\u00e9ent du mouvement et adoucissent la structure osseuse aident \u00e0 affiner le visage.<\/li>\n\n\n\n<li><strong>Coupes longues et d\u00e9grad\u00e9es :<\/strong> Les coupes longues l\u00e9g\u00e8rement effil\u00e9es aident \u00e0 allonger le visage et \u00e0 adoucir les contours.<\/li>\n<\/ul>\n<\/li>\n<\/ul>\n\n\n\n<h3 class=\"wp-block-heading\" id=\"3-rosto-oval\"><strong>3. Visage ovale<\/strong><\/h3>\n\n\n\n<ul class=\"wp-block-list\">\n<li><strong>Caract\u00e9ristiques :<\/strong>\n<ul class=\"wp-block-list\">\n<li>Consid\u00e9r\u00e9 comme le format id\u00e9al en raison de sa sym\u00e9trie.<\/li>\n\n\n\n<li>Proportions \u00e9quilibr\u00e9es entre longueur et largeur.<\/li>\n<\/ul>\n<\/li>\n\n\n\n<li><strong>Conseils pour affiner :<\/strong>\n<ul class=\"wp-block-list\">\n<li><strong>Polyvalence :<\/strong> Les personnes au visage ovale peuvent essayer diff\u00e9rents styles. <strong>coupes pour affiner<\/strong>, car presque tous les styles s'adaptent bien.<\/li>\n\n\n\n<li><strong>Frange l\u00e9g\u00e8re :<\/strong> Une frange lat\u00e9rale ou l\u00e9g\u00e8rement effil\u00e9e peut mettre en valeur les traits sans compromettre l'\u00e9quilibre.<\/li>\n\n\n\n<li><strong>Coupes longues ou moyennes :<\/strong> Ces styles soulignent l'harmonie du visage ovale et permettent diverses variations de coiffures.<\/li>\n<\/ul>\n<\/li>\n<\/ul>\n\n\n\n<h3 class=\"wp-block-heading\" id=\"4-rosto-triangular-ou-coracao\"><strong>4. Visage triangulaire ou en forme de c\u0153ur<\/strong><\/h3>\n\n\n\n<ul class=\"wp-block-list\">\n<li><strong>Caract\u00e9ristiques :<\/strong>\n<ul class=\"wp-block-list\">\n<li>Large front et menton \u00e9troit.<\/li>\n\n\n\n<li>La partie sup\u00e9rieure du visage attire davantage l'attention.<\/li>\n<\/ul>\n<\/li>\n\n\n\n<li><strong>Conseils pour affiner :<\/strong>\n<ul class=\"wp-block-list\">\n<li><strong>Coupes avec volume dans la partie inf\u00e9rieure :<\/strong> Les coiffures qui ajoutent du volume au niveau du menton aident \u00e0 \u00e9quilibrer le visage.<\/li>\n\n\n\n<li><strong>Frange lat\u00e9rale ou courte :<\/strong> Une frange qui tombe de mani\u00e8re douce et effil\u00e9e peut r\u00e9duire la largeur du front.<\/li>\n\n\n\n<li><strong>Coupes en couches :<\/strong> Les couches qui cr\u00e9ent du mouvement et ajoutent de la texture aident \u00e0 adoucir la transition entre le front et le menton.<\/li>\n<\/ul>\n<\/li>\n<\/ul>\n\n\n\n<h3 class=\"wp-block-heading\" id=\"5-rosto-retangular\"><strong>5. Visage rectangulaire<\/strong><\/h3>\n\n\n\n<ul class=\"wp-block-list\">\n<li><strong>Caract\u00e9ristiques :<\/strong>\n<ul class=\"wp-block-list\">\n<li>Visage plus long que large.<\/li>\n\n\n\n<li>Structure allong\u00e9e, souvent avec des lignes droites.<\/li>\n<\/ul>\n<\/li>\n\n\n\n<li><strong>Conseils pour affiner :<\/strong>\n<ul class=\"wp-block-list\">\n<li><strong>Coupes moyennes \u00e0 longues :<\/strong> Les coupes qui s'arr\u00eatent sous le menton peuvent aider \u00e0 raccourcir visuellement le visage.<\/li>\n\n\n\n<li><strong>Frange droite ou courte :<\/strong> Une frange peut r\u00e9duire la sensation d'allongement, apportant ainsi un \u00e9quilibre.<\/li>\n\n\n\n<li><strong>Coupes avec des ondulations ou des boucles l\u00e9g\u00e8res :<\/strong> Ces styles aident \u00e0 cr\u00e9er des courbes et adoucissent la structure du visage, offrant un look plus harmonieux.<\/li>\n<\/ul>\n<\/li>\n<\/ul>\n\n\n\n<hr class=\"wp-block-separator has-alpha-channel-opacity\"\/>\n\n\n\n<h2 class=\"wp-block-heading\" id=\"estilos-de-cortes-para-afinar-o-rosto\"><strong>Coupes pour affiner le visage<\/strong><\/h2>\n\n\n\n<p>En fonction des diff\u00e9rentes formes de visage, nous avons r\u00e9pertori\u00e9 quelques-uns des <strong>coupes pour affiner<\/strong> les plus efficaces et les plus populaires. Chaque style poss\u00e8de des caract\u00e9ristiques qui aident \u00e0 allonger, adoucir et mettre en valeur la beaut\u00e9 des traits.<\/p>\n\n\n\n<h3 class=\"wp-block-heading\" id=\"1-bob-assimetrico\"><strong>1. Bob asym\u00e9trique<\/strong><\/h3>\n\n\n\n<p>La coupe bob asym\u00e9trique est une excellente option pour affiner le visage, car elle cr\u00e9e une ligne visuelle qui d\u00e9tourne l'attention de la largeur et conf\u00e8re un aspect moderne et \u00e9l\u00e9gant.<\/p>\n\n\n\n<ul class=\"wp-block-list\">\n<li><strong>Caract\u00e9ristiques :<\/strong>\n<ul class=\"wp-block-list\">\n<li>Longueur l\u00e9g\u00e8rement plus grande d'un c\u00f4t\u00e9, cr\u00e9ant une ligne diagonale qui allonge le visage.<\/li>\n\n\n\n<li>Il peut \u00eatre adapt\u00e9 aux cheveux raides ou ondul\u00e9s.<\/li>\n\n\n\n<li>Id\u00e9al pour les visages ronds ou carr\u00e9s, car il brise la sym\u00e9trie et adoucit les contours.<\/li>\n<\/ul>\n<\/li>\n\n\n\n<li><strong>Avantages :<\/strong>\n<ul class=\"wp-block-list\">\n<li>Polyvalence et modernit\u00e9.<\/li>\n\n\n\n<li>Facile d'entretien et possibilit\u00e9 de nombreuses variations de coiffage.<\/li>\n<\/ul>\n<\/li>\n<\/ul>\n\n\n\n<h3 class=\"wp-block-heading\" id=\"2-corte-longo-em-camadas\"><strong>2. Coupe longue en couches<\/strong><\/h3>\n\n\n\n<p>Les cheveux longs avec des couches sont parfaits pour affiner le visage, en particulier pour celles qui souhaitent un look naturel et plein de mouvement.<\/p>\n\n\n\n<ul class=\"wp-block-list\">\n<li><strong>Caract\u00e9ristiques :<\/strong>\n<ul class=\"wp-block-list\">\n<li>Des couches strat\u00e9giquement r\u00e9parties pour cr\u00e9er du mouvement et allonger la silhouette du visage.<\/li>\n\n\n\n<li>Il fonctionne bien sur les cheveux raides, ondul\u00e9s et boucl\u00e9s.<\/li>\n\n\n\n<li>Il peut \u00eatre associ\u00e9 \u00e0 une frange lat\u00e9rale pour accentuer encore davantage l'effet d'amincissement.<\/li>\n<\/ul>\n<\/li>\n\n\n\n<li><strong>Avantages :<\/strong>\n<ul class=\"wp-block-list\">\n<li>Il souligne la l\u00e9g\u00e8ret\u00e9 et la fluidit\u00e9 des cheveux.<\/li>\n\n\n\n<li>Offre une grande polyvalence pour diff\u00e9rentes occasions et diff\u00e9rents styles.<\/li>\n<\/ul>\n<\/li>\n<\/ul>\n\n\n\n<h3 class=\"wp-block-heading\" id=\"3-pixie-cut-com-franja\"><strong>3. Coupe pixie avec frange<\/strong><\/h3>\n\n\n\n<p>Pour celles qui pr\u00e9f\u00e8rent les coupes courtes, la coupe pixie avec frange est une excellente option pour affiner le visage, en particulier les visages carr\u00e9s et ovales.<\/p>\n\n\n\n<ul class=\"wp-block-list\">\n<li><strong>Caract\u00e9ristiques :<\/strong>\n<ul class=\"wp-block-list\">\n<li>Coupe courte qui met en valeur les traits, associ\u00e9e \u00e0 une frange qui adoucit le front.<\/li>\n\n\n\n<li>Un style audacieux et moderne qui conf\u00e8re de la personnalit\u00e9.<\/li>\n\n\n\n<li>La frange peut \u00eatre ajust\u00e9e pour cr\u00e9er un effet d'amincissement, \u00e9quilibrant ainsi les traits du visage.<\/li>\n<\/ul>\n<\/li>\n\n\n\n<li><strong>Avantages :<\/strong>\n<ul class=\"wp-block-list\">\n<li>Praticit\u00e9 et faible temps de maintenance.<\/li>\n\n\n\n<li>Il met en valeur les traits forts et offre un look contemporain.<\/li>\n<\/ul>\n<\/li>\n<\/ul>\n\n\n\n<h3 class=\"wp-block-heading\" id=\"4-under-cut-com-volume-na-parte-superior\"><strong>4. UnderCut avec volume sur le dessus<\/strong><\/h3>\n\n\n\n<p>L'undercut avec volume sur le dessus est une option polyvalente qui peut \u00eatre adapt\u00e9e pour affiner le visage, en particulier pour les hommes et les femmes qui souhaitent un style marquant.<\/p>\n\n\n\n<ul class=\"wp-block-list\">\n<li><strong>Caract\u00e9ristiques :<\/strong>\n<ul class=\"wp-block-list\">\n<li>C\u00f4t\u00e9s courts et partie sup\u00e9rieure plus longue, qui peut \u00eatre coiff\u00e9e pour cr\u00e9er du volume et allonger le visage.<\/li>\n\n\n\n<li>Id\u00e9al pour les visages carr\u00e9s et rectangulaires, car le contraste entre les zones cr\u00e9e un effet d'allongement.<\/li>\n\n\n\n<li>Il peut \u00eatre associ\u00e9 \u00e0 des franges ou \u00e0 des coiffures textur\u00e9es pour un look plus moderne.<\/li>\n<\/ul>\n<\/li>\n\n\n\n<li><strong>Avantages :<\/strong>\n<ul class=\"wp-block-list\">\n<li>Polyvalence dans le modelage.<\/li>\n\n\n\n<li>Permet diverses variations et adaptations \u00e0 la forme du visage.<\/li>\n<\/ul>\n<\/li>\n<\/ul>\n\n\n\n<h3 class=\"wp-block-heading\" id=\"5-corte-em-camadas-com-franja-lateral\"><strong>5. Coupe en couches avec frange sur le c\u00f4t\u00e9<\/strong><\/h3>\n\n\n\n<p>Ce style est l'une des meilleures options pour affiner le visage, car il combine la l\u00e9g\u00e8ret\u00e9 des couches avec l'effet adoucissant de la frange lat\u00e9rale.<\/p>\n\n\n\n<ul class=\"wp-block-list\">\n<li><strong>Caract\u00e9ristiques :<\/strong>\n<ul class=\"wp-block-list\">\n<li>Des couches qui cr\u00e9ent du mouvement et r\u00e9duisent le poids visuel des cheveux.<\/li>\n\n\n\n<li>Une frange sur le c\u00f4t\u00e9 qui aide \u00e0 r\u00e9duire la largeur du visage et cr\u00e9e une ligne diagonale, allongeant ainsi la silhouette.<\/li>\n\n\n\n<li>Il convient \u00e0 diff\u00e9rents types de cheveux, pour un look naturel et sophistiqu\u00e9.<\/li>\n<\/ul>\n<\/li>\n\n\n\n<li><strong>Avantages :<\/strong>\n<ul class=\"wp-block-list\">\n<li>\u00c9quilibre entre modernit\u00e9 et \u00e9l\u00e9gance.<\/li>\n\n\n\n<li>Convient \u00e0 diff\u00e9rentes formes de visage, avec une grande adaptabilit\u00e9.<\/li>\n<\/ul>\n<\/li>\n<\/ul>\n\n\n\n<hr class=\"wp-block-separator has-alpha-channel-opacity\"\/>\n\n\n\n<h2 class=\"wp-block-heading\" id=\"dicas-para-manutencao-e-estilo-dos-cortes-para-afinar\"><strong>Conseils pour l'entretien et le style des coupes pour affiner<\/strong><\/h2>\n\n\n\n<p>En plus de choisir la coupe id\u00e9ale, l'entretien et le style des cheveux jouent un r\u00f4le crucial dans l'effet d'amincissement. Voici quelques conseils essentiels :<\/p>\n\n\n\n<h3 class=\"wp-block-heading\" id=\"1-cuidados-diarios\"><strong>1. Soins quotidiens<\/strong><\/h3>\n\n\n\n<ul class=\"wp-block-list\">\n<li><strong>Hydratation et nutrition :<\/strong>\n<ul class=\"wp-block-list\">\n<li>Utilisez des shampooings et des apr\u00e8s-shampooings adapt\u00e9s \u00e0 votre type de cheveux. Les produits hydratants aident \u00e0 pr\u00e9server la douceur des cheveux et \u00e0 d\u00e9finir la coupe.<\/li>\n<\/ul>\n<\/li>\n\n\n\n<li><strong>Finalisation :<\/strong>\n<ul class=\"wp-block-list\">\n<li>Investissez dans des produits de finition, tels que des cr\u00e8mes coiffantes et des huiles, qui aident \u00e0 contr\u00f4ler les frisottis et \u00e0 maintenir la forme de la coupe.<\/li>\n<\/ul>\n<\/li>\n<\/ul>\n\n\n\n<h3 class=\"wp-block-heading\" id=\"2-visitas-regulares-ao-cabeleireiro\"><strong>2. Visites r\u00e9guli\u00e8res chez le coiffeur<\/strong><\/h3>\n\n\n\n<p>Il est essentiel de maintenir la coupe \u00e0 jour pour pr\u00e9server l'effet d'amincissement. Des coupes r\u00e9guli\u00e8res \u00e9vitent les pointes fourchues et garantissent que la forme choisie continue \u00e0 mettre en valeur les proportions du visage.<\/p>\n\n\n\n<ul class=\"wp-block-list\">\n<li><strong>Ajustements et mod\u00e9lisations :<\/strong>\n<ul class=\"wp-block-list\">\n<li>Discutez avec votre coiffeur des meilleures techniques de coiffage adapt\u00e9es \u00e0 la forme de votre visage et soyez ouvert aux ajustements qui accentuent l'effet d'amincissement.<\/li>\n<\/ul>\n<\/li>\n<\/ul>\n\n\n\n<h3 class=\"wp-block-heading\" id=\"3-estilo-e-versatilidade\"><strong>3. Style et polyvalence<\/strong><\/h3>\n\n\n\n<ul class=\"wp-block-list\">\n<li><strong>Exp\u00e9rimentation :<\/strong>\n<ul class=\"wp-block-list\">\n<li>N'ayez pas peur d'essayer de nouveaux styles et variations. Le look peut \u00eatre adapt\u00e9 avec diff\u00e9rentes coiffures, franges ou accessoires, tels que des chapeaux et des foulards, qui contribuent \u00e9galement \u00e0 cr\u00e9er l'illusion d'un visage plus fin.<\/li>\n<\/ul>\n<\/li>\n\n\n\n<li><strong>Confiance :<\/strong>\n<ul class=\"wp-block-list\">\n<li>Une coupe qui affine le visage doit refl\u00e9ter votre personnalit\u00e9. Il est essentiel de choisir le style qui met le mieux en valeur vos traits afin de d\u00e9gager une image de confiance en soi.<\/li>\n<\/ul>\n<\/li>\n<\/ul>\n\n\n\n<h3 class=\"wp-block-heading\" id=\"4-cuidados-com-a-saude-dos-fios\"><strong>4. Soins pour la sant\u00e9 des cheveux<\/strong><\/h3>\n\n\n\n<ul class=\"wp-block-list\">\n<li><strong>Hydratation r\u00e9guli\u00e8re :<\/strong>\n<ul class=\"wp-block-list\">\n<li>Quelle que soit la coupe, il est essentiel de garder les cheveux hydrat\u00e9s et nourris pour un look toujours impeccable. Investissez dans des traitements hydratants en profondeur et utilisez des masques capillaires chaque semaine.<\/li>\n<\/ul>\n<\/li>\n\n\n\n<li><strong>Protection thermique :<\/strong>\n<ul class=\"wp-block-list\">\n<li>Si vous utilisez des appareils chauffants, appliquez toujours un protecteur thermique pour \u00e9viter tout dommage pouvant compromettre la coupe et la sant\u00e9 des cheveux.<\/li>\n<\/ul>\n<\/li>\n<\/ul>\n\n\n\n<hr class=\"wp-block-separator has-alpha-channel-opacity\"\/>\n\n\n\n<h2 class=\"wp-block-heading\" id=\"conclusao\"><strong>Conclusion<\/strong><\/h2>\n\n\n\n<p>Les <strong>coupes pour affiner<\/strong> sont un outil puissant pour transformer votre look, en mettant en valeur la beaut\u00e9 naturelle de votre visage et en \u00e9quilibrant ses proportions. Qu'il s'agisse d'un carr\u00e9 asym\u00e9trique, d'une coupe longue d\u00e9grad\u00e9e, d'une coupe pixie avec une frange ou d'une coupe undercut avec un volume strat\u00e9gique, il existe une grande vari\u00e9t\u00e9 de styles qui peuvent \u00eatre adapt\u00e9s \u00e0 chaque forme de visage.<\/p>\n\n\n\n<p>Investir dans une coupe qui affine le visage va bien au-del\u00e0 de l'esth\u00e9tique : c'est une question de connaissance de soi et de valorisation des traits individuels. Adopter des techniques d'entretien, utiliser des produits de qualit\u00e9 et se rendre r\u00e9guli\u00e8rement chez le coiffeur sont des \u00e9tapes fondamentales pour garantir que la coupe choisie continue \u00e0 mettre en valeur votre apparence.<\/p>\n\n\n\n<p>Non <strong>Beaut\u00e9 Art<\/strong>, nous pensons que chaque personne m\u00e9rite une coupe qui met en valeur sa personnalit\u00e9 et lui donne confiance en elle. Essayez les suggestions pr\u00e9sent\u00e9es, adaptez le style \u00e0 vos besoins et d\u00e9couvrez comment une bonne coupe peut transformer non seulement votre apparence, mais aussi votre estime de soi.<\/p>\n\n\n\n<p>Pour plus de conseils, d'astuces et de produits qui peuvent vous aider \u00e0 mettre en valeur votre look, rendez-vous sur notre site web. <a href=\"https:\/\/beleza.artereciclada.com.br\/fr\/\">Beaut\u00e9 Art<\/a> et suivez nos r\u00e9seaux sociaux. Si vous avez besoin de conseils personnalis\u00e9s, veuillez nous contacter par courrier \u00e9lectronique \u00e0 l'adresse suivante <strong><a href=\"mailto:contato@artereciclada.com.br\">contato@artereciclada.com.br<\/a><\/strong>.<\/p>\n\n\n\n<hr class=\"wp-block-separator has-alpha-channel-opacity\"\/>\n\n\n\n<h2 class=\"wp-block-heading\" id=\"fontes-de-inspiracao\"><strong>Sources d'inspiration<\/strong><\/h2>\n\n\n\n<p>Cet article a \u00e9t\u00e9 r\u00e9dig\u00e9 \u00e0 partir d'\u00e9tudes sur les tendances de la mode et de la beaut\u00e9, d'analyses r\u00e9alis\u00e9es par des professionnels du secteur capillaire et de pratiques reconnues dans le domaine des soins capillaires. Les conseils pr\u00e9sent\u00e9s ici refl\u00e8tent les derni\u00e8res nouveaut\u00e9s et techniques afin que vous puissiez profiter au maximum des <strong>coupes pour affiner<\/strong> et transformer votre look de mani\u00e8re unique et personnalis\u00e9e.<\/p>\n\n\n\n<p>Investissez dans la beaut\u00e9 de votre visage et d\u00e9couvrez comment une coupe bien choisie peut faire toute la diff\u00e9rence dans votre image et votre confiance en vous !<\/p>\n\n\n\n<p><a href=\"https:\/\/www.youtube.com\/watch?v=-Fxtn3uEOtU\" target=\"_blank\" rel=\"noopener\">Vid\u00e9o Suggestion<\/a><\/p>\n\n\n\n<p><\/p>","protected":false},"excerpt":{"rendered":"<p>Encontrar o corte de cabelo ideal pode transformar completamente a apar\u00eancia, real\u00e7ando a beleza natural do rosto. Quando buscamos cortes para afinar, o objetivo \u00e9 criar a ilus\u00e3o de um rosto mais estreito e harmonioso, equilibrando as propor\u00e7\u00f5es e suavizando tra\u00e7os mais largos ou robustos. Neste artigo, no Beleza Arte, apresentamos um guia completo sobre [&hellip;]<\/p>","protected":false},"author":4,"featured_media":168,"comment_status":"open","ping_status":"open","sticky":false,"template":"","format":"standard","meta":{"footnotes":""},"categories":[6],"tags":[],"class_list":["post-167","post","type-post","status-publish","format-standard","has-post-thumbnail","hentry","category-cabelo"],"blocksy_meta":[],"_links":{"self":[{"href":"https:\/\/beleza.artereciclada.com.br\/fr\/wp-json\/wp\/v2\/posts\/167","targetHints":{"allow":["GET"]}}],"collection":[{"href":"https:\/\/beleza.artereciclada.com.br\/fr\/wp-json\/wp\/v2\/posts"}],"about":[{"href":"https:\/\/beleza.artereciclada.com.br\/fr\/wp-json\/wp\/v2\/types\/post"}],"author":[{"embeddable":true,"href":"https:\/\/beleza.artereciclada.com.br\/fr\/wp-json\/wp\/v2\/users\/4"}],"replies":[{"embeddable":true,"href":"https:\/\/beleza.artereciclada.com.br\/fr\/wp-json\/wp\/v2\/comments?post=167"}],"version-history":[{"count":1,"href":"https:\/\/beleza.artereciclada.com.br\/fr\/wp-json\/wp\/v2\/posts\/167\/revisions"}],"predecessor-version":[{"id":170,"href":"https:\/\/beleza.artereciclada.com.br\/fr\/wp-json\/wp\/v2\/posts\/167\/revisions\/170"}],"wp:featuredmedia":[{"embeddable":true,"href":"https:\/\/beleza.artereciclada.com.br\/fr\/wp-json\/wp\/v2\/media\/168"}],"wp:attachment":[{"href":"https:\/\/beleza.artereciclada.com.br\/fr\/wp-json\/wp\/v2\/media?parent=167"}],"wp:term":[{"taxonomy":"category","embeddable":true,"href":"https:\/\/beleza.artereciclada.com.br\/fr\/wp-json\/wp\/v2\/categories?post=167"},{"taxonomy":"post_tag","embeddable":true,"href":"https:\/\/beleza.artereciclada.com.br\/fr\/wp-json\/wp\/v2\/tags?post=167"}],"curies":[{"name":"wp","href":"https:\/\/api.w.org\/{rel}","templated":true}]}}