{"id":129,"date":"2025-02-14T10:34:59","date_gmt":"2025-02-14T16:34:59","guid":{"rendered":"https:\/\/beleza.artereciclada.com.br\/?p=129"},"modified":"2025-02-14T17:11:17","modified_gmt":"2025-02-14T20:11:17","slug":"cronograma-capilar","status":"publish","type":"post","link":"https:\/\/beleza.artereciclada.com.br\/fr\/cabelo\/cronograma-capilar\/","title":{"rendered":"Calendrier capillaire : qu'est-ce que c'est et comment le suivre correctement ?"},"content":{"rendered":"<figure class=\"wp-block-image size-large\"><img fetchpriority=\"high\" decoding=\"async\" width=\"1024\" height=\"585\" src=\"https:\/\/beleza.artereciclada.com.br\/wp-content\/uploads\/2025\/02\/DALL\u00b7E-2025-02-14-12.54.34-A-modern-and-stylish-composition-illustrating-a-structured-hair-care-routine-cronograma-capilar.-The-image-features-a-neatly-arranged-set-of-hair-ca-1-1-1024x585.webp\" alt=\"\" class=\"wp-image-131\" srcset=\"https:\/\/beleza.artereciclada.com.br\/wp-content\/uploads\/2025\/02\/DALL\u00b7E-2025-02-14-12.54.34-A-modern-and-stylish-composition-illustrating-a-structured-hair-care-routine-cronograma-capilar.-The-image-features-a-neatly-arranged-set-of-hair-ca-1-1-1024x585.webp 1024w, https:\/\/beleza.artereciclada.com.br\/wp-content\/uploads\/2025\/02\/DALL\u00b7E-2025-02-14-12.54.34-A-modern-and-stylish-composition-illustrating-a-structured-hair-care-routine-cronograma-capilar.-The-image-features-a-neatly-arranged-set-of-hair-ca-1-1-300x171.webp 300w, https:\/\/beleza.artereciclada.com.br\/wp-content\/uploads\/2025\/02\/DALL\u00b7E-2025-02-14-12.54.34-A-modern-and-stylish-composition-illustrating-a-structured-hair-care-routine-cronograma-capilar.-The-image-features-a-neatly-arranged-set-of-hair-ca-1-1-768x439.webp 768w, https:\/\/beleza.artereciclada.com.br\/wp-content\/uploads\/2025\/02\/DALL\u00b7E-2025-02-14-12.54.34-A-modern-and-stylish-composition-illustrating-a-structured-hair-care-routine-cronograma-capilar.-The-image-features-a-neatly-arranged-set-of-hair-ca-1-1-1536x878.webp 1536w, https:\/\/beleza.artereciclada.com.br\/wp-content\/uploads\/2025\/02\/DALL\u00b7E-2025-02-14-12.54.34-A-modern-and-stylish-composition-illustrating-a-structured-hair-care-routine-cronograma-capilar.-The-image-features-a-neatly-arranged-set-of-hair-ca-1-1-18x10.webp 18w, https:\/\/beleza.artereciclada.com.br\/wp-content\/uploads\/2025\/02\/DALL\u00b7E-2025-02-14-12.54.34-A-modern-and-stylish-composition-illustrating-a-structured-hair-care-routine-cronograma-capilar.-The-image-features-a-neatly-arranged-set-of-hair-ca-1-1.webp 1792w\" sizes=\"(max-width: 1024px) 100vw, 1024px\" \/><\/figure>\n\n\n\n<p>O <strong>calendrier capillaire<\/strong> Il s'agit d'une routine de soins structur\u00e9e qui vise \u00e0 restaurer, nourrir et hydrater les cheveux de mani\u00e8re personnalis\u00e9e. Cette technique consiste \u00e0 r\u00e9aliser des traitements sp\u00e9cifiques, r\u00e9partis en plusieurs phases, afin de r\u00e9pondre aux besoins individuels des cheveux. En adoptant un programme capillaire, vous favorisez la r\u00e9paration des dommages, am\u00e9liorez la texture et rehaussez la beaut\u00e9 naturelle de vos cheveux.<\/p>\n\n\n\n<div class=\"wp-block-rank-math-toc-block\" id=\"rank-math-toc\"><h2>Index<\/h2><nav><ul><li class=\"\"><a href=\"#o-que-e-o-cronograma-capilar\">Qu'est-ce que le calendrier capillaire ?<\/a><\/li><li class=\"\"><a href=\"#por-que-fazer-um-cronograma-capilar\">Pourquoi \u00e9tablir un programme capillaire ?<\/a><\/li><li class=\"\"><a href=\"#como-montar-seu-cronograma-capilar\">Comment \u00e9tablir votre programme capillaire<\/a><ul><li class=\"\"><a href=\"#1-avaliacao-do-estado-do-cabelo\">1. \u00c9valuation de l'\u00e9tat des cheveux<\/a><\/li><li class=\"\"><a href=\"#2-definindo-a-frequencia-dos-tratamentos\">2. D\u00e9finir la fr\u00e9quence des traitements<\/a><\/li><li class=\"\"><a href=\"#3-escolha-dos-produtos\">3. Choix des produits<\/a><\/li><li class=\"\"><a href=\"#4-organizacao-da-rotina\">4. Organisation de la routine<\/a><\/li><\/ul><\/li><li class=\"\"><a href=\"#dicas-para-potencializar-o-cronograma-capilar\">Conseils pour optimiser votre programme capillaire<\/a><ul><li class=\"\"><a href=\"#1-envolvimento-termico\">1. Implication thermique<\/a><\/li><li class=\"\"><a href=\"#2-massagem-capilar\">2. Massage capillaire<\/a><\/li><li class=\"\"><a href=\"#3-uso-de-agua-na-temperatura-adequada\">3. Utilisation d'eau \u00e0 la bonne temp\u00e9rature<\/a><\/li><li class=\"\"><a href=\"#4-consistencia-e-fundamental\">4. La coh\u00e9rence est fondamentale<\/a><\/li><\/ul><\/li><li class=\"\"><a href=\"#conclusao\">Conclusion<\/a><\/li><li class=\"\"><a href=\"#fontes-de-inspiracao\">Sources d'inspiration<\/a><\/li><\/ul><\/nav><\/div>\n\n\n\n<h2 class=\"wp-block-heading\" id=\"o-que-e-o-cronograma-capilar\"><strong>Qu'est-ce que le calendrier capillaire ?<\/strong><\/h2>\n\n\n\n<p>O <strong>calendrier capillaire<\/strong> Il s'agit d'une m\u00e9thode de soin qui organise les traitements capillaires en trois \u00e9tapes principales :<\/p>\n\n\n\n<ul class=\"wp-block-list\">\n<li><strong>Hydratant :<\/strong> Con\u00e7u pour restaurer l'hydratation des cheveux, essentielle pour les garder doux et brillants.<\/li>\n\n\n\n<li><strong>Nutrition :<\/strong> Il vise \u00e0 restaurer les lipides, responsables de la force et de la r\u00e9sistance des cheveux, pr\u00e9venant ainsi leur cassure.<\/li>\n\n\n\n<li><strong>Reconstruction :<\/strong> Agit dans le remplacement des prot\u00e9ines et la r\u00e9paration de la structure interne du cheveu, essentiels pour les cheveux ab\u00eem\u00e9s ou trait\u00e9s chimiquement.<\/li>\n<\/ul>\n\n\n\n<p>Chaque \u00e9tape du <strong>calendrier capillaire<\/strong> chacun a un r\u00f4le sp\u00e9cifique et, lorsqu'ils sont combin\u00e9s, ils garantissent un traitement complet, adapt\u00e9 aux besoins de vos cheveux.<\/p>\n\n\n\n<hr class=\"wp-block-separator has-alpha-channel-opacity\"\/>\n\n\n\n<h2 class=\"wp-block-heading\" id=\"por-que-fazer-um-cronograma-capilar\"><strong>Pourquoi \u00e9tablir un programme capillaire ?<\/strong><\/h2>\n\n\n\n<p>Mettre en place un programme capillaire apporte de nombreux bienfaits pour la sant\u00e9 des cheveux :<\/p>\n\n\n\n<ul class=\"wp-block-list\">\n<li><strong>R\u00e9paration des dommages :<\/strong> R\u00e9parer les dommages caus\u00e9s par les processus chimiques, l'exposition au soleil, l'utilisation excessive d'outils thermiques et les facteurs environnementaux.<\/li>\n\n\n\n<li><strong>Am\u00e9lioration de la texture :<\/strong> Augmente la douceur, la brillance et la souplesse des cheveux.<\/li>\n\n\n\n<li><strong>Pr\u00e9vention des cassures :<\/strong> Renforce les cheveux, r\u00e9duit les cassures et l'apparition des pointes fourchues.<\/li>\n\n\n\n<li><strong>\u00c9quilibre personnalis\u00e9 :<\/strong> Permet d'adapter les traitements aux besoins sp\u00e9cifiques de chaque type de cheveux, qu'ils soient secs, gras, mixtes ou ab\u00eem\u00e9s.<\/li>\n<\/ul>\n\n\n\n<hr class=\"wp-block-separator has-alpha-channel-opacity\"\/>\n\n\n\n<h2 class=\"wp-block-heading\" id=\"como-montar-seu-cronograma-capilar\"><strong>Comment \u00e9tablir votre programme capillaire<\/strong><\/h2>\n\n\n\n<p>Monter un <strong>calendrier capillaire<\/strong> efficace n\u00e9cessite une \u00e9valuation et une planification. Voici les \u00e9tapes \u00e0 suivre pour cr\u00e9er la routine id\u00e9ale :<\/p>\n\n\n\n<h3 class=\"wp-block-heading\" id=\"1-avaliacao-do-estado-do-cabelo\"><strong>1. \u00c9valuation de l'\u00e9tat des cheveux<\/strong><\/h3>\n\n\n\n<p>Avant de commencer, observez l'\u00e9tat de vos cheveux :<\/p>\n\n\n\n<ul class=\"wp-block-list\">\n<li><strong>Hydratant :<\/strong> Vos cheveux sont-ils secs ou ternes ?<\/li>\n\n\n\n<li><strong>Nutrition :<\/strong> Vos cheveux sont-ils ternes ou ont-ils tendance \u00e0 se casser ?<\/li>\n\n\n\n<li><strong>Reconstruction :<\/strong> Y a-t-il des signes de dommages profonds, tels que la chute des cheveux ou une casse excessive ?<\/li>\n<\/ul>\n\n\n\n<p>Cette analyse vous aidera \u00e0 d\u00e9finir la fr\u00e9quence de chaque \u00e9tape dans votre calendrier.<\/p>\n\n\n\n<h3 class=\"wp-block-heading\" id=\"2-definindo-a-frequencia-dos-tratamentos\"><strong>2. D\u00e9finir la fr\u00e9quence des traitements<\/strong><\/h3>\n\n\n\n<p>Sur la base de cette \u00e9valuation, vous pouvez r\u00e9partir les s\u00e9ances de soins tout au long du mois. Par exemple :<\/p>\n\n\n\n<ul class=\"wp-block-list\">\n<li><strong>Cheveux secs ou ab\u00eem\u00e9s :<\/strong> Il peut \u00eatre n\u00e9cessaire d'effectuer des s\u00e9ances d'hydratation et de reconstruction deux fois par semaine, entrecoup\u00e9es de s\u00e9ances de nutrition.<\/li>\n\n\n\n<li><strong>Cheveux gras ou normaux :<\/strong> Une fr\u00e9quence moindre, par exemple une fois par semaine pour chaque \u00e9tape, peut suffire.<\/li>\n<\/ul>\n\n\n\n<p>N'oubliez pas que le <strong>calendrier capillaire<\/strong> Il est flexible et doit \u00eatre ajust\u00e9 en fonction de la r\u00e9ponse des fils.<\/p>\n\n\n\n<h3 class=\"wp-block-heading\" id=\"3-escolha-dos-produtos\"><strong>3. Choix des produits<\/strong><\/h3>\n\n\n\n<p>Pour chaque \u00e9tape du <strong>calendrier capillaire<\/strong>, choisissez des produits sp\u00e9cifiques :<\/p>\n\n\n\n<ul class=\"wp-block-list\">\n<li><strong>Hydratant :<\/strong> Masques et cr\u00e8mes contenant des ingr\u00e9dients tels que l'acide hyaluronique, le panth\u00e9nol et l'aloe vera.<\/li>\n\n\n\n<li><strong>Nutrition :<\/strong> Produits contenant des huiles naturelles (huile de coco, huile d'argan, huile d'avocat) et des beurres v\u00e9g\u00e9taux (beurre de karit\u00e9).<\/li>\n\n\n\n<li><strong>Reconstruction :<\/strong> Masques et traitements \u00e0 base de k\u00e9ratine, de collag\u00e8ne et d'acides amin\u00e9s, qui aident \u00e0 r\u00e9parer la structure interne des cheveux.<\/li>\n<\/ul>\n\n\n\n<h3 class=\"wp-block-heading\" id=\"4-organizacao-da-rotina\"><strong>4. Organisation de la routine<\/strong><\/h3>\n\n\n\n<p>Cr\u00e9ez un calendrier mensuel ou hebdomadaire, en r\u00e9partissant les s\u00e9ances d'hydratation, de nutrition et de reconstruction. Voici une suggestion pour un mois :<\/p>\n\n\n\n<ul class=\"wp-block-list\">\n<li><strong>Semaine 1 :<\/strong> Hydratation, Nutrition, Hydratation, Reconstruction<\/li>\n\n\n\n<li><strong>Semaine 2 :<\/strong> Hydratation, Nutrition, Hydratation, Nutrition<\/li>\n\n\n\n<li><strong>Semaine 3 :<\/strong> Hydratation, Reconstruction, Hydratation, Nutrition<\/li>\n\n\n\n<li><strong>Semaine 4 :<\/strong> Hydratation, Nutrition, Hydratation, Reconstruction<\/li>\n<\/ul>\n\n\n\n<p>Cette r\u00e9partition peut \u00eatre ajust\u00e9e en fonction de l'\u00e9volution de la sant\u00e9 de vos cheveux.<\/p>\n\n\n\n<hr class=\"wp-block-separator has-alpha-channel-opacity\"\/>\n\n\n\n<h2 class=\"wp-block-heading\" id=\"dicas-para-potencializar-o-cronograma-capilar\"><strong>Conseils pour optimiser votre programme capillaire<\/strong><\/h2>\n\n\n\n<h3 class=\"wp-block-heading\" id=\"1-envolvimento-termico\"><strong>1. Implication thermique<\/strong><\/h3>\n\n\n\n<p>Apr\u00e8s avoir appliqu\u00e9 les produits, enveloppez vos cheveux dans un bonnet thermique ou une serviette chaude. La chaleur aidera \u00e0 ouvrir les cuticules des cheveux, permettant une meilleure absorption des actifs et optimisant les r\u00e9sultats du traitement. <strong>hydratation capillaire<\/strong>, nutrition et reconstruction.<\/p>\n\n\n\n<h3 class=\"wp-block-heading\" id=\"2-massagem-capilar\"><strong>2. Massage capillaire<\/strong><\/h3>\n\n\n\n<p>Pendant l'application des produits, massez l\u00e9g\u00e8rement le cuir chevelu. Cette pratique stimule la circulation sanguine et facilite la p\u00e9n\u00e9tration des nutriments, contribuant ainsi \u00e0 rendre les cheveux plus forts et plus sains.<\/p>\n\n\n\n<h3 class=\"wp-block-heading\" id=\"3-uso-de-agua-na-temperatura-adequada\"><strong>3. Utilisation d'eau \u00e0 la bonne temp\u00e9rature<\/strong><\/h3>\n\n\n\n<p>Lavez et rincez vos cheveux \u00e0 l'eau ti\u00e8de pour faciliter l'absorption des produits, puis terminez par un jet d'eau froide pour sceller les cuticules et pr\u00e9server les bienfaits du traitement.<\/p>\n\n\n\n<h3 class=\"wp-block-heading\" id=\"4-consistencia-e-fundamental\"><strong>4. La coh\u00e9rence est fondamentale<\/strong><\/h3>\n\n\n\n<p>Pour que le <strong>calendrier capillaire<\/strong> Pour que le traitement soit efficace, il est essentiel de le suivre r\u00e9guli\u00e8rement. La sant\u00e9 des cheveux s'am\u00e9liore avec le temps et la r\u00e9gularit\u00e9 des soins.<\/p>\n\n\n\n<hr class=\"wp-block-separator has-alpha-channel-opacity\"\/>\n\n\n\n<h2 class=\"wp-block-heading\" id=\"conclusao\"><strong>Conclusion<\/strong><\/h2>\n\n\n\n<p>O <strong>calendrier capillaire<\/strong> Il s'agit d'une strat\u00e9gie personnalis\u00e9e et efficace pour retrouver et conserver la sant\u00e9 de vos cheveux. En combinant hydratation, nutrition et reconstruction, vous garantissez \u00e0 vos cheveux les soins n\u00e9cessaires pour rester forts, brillants et pleins de vitalit\u00e9. Adaptez la fr\u00e9quence des traitements en fonction des besoins de vos cheveux et choisissez des produits de qualit\u00e9 pour obtenir les meilleurs r\u00e9sultats.<\/p>\n\n\n\n<p>Nous, du <strong>Beaut\u00e9 Art<\/strong>, nous pensons qu'investir dans un programme capillaire coh\u00e9rent est la solution pour transformer la sant\u00e9 de vos cheveux. Pour plus de conseils, d'astuces et de produits essentiels pour un <strong>calendrier capillaire<\/strong> efficace, visitez notre site web <a href=\"https:\/\/beleza.artereciclada.com.br\/fr\/\">Beaut\u00e9 Art<\/a> et suivez nos r\u00e9seaux sociaux. Si vous avez besoin de conseils personnalis\u00e9s, veuillez nous contacter par courrier \u00e9lectronique \u00e0 l'adresse suivante <strong><a href=\"mailto:contato@artereciclada.com.br\">contato@artereciclada.com.br<\/a><\/strong>.<\/p>\n\n\n\n<hr class=\"wp-block-separator has-alpha-channel-opacity\"\/>\n\n\n\n<h2 class=\"wp-block-heading\" id=\"fontes-de-inspiracao\"><strong>Sources d'inspiration<\/strong><\/h2>\n\n\n\n<p>Cet article a \u00e9t\u00e9 r\u00e9dig\u00e9 \u00e0 partir d'exp\u00e9riences personnelles, des tendances du march\u00e9 de la beaut\u00e9 et des pratiques reconnues dans le domaine des soins capillaires. Les conseils pr\u00e9sent\u00e9s ici visent \u00e0 offrir un guide complet et actualis\u00e9 afin que vous puissiez mettre en place un <strong>calendrier capillaire<\/strong> efficace, favorisant des cheveux nourris, forts et naturellement brillants.<\/p>\n\n\n\n<p>Investissez dans la sant\u00e9 de vos cheveux et profitez des bienfaits d'un traitement personnalis\u00e9 qui mettra en valeur la beaut\u00e9 de votre chevelure !<\/p>\n\n\n\n<p><a href=\"https:\/\/www.youtube.com\/watch?v=pB0r0XUgEII\" target=\"_blank\" rel=\"noopener\">Vid\u00e9o Suggestion<\/a><\/p>\n\n\n\n<p><\/p>","protected":false},"excerpt":{"rendered":"<p>O cronograma capilar \u00e9 uma rotina de cuidados estruturada que tem como objetivo restaurar, nutrir e hidratar os fios de forma personalizada. Essa t\u00e9cnica consiste na realiza\u00e7\u00e3o de tratamentos espec\u00edficos, distribu\u00eddos em fases, para atender \u00e0s necessidades individuais dos cabelos. Ao adotar um cronograma capilar, voc\u00ea promove a recupera\u00e7\u00e3o dos danos, melhora a textura e [&hellip;]<\/p>","protected":false},"author":4,"featured_media":130,"comment_status":"open","ping_status":"open","sticky":false,"template":"","format":"standard","meta":{"footnotes":""},"categories":[6],"tags":[],"class_list":["post-129","post","type-post","status-publish","format-standard","has-post-thumbnail","hentry","category-cabelo"],"blocksy_meta":[],"_links":{"self":[{"href":"https:\/\/beleza.artereciclada.com.br\/fr\/wp-json\/wp\/v2\/posts\/129","targetHints":{"allow":["GET"]}}],"collection":[{"href":"https:\/\/beleza.artereciclada.com.br\/fr\/wp-json\/wp\/v2\/posts"}],"about":[{"href":"https:\/\/beleza.artereciclada.com.br\/fr\/wp-json\/wp\/v2\/types\/post"}],"author":[{"embeddable":true,"href":"https:\/\/beleza.artereciclada.com.br\/fr\/wp-json\/wp\/v2\/users\/4"}],"replies":[{"embeddable":true,"href":"https:\/\/beleza.artereciclada.com.br\/fr\/wp-json\/wp\/v2\/comments?post=129"}],"version-history":[{"count":2,"href":"https:\/\/beleza.artereciclada.com.br\/fr\/wp-json\/wp\/v2\/posts\/129\/revisions"}],"predecessor-version":[{"id":231,"href":"https:\/\/beleza.artereciclada.com.br\/fr\/wp-json\/wp\/v2\/posts\/129\/revisions\/231"}],"wp:featuredmedia":[{"embeddable":true,"href":"https:\/\/beleza.artereciclada.com.br\/fr\/wp-json\/wp\/v2\/media\/130"}],"wp:attachment":[{"href":"https:\/\/beleza.artereciclada.com.br\/fr\/wp-json\/wp\/v2\/media?parent=129"}],"wp:term":[{"taxonomy":"category","embeddable":true,"href":"https:\/\/beleza.artereciclada.com.br\/fr\/wp-json\/wp\/v2\/categories?post=129"},{"taxonomy":"post_tag","embeddable":true,"href":"https:\/\/beleza.artereciclada.com.br\/fr\/wp-json\/wp\/v2\/tags?post=129"}],"curies":[{"name":"wp","href":"https:\/\/api.w.org\/{rel}","templated":true}]}}