{"id":122,"date":"2025-02-14T09:47:05","date_gmt":"2025-02-14T15:47:05","guid":{"rendered":"https:\/\/beleza.artereciclada.com.br\/?p=122"},"modified":"2025-02-14T17:11:38","modified_gmt":"2025-02-14T20:11:38","slug":"finalizacao-capilar","status":"publish","type":"post","link":"https:\/\/beleza.artereciclada.com.br\/fr\/cabelo\/finalizacao-capilar\/","title":{"rendered":"Finition capillaire : conseils pour les cheveux boucl\u00e9s et raides"},"content":{"rendered":"<p>A <strong>finition capillaire<\/strong> C'est l'\u00e9tape cruciale qui d\u00e9finit le look et la touche finale de toute coiffure, que ce soit pour les cheveux boucl\u00e9s ou raides. Une bonne finition met non seulement en valeur la beaut\u00e9 naturelle des cheveux, mais garantit \u00e9galement leur durabilit\u00e9 et les prot\u00e8ge contre les dommages quotidiens. Dans le <strong>Beaut\u00e9 Art<\/strong>, nous avons rassembl\u00e9 des conseils d'experts pour vous aider \u00e0 obtenir une finition parfaite, quel que soit votre type de cheveux.<\/p>\n\n\n\n<figure class=\"wp-block-image size-large\"><img fetchpriority=\"high\" decoding=\"async\" width=\"1024\" height=\"585\" src=\"https:\/\/beleza.artereciclada.com.br\/wp-content\/uploads\/2025\/02\/DALL\u00b7E-2025-02-14-12.46.01-A-stylish-and-modern-composition-featuring-a-person-with-beautifully-styled-shiny-and-well-defined-hair.-The-image-highlights-the-final-steps-of-a-h-1-1-1024x585.webp\" alt=\"Finaliza\u00e7\u00e3o capilar\" class=\"wp-image-126\" srcset=\"https:\/\/beleza.artereciclada.com.br\/wp-content\/uploads\/2025\/02\/DALL\u00b7E-2025-02-14-12.46.01-A-stylish-and-modern-composition-featuring-a-person-with-beautifully-styled-shiny-and-well-defined-hair.-The-image-highlights-the-final-steps-of-a-h-1-1-1024x585.webp 1024w, https:\/\/beleza.artereciclada.com.br\/wp-content\/uploads\/2025\/02\/DALL\u00b7E-2025-02-14-12.46.01-A-stylish-and-modern-composition-featuring-a-person-with-beautifully-styled-shiny-and-well-defined-hair.-The-image-highlights-the-final-steps-of-a-h-1-1-300x171.webp 300w, https:\/\/beleza.artereciclada.com.br\/wp-content\/uploads\/2025\/02\/DALL\u00b7E-2025-02-14-12.46.01-A-stylish-and-modern-composition-featuring-a-person-with-beautifully-styled-shiny-and-well-defined-hair.-The-image-highlights-the-final-steps-of-a-h-1-1-768x439.webp 768w, https:\/\/beleza.artereciclada.com.br\/wp-content\/uploads\/2025\/02\/DALL\u00b7E-2025-02-14-12.46.01-A-stylish-and-modern-composition-featuring-a-person-with-beautifully-styled-shiny-and-well-defined-hair.-The-image-highlights-the-final-steps-of-a-h-1-1-1536x878.webp 1536w, https:\/\/beleza.artereciclada.com.br\/wp-content\/uploads\/2025\/02\/DALL\u00b7E-2025-02-14-12.46.01-A-stylish-and-modern-composition-featuring-a-person-with-beautifully-styled-shiny-and-well-defined-hair.-The-image-highlights-the-final-steps-of-a-h-1-1-18x10.webp 18w, https:\/\/beleza.artereciclada.com.br\/wp-content\/uploads\/2025\/02\/DALL\u00b7E-2025-02-14-12.46.01-A-stylish-and-modern-composition-featuring-a-person-with-beautifully-styled-shiny-and-well-defined-hair.-The-image-highlights-the-final-steps-of-a-h-1-1.webp 1792w\" sizes=\"(max-width: 1024px) 100vw, 1024px\" \/><\/figure>\n\n\n\n<div class=\"wp-block-rank-math-toc-block\" id=\"rank-math-toc\"><h2>Index<\/h2><nav><ul><li class=\"\"><a href=\"#a-importancia-da-finalizacao-capilar\">L'importance de la finition capillaire<\/a><\/li><li class=\"\"><a href=\"#dicas-de-finalizacao-capilar-para-cabelos-cacheados\">Conseils pour coiffer les cheveux boucl\u00e9s<\/a><ul><li class=\"\"><a href=\"#1-hidratacao-profunda\">1. Hydratation en profondeur<\/a><\/li><li class=\"\"><a href=\"#2-tecnicas-de-finalizacao\">2. Techniques de finalisation<\/a><\/li><li class=\"\"><a href=\"#3-produtos-especificos\">3. Produits sp\u00e9cifiques<\/a><\/li><\/ul><\/li><li class=\"\"><a href=\"#dicas-de-finalizacao-capilar-para-cabelos-lisos\">Conseils pour coiffer les cheveux raides<\/a><ul><li class=\"\"><a href=\"#1-controle-do-frizz\">1. Contr\u00f4le des frisottis<\/a><\/li><li class=\"\"><a href=\"#2-tecnicas-de-finalizacao-1\">2. Techniques de finalisation<\/a><\/li><li class=\"\"><a href=\"#3-produtos-essenciais\">3. Produits essentiels<\/a><\/li><\/ul><\/li><li class=\"\"><a href=\"#dicas-gerais-para-uma-finalizacao-capilar-perfeita\">Conseils g\u00e9n\u00e9raux pour une finition parfaite de vos cheveux<\/a><\/li><li class=\"\"><a href=\"#conclusao\">Conclusion<\/a><\/li><li class=\"\"><a href=\"#fontes-de-inspiracao\">Sources d'inspiration<\/a><\/li><\/ul><\/nav><\/div>\n\n\n\n<h2 class=\"wp-block-heading\" id=\"a-importancia-da-finalizacao-capilar\"><strong>L'importance de la finition capillaire<\/strong><\/h2>\n\n\n\n<p>A <strong>finition capillaire<\/strong> est responsable de :<\/p>\n\n\n\n<ul class=\"wp-block-list\">\n<li><strong>D\u00e9finir la texture :<\/strong> Il souligne la forme naturelle des boucles ou l'aspect lisse et disciplin\u00e9 des cheveux.<\/li>\n\n\n\n<li><strong>Prot\u00e9ger les cheveux :<\/strong> Scellant l'hydratation et formant une barri\u00e8re contre les agressions ext\u00e9rieures telles que la pollution et la chaleur.<\/li>\n\n\n\n<li><strong>Ajouter \u00e9clat et vitalit\u00e9 :<\/strong> Une finition bien ex\u00e9cut\u00e9e apporte luminosit\u00e9 et sant\u00e9 aux cheveux.<\/li>\n\n\n\n<li><strong>Faciliter le coiffage :<\/strong> Les produits de finition aident \u00e0 maintenir la coiffure plus longtemps, en r\u00e9duisant les frisottis et les m\u00e8ches rebelles.<\/li>\n<\/ul>\n\n\n\n<hr class=\"wp-block-separator has-alpha-channel-opacity\"\/>\n\n\n\n<h2 class=\"wp-block-heading\" id=\"dicas-de-finalizacao-capilar-para-cabelos-cacheados\"><strong>Conseils pour coiffer les cheveux boucl\u00e9s<\/strong><\/h2>\n\n\n\n<p>Les cheveux boucl\u00e9s ont une structure unique qui n\u00e9cessite des soins sp\u00e9cifiques lors du coiffage. Voici quelques conseils essentiels :<\/p>\n\n\n\n<h3 class=\"wp-block-heading\" id=\"1-hidratacao-profunda\"><strong>1. Hydratation en profondeur<\/strong><\/h3>\n\n\n\n<ul class=\"wp-block-list\">\n<li><strong>Pr\u00e9-finalisation :<\/strong> Avant de terminer, assurez-vous que vos boucles sont bien hydrat\u00e9es \u00e0 l'aide d'un soin sans rin\u00e7age ou d'une cr\u00e8me coiffante. A <strong>finition capillaire<\/strong> Les cheveux boucl\u00e9s ont besoin d'hydratation pour d\u00e9finir les boucles et r\u00e9duire les frisottis.<\/li>\n\n\n\n<li><strong>Masques et traitements :<\/strong> Utilisez des masques nourrissants chaque semaine pour pr\u00e9server la sant\u00e9 de vos cheveux et renforcer la d\u00e9finition de vos boucles.<\/li>\n<\/ul>\n\n\n\n<h3 class=\"wp-block-heading\" id=\"2-tecnicas-de-finalizacao\"><strong>2. Techniques de finalisation<\/strong><\/h3>\n\n\n\n<ul class=\"wp-block-list\">\n<li><strong>Fitagem ou Scrunching :<\/strong> Appliquez le produit de finition avec vos mains, en effectuant des mouvements de \u201c scrunch \u201d pour aider \u00e0 former les boucles. Cette technique permet de r\u00e9partir uniform\u00e9ment la cr\u00e8me ou le gel, en soulignant la d\u00e9finition.<\/li>\n\n\n\n<li><strong>Diffuseur :<\/strong> Si vous utilisez un s\u00e8che-cheveux, fixez un diffuseur pour s\u00e9cher les cheveux boucl\u00e9s sans les ab\u00eemer. Cela aide \u00e0 conserver la forme naturelle des boucles et \u00e9vite les frisottis.<\/li>\n<\/ul>\n\n\n\n<h3 class=\"wp-block-heading\" id=\"3-produtos-especificos\"><strong>3. Produits sp\u00e9cifiques<\/strong><\/h3>\n\n\n\n<ul class=\"wp-block-list\">\n<li><strong>Gel pour boucles :<\/strong> Gel offrant une bonne tenue sans rigidifier les cheveux, id\u00e9al pour contr\u00f4ler les frisottis et d\u00e9finir les boucles. Optez pour des formules contenant des ingr\u00e9dients hydratants.<\/li>\n\n\n\n<li><strong>Cr\u00e8me coiffante :<\/strong> Les cr\u00e8mes qui hydratent et d\u00e9finissent sont indispensables pour la <strong>finition capillaire<\/strong> aux cheveux boucl\u00e9s. Ils aident \u00e0 garder les boucles souples et \u00e0 leur donner un mouvement naturel.<\/li>\n\n\n\n<li><strong>Huiles l\u00e9g\u00e8res :<\/strong> Appliquer quelques gouttes d'huile, comme l'huile d'argan ou de coco, peut sceller l'hydratation et augmenter la brillance sans alourdir les cheveux.<\/li>\n<\/ul>\n\n\n\n<hr class=\"wp-block-separator has-alpha-channel-opacity\"\/>\n\n\n\n<h2 class=\"wp-block-heading\" id=\"dicas-de-finalizacao-capilar-para-cabelos-lisos\"><strong>Conseils pour coiffer les cheveux raides<\/strong><\/h2>\n\n\n\n<figure class=\"wp-block-image size-large\"><img decoding=\"async\" width=\"1024\" height=\"585\" src=\"https:\/\/beleza.artereciclada.com.br\/wp-content\/uploads\/2025\/02\/DALL\u00b7E-2025-02-14-12.50.06-A-stylish-and-modern-composition-featuring-a-person-with-sleek-shiny-and-well-defined-straight-hair.-The-image-highlights-the-final-steps-of-a-hair-1-1024x585.webp\" alt=\"\" class=\"wp-image-127\" srcset=\"https:\/\/beleza.artereciclada.com.br\/wp-content\/uploads\/2025\/02\/DALL\u00b7E-2025-02-14-12.50.06-A-stylish-and-modern-composition-featuring-a-person-with-sleek-shiny-and-well-defined-straight-hair.-The-image-highlights-the-final-steps-of-a-hair-1-1024x585.webp 1024w, https:\/\/beleza.artereciclada.com.br\/wp-content\/uploads\/2025\/02\/DALL\u00b7E-2025-02-14-12.50.06-A-stylish-and-modern-composition-featuring-a-person-with-sleek-shiny-and-well-defined-straight-hair.-The-image-highlights-the-final-steps-of-a-hair-1-300x171.webp 300w, https:\/\/beleza.artereciclada.com.br\/wp-content\/uploads\/2025\/02\/DALL\u00b7E-2025-02-14-12.50.06-A-stylish-and-modern-composition-featuring-a-person-with-sleek-shiny-and-well-defined-straight-hair.-The-image-highlights-the-final-steps-of-a-hair-1-768x439.webp 768w, https:\/\/beleza.artereciclada.com.br\/wp-content\/uploads\/2025\/02\/DALL\u00b7E-2025-02-14-12.50.06-A-stylish-and-modern-composition-featuring-a-person-with-sleek-shiny-and-well-defined-straight-hair.-The-image-highlights-the-final-steps-of-a-hair-1-1536x878.webp 1536w, https:\/\/beleza.artereciclada.com.br\/wp-content\/uploads\/2025\/02\/DALL\u00b7E-2025-02-14-12.50.06-A-stylish-and-modern-composition-featuring-a-person-with-sleek-shiny-and-well-defined-straight-hair.-The-image-highlights-the-final-steps-of-a-hair-1-18x10.webp 18w, https:\/\/beleza.artereciclada.com.br\/wp-content\/uploads\/2025\/02\/DALL\u00b7E-2025-02-14-12.50.06-A-stylish-and-modern-composition-featuring-a-person-with-sleek-shiny-and-well-defined-straight-hair.-The-image-highlights-the-final-steps-of-a-hair-1.webp 1792w\" sizes=\"(max-width: 1024px) 100vw, 1024px\" \/><\/figure>\n\n\n\n<p>Les cheveux lisses n\u00e9cessitent des techniques et des produits qui garantissent un look disciplin\u00e9 et brillant, tout en conservant leur douceur et leur mouvement naturel.<\/p>\n\n\n\n<h3 class=\"wp-block-heading\" id=\"1-controle-do-frizz\"><strong>1. Contr\u00f4le des frisottis<\/strong><\/h3>\n\n\n\n<ul class=\"wp-block-list\">\n<li><strong>Leave-in anti-frisottis :<\/strong> Utilisez un soin sans rin\u00e7age avec protection thermique et contr\u00f4le des frisottis pour garder vos cheveux lisses. A <strong>finition capillaire<\/strong> Les cheveux raides d\u00e9pendent de produits qui contr\u00f4lent le s\u00e9bum et \u00e9vitent l'effet cr\u00e9pu.<\/li>\n\n\n\n<li><strong>Protecteur thermique :<\/strong> Avant d'utiliser un s\u00e8che-cheveux ou un fer \u00e0 lisser, appliquez un protecteur thermique pour pr\u00e9server la sant\u00e9 de vos cheveux et \u00e9viter les dommages caus\u00e9s par la chaleur.<\/li>\n<\/ul>\n\n\n\n<h3 class=\"wp-block-heading\" id=\"2-tecnicas-de-finalizacao-1\"><strong>2. Techniques de finalisation<\/strong><\/h3>\n\n\n\n<ul class=\"wp-block-list\">\n<li><strong>Coiffure au s\u00e8che-cheveux :<\/strong> Apr\u00e8s le lavage, s\u00e9chez vos cheveux \u00e0 l'aide d'une brosse ronde pour les modeler et obtenir un look lisse et soign\u00e9.<\/li>\n\n\n\n<li><strong>Lissage naturel :<\/strong> Si vous pr\u00e9f\u00e9rez un fini plus lisse, utilisez un soin lissant ou un produit coiffant sp\u00e9cifique pour cheveux lisses, qui aideront \u00e0 maintenir votre coiffure sans lui donner un aspect artificiel.<\/li>\n<\/ul>\n\n\n\n<h3 class=\"wp-block-heading\" id=\"3-produtos-essenciais\"><strong>3. Produits essentiels<\/strong><\/h3>\n\n\n\n<ul class=\"wp-block-list\">\n<li><strong>S\u00e9rum \u00e9clat :<\/strong> Un s\u00e9rum de finition peut apporter une brillance instantan\u00e9e et r\u00e9duire les frisottis, laissant les cheveux lisses et soyeux.<\/li>\n\n\n\n<li><strong>Spray Fixa Leve :<\/strong> Les fixateurs en spray aident \u00e0 maintenir la coiffure intacte tout au long de la journ\u00e9e, sans alourdir les cheveux.<\/li>\n\n\n\n<li><strong>Huiles capillaires :<\/strong> Appliquer une petite quantit\u00e9 d'huile d'argan ou d'huile de jojoba sur les cheveux secs peut apporter une touche finale de brillance et de douceur.<\/li>\n<\/ul>\n\n\n\n<hr class=\"wp-block-separator has-alpha-channel-opacity\"\/>\n\n\n\n<h2 class=\"wp-block-heading\" id=\"dicas-gerais-para-uma-finalizacao-capilar-perfeita\"><strong>Conseils g\u00e9n\u00e9raux pour une finition parfaite de vos cheveux<\/strong><\/h2>\n\n\n\n<p>Quel que soit votre type de cheveux, certaines pr\u00e9cautions g\u00e9n\u00e9rales peuvent am\u00e9liorer la qualit\u00e9 de la <strong>finition capillaire<\/strong>:<\/p>\n\n\n\n<ul class=\"wp-block-list\">\n<li><strong>Produits de qualit\u00e9 :<\/strong> Investissez dans des produits de haute qualit\u00e9 adapt\u00e9s \u00e0 votre type de cheveux. Le choix des bons produits est essentiel pour obtenir des r\u00e9sultats durables.<\/li>\n\n\n\n<li><strong>Coh\u00e9rence dans la routine :<\/strong> Maintenir une routine capillaire r\u00e9guli\u00e8re, qui comprend le nettoyage, l'hydratation et la finition, est le secret pour avoir des cheveux toujours bien soign\u00e9s et d'apparence saine.<\/li>\n\n\n\n<li><strong>Adaptation aux besoins :<\/strong> Chaque cheveu est unique. Testez diff\u00e9rents produits et techniques jusqu'\u00e0 trouver la combinaison qui r\u00e9pond le mieux \u00e0 vos besoins.<\/li>\n\n\n\n<li><strong>Attention \u00e0 la chaleur :<\/strong> \u00c9vitez d'utiliser trop souvent des appareils chauffants et utilisez toujours des protections thermiques avant de coiffer vos cheveux.<\/li>\n<\/ul>\n\n\n\n<hr class=\"wp-block-separator has-alpha-channel-opacity\"\/>\n\n\n\n<h2 class=\"wp-block-heading\" id=\"conclusao\"><strong>Conclusion<\/strong><\/h2>\n\n\n\n<p>A <strong>finition capillaire<\/strong> C'est la touche finale qui transforme la sant\u00e9 et l'apparence de vos cheveux, qu'ils soient boucl\u00e9s ou raides. Avec les bons conseils et les bons produits, vous pouvez obtenir un look parfait, avec des cheveux disciplin\u00e9s, brillants et pleins de vitalit\u00e9.<\/p>\n\n\n\n<p>Non <strong>Beaut\u00e9 Art<\/strong>, nous pensons que la cl\u00e9 d'une finition capillaire impeccable r\u00e9side dans la combinaison de techniques adapt\u00e9es et de produits de qualit\u00e9. Investissez dans une routine personnalis\u00e9e et d\u00e9couvrez la transformation qu'une bonne finition peut apporter \u00e0 votre look.<\/p>\n\n\n\n<p>Pour plus de conseils, d'astuces et de produits qui peuvent am\u00e9liorer votre <strong>finition capillaire<\/strong>, visitez notre site web <a href=\"https:\/\/beleza.artereciclada.com.br\/fr\/\">Beaut\u00e9 Art<\/a> et suivez nos r\u00e9seaux sociaux. Si vous avez besoin de conseils personnalis\u00e9s, veuillez nous contacter par courrier \u00e9lectronique \u00e0 l'adresse suivante <strong><a href=\"mailto:contato@artereciclada.com.br\">contato@artereciclada.com.br<\/a><\/strong>.<\/p>\n\n\n\n<hr class=\"wp-block-separator has-alpha-channel-opacity\"\/>\n\n\n\n<h2 class=\"wp-block-heading\" id=\"fontes-de-inspiracao\"><strong>Sources d'inspiration<\/strong><\/h2>\n\n\n\n<p>Cet article a \u00e9t\u00e9 r\u00e9dig\u00e9 sur la base des tendances du march\u00e9 de la beaut\u00e9, d'exp\u00e9riences personnelles et de pratiques reconnues dans le domaine des soins capillaires. Les conseils pr\u00e9sent\u00e9s ici refl\u00e8tent notre engagement \u00e0 vous offrir un guide complet et actualis\u00e9 afin que vous puissiez obtenir une coiffure parfaite, mettant en valeur la beaut\u00e9 naturelle de vos cheveux.<\/p>\n\n\n\n<p><a href=\"https:\/\/www.youtube.com\/watch?v=VRkrPjzVpqE\" target=\"_blank\" rel=\"noopener\">Vid\u00e9o Suggestion<\/a><\/p>\n\n\n\n<p><\/p>","protected":false},"excerpt":{"rendered":"<p>A finaliza\u00e7\u00e3o capilar \u00e9 a etapa crucial que define o visual e o toque final de qualquer penteado, seja para cabelos cacheados ou lisos. Uma boa finaliza\u00e7\u00e3o n\u00e3o s\u00f3 potencializa a beleza natural dos fios, mas tamb\u00e9m garante durabilidade e prote\u00e7\u00e3o contra os danos do dia a dia. No Beleza Arte, reunimos dicas especializadas para [&hellip;]<\/p>","protected":false},"author":4,"featured_media":123,"comment_status":"open","ping_status":"open","sticky":false,"template":"","format":"standard","meta":{"footnotes":""},"categories":[6],"tags":[],"class_list":["post-122","post","type-post","status-publish","format-standard","has-post-thumbnail","hentry","category-cabelo"],"blocksy_meta":[],"_links":{"self":[{"href":"https:\/\/beleza.artereciclada.com.br\/fr\/wp-json\/wp\/v2\/posts\/122","targetHints":{"allow":["GET"]}}],"collection":[{"href":"https:\/\/beleza.artereciclada.com.br\/fr\/wp-json\/wp\/v2\/posts"}],"about":[{"href":"https:\/\/beleza.artereciclada.com.br\/fr\/wp-json\/wp\/v2\/types\/post"}],"author":[{"embeddable":true,"href":"https:\/\/beleza.artereciclada.com.br\/fr\/wp-json\/wp\/v2\/users\/4"}],"replies":[{"embeddable":true,"href":"https:\/\/beleza.artereciclada.com.br\/fr\/wp-json\/wp\/v2\/comments?post=122"}],"version-history":[{"count":4,"href":"https:\/\/beleza.artereciclada.com.br\/fr\/wp-json\/wp\/v2\/posts\/122\/revisions"}],"predecessor-version":[{"id":232,"href":"https:\/\/beleza.artereciclada.com.br\/fr\/wp-json\/wp\/v2\/posts\/122\/revisions\/232"}],"wp:featuredmedia":[{"embeddable":true,"href":"https:\/\/beleza.artereciclada.com.br\/fr\/wp-json\/wp\/v2\/media\/123"}],"wp:attachment":[{"href":"https:\/\/beleza.artereciclada.com.br\/fr\/wp-json\/wp\/v2\/media?parent=122"}],"wp:term":[{"taxonomy":"category","embeddable":true,"href":"https:\/\/beleza.artereciclada.com.br\/fr\/wp-json\/wp\/v2\/categories?post=122"},{"taxonomy":"post_tag","embeddable":true,"href":"https:\/\/beleza.artereciclada.com.br\/fr\/wp-json\/wp\/v2\/tags?post=122"}],"curies":[{"name":"wp","href":"https:\/\/api.w.org\/{rel}","templated":true}]}}