{"id":117,"date":"2025-02-14T09:33:45","date_gmt":"2025-02-14T15:33:45","guid":{"rendered":"https:\/\/beleza.artereciclada.com.br\/?p=117"},"modified":"2025-02-14T10:22:51","modified_gmt":"2025-02-14T16:22:51","slug":"cabelos-tingidos","status":"publish","type":"post","link":"https:\/\/beleza.artereciclada.com.br\/fr\/cabelo\/cabelos-tingidos\/","title":{"rendered":"Cheveux teints : comment en prendre soin et \u00e9viter qu'ils ne se d\u00e9colorent"},"content":{"rendered":"<figure class=\"wp-block-image size-large\"><img fetchpriority=\"high\" decoding=\"async\" width=\"1024\" height=\"585\" src=\"https:\/\/beleza.artereciclada.com.br\/wp-content\/uploads\/2025\/02\/DALL\u00b7E-2025-02-14-12.26.49-A-modern-and-stylish-composition-featuring-vibrant-well-maintained-colored-hair-with-a-person-applying-a-nourishing-hair-mask-or-serum.-The-scene-inc-1-1-1024x585.webp\" alt=\"\" class=\"wp-image-119\" srcset=\"https:\/\/beleza.artereciclada.com.br\/wp-content\/uploads\/2025\/02\/DALL\u00b7E-2025-02-14-12.26.49-A-modern-and-stylish-composition-featuring-vibrant-well-maintained-colored-hair-with-a-person-applying-a-nourishing-hair-mask-or-serum.-The-scene-inc-1-1-1024x585.webp 1024w, https:\/\/beleza.artereciclada.com.br\/wp-content\/uploads\/2025\/02\/DALL\u00b7E-2025-02-14-12.26.49-A-modern-and-stylish-composition-featuring-vibrant-well-maintained-colored-hair-with-a-person-applying-a-nourishing-hair-mask-or-serum.-The-scene-inc-1-1-300x171.webp 300w, https:\/\/beleza.artereciclada.com.br\/wp-content\/uploads\/2025\/02\/DALL\u00b7E-2025-02-14-12.26.49-A-modern-and-stylish-composition-featuring-vibrant-well-maintained-colored-hair-with-a-person-applying-a-nourishing-hair-mask-or-serum.-The-scene-inc-1-1-768x439.webp 768w, https:\/\/beleza.artereciclada.com.br\/wp-content\/uploads\/2025\/02\/DALL\u00b7E-2025-02-14-12.26.49-A-modern-and-stylish-composition-featuring-vibrant-well-maintained-colored-hair-with-a-person-applying-a-nourishing-hair-mask-or-serum.-The-scene-inc-1-1-1536x878.webp 1536w, https:\/\/beleza.artereciclada.com.br\/wp-content\/uploads\/2025\/02\/DALL\u00b7E-2025-02-14-12.26.49-A-modern-and-stylish-composition-featuring-vibrant-well-maintained-colored-hair-with-a-person-applying-a-nourishing-hair-mask-or-serum.-The-scene-inc-1-1-18x10.webp 18w, https:\/\/beleza.artereciclada.com.br\/wp-content\/uploads\/2025\/02\/DALL\u00b7E-2025-02-14-12.26.49-A-modern-and-stylish-composition-featuring-vibrant-well-maintained-colored-hair-with-a-person-applying-a-nourishing-hair-mask-or-serum.-The-scene-inc-1-1.webp 1792w\" sizes=\"(max-width: 1024px) 100vw, 1024px\" \/><\/figure>\n\n\n\n<p>Conserver <strong>cheveux teints<\/strong> avec une apparence \u00e9clatante et saine peut \u00eatre un d\u00e9fi, mais avec la bonne routine de soins, il est possible de pr\u00e9server la couleur et l'int\u00e9grit\u00e9 des cheveux. Dans cet article, nous allons explorer des conseils et des strat\u00e9gies pour prendre soin des <strong>cheveux<\/strong>, \u00e9viter la d\u00e9coloration et garder vos cheveux brillants et pleins de vie.<\/p>\n\n\n\n<div class=\"wp-block-rank-math-toc-block\" id=\"rank-math-toc\"><h2>Index<\/h2><nav><ul><li class=\"\"><a href=\"#por-que-os-cabelos-tingidos-desbotam\">Pourquoi les cheveux teints se d\u00e9colorent-ils ?<\/a><\/li><li class=\"\"><a href=\"#dicas-essenciais-para-cuidar-de-cabelos-tingidos\">Conseils essentiels pour prendre soin des cheveux color\u00e9s<\/a><ul><li class=\"\"><a href=\"#1-use-produtos-especificos-para-cabelos-tingidos\">1. Utilisez des produits sp\u00e9cifiques pour les cheveux color\u00e9s<\/a><\/li><li class=\"\"><a href=\"#2-lave-com-agua-fria-ou-morna\">2. Lavez \u00e0 l'eau froide ou ti\u00e8de.<\/a><\/li><li class=\"\"><a href=\"#3-protecao-solar-para-cabelos-tingidos\">3. Protection solaire pour cheveux color\u00e9s<\/a><\/li><li class=\"\"><a href=\"#4-evite-o-uso-excessivo-de-ferramentas-de-calor\">4. \u00c9vitez l'utilisation excessive d'appareils chauffants<\/a><\/li><li class=\"\"><a href=\"#5-tratamentos-de-hidratacao-profunda\">5. Traitements d'hydratation en profondeur<\/a><\/li><li class=\"\"><a href=\"#6-reduza-lavagens-excessivas\">6. R\u00e9duisez les lavages excessifs<\/a><\/li><\/ul><\/li><li class=\"\"><a href=\"#dicas-adicionais-para-preservar-a-cor-dos-cabelos-tingidos\">Conseils suppl\u00e9mentaires pour pr\u00e9server la couleur des cheveux teints<\/a><\/li><li class=\"\"><a href=\"#conclusao\">Conclusion<\/a><\/li><li class=\"\"><a href=\"#fontes-de-inspiracao\">Sources d'inspiration<\/a><\/li><\/ul><\/nav><\/div>\n\n\n\n<hr class=\"wp-block-separator has-alpha-channel-opacity\"\/>\n\n\n\n<h2 class=\"wp-block-heading\" id=\"por-que-os-cabelos-tingidos-desbotam\"><strong>Pourquoi les cheveux teints se d\u00e9colorent-ils ?<\/strong><\/h2>\n\n\n\n<p>La d\u00e9coloration des <strong>cheveux teints<\/strong> peut se produire pour diverses raisons. Comprendre ces facteurs est la premi\u00e8re \u00e9tape pour adopter des mesures pr\u00e9ventives :<\/p>\n\n\n\n<ul class=\"wp-block-list\">\n<li><strong>Exposition au soleil :<\/strong> Les rayons UV sont l'une des principales causes de la d\u00e9coloration des cheveux, car ils endommagent la cuticule des cheveux.<\/li>\n\n\n\n<li><strong>Utilisation d'eau chaude :<\/strong> Se laver les cheveux \u00e0 l'eau chaude peut ouvrir les cuticules, ce qui permet \u00e0 la couleur de s'estomper plus facilement.<\/li>\n\n\n\n<li><strong>Produits agressifs :<\/strong> Les shampooings et apr\u00e8s-shampooings contenant des sulfates peuvent d\u00e9colorer les cheveux et nuire \u00e0 leur sant\u00e9.<\/li>\n\n\n\n<li><strong>Facteurs environnementaux :<\/strong> La pollution et le chlore des piscines peuvent \u00e9galement acc\u00e9l\u00e9rer la d\u00e9coloration, nuisant \u00e0 la vitalit\u00e9 des <strong>cheveux teints<\/strong>.<\/li>\n<\/ul>\n\n\n\n<hr class=\"wp-block-separator has-alpha-channel-opacity\"\/>\n\n\n\n<h2 class=\"wp-block-heading\" id=\"dicas-essenciais-para-cuidar-de-cabelos-tingidos\"><strong>Conseils essentiels pour prendre soin des cheveux color\u00e9s<\/strong><\/h2>\n\n\n\n<h3 class=\"wp-block-heading\" id=\"1-use-produtos-especificos-para-cabelos-tingidos\"><strong>1. Utilisez des produits sp\u00e9cifiques pour les cheveux color\u00e9s<\/strong><\/h3>\n\n\n\n<p>Optez pour des shampooings, apr\u00e8s-shampooings et masques sp\u00e9cialement con\u00e7us pour <strong>cheveux teints<\/strong> Il est essentiel pour prot\u00e9ger et pr\u00e9server la couleur :<\/p>\n\n\n\n<ul class=\"wp-block-list\">\n<li><strong>Shampoos sans sulfate :<\/strong> Ces produits nettoient les cheveux en douceur sans enlever la couleur.<\/li>\n\n\n\n<li><strong>Apr\u00e8s-shampooings hydratants :<\/strong> Ils aident \u00e0 sceller la cuticule, pr\u00e9servant ainsi la couleur et apportant de la brillance.<\/li>\n\n\n\n<li><strong>Masques nourrissants :<\/strong> Appliqu\u00e9es chaque semaine, elles restaurent l'hydratation et renforcent les cheveux, r\u00e9duisant ainsi leur d\u00e9coloration.<\/li>\n<\/ul>\n\n\n\n<h3 class=\"wp-block-heading\" id=\"2-lave-com-agua-fria-ou-morna\"><strong>2. Lavez \u00e0 l'eau froide ou ti\u00e8de.<\/strong><\/h3>\n\n\n\n<p>Il est essentiel d'\u00e9viter d'utiliser de l'eau chaude pour pr\u00e9server la couleur des <strong>cheveux teints<\/strong>:<\/p>\n\n\n\n<ul class=\"wp-block-list\">\n<li><strong>Eau froide ou ti\u00e8de :<\/strong> Laver vos cheveux \u00e0 basse temp\u00e9rature aide \u00e0 refermer les cuticules et \u00e0 pr\u00e9server la couleur.<\/li>\n\n\n\n<li><strong>Finition \u00e0 l'eau froide :<\/strong> Un dernier jet d'eau froide peut aider \u00e0 sceller la cuticule et \u00e0 prolonger la vivacit\u00e9 de la couleur.<\/li>\n<\/ul>\n\n\n\n<h3 class=\"wp-block-heading\" id=\"3-protecao-solar-para-cabelos-tingidos\"><strong>3. Protection solaire pour cheveux color\u00e9s<\/strong><\/h3>\n\n\n\n<p>Tout comme la peau, les cheveux ont \u00e9galement besoin d'\u00eatre prot\u00e9g\u00e9s contre les rayons UV :<\/p>\n\n\n\n<ul class=\"wp-block-list\">\n<li><strong>Produits avec filtre solaire :<\/strong> Utilisez des sprays ou des leave-ins contenant une protection UV pour prot\u00e9ger vos cheveux de l'exposition directe au soleil.<\/li>\n\n\n\n<li><strong>Chapeaux et accessoires :<\/strong> Lorsque le soleil est intense, prot\u00e9ger vos cheveux avec un chapeau aide \u00e0 \u00e9viter la d\u00e9coloration et \u00e0 conserver une couleur \u00e9clatante.<\/li>\n<\/ul>\n\n\n\n<h3 class=\"wp-block-heading\" id=\"4-evite-o-uso-excessivo-de-ferramentas-de-calor\"><strong>4. \u00c9vitez l'utilisation excessive d'appareils chauffants<\/strong><\/h3>\n\n\n\n<p>Les outils thermiques peuvent aggraver la d\u00e9coloration et endommager les <strong>cheveux teints<\/strong>:<\/p>\n\n\n\n<ul class=\"wp-block-list\">\n<li><strong>Protecteur thermique :<\/strong> Appliquez toujours un protecteur thermique avant d'utiliser un s\u00e8che-cheveux, un fer \u00e0 lisser ou un fer \u00e0 friser.<\/li>\n\n\n\n<li><strong>R\u00e9duisez la fr\u00e9quence :<\/strong> \u00c9vitez d'utiliser quotidiennement des appareils chauffants afin de pr\u00e9server l'int\u00e9grit\u00e9 des cheveux et l'intensit\u00e9 de la couleur.<\/li>\n<\/ul>\n\n\n\n<h3 class=\"wp-block-heading\" id=\"5-tratamentos-de-hidratacao-profunda\"><strong>5. Traitements d'hydratation en profondeur<\/strong><\/h3>\n\n\n\n<p>Investir dans des hydratations r\u00e9guli\u00e8res est essentiel pour maintenir les <strong>cheveux teints<\/strong> saines et brillantes :<\/p>\n\n\n\n<ul class=\"wp-block-list\">\n<li><strong>Masques hydratants :<\/strong> Utilisez des traitements maison ou des produits sp\u00e9cifiques pour r\u00e9hydrater vos cheveux.<\/li>\n\n\n\n<li><strong>Huiles naturelles :<\/strong> L'huile d'argan, l'huile de coco ou l'huile de jojoba peuvent \u00eatre appliqu\u00e9es en fin de soin pour sceller l'hydratation et rehausser la brillance.<\/li>\n<\/ul>\n\n\n\n<h3 class=\"wp-block-heading\" id=\"6-reduza-lavagens-excessivas\"><strong>6. R\u00e9duisez les lavages excessifs<\/strong><\/h3>\n\n\n\n<p>Se laver les cheveux trop souvent peut acc\u00e9l\u00e9rer la d\u00e9coloration :<\/p>\n\n\n\n<ul class=\"wp-block-list\">\n<li><strong>Intervalles de lavage :<\/strong> Essayez d'espacer les lavages afin de pr\u00e9server les huiles naturelles et la couleur. Si n\u00e9cessaire, utilisez des shampoings secs entre les lavages pour conserver une sensation de fra\u00eecheur.<\/li>\n<\/ul>\n\n\n\n<hr class=\"wp-block-separator has-alpha-channel-opacity\"\/>\n\n\n\n<h2 class=\"wp-block-heading\" id=\"dicas-adicionais-para-preservar-a-cor-dos-cabelos-tingidos\"><strong>Conseils suppl\u00e9mentaires pour pr\u00e9server la couleur des cheveux teints<\/strong><\/h2>\n\n\n\n<figure class=\"wp-block-image size-large\"><img decoding=\"async\" width=\"1024\" height=\"585\" src=\"https:\/\/beleza.artereciclada.com.br\/wp-content\/uploads\/2025\/02\/DALL\u00b7E-2025-02-14-12.32.43-A-stylish-and-modern-composition-featuring-a-person-with-vibrant-well-maintained-colored-hair-using-a-protective-hair-care-routine.-The-image-include-1-1024x585.webp\" alt=\"\" class=\"wp-image-120\" srcset=\"https:\/\/beleza.artereciclada.com.br\/wp-content\/uploads\/2025\/02\/DALL\u00b7E-2025-02-14-12.32.43-A-stylish-and-modern-composition-featuring-a-person-with-vibrant-well-maintained-colored-hair-using-a-protective-hair-care-routine.-The-image-include-1-1024x585.webp 1024w, https:\/\/beleza.artereciclada.com.br\/wp-content\/uploads\/2025\/02\/DALL\u00b7E-2025-02-14-12.32.43-A-stylish-and-modern-composition-featuring-a-person-with-vibrant-well-maintained-colored-hair-using-a-protective-hair-care-routine.-The-image-include-1-300x171.webp 300w, https:\/\/beleza.artereciclada.com.br\/wp-content\/uploads\/2025\/02\/DALL\u00b7E-2025-02-14-12.32.43-A-stylish-and-modern-composition-featuring-a-person-with-vibrant-well-maintained-colored-hair-using-a-protective-hair-care-routine.-The-image-include-1-768x439.webp 768w, https:\/\/beleza.artereciclada.com.br\/wp-content\/uploads\/2025\/02\/DALL\u00b7E-2025-02-14-12.32.43-A-stylish-and-modern-composition-featuring-a-person-with-vibrant-well-maintained-colored-hair-using-a-protective-hair-care-routine.-The-image-include-1-1536x878.webp 1536w, https:\/\/beleza.artereciclada.com.br\/wp-content\/uploads\/2025\/02\/DALL\u00b7E-2025-02-14-12.32.43-A-stylish-and-modern-composition-featuring-a-person-with-vibrant-well-maintained-colored-hair-using-a-protective-hair-care-routine.-The-image-include-1-18x10.webp 18w, https:\/\/beleza.artereciclada.com.br\/wp-content\/uploads\/2025\/02\/DALL\u00b7E-2025-02-14-12.32.43-A-stylish-and-modern-composition-featuring-a-person-with-vibrant-well-maintained-colored-hair-using-a-protective-hair-care-routine.-The-image-include-1.webp 1792w\" sizes=\"(max-width: 1024px) 100vw, 1024px\" \/><\/figure>\n\n\n\n<ul class=\"wp-block-list\">\n<li><strong>\u00c9vitez les piscines sans protection :<\/strong> Le chlore peut endommager la coloration, c'est pourquoi il est recommand\u00e9 de porter un bonnet de bain ou d'appliquer un soin protecteur sans rin\u00e7age avant de se baigner.<\/li>\n\n\n\n<li><strong>Attention \u00e0 l'eau dure :<\/strong> Si l'eau de votre r\u00e9gion est riche en min\u00e9raux, envisagez d'utiliser un filtre ou des produits qui combattent le dess\u00e8chement caus\u00e9 par l'eau dure.<\/li>\n\n\n\n<li><strong>Consultez r\u00e9guli\u00e8rement un professionnel :<\/strong> Des visites r\u00e9guli\u00e8res chez le coiffeur permettent d'effectuer des traitements d'entretien, tels que des retouches de couleur et des hydratations en profondeur.<\/li>\n<\/ul>\n\n\n\n<hr class=\"wp-block-separator has-alpha-channel-opacity\"\/>\n\n\n\n<h2 class=\"wp-block-heading\" id=\"conclusao\"><strong>Conclusion<\/strong><\/h2>\n\n\n\n<p>Prendre soin des <strong>cheveux teints<\/strong> Pour \u00e9viter la d\u00e9coloration, il faut combiner des produits adapt\u00e9s, des habitudes de lavage soigneuses et une protection contre les facteurs environnementaux agressifs. Adopter une routine de soins personnalis\u00e9e peut faire toute la diff\u00e9rence dans le maintien de la couleur et la sant\u00e9 des cheveux.<\/p>\n\n\n\n<p>Nous, du <strong>Beaut\u00e9 Art<\/strong>, nous pensons qu'il est essentiel d'investir dans des produits de qualit\u00e9 et d'adopter une routine r\u00e9guli\u00e8re pour que vos <strong>cheveux teints<\/strong> restent \u00e9clatants et pleins de vie. Pour plus de conseils, d'astuces et de produits qui vous aideront \u00e0 pr\u00e9server la couleur de vos cheveux, rendez-vous sur notre site web. <a href=\"https:\/\/beleza.artereciclada.com.br\/fr\/\">Beaut\u00e9 Art<\/a> et suivez nos r\u00e9seaux sociaux. Si vous avez besoin de conseils personnalis\u00e9s, veuillez nous contacter par courrier \u00e9lectronique \u00e0 l'adresse suivante <strong><a href=\"mailto:contato@artereciclada.com.br\">contato@artereciclada.com.br<\/a><\/strong>.<\/p>\n\n\n\n<hr class=\"wp-block-separator has-alpha-channel-opacity\"\/>\n\n\n\n<h2 class=\"wp-block-heading\" id=\"fontes-de-inspiracao\"><strong>Sources d'inspiration<\/strong><\/h2>\n\n\n\n<p>Cet article a \u00e9t\u00e9 r\u00e9dig\u00e9 sur la base d'\u00e9tudes dermatologiques, des tendances du march\u00e9 de la beaut\u00e9 et des pratiques recommand\u00e9es pour les soins de la peau. <strong>cheveux teints<\/strong>. Les conseils pr\u00e9sent\u00e9s ici ont pour but de vous offrir un guide complet et actualis\u00e9 afin que vous puissiez pr\u00e9server la couleur et la sant\u00e9 de vos cheveux de mani\u00e8re efficace et durable.<\/p>\n\n\n\n<p>Investir dans les soins <strong>cheveux teints<\/strong> c'est investir dans votre estime de soi et votre apparence. Restez inform\u00e9, adaptez votre routine et profitez des avantages d'une chevelure \u00e9clatante et pleine de vie !<\/p>\n\n\n\n<p><a href=\"https:\/\/www.youtube.com\/watch?v=tpNbTK_sL78\" target=\"_blank\" rel=\"noopener\">Vid\u00e9o Suggestion<\/a><\/p>","protected":false},"excerpt":{"rendered":"<p>Manter cabelos tingidos com apar\u00eancia vibrante e saud\u00e1vel pode ser um desafio, mas com a rotina de cuidados certa \u00e9 poss\u00edvel preservar a cor e a integridade dos fios. Neste artigo, vamos explorar dicas e estrat\u00e9gias para cuidar dos cabelos, evitar o desbotamento e manter seus fios brilhantes e cheios de vida. Por que os [&hellip;]<\/p>","protected":false},"author":4,"featured_media":118,"comment_status":"open","ping_status":"open","sticky":false,"template":"","format":"standard","meta":{"footnotes":""},"categories":[6],"tags":[],"class_list":["post-117","post","type-post","status-publish","format-standard","has-post-thumbnail","hentry","category-cabelo"],"blocksy_meta":[],"_links":{"self":[{"href":"https:\/\/beleza.artereciclada.com.br\/fr\/wp-json\/wp\/v2\/posts\/117","targetHints":{"allow":["GET"]}}],"collection":[{"href":"https:\/\/beleza.artereciclada.com.br\/fr\/wp-json\/wp\/v2\/posts"}],"about":[{"href":"https:\/\/beleza.artereciclada.com.br\/fr\/wp-json\/wp\/v2\/types\/post"}],"author":[{"embeddable":true,"href":"https:\/\/beleza.artereciclada.com.br\/fr\/wp-json\/wp\/v2\/users\/4"}],"replies":[{"embeddable":true,"href":"https:\/\/beleza.artereciclada.com.br\/fr\/wp-json\/wp\/v2\/comments?post=117"}],"version-history":[{"count":2,"href":"https:\/\/beleza.artereciclada.com.br\/fr\/wp-json\/wp\/v2\/posts\/117\/revisions"}],"predecessor-version":[{"id":156,"href":"https:\/\/beleza.artereciclada.com.br\/fr\/wp-json\/wp\/v2\/posts\/117\/revisions\/156"}],"wp:featuredmedia":[{"embeddable":true,"href":"https:\/\/beleza.artereciclada.com.br\/fr\/wp-json\/wp\/v2\/media\/118"}],"wp:attachment":[{"href":"https:\/\/beleza.artereciclada.com.br\/fr\/wp-json\/wp\/v2\/media?parent=117"}],"wp:term":[{"taxonomy":"category","embeddable":true,"href":"https:\/\/beleza.artereciclada.com.br\/fr\/wp-json\/wp\/v2\/categories?post=117"},{"taxonomy":"post_tag","embeddable":true,"href":"https:\/\/beleza.artereciclada.com.br\/fr\/wp-json\/wp\/v2\/tags?post=117"}],"curies":[{"name":"wp","href":"https:\/\/api.w.org\/{rel}","templated":true}]}}