{"id":106,"date":"2025-02-14T09:10:14","date_gmt":"2025-02-14T15:10:14","guid":{"rendered":"https:\/\/beleza.artereciclada.com.br\/?p=106"},"modified":"2025-02-14T17:15:23","modified_gmt":"2025-02-14T20:15:23","slug":"queda-de-cabelo","status":"publish","type":"post","link":"https:\/\/beleza.artereciclada.com.br\/fr\/cabelo\/queda-de-cabelo\/","title":{"rendered":"Chute de cheveux : comment \u00e9viter la chute et stimuler la pousse des cheveux"},"content":{"rendered":"<p>A <strong>chute de cheveux<\/strong> est un probl\u00e8me courant qui touche des millions de personnes dans le monde entier. Qu'elle soit due \u00e0 des facteurs g\u00e9n\u00e9tiques, au stress, \u00e0 une mauvaise alimentation ou \u00e0 des d\u00e9s\u00e9quilibres hormonaux, la perte de cheveux peut avoir un impact sur l'estime de soi et la qualit\u00e9 de vie. Dans notre article, sur le site <strong>Beaut\u00e9 Art<\/strong>, nous abordons les strat\u00e9gies efficaces et les traitements modernes pour \u00e9viter la <strong>chute de cheveux<\/strong> et stimuler la croissance capillaire, pour une apparence saine et revitalis\u00e9e.<\/p>\n\n\n\n<figure class=\"wp-block-image size-large\"><img fetchpriority=\"high\" decoding=\"async\" width=\"1024\" height=\"585\" src=\"https:\/\/beleza.artereciclada.com.br\/wp-content\/uploads\/2025\/02\/DALL\u00b7E-2025-02-14-12.07.03-A-visually-appealing-image-showcasing-healthy-strong-hair-with-a-person-gently-massaging-their-scalp-to-promote-hair-growth.-The-composition-includes-1-1024x585.webp\" alt=\"Queda de cabelo\" class=\"wp-image-107\" srcset=\"https:\/\/beleza.artereciclada.com.br\/wp-content\/uploads\/2025\/02\/DALL\u00b7E-2025-02-14-12.07.03-A-visually-appealing-image-showcasing-healthy-strong-hair-with-a-person-gently-massaging-their-scalp-to-promote-hair-growth.-The-composition-includes-1-1024x585.webp 1024w, https:\/\/beleza.artereciclada.com.br\/wp-content\/uploads\/2025\/02\/DALL\u00b7E-2025-02-14-12.07.03-A-visually-appealing-image-showcasing-healthy-strong-hair-with-a-person-gently-massaging-their-scalp-to-promote-hair-growth.-The-composition-includes-1-300x171.webp 300w, https:\/\/beleza.artereciclada.com.br\/wp-content\/uploads\/2025\/02\/DALL\u00b7E-2025-02-14-12.07.03-A-visually-appealing-image-showcasing-healthy-strong-hair-with-a-person-gently-massaging-their-scalp-to-promote-hair-growth.-The-composition-includes-1-768x439.webp 768w, https:\/\/beleza.artereciclada.com.br\/wp-content\/uploads\/2025\/02\/DALL\u00b7E-2025-02-14-12.07.03-A-visually-appealing-image-showcasing-healthy-strong-hair-with-a-person-gently-massaging-their-scalp-to-promote-hair-growth.-The-composition-includes-1-1536x878.webp 1536w, https:\/\/beleza.artereciclada.com.br\/wp-content\/uploads\/2025\/02\/DALL\u00b7E-2025-02-14-12.07.03-A-visually-appealing-image-showcasing-healthy-strong-hair-with-a-person-gently-massaging-their-scalp-to-promote-hair-growth.-The-composition-includes-1-18x10.webp 18w, https:\/\/beleza.artereciclada.com.br\/wp-content\/uploads\/2025\/02\/DALL\u00b7E-2025-02-14-12.07.03-A-visually-appealing-image-showcasing-healthy-strong-hair-with-a-person-gently-massaging-their-scalp-to-promote-hair-growth.-The-composition-includes-1.webp 1792w\" sizes=\"(max-width: 1024px) 100vw, 1024px\" \/><\/figure>\n\n\n\n<div class=\"wp-block-rank-math-toc-block\" id=\"rank-math-toc\"><h2>Index<\/h2><nav><ul><li class=\"\"><a href=\"#entendendo-a-queda-de-cabelo\">Comprendre la chute des cheveux<\/a><ul><li class=\"\"><a href=\"#principais-causas-da-queda-de-cabelo\">Principales causes de la chute des cheveux<\/a><\/li><\/ul><\/li><li class=\"\"><a href=\"#estrategias-para-prevenir-a-queda-de-cabelo\">Strat\u00e9gies pour pr\u00e9venir la chute des cheveux<\/a><ul><li class=\"\"><a href=\"#1-alimentacao-balanceada-e-suplementacao\">1. Alimentation \u00e9quilibr\u00e9e et compl\u00e9ments alimentaires<\/a><\/li><li class=\"\"><a href=\"#2-cuidados-com-o-couro-cabeludo\">2. Soins du cuir chevelu<\/a><\/li><li class=\"\"><a href=\"#3-controle-do-estresse-e-estilo-de-vida-saudavel\">3. Gestion du stress et mode de vie sain<\/a><\/li><li class=\"\"><a href=\"#4-evitar-exposicao-excessiva-a-calor-e-produtos-quimicos\">4. \u00c9viter toute exposition excessive \u00e0 la chaleur et aux produits chimiques<\/a><\/li><\/ul><\/li><li class=\"\"><a href=\"#tratamentos-e-terapias-para-estimular-o-crescimento-capilar\">Traitements et th\u00e9rapies pour stimuler la croissance capillaire<\/a><ul><li class=\"\"><a href=\"#1-terapia-com-luz-de-baixa-intensidade-lllt\">1. Th\u00e9rapie par lumi\u00e8re \u00e0 faible intensit\u00e9 (LLLT)<\/a><\/li><li class=\"\"><a href=\"#2-mesoterapia-capilar\">2. M\u00e9soth\u00e9rapie capillaire<\/a><\/li><li class=\"\"><a href=\"#3-uso-de-minoxidil\">3. Utilisation du minoxidil<\/a><\/li><li class=\"\"><a href=\"#4-tratamentos-naturais-e-fitoterapicos\">4. Traitements naturels et phytoth\u00e9rapeutiques<\/a><\/li><\/ul><\/li><li class=\"\"><a href=\"#dicas-praticas-para-a-rotina-capilar\">Conseils pratiques pour votre routine capillaire<\/a><\/li><li class=\"\"><a href=\"#conclusao\">Conclusion<\/a><\/li><li class=\"\"><a href=\"#fontes-de-inspiracao\">Sources d'inspiration<\/a><\/li><\/ul><\/nav><\/div>\n\n\n\n<hr class=\"wp-block-separator has-alpha-channel-opacity\"\/>\n\n\n\n<h2 class=\"wp-block-heading\" id=\"entendendo-a-queda-de-cabelo\"><strong>Comprendre la chute des cheveux<\/strong><\/h2>\n\n\n\n<p>La perte de cheveux peut avoir plusieurs causes et se pr\u00e9senter sous diff\u00e9rentes formes, telles que l'alop\u00e9cie androg\u00e9n\u00e9tique, l'effluvium t\u00e9log\u00e8ne et d'autres affections dermatologiques. Afin de lutter efficacement contre la <strong>chute de cheveux<\/strong>, il est essentiel de comprendre les facteurs qui contribuent \u00e0 ce probl\u00e8me.<\/p>\n\n\n\n<h3 class=\"wp-block-heading\" id=\"principais-causas-da-queda-de-cabelo\"><strong>Principales causes de la chute des cheveux<\/strong><\/h3>\n\n\n\n<ul class=\"wp-block-list\">\n<li><strong>G\u00e9n\u00e9tique et h\u00e9r\u00e9dit\u00e9 :<\/strong>\n<ul class=\"wp-block-list\">\n<li>La pr\u00e9disposition g\u00e9n\u00e9tique est l'une des principales causes, en particulier dans le cas de l'alop\u00e9cie androg\u00e9n\u00e9tique, qui touche aussi bien les hommes que les femmes.<\/li>\n<\/ul>\n<\/li>\n\n\n\n<li><strong>Facteurs hormonaux :<\/strong>\n<ul class=\"wp-block-list\">\n<li>Les fluctuations hormonales, telles que celles qui surviennent pendant la grossesse, la m\u00e9nopause ou en cas de probl\u00e8mes thyro\u00efdiens, peuvent d\u00e9clencher la chute des cheveux.<\/li>\n<\/ul>\n<\/li>\n\n\n\n<li><strong>Stress et anxi\u00e9t\u00e9 :<\/strong>\n<ul class=\"wp-block-list\">\n<li>Des niveaux \u00e9lev\u00e9s de stress peuvent interrompre le cycle de croissance capillaire, entra\u00eenant une augmentation temporaire de la chute des cheveux.<\/li>\n<\/ul>\n<\/li>\n\n\n\n<li><strong>Alimentation et carences nutritionnelles :<\/strong>\n<ul class=\"wp-block-list\">\n<li>Le manque de nutriments essentiels, tels que le fer, le zinc, les vitamines du complexe B et les prot\u00e9ines, peut nuire \u00e0 la sant\u00e9 des cheveux.<\/li>\n<\/ul>\n<\/li>\n\n\n\n<li><strong>Utilisation excessive de produits chimiques et de chaleur :<\/strong>\n<ul class=\"wp-block-list\">\n<li>Les traitements chimiques, tels que les lissages et les colorations, ainsi que l'utilisation fr\u00e9quente de s\u00e8che-cheveux et de fers \u00e0 lisser, peuvent endommager les cheveux et entra\u00eener leur chute.<\/li>\n<\/ul>\n<\/li>\n\n\n\n<li><strong>Maladies et conditions m\u00e9dicales :<\/strong>\n<ul class=\"wp-block-list\">\n<li>Des probl\u00e8mes tels que les infections du cuir chevelu, les maladies auto-immunes et certains traitements m\u00e9dicaux peuvent contribuer \u00e0 la <strong>chute de cheveux<\/strong>.<\/li>\n<\/ul>\n<\/li>\n<\/ul>\n\n\n\n<hr class=\"wp-block-separator has-alpha-channel-opacity\"\/>\n\n\n\n<h2 class=\"wp-block-heading\" id=\"estrategias-para-prevenir-a-queda-de-cabelo\"><strong>Strat\u00e9gies pour pr\u00e9venir la chute des cheveux<\/strong><\/h2>\n\n\n\n<p>La pr\u00e9vention est le meilleur moyen de lutter contre la <strong>chute de cheveux<\/strong>. Nous vous pr\u00e9sentons ci-dessous plusieurs strat\u00e9gies qui, combin\u00e9es, peuvent aider \u00e0 pr\u00e9server la sant\u00e9 capillaire et \u00e0 r\u00e9duire la chute des cheveux.<\/p>\n\n\n\n<h3 class=\"wp-block-heading\" id=\"1-alimentacao-balanceada-e-suplementacao\"><strong>1. Alimentation \u00e9quilibr\u00e9e et compl\u00e9ments alimentaires<\/strong><\/h3>\n\n\n\n<p>Une alimentation \u00e9quilibr\u00e9e est essentielle pour garder des cheveux forts et sains.<\/p>\n\n\n\n<ul class=\"wp-block-list\">\n<li><strong>Aliments riches en prot\u00e9ines :<\/strong>\n<ul class=\"wp-block-list\">\n<li>Incluez des viandes maigres, des \u0153ufs, des l\u00e9gumineuses et des noix, qui fournissent les acides amin\u00e9s essentiels \u00e0 la formation des cheveux.<\/li>\n<\/ul>\n<\/li>\n\n\n\n<li><strong>Vitamines et min\u00e9raux :<\/strong>\n<ul class=\"wp-block-list\">\n<li>Les aliments riches en fer, en zinc, en vitamines A, C, D et E, ainsi qu'en vitamines du complexe B (en particulier la biotine) contribuent \u00e0 renforcer les cheveux.<\/li>\n<\/ul>\n<\/li>\n\n\n\n<li><strong>Acides gras essentiels :<\/strong>\n<ul class=\"wp-block-list\">\n<li>Les om\u00e9ga-3, pr\u00e9sents dans les poissons tels que le saumon, le chia et le lin, contribuent \u00e0 l'hydratation et \u00e0 la sant\u00e9 du cuir chevelu.<\/li>\n<\/ul>\n<\/li>\n\n\n\n<li><strong>Suppl\u00e9mentation :<\/strong>\n<ul class=\"wp-block-list\">\n<li>Dans certains cas, il peut \u00eatre n\u00e9cessaire de prendre des compl\u00e9ments alimentaires sp\u00e9cifiques, toujours sous la supervision d'un professionnel de sant\u00e9.<\/li>\n<\/ul>\n<\/li>\n<\/ul>\n\n\n\n<h3 class=\"wp-block-heading\" id=\"2-cuidados-com-o-couro-cabeludo\"><strong>2. Soins du cuir chevelu<\/strong><\/h3>\n\n\n\n<p>Un cuir chevelu sain est la base de la croissance capillaire.<\/p>\n\n\n\n<ul class=\"wp-block-list\">\n<li><strong>Hygi\u00e8ne ad\u00e9quate :<\/strong>\n<ul class=\"wp-block-list\">\n<li>Lavez vos cheveux avec un shampooing doux adapt\u00e9 \u00e0 votre type de cheveux afin d'\u00e9liminer les impuret\u00e9s sans agresser la peau.<\/li>\n<\/ul>\n<\/li>\n\n\n\n<li><strong>Massage capillaire :<\/strong>\n<ul class=\"wp-block-list\">\n<li>De l\u00e9gers massages du bout des doigts stimulent la circulation sanguine, favorisant ainsi la nutrition des follicules.<\/li>\n<\/ul>\n<\/li>\n\n\n\n<li><strong>\u00c9viter les produits agressifs :<\/strong>\n<ul class=\"wp-block-list\">\n<li>Optez pour des produits sans sulfates ni parab\u00e8nes, qui peuvent ass\u00e9cher le cuir chevelu et nuire \u00e0 la sant\u00e9 des cheveux.<\/li>\n<\/ul>\n<\/li>\n\n\n\n<li><strong>Traitements topiques :<\/strong>\n<ul class=\"wp-block-list\">\n<li>Des toniques et des lotions sp\u00e9cifiques contenant des ingr\u00e9dients tels que la caf\u00e9ine, la niacinamide et des extraits naturels peuvent renforcer les follicules et favoriser la r\u00e9g\u00e9n\u00e9ration capillaire.<\/li>\n<\/ul>\n<\/li>\n<\/ul>\n\n\n\n<h3 class=\"wp-block-heading\" id=\"3-controle-do-estresse-e-estilo-de-vida-saudavel\"><strong>3. Gestion du stress et mode de vie sain<\/strong><\/h3>\n\n\n\n<p>Le stress est l'un des principaux ennemis lorsqu'il s'agit de <strong>chute de cheveux<\/strong>.<\/p>\n\n\n\n<ul class=\"wp-block-list\">\n<li><strong>Techniques de relaxation :<\/strong>\n<ul class=\"wp-block-list\">\n<li>Des pratiques telles que la m\u00e9ditation, le yoga et l'exercice physique aident \u00e0 r\u00e9duire le niveau de stress et \u00e0 \u00e9quilibrer les hormones.<\/li>\n<\/ul>\n<\/li>\n\n\n\n<li><strong>Sommeil de qualit\u00e9 :<\/strong>\n<ul class=\"wp-block-list\">\n<li>Un sommeil r\u00e9parateur (7 \u00e0 8 heures par nuit) est essentiel \u00e0 la r\u00e9g\u00e9n\u00e9ration cellulaire et au maintien de la sant\u00e9 capillaire.<\/li>\n<\/ul>\n<\/li>\n\n\n\n<li><strong>Activit\u00e9s agr\u00e9ables :<\/strong>\n<ul class=\"wp-block-list\">\n<li>R\u00e9servez du temps pour des activit\u00e9s qui vous procurent plaisir et d\u00e9tente, contribuant ainsi \u00e0 votre bien-\u00eatre g\u00e9n\u00e9ral.<\/li>\n<\/ul>\n<\/li>\n<\/ul>\n\n\n\n<h3 class=\"wp-block-heading\" id=\"4-evitar-exposicao-excessiva-a-calor-e-produtos-quimicos\"><strong>4. \u00c9viter toute exposition excessive \u00e0 la chaleur et aux produits chimiques<\/strong><\/h3>\n\n\n\n<p>R\u00e9duire l'utilisation d'outils et de traitements agressifs peut pr\u00e9venir les dommages caus\u00e9s aux cheveux.<\/p>\n\n\n\n<ul class=\"wp-block-list\">\n<li><strong>S\u00e8che-cheveux et fers \u00e0 lisser :<\/strong>\n<ul class=\"wp-block-list\">\n<li>Utilisez toujours un protecteur thermique avant d'appliquer de la chaleur sur vos cheveux et r\u00e9glez la temp\u00e9rature \u00e0 un niveau mod\u00e9r\u00e9.<\/li>\n<\/ul>\n<\/li>\n\n\n\n<li><strong>Proc\u00e9d\u00e9s chimiques :<\/strong>\n<ul class=\"wp-block-list\">\n<li>Laissez passer un certain temps entre les traitements chimiques et investissez dans des produits de qualit\u00e9 pour minimiser les dommages.<\/li>\n<\/ul>\n<\/li>\n<\/ul>\n\n\n\n<hr class=\"wp-block-separator has-alpha-channel-opacity\"\/>\n\n\n\n<h2 class=\"wp-block-heading\" id=\"tratamentos-e-terapias-para-estimular-o-crescimento-capilar\"><strong>Traitements et th\u00e9rapies pour stimuler la croissance capillaire<\/strong><\/h2>\n\n\n\n<p>Outre la pr\u00e9vention, plusieurs traitements peuvent aider \u00e0 stimuler la croissance capillaire et \u00e0 r\u00e9duire la <strong>chute de cheveux<\/strong>.<\/p>\n\n\n\n<h3 class=\"wp-block-heading\" id=\"1-terapia-com-luz-de-baixa-intensidade-lllt\"><strong>1. Th\u00e9rapie par lumi\u00e8re \u00e0 faible intensit\u00e9 (LLLT)<\/strong><\/h3>\n\n\n\n<ul class=\"wp-block-list\">\n<li><strong>Comment \u00e7a marche :<\/strong>\n<ul class=\"wp-block-list\">\n<li>La th\u00e9rapie par lumi\u00e8re \u00e0 faible intensit\u00e9 stimule la circulation sanguine dans le cuir chevelu, favorisant la r\u00e9g\u00e9n\u00e9ration des follicules et la croissance des cheveux.<\/li>\n<\/ul>\n<\/li>\n\n\n\n<li><strong>Avantages :<\/strong>\n<ul class=\"wp-block-list\">\n<li>Il s'agit d'un traitement non invasif et efficace pour diff\u00e9rents types de chute de cheveux.<\/li>\n<\/ul>\n<\/li>\n<\/ul>\n\n\n\n<h3 class=\"wp-block-heading\" id=\"2-mesoterapia-capilar\"><strong>2. M\u00e9soth\u00e9rapie capillaire<\/strong><\/h3>\n\n\n\n<ul class=\"wp-block-list\">\n<li><strong>Proc\u00e9dure :<\/strong>\n<ul class=\"wp-block-list\">\n<li>Il s'agit d'injections micro-dos\u00e9es de vitamines, d'acides amin\u00e9s et d'autres nutriments directement dans le cuir chevelu.<\/li>\n<\/ul>\n<\/li>\n\n\n\n<li><strong>R\u00e9sultats :<\/strong>\n<ul class=\"wp-block-list\">\n<li>Il peut aider \u00e0 am\u00e9liorer la nutrition des follicules et \u00e0 stimuler la croissance capillaire, tout en r\u00e9duisant la <strong>chute de cheveux<\/strong>.<\/li>\n<\/ul>\n<\/li>\n<\/ul>\n\n\n\n<h3 class=\"wp-block-heading\" id=\"3-uso-de-minoxidil\"><strong>3. Utilisation du minoxidil<\/strong><\/h3>\n\n\n\n<ul class=\"wp-block-list\">\n<li><strong>Indication :<\/strong>\n<ul class=\"wp-block-list\">\n<li>Le minoxidil est l'un des traitements topiques les plus indiqu\u00e9s pour stimuler la croissance capillaire et pr\u00e9venir la chute des cheveux.<\/li>\n<\/ul>\n<\/li>\n\n\n\n<li><strong>Mode d'emploi :<\/strong>\n<ul class=\"wp-block-list\">\n<li>L'application doit \u00eatre quotidienne et peut \u00eatre combin\u00e9e avec d'autres traitements, toujours sous avis m\u00e9dical.<\/li>\n<\/ul>\n<\/li>\n<\/ul>\n\n\n\n<h3 class=\"wp-block-heading\" id=\"4-tratamentos-naturais-e-fitoterapicos\"><strong>4. Traitements naturels et phytoth\u00e9rapeutiques<\/strong><\/h3>\n\n\n\n<ul class=\"wp-block-list\">\n<li><strong>Extraits v\u00e9g\u00e9taux :<\/strong>\n<ul class=\"wp-block-list\">\n<li>Des ingr\u00e9dients tels que l'extrait de palmier nain, le romarin, l'ortie et le th\u00e9 vert poss\u00e8dent des propri\u00e9t\u00e9s qui peuvent aider \u00e0 pr\u00e9venir la chute des cheveux et \u00e0 stimuler leur croissance.<\/li>\n<\/ul>\n<\/li>\n\n\n\n<li><strong>Huiles essentielles :<\/strong>\n<ul class=\"wp-block-list\">\n<li>Les huiles telles que celles de lavande, de romarin et d'arbre \u00e0 th\u00e9 peuvent \u00eatre dilu\u00e9es dans des huiles v\u00e9g\u00e9tales et appliqu\u00e9es sur le cuir chevelu, contribuant ainsi \u00e0 am\u00e9liorer la circulation sanguine et la sant\u00e9 des follicules.<\/li>\n<\/ul>\n<\/li>\n<\/ul>\n\n\n\n<hr class=\"wp-block-separator has-alpha-channel-opacity\"\/>\n\n\n\n<h2 class=\"wp-block-heading\" id=\"dicas-praticas-para-a-rotina-capilar\"><strong>Conseils pratiques pour votre routine capillaire<\/strong><\/h2>\n\n\n\n<figure class=\"wp-block-image size-large\"><img decoding=\"async\" width=\"1024\" height=\"585\" src=\"https:\/\/beleza.artereciclada.com.br\/wp-content\/uploads\/2025\/02\/DALL\u00b7E-2025-02-14-12.09.40-A-modern-and-clean-composition-featuring-essential-hair-care-products-and-tools-arranged-aesthetically-on-a-neutral-background.-The-image-includes-sha-1-1024x585.webp\" alt=\"\" class=\"wp-image-108\" srcset=\"https:\/\/beleza.artereciclada.com.br\/wp-content\/uploads\/2025\/02\/DALL\u00b7E-2025-02-14-12.09.40-A-modern-and-clean-composition-featuring-essential-hair-care-products-and-tools-arranged-aesthetically-on-a-neutral-background.-The-image-includes-sha-1-1024x585.webp 1024w, https:\/\/beleza.artereciclada.com.br\/wp-content\/uploads\/2025\/02\/DALL\u00b7E-2025-02-14-12.09.40-A-modern-and-clean-composition-featuring-essential-hair-care-products-and-tools-arranged-aesthetically-on-a-neutral-background.-The-image-includes-sha-1-300x171.webp 300w, https:\/\/beleza.artereciclada.com.br\/wp-content\/uploads\/2025\/02\/DALL\u00b7E-2025-02-14-12.09.40-A-modern-and-clean-composition-featuring-essential-hair-care-products-and-tools-arranged-aesthetically-on-a-neutral-background.-The-image-includes-sha-1-768x439.webp 768w, https:\/\/beleza.artereciclada.com.br\/wp-content\/uploads\/2025\/02\/DALL\u00b7E-2025-02-14-12.09.40-A-modern-and-clean-composition-featuring-essential-hair-care-products-and-tools-arranged-aesthetically-on-a-neutral-background.-The-image-includes-sha-1-1536x878.webp 1536w, https:\/\/beleza.artereciclada.com.br\/wp-content\/uploads\/2025\/02\/DALL\u00b7E-2025-02-14-12.09.40-A-modern-and-clean-composition-featuring-essential-hair-care-products-and-tools-arranged-aesthetically-on-a-neutral-background.-The-image-includes-sha-1-18x10.webp 18w, https:\/\/beleza.artereciclada.com.br\/wp-content\/uploads\/2025\/02\/DALL\u00b7E-2025-02-14-12.09.40-A-modern-and-clean-composition-featuring-essential-hair-care-products-and-tools-arranged-aesthetically-on-a-neutral-background.-The-image-includes-sha-1.webp 1792w\" sizes=\"(max-width: 1024px) 100vw, 1024px\" \/><\/figure>\n\n\n\n<p>Il est essentiel de mettre en place une routine capillaire r\u00e9guli\u00e8re pour \u00e9viter la <strong>chute de cheveux<\/strong> et stimuler la croissance des cheveux. Voici quelques conseils pratiques :<\/p>\n\n\n\n<ul class=\"wp-block-list\">\n<li><strong>\u00c9tablissez un calendrier de lavage :<\/strong>\n<ul class=\"wp-block-list\">\n<li>Lavez vos cheveux en fonction des besoins de votre type de cheveux. Les cheveux gras peuvent n\u00e9cessiter des lavages plus fr\u00e9quents, tandis que les cheveux secs b\u00e9n\u00e9ficient de lavages moins fr\u00e9quents.<\/li>\n<\/ul>\n<\/li>\n\n\n\n<li><strong>\u00c9vitez les peignes et les brosses agressifs :<\/strong>\n<ul class=\"wp-block-list\">\n<li>Optez pour des brosses \u00e0 poils souples et des peignes \u00e0 dents larges pour d\u00e9m\u00ealer les cheveux sans exercer de traction excessive.<\/li>\n<\/ul>\n<\/li>\n\n\n\n<li><strong>Gardez votre cuir chevelu propre et hydrat\u00e9 :<\/strong>\n<ul class=\"wp-block-list\">\n<li>Utilisez des toniques et des lotions sp\u00e9cifiques pour maintenir la sant\u00e9 de cette zone, en stimulant la circulation et en \u00e9vitant l'accumulation de r\u00e9sidus.<\/li>\n<\/ul>\n<\/li>\n\n\n\n<li><strong>Alternez l'utilisation de produits thermiques :<\/strong>\n<ul class=\"wp-block-list\">\n<li>Faites des pauses dans l'utilisation des s\u00e8che-cheveux, fers \u00e0 lisser et fers \u00e0 friser, afin de permettre \u00e0 vos cheveux de se remettre des dommages thermiques.<\/li>\n<\/ul>\n<\/li>\n\n\n\n<li><strong>Consultez r\u00e9guli\u00e8rement un sp\u00e9cialiste :<\/strong>\n<ul class=\"wp-block-list\">\n<li>Consultez un dermatologue ou un trichologue pour des \u00e9valuations p\u00e9riodiques et pour adapter votre routine capillaire \u00e0 vos besoins individuels.<\/li>\n<\/ul>\n<\/li>\n<\/ul>\n\n\n\n<hr class=\"wp-block-separator has-alpha-channel-opacity\"\/>\n\n\n\n<h2 class=\"wp-block-heading\" id=\"conclusao\"><strong>Conclusion<\/strong><\/h2>\n\n\n\n<p>Combattre la <strong>chute de cheveux<\/strong> Stimuler la croissance capillaire n\u00e9cessite une approche int\u00e9gr\u00e9e qui implique des soins quotidiens, des ajustements du mode de vie et, si n\u00e9cessaire, des traitements th\u00e9rapeutiques sp\u00e9cifiques. En adoptant une alimentation \u00e9quilibr\u00e9e, en prenant soin du cuir chevelu, en contr\u00f4lant le stress et en \u00e9vitant les agents agressifs, il est possible de pr\u00e9server la sant\u00e9 des cheveux et de favoriser une croissance capillaire robuste.<\/p>\n\n\n\n<p>Nous, du <strong>Beaut\u00e9 Art<\/strong>, nous pensons que la personnalisation et la coh\u00e9rence sont essentielles pour obtenir des r\u00e9sultats durables. Chaque personne a des besoins uniques, et l'adaptation de la routine capillaire doit \u00eatre faite de mani\u00e8re individualis\u00e9e, toujours avec le soutien de professionnels sp\u00e9cialis\u00e9s lorsque cela est n\u00e9cessaire.<\/p>\n\n\n\n<p>Pour plus de conseils, d'astuces et de produits de haute qualit\u00e9 qui peuvent compl\u00e9ter votre routine de soins capillaires, rendez-vous sur notre site web. <a href=\"https:\/\/beleza.artereciclada.com.br\/fr\/\">Beaut\u00e9 Art<\/a> et suivez nos r\u00e9seaux sociaux. Si vous avez besoin de conseils personnalis\u00e9s, veuillez nous contacter par courrier \u00e9lectronique \u00e0 l'adresse suivante <strong><a href=\"mailto:contato@artereciclada.com.br\">contato@artereciclada.com.br<\/a><\/strong>.<\/p>\n\n\n\n<hr class=\"wp-block-separator has-alpha-channel-opacity\"\/>\n\n\n\n<h2 class=\"wp-block-heading\" id=\"fontes-de-inspiracao\"><strong>Sources d'inspiration<\/strong><\/h2>\n\n\n\n<p>Cet article a \u00e9t\u00e9 r\u00e9dig\u00e9 \u00e0 partir d'exp\u00e9riences personnelles, de pratiques cliniques et des derni\u00e8res tendances dans le domaine des soins capillaires. Les conseils pr\u00e9sent\u00e9s visent \u00e0 offrir un guide complet et actualis\u00e9 afin que vous puissiez pr\u00e9venir la <strong>chute de cheveux<\/strong> et stimuler la croissance des cheveux de mani\u00e8re efficace, saine et durable.<\/p>\n\n\n\n<p>Investir dans la sant\u00e9 capillaire est une \u00e9tape importante pour renouveler son apparence et renforcer son estime de soi. Restez inform\u00e9, adaptez votre routine si n\u00e9cessaire et profitez des avantages d'une chevelure plus forte et mieux entretenue.<\/p>\n\n\n\n<p><a href=\"https:\/\/www.youtube.com\/watch?v=k92J-5MQlZI\" target=\"_blank\" rel=\"noopener\">Vid\u00e9o Suggestion<\/a><\/p>\n\n\n\n<hr class=\"wp-block-separator has-alpha-channel-opacity\"\/>\n\n\n\n<p><\/p>","protected":false},"excerpt":{"rendered":"<p>A queda de cabelo \u00e9 uma preocupa\u00e7\u00e3o comum que afeta milh\u00f5es de pessoas em todo o mundo. Seja por fatores gen\u00e9ticos, estresse, m\u00e1 alimenta\u00e7\u00e3o ou desequil\u00edbrios hormonais, a perda capilar pode impactar a autoestima e a qualidade de vida. Em nosso artigo, no Beleza Arte, abordamos estrat\u00e9gias eficazes e tratamentos modernos para evitar a queda [&hellip;]<\/p>","protected":false},"author":4,"featured_media":107,"comment_status":"open","ping_status":"open","sticky":false,"template":"","format":"standard","meta":{"footnotes":""},"categories":[6],"tags":[],"class_list":["post-106","post","type-post","status-publish","format-standard","has-post-thumbnail","hentry","category-cabelo"],"blocksy_meta":[],"_links":{"self":[{"href":"https:\/\/beleza.artereciclada.com.br\/fr\/wp-json\/wp\/v2\/posts\/106","targetHints":{"allow":["GET"]}}],"collection":[{"href":"https:\/\/beleza.artereciclada.com.br\/fr\/wp-json\/wp\/v2\/posts"}],"about":[{"href":"https:\/\/beleza.artereciclada.com.br\/fr\/wp-json\/wp\/v2\/types\/post"}],"author":[{"embeddable":true,"href":"https:\/\/beleza.artereciclada.com.br\/fr\/wp-json\/wp\/v2\/users\/4"}],"replies":[{"embeddable":true,"href":"https:\/\/beleza.artereciclada.com.br\/fr\/wp-json\/wp\/v2\/comments?post=106"}],"version-history":[{"count":3,"href":"https:\/\/beleza.artereciclada.com.br\/fr\/wp-json\/wp\/v2\/posts\/106\/revisions"}],"predecessor-version":[{"id":236,"href":"https:\/\/beleza.artereciclada.com.br\/fr\/wp-json\/wp\/v2\/posts\/106\/revisions\/236"}],"wp:featuredmedia":[{"embeddable":true,"href":"https:\/\/beleza.artereciclada.com.br\/fr\/wp-json\/wp\/v2\/media\/107"}],"wp:attachment":[{"href":"https:\/\/beleza.artereciclada.com.br\/fr\/wp-json\/wp\/v2\/media?parent=106"}],"wp:term":[{"taxonomy":"category","embeddable":true,"href":"https:\/\/beleza.artereciclada.com.br\/fr\/wp-json\/wp\/v2\/categories?post=106"},{"taxonomy":"post_tag","embeddable":true,"href":"https:\/\/beleza.artereciclada.com.br\/fr\/wp-json\/wp\/v2\/tags?post=106"}],"curies":[{"name":"wp","href":"https:\/\/api.w.org\/{rel}","templated":true}]}}