{"id":94,"date":"2025-02-14T08:50:59","date_gmt":"2025-02-14T14:50:59","guid":{"rendered":"https:\/\/beleza.artereciclada.com.br\/?p=94"},"modified":"2025-02-14T17:15:58","modified_gmt":"2025-02-14T20:15:58","slug":"reducao-de-olheiras","status":"publish","type":"post","link":"https:\/\/beleza.artereciclada.com.br\/es\/pele\/reducao-de-olheiras\/","title":{"rendered":"Reducir las ojeras: C\u00f3mo reducir las ojeras y las bolsas de los ojos"},"content":{"rendered":"<p>A <strong>redu\u00e7\u00e3o de olheiras<\/strong> \u00e9 um tema de grande interesse no universo dos cuidados com a pele, pois olheiras e bolsas abaixo dos olhos podem impactar significativamente a apar\u00eancia e a autoestima. Em nosso artigo, no <strong>Arte de la belleza<\/strong>, n\u00f3s abordamos estrat\u00e9gias eficazes, tratamentos e dicas pr\u00e1ticas para reduzir olheiras e diminuir as bolsas na regi\u00e3o dos olhos, preservando a sa\u00fade e a vitalidade da pele.<\/p>\n\n\n\n<figure class=\"wp-block-image size-large\"><img fetchpriority=\"high\" decoding=\"async\" width=\"1024\" height=\"585\" src=\"https:\/\/beleza.artereciclada.com.br\/wp-content\/uploads\/2025\/02\/DALL\u00b7E-2025-02-14-11.43.02-A-modern-and-clean-composition-featuring-a-close-up-of-a-person-gently-applying-an-eye-cream-or-cooling-gel-under-their-eyes.-The-scene-has-a-soft-and-1-1024x585.webp\" alt=\"Redu\u00e7\u00e3o de olheiras\" class=\"wp-image-95\" srcset=\"https:\/\/beleza.artereciclada.com.br\/wp-content\/uploads\/2025\/02\/DALL\u00b7E-2025-02-14-11.43.02-A-modern-and-clean-composition-featuring-a-close-up-of-a-person-gently-applying-an-eye-cream-or-cooling-gel-under-their-eyes.-The-scene-has-a-soft-and-1-1024x585.webp 1024w, https:\/\/beleza.artereciclada.com.br\/wp-content\/uploads\/2025\/02\/DALL\u00b7E-2025-02-14-11.43.02-A-modern-and-clean-composition-featuring-a-close-up-of-a-person-gently-applying-an-eye-cream-or-cooling-gel-under-their-eyes.-The-scene-has-a-soft-and-1-300x171.webp 300w, https:\/\/beleza.artereciclada.com.br\/wp-content\/uploads\/2025\/02\/DALL\u00b7E-2025-02-14-11.43.02-A-modern-and-clean-composition-featuring-a-close-up-of-a-person-gently-applying-an-eye-cream-or-cooling-gel-under-their-eyes.-The-scene-has-a-soft-and-1-768x439.webp 768w, https:\/\/beleza.artereciclada.com.br\/wp-content\/uploads\/2025\/02\/DALL\u00b7E-2025-02-14-11.43.02-A-modern-and-clean-composition-featuring-a-close-up-of-a-person-gently-applying-an-eye-cream-or-cooling-gel-under-their-eyes.-The-scene-has-a-soft-and-1-1536x878.webp 1536w, https:\/\/beleza.artereciclada.com.br\/wp-content\/uploads\/2025\/02\/DALL\u00b7E-2025-02-14-11.43.02-A-modern-and-clean-composition-featuring-a-close-up-of-a-person-gently-applying-an-eye-cream-or-cooling-gel-under-their-eyes.-The-scene-has-a-soft-and-1-18x10.webp 18w, https:\/\/beleza.artereciclada.com.br\/wp-content\/uploads\/2025\/02\/DALL\u00b7E-2025-02-14-11.43.02-A-modern-and-clean-composition-featuring-a-close-up-of-a-person-gently-applying-an-eye-cream-or-cooling-gel-under-their-eyes.-The-scene-has-a-soft-and-1.webp 1792w\" sizes=\"(max-width: 1024px) 100vw, 1024px\" \/><\/figure>\n\n\n\n<div class=\"wp-block-rank-math-toc-block\" id=\"rank-math-toc\"><h2>\u00cdndice<\/h2><nav><ul><li class=\"\"><a href=\"#entendendo-as-olheiras-e-bolsas-abaixo-dos-olhos\">Entendendo as Olheiras e Bolsas Abaixo dos Olhos<\/a><ul><li class=\"\"><a href=\"#causas-comuns-das-olheiras\">Causas Comuns das Olheiras<\/a><\/li><li class=\"\"><a href=\"#causas-das-bolsas-abaixo-dos-olhos\">Causas das Bolsas Abaixo dos Olhos<\/a><\/li><\/ul><\/li><li class=\"\"><a href=\"#estrategias-para-a-reducao-de-olheiras-e-bolsas\">Estrat\u00e9gias para a Redu\u00e7\u00e3o de Olheiras e Bolsas<\/a><ul><li class=\"\"><a href=\"#1-cuidados-diarios-e-rotina-de-skincare\">1. Cuidados Di\u00e1rios e Rotina de Skincare<\/a><ul><li class=\"\"><a href=\"#limpeza-delicada\">Limpeza Delicada<\/a><\/li><li class=\"\"><a href=\"#hidratacao-especifica\">Hidrata\u00e7\u00e3o Espec\u00edfica<\/a><\/li><li class=\"\"><a href=\"#protecao-solar\">Prote\u00e7\u00e3o Solar<\/a><\/li><\/ul><\/li><li class=\"\"><a href=\"#2-tratamentos-especificos-para-a-reducao-de-olheiras\">2. Tratamentos Espec\u00edficos para a Redu\u00e7\u00e3o de Olheiras<\/a><ul><li class=\"\"><a href=\"#compressas-frias\">Compressas Frias<\/a><\/li><li class=\"\"><a href=\"#massagens-e-tecnicas-de-drenagem\">Massagens e T\u00e9cnicas de Drenagem<\/a><\/li><li class=\"\"><a href=\"#produtos-com-ativos-especificos\">Produtos com Ativos Espec\u00edficos<\/a><\/li><\/ul><\/li><li class=\"\"><a href=\"#3-procedimentos-esteticos\">3. Procedimentos Est\u00e9ticos<\/a><ul><li class=\"\"><a href=\"#peelings-leves\">Peelings Leves<\/a><\/li><li class=\"\"><a href=\"#preenchimentos-e-tratamentos-a-laser\">Preenchimentos e Tratamentos a Laser<\/a><\/li><\/ul><\/li><\/ul><\/li><li class=\"\"><a href=\"#ajustes-no-estilo-de-vida-para-a-reducao-de-olheiras\">Ajustes no Estilo de Vida para a Redu\u00e7\u00e3o de Olheiras<\/a><ul><li class=\"\"><a href=\"#1-alimentacao-e-hidratacao\">1. Alimenta\u00e7\u00e3o e Hidrata\u00e7\u00e3o<\/a><\/li><li class=\"\"><a href=\"#2-sono-de-qualidade\">2. Sono de Qualidade<\/a><\/li><li class=\"\"><a href=\"#3-controle-do-estresse\">3. Controle do Estresse<\/a><\/li><\/ul><\/li><li class=\"\"><a href=\"#dicas-adicionais-para-potencializar-a-reducao-de-olheiras\">Dicas Adicionais para Potencializar a Redu\u00e7\u00e3o de Olheiras<\/a><\/li><li class=\"\"><a href=\"#exemplo-de-rotina-para-reducao-de-olheiras\">Exemplo de Rotina para Redu\u00e7\u00e3o de Olheiras<\/a><ul><li class=\"\"><a href=\"#manha\">Manh\u00e3<\/a><\/li><li class=\"\"><a href=\"#noite\">Noite<\/a><\/li><\/ul><\/li><li class=\"\"><a href=\"#consideracoes-finais\">Consideraciones finales<\/a><\/li><li class=\"\"><a href=\"#fontes-de-inspiracao\">Fuentes de inspiraci\u00f3n<\/a><\/li><\/ul><\/nav><\/div>\n\n\n\n<h2 class=\"wp-block-heading\" id=\"entendendo-as-olheiras-e-bolsas-abaixo-dos-olhos\"><strong>Entendendo as Olheiras e Bolsas Abaixo dos Olhos<\/strong><\/h2>\n\n\n\n<p>Olheiras e bolsas sob os olhos podem ter diversas causas, que v\u00e3o desde fatores gen\u00e9ticos at\u00e9 h\u00e1bitos de vida inadequados. Compreender essas causas \u00e9 fundamental para a defini\u00e7\u00e3o de um tratamento eficaz.<\/p>\n\n\n\n<h3 class=\"wp-block-heading\" id=\"causas-comuns-das-olheiras\"><strong>Causas Comuns das Olheiras<\/strong><\/h3>\n\n\n\n<ul class=\"wp-block-list\">\n<li><strong>Hereditariedade:<\/strong> A predisposi\u00e7\u00e3o gen\u00e9tica pode determinar a presen\u00e7a de olheiras, especialmente em pessoas com pele mais fina na regi\u00e3o dos olhos.<\/li>\n\n\n\n<li><strong>Fadiga e Falta de Sono:<\/strong> A priva\u00e7\u00e3o de sono aumenta a circula\u00e7\u00e3o sangu\u00ednea na \u00e1rea, intensificando o aparecimento das olheiras.<\/li>\n\n\n\n<li><strong>Desidrata\u00e7\u00e3o:<\/strong> A falta de hidrata\u00e7\u00e3o adequada pode tornar a pele mais opaca e favorecer o ac\u00famulo de pigmentos.<\/li>\n\n\n\n<li><strong>Envelhecimento:<\/strong> Com o avan\u00e7o da idade, a pele perde elasticidade e a espessura diminui, o que evidencia os vasos sangu\u00edneos subjacentes.<\/li>\n<\/ul>\n\n\n\n<h3 class=\"wp-block-heading\" id=\"causas-das-bolsas-abaixo-dos-olhos\"><strong>Causas das Bolsas Abaixo dos Olhos<\/strong><\/h3>\n\n\n\n<ul class=\"wp-block-list\">\n<li><strong>Reten\u00e7\u00e3o de L\u00edquidos:<\/strong> A m\u00e1 alimenta\u00e7\u00e3o, excesso de sal e desidrata\u00e7\u00e3o podem contribuir para a reten\u00e7\u00e3o de l\u00edquidos na regi\u00e3o dos olhos, formando bolsas.<\/li>\n\n\n\n<li><strong>Fadiga e Estresse:<\/strong> O cansa\u00e7o e o estresse afetam a circula\u00e7\u00e3o, causando incha\u00e7o e ac\u00famulo de fluido.<\/li>\n\n\n\n<li><strong>Alergias:<\/strong> Rea\u00e7\u00f5es al\u00e9rgicas e irrita\u00e7\u00f5es podem levar ao incha\u00e7o da \u00e1rea periorbital.<\/li>\n\n\n\n<li><strong>Fatores Gen\u00e9ticos:<\/strong> Assim como as olheiras, a tend\u00eancia a desenvolver bolsas abaixo dos olhos pode ser herdada.<\/li>\n<\/ul>\n\n\n\n<hr class=\"wp-block-separator has-alpha-channel-opacity\"\/>\n\n\n\n<h2 class=\"wp-block-heading\" id=\"estrategias-para-a-reducao-de-olheiras-e-bolsas\"><strong>Estrat\u00e9gias para a Redu\u00e7\u00e3o de Olheiras e Bolsas<\/strong><\/h2>\n\n\n\n<p>Para alcan\u00e7ar uma efetiva <strong>redu\u00e7\u00e3o de olheiras<\/strong>, \u00e9 importante adotar uma abordagem multifacetada que inclua cuidados di\u00e1rios, tratamentos espec\u00edficos e ajustes no estilo de vida.<\/p>\n\n\n\n<h3 class=\"wp-block-heading\" id=\"1-cuidados-diarios-e-rotina-de-skincare\"><strong>1. Cuidados Di\u00e1rios e Rotina de Skincare<\/strong><\/h3>\n\n\n\n<p>Implementar uma rotina de cuidados espec\u00edfica para a regi\u00e3o dos olhos pode fazer toda a diferen\u00e7a. Algumas etapas essenciais s\u00e3o:<\/p>\n\n\n\n<h4 class=\"wp-block-heading\" id=\"limpeza-delicada\"><strong>Limpeza Delicada<\/strong><\/h4>\n\n\n\n<ul class=\"wp-block-list\">\n<li><strong>Produto Adequado:<\/strong> Utilize um sabonete ou gel de limpeza facial espec\u00edfico para a \u00e1rea sens\u00edvel dos olhos. A limpeza deve ser feita com movimentos suaves para evitar a irrita\u00e7\u00e3o.<\/li>\n\n\n\n<li><strong>Frecuencia:<\/strong> Realize a limpeza duas vezes ao dia, de manh\u00e3 e \u00e0 noite, para remover impurezas e preparar a pele para os pr\u00f3ximos passos.<\/li>\n<\/ul>\n\n\n\n<h4 class=\"wp-block-heading\" id=\"hidratacao-especifica\"><strong>Hidrata\u00e7\u00e3o Espec\u00edfica<\/strong><\/h4>\n\n\n\n<ul class=\"wp-block-list\">\n<li><strong>Hidratantes para a Regi\u00e3o dos Olhos:<\/strong> Opte por cremes e g\u00e9is formulados especialmente para a \u00e1rea dos olhos. Ingredientes como \u00e1cido hialur\u00f4nico, pept\u00eddeos e niacinamida s\u00e3o excelentes para hidratar sem pesar.<\/li>\n\n\n\n<li><strong>Aplica\u00e7\u00e3o Cuidadosa:<\/strong> Aplique o produto com a ponta dos dedos, fazendo leves batidinhas para promover a absor\u00e7\u00e3o sem agredir a pele.<\/li>\n<\/ul>\n\n\n\n<h4 class=\"wp-block-heading\" id=\"protecao-solar\"><strong>Prote\u00e7\u00e3o Solar<\/strong><\/h4>\n\n\n\n<ul class=\"wp-block-list\">\n<li><strong>Protetor Solar:<\/strong> A regi\u00e3o dos olhos \u00e9 especialmente sens\u00edvel \u00e0 radia\u00e7\u00e3o UV. Use um protetor solar espec\u00edfico para essa \u00e1rea ou um hidratante com FPS, garantindo prote\u00e7\u00e3o cont\u00ednua.<\/li>\n<\/ul>\n\n\n\n<h3 class=\"wp-block-heading\" id=\"2-tratamentos-especificos-para-a-reducao-de-olheiras\"><strong>2. Tratamentos Espec\u00edficos para a Redu\u00e7\u00e3o de Olheiras<\/strong><\/h3>\n\n\n\n<p>Al\u00e9m da rotina di\u00e1ria, tratamentos direcionados podem potencializar a <strong>redu\u00e7\u00e3o de olheiras<\/strong> e minimizar as bolsas abaixo dos olhos.<\/p>\n\n\n\n<h4 class=\"wp-block-heading\" id=\"compressas-frias\"><strong>Compressas Frias<\/strong><\/h4>\n\n\n\n<ul class=\"wp-block-list\">\n<li><strong>Efeito Redutor de Incha\u00e7o:<\/strong> A aplica\u00e7\u00e3o de compressas frias ou rolos de jade na regi\u00e3o dos olhos pode estimular a circula\u00e7\u00e3o e reduzir o incha\u00e7o.<\/li>\n\n\n\n<li><strong>Frecuencia:<\/strong> Utilize diariamente, especialmente ao acordar, para diminuir a reten\u00e7\u00e3o de l\u00edquidos.<\/li>\n<\/ul>\n\n\n\n<h4 class=\"wp-block-heading\" id=\"massagens-e-tecnicas-de-drenagem\"><strong>Massagens e T\u00e9cnicas de Drenagem<\/strong><\/h4>\n\n\n\n<ul class=\"wp-block-list\">\n<li><strong>Massagem Suave:<\/strong> A massagem com movimentos circulares suaves na regi\u00e3o dos olhos estimula a circula\u00e7\u00e3o linf\u00e1tica e ajuda na elimina\u00e7\u00e3o de toxinas.<\/li>\n\n\n\n<li><strong>Uso de Rolo de Jade ou Gua Sha:<\/strong> Esses instrumentos auxiliam na drenagem linf\u00e1tica e proporcionam um efeito relaxante, reduzindo o incha\u00e7o e melhorando o aspecto das olheiras.<\/li>\n<\/ul>\n\n\n\n<h4 class=\"wp-block-heading\" id=\"produtos-com-ativos-especificos\"><strong>Produtos com Ativos Espec\u00edficos<\/strong><\/h4>\n\n\n\n<ul class=\"wp-block-list\">\n<li><strong>Pept\u00eddeos e Retinol:<\/strong> Produtos que contenham pept\u00eddeos e retinol podem melhorar a firmeza e estimular a renova\u00e7\u00e3o celular, contribuindo para a <strong>redu\u00e7\u00e3o de olheiras<\/strong>.<\/li>\n\n\n\n<li><strong>Vitamina C:<\/strong> Este antioxidante \u00e9 eficaz para clarear a pele, reduzindo a pigmenta\u00e7\u00e3o e uniformizando o tom da regi\u00e3o dos olhos.<\/li>\n<\/ul>\n\n\n\n<h3 class=\"wp-block-heading\" id=\"3-procedimentos-esteticos\"><strong>3. Procedimentos Est\u00e9ticos<\/strong><\/h3>\n\n\n\n<p>Para casos mais persistentes, procedimentos est\u00e9ticos realizados por dermatologistas podem ser indicados:<\/p>\n\n\n\n<h4 class=\"wp-block-heading\" id=\"peelings-leves\"><strong>Peelings Leves<\/strong><\/h4>\n\n\n\n<ul class=\"wp-block-list\">\n<li><strong>Peeling Qu\u00edmico Suave:<\/strong> Peelings com \u00e1cidos suaves, como o \u00e1cido glic\u00f3lico, ajudam na renova\u00e7\u00e3o celular e na diminui\u00e7\u00e3o das manchas escuras.<\/li>\n\n\n\n<li><strong>Periodicidade:<\/strong> Realizados com orienta\u00e7\u00e3o m\u00e9dica, podem ser feitos em intervalos regulares para resultados duradouros.<\/li>\n<\/ul>\n\n\n\n<h4 class=\"wp-block-heading\" id=\"preenchimentos-e-tratamentos-a-laser\"><strong>Preenchimentos e Tratamentos a Laser<\/strong><\/h4>\n\n\n\n<ul class=\"wp-block-list\">\n<li><strong>Preenchimentos:<\/strong> Em casos de perda de volume e afinamento da pele, preenchimentos \u00e0 base de \u00e1cido hialur\u00f4nico podem suavizar as olheiras.<\/li>\n\n\n\n<li><strong>Tratamentos a Laser:<\/strong> Tecnologias a laser auxiliam no est\u00edmulo de col\u00e1geno e na redu\u00e7\u00e3o de pigmenta\u00e7\u00e3o, promovendo uma melhora vis\u00edvel na regi\u00e3o dos olhos.<\/li>\n<\/ul>\n\n\n\n<hr class=\"wp-block-separator has-alpha-channel-opacity\"\/>\n\n\n\n<h2 class=\"wp-block-heading\" id=\"ajustes-no-estilo-de-vida-para-a-reducao-de-olheiras\"><strong>Ajustes no Estilo de Vida para a Redu\u00e7\u00e3o de Olheiras<\/strong><\/h2>\n\n\n\n<p>Al\u00e9m dos cuidados t\u00f3picos, mudan\u00e7as no estilo de vida podem contribuir significativamente para a <strong>redu\u00e7\u00e3o de olheiras<\/strong>.<\/p>\n\n\n\n<h3 class=\"wp-block-heading\" id=\"1-alimentacao-e-hidratacao\"><strong>1. Alimenta\u00e7\u00e3o e Hidrata\u00e7\u00e3o<\/strong><\/h3>\n\n\n\n<ul class=\"wp-block-list\">\n<li><strong>Dieta Balanceada:<\/strong> Invista em uma alimenta\u00e7\u00e3o rica em frutas, vegetais, prote\u00ednas magras e gorduras saud\u00e1veis. Alimentos ricos em antioxidantes ajudam a combater a inflama\u00e7\u00e3o e a melhorar a circula\u00e7\u00e3o.<\/li>\n\n\n\n<li><strong>Redu\u00e7\u00e3o do Sal:<\/strong> Diminuir a ingest\u00e3o de sal reduz a reten\u00e7\u00e3o de l\u00edquidos e, consequentemente, o incha\u00e7o na regi\u00e3o dos olhos.<\/li>\n\n\n\n<li><strong>Hidrataci\u00f3n adecuada:<\/strong> Beber pelo menos 2 litros de \u00e1gua por dia ajuda a manter a pele hidratada e melhora a elimina\u00e7\u00e3o de toxinas.<\/li>\n<\/ul>\n\n\n\n<h3 class=\"wp-block-heading\" id=\"2-sono-de-qualidade\"><strong>2. Sono de Qualidade<\/strong><\/h3>\n\n\n\n<ul class=\"wp-block-list\">\n<li><strong>Rotina de Sono Regular:<\/strong> Dormir de 7 a 8 horas por noite \u00e9 fundamental para a regenera\u00e7\u00e3o celular. A falta de sono pode acentuar as olheiras e o incha\u00e7o.<\/li>\n\n\n\n<li><strong>Posi\u00e7\u00e3o ao Dormir:<\/strong> Dormir de costas com o travesseiro ligeiramente elevado pode evitar o ac\u00famulo de l\u00edquidos na regi\u00e3o dos olhos.<\/li>\n<\/ul>\n\n\n\n<figure class=\"wp-block-image size-large\"><img decoding=\"async\" width=\"1024\" height=\"585\" src=\"https:\/\/beleza.artereciclada.com.br\/wp-content\/uploads\/2025\/02\/DALL\u00b7E-2025-02-14-11.49.48-A-peaceful-and-cozy-bedroom-scene-featuring-a-person-sleeping-comfortably-on-a-soft-pillow-with-warm-lighting-and-a-relaxing-atmosphere.-The-environm-1-1024x585.webp\" alt=\"\" class=\"wp-image-96\" srcset=\"https:\/\/beleza.artereciclada.com.br\/wp-content\/uploads\/2025\/02\/DALL\u00b7E-2025-02-14-11.49.48-A-peaceful-and-cozy-bedroom-scene-featuring-a-person-sleeping-comfortably-on-a-soft-pillow-with-warm-lighting-and-a-relaxing-atmosphere.-The-environm-1-1024x585.webp 1024w, https:\/\/beleza.artereciclada.com.br\/wp-content\/uploads\/2025\/02\/DALL\u00b7E-2025-02-14-11.49.48-A-peaceful-and-cozy-bedroom-scene-featuring-a-person-sleeping-comfortably-on-a-soft-pillow-with-warm-lighting-and-a-relaxing-atmosphere.-The-environm-1-300x171.webp 300w, https:\/\/beleza.artereciclada.com.br\/wp-content\/uploads\/2025\/02\/DALL\u00b7E-2025-02-14-11.49.48-A-peaceful-and-cozy-bedroom-scene-featuring-a-person-sleeping-comfortably-on-a-soft-pillow-with-warm-lighting-and-a-relaxing-atmosphere.-The-environm-1-768x439.webp 768w, https:\/\/beleza.artereciclada.com.br\/wp-content\/uploads\/2025\/02\/DALL\u00b7E-2025-02-14-11.49.48-A-peaceful-and-cozy-bedroom-scene-featuring-a-person-sleeping-comfortably-on-a-soft-pillow-with-warm-lighting-and-a-relaxing-atmosphere.-The-environm-1-1536x878.webp 1536w, https:\/\/beleza.artereciclada.com.br\/wp-content\/uploads\/2025\/02\/DALL\u00b7E-2025-02-14-11.49.48-A-peaceful-and-cozy-bedroom-scene-featuring-a-person-sleeping-comfortably-on-a-soft-pillow-with-warm-lighting-and-a-relaxing-atmosphere.-The-environm-1-18x10.webp 18w, https:\/\/beleza.artereciclada.com.br\/wp-content\/uploads\/2025\/02\/DALL\u00b7E-2025-02-14-11.49.48-A-peaceful-and-cozy-bedroom-scene-featuring-a-person-sleeping-comfortably-on-a-soft-pillow-with-warm-lighting-and-a-relaxing-atmosphere.-The-environm-1.webp 1792w\" sizes=\"(max-width: 1024px) 100vw, 1024px\" \/><\/figure>\n\n\n\n<h3 class=\"wp-block-heading\" id=\"3-controle-do-estresse\"><strong>3. Controle do Estresse<\/strong><\/h3>\n\n\n\n<ul class=\"wp-block-list\">\n<li><strong>T\u00e9cnicas de Relaxamento:<\/strong> Praticar atividades como medita\u00e7\u00e3o, yoga ou exerc\u00edcios f\u00edsicos ajuda a reduzir o estresse, que pode agravar as olheiras.<\/li>\n\n\n\n<li><strong>Momento para Relaxar:<\/strong> Dedique um tempo para si mesmo diariamente, permitindo que o corpo e a mente se recuperem do desgaste do dia a dia.<\/li>\n<\/ul>\n\n\n\n<hr class=\"wp-block-separator has-alpha-channel-opacity\"\/>\n\n\n\n<h2 class=\"wp-block-heading\" id=\"dicas-adicionais-para-potencializar-a-reducao-de-olheiras\"><strong>Dicas Adicionais para Potencializar a Redu\u00e7\u00e3o de Olheiras<\/strong><\/h2>\n\n\n\n<p>Para maximizar os resultados na <strong>redu\u00e7\u00e3o de olheiras<\/strong>, \u00e9 importante integrar diversas pr\u00e1ticas ao seu dia a dia:<\/p>\n\n\n\n<ul class=\"wp-block-list\">\n<li><strong>Uso de \u00d3leos Naturais:<\/strong> \u00d3leos como o de rosa mosqueta e lavanda podem ser incorporados \u00e0 rotina noturna para promover a regenera\u00e7\u00e3o celular e clarear a regi\u00e3o dos olhos.<\/li>\n\n\n\n<li><strong>M\u00e1scaras Caseiras:<\/strong> M\u00e1scaras faciais com ingredientes como pepino, batata ou ch\u00e1 de camomila possuem propriedades calmantes e clareadoras que podem reduzir olheiras.<\/li>\n\n\n\n<li><strong>Consulta Regular com Dermatologista:<\/strong> Para avaliar os resultados e ajustar a rotina conforme necess\u00e1rio, \u00e9 fundamental realizar consultas peri\u00f3dicas com um especialista.<\/li>\n<\/ul>\n\n\n\n<hr class=\"wp-block-separator has-alpha-channel-opacity\"\/>\n\n\n\n<h2 class=\"wp-block-heading\" id=\"exemplo-de-rotina-para-reducao-de-olheiras\"><strong>Exemplo de Rotina para Redu\u00e7\u00e3o de Olheiras<\/strong><\/h2>\n\n\n\n<h3 class=\"wp-block-heading\" id=\"manha\"><strong>Manh\u00e3<\/strong><\/h3>\n\n\n\n<ol class=\"wp-block-list\">\n<li><strong>Limpeza:<\/strong> Inicie com um sabonete facial suave, adequado para a \u00e1rea dos olhos.<\/li>\n\n\n\n<li><strong>Aplica\u00e7\u00e3o de T\u00f4nico:<\/strong> Use um t\u00f4nico com propriedades calmantes para equilibrar o pH da pele.<\/li>\n\n\n\n<li><strong>Hidratante:<\/strong> Aplique um creme espec\u00edfico para a regi\u00e3o dos olhos com ingredientes como \u00e1cido hialur\u00f4nico e pept\u00eddeos.<\/li>\n\n\n\n<li><strong>Protecci\u00f3n solar:<\/strong> Finalize com um protetor solar de amplo espectro para evitar danos causados pelos raios UV.<\/li>\n<\/ol>\n\n\n\n<h3 class=\"wp-block-heading\" id=\"noite\"><strong>Noite<\/strong><\/h3>\n\n\n\n<ol class=\"wp-block-list\">\n<li><strong>Limpeza e Remo\u00e7\u00e3o de Maquiagem:<\/strong> Garanta a remo\u00e7\u00e3o completa de impurezas e maquiagem.<\/li>\n\n\n\n<li><strong>Tratamento Espec\u00edfico:<\/strong> Utilize um s\u00e9rum ou creme noturno com retinol ou vitamina C para estimular a renova\u00e7\u00e3o celular.<\/li>\n\n\n\n<li><strong>Massagem Suave:<\/strong> Aplique um rolo de jade ou fa\u00e7a massagens leves para estimular a drenagem linf\u00e1tica.<\/li>\n\n\n\n<li><strong>Hidrata\u00e7\u00e3o Intensa:<\/strong> Finalize com um creme nutritivo para promover a regenera\u00e7\u00e3o durante o sono.<\/li>\n<\/ol>\n\n\n\n<hr class=\"wp-block-separator has-alpha-channel-opacity\"\/>\n\n\n\n<h2 class=\"wp-block-heading\" id=\"consideracoes-finais\"><strong>Consideraciones finales<\/strong><\/h2>\n\n\n\n<p>A <strong>redu\u00e7\u00e3o de olheiras<\/strong> e bolsas abaixo dos olhos \u00e9 um desafio que requer uma abordagem integrada, combinando cuidados di\u00e1rios, tratamentos espec\u00edficos e ajustes no estilo de vida. Ao seguir as orienta\u00e7\u00f5es apresentadas, voc\u00ea estar\u00e1 investindo na sa\u00fade e na apar\u00eancia da sua pele, promovendo um olhar mais descansado, radiante e jovem.<\/p>\n\n\n\n<p>N\u00f3s, do <strong>Arte de la belleza<\/strong>, enfatizamos a import\u00e2ncia de uma rotina de cuidados personalizada e consistente. Para mais dicas, produtos de qualidade e orienta\u00e7\u00f5es especializadas, visite nosso site <a href=\"https:\/\/beleza.artereciclada.com.br\/es\/\">Arte de la belleza<\/a> y siga nuestras redes sociales. Si necesita asesoramiento personalizado, p\u00f3ngase en contacto con nosotros por correo electr\u00f3nico en la direcci\u00f3n <strong><a href=\"mailto:contato@artereciclada.com.br\">contato@artereciclada.com.br<\/a><\/strong>.<\/p>\n\n\n\n<hr class=\"wp-block-separator has-alpha-channel-opacity\"\/>\n\n\n\n<h2 class=\"wp-block-heading\" id=\"fontes-de-inspiracao\"><strong>Fuentes de inspiraci\u00f3n<\/strong><\/h2>\n\n\n\n<p>Este artigo foi desenvolvido com base em experi\u00eancias pessoais, pr\u00e1ticas cl\u00ednicas e tend\u00eancias atuais no tratamento de olheiras e bolsas abaixo dos olhos. As orienta\u00e7\u00f5es apresentadas visam oferecer um guia completo e atualizado para que voc\u00ea possa alcan\u00e7ar a <strong>redu\u00e7\u00e3o de olheiras<\/strong> de forma segura e eficaz, investindo em cuidados que promovam sa\u00fade, bem-estar e uma apar\u00eancia renovada.<\/p>\n\n\n\n<p>Investir no cuidado da regi\u00e3o dos olhos \u00e9 essencial para uma apar\u00eancia harmoniosa e para o bem-estar di\u00e1rio. Mantenha-se informado, ajuste sua rotina conforme necess\u00e1rio e desfrute dos resultados de uma pele bem cuidada e um olhar revitalizado.<br><\/p>\n\n\n\n<p><a href=\"https:\/\/www.youtube.com\/watch?v=J1JN5KBligU\" target=\"_blank\" rel=\"noopener\">Sugerencia de v\u00eddeo<\/a><\/p>\n\n\n\n<hr class=\"wp-block-separator has-alpha-channel-opacity\"\/>\n\n\n\n<p><\/p>","protected":false},"excerpt":{"rendered":"<p>A redu\u00e7\u00e3o de olheiras \u00e9 um tema de grande interesse no universo dos cuidados com a pele, pois olheiras e bolsas abaixo dos olhos podem impactar significativamente a apar\u00eancia e a autoestima. Em nosso artigo, no Beleza Arte, n\u00f3s abordamos estrat\u00e9gias eficazes, tratamentos e dicas pr\u00e1ticas para reduzir olheiras e diminuir as bolsas na regi\u00e3o [&hellip;]<\/p>","protected":false},"author":4,"featured_media":95,"comment_status":"open","ping_status":"open","sticky":false,"template":"","format":"standard","meta":{"footnotes":""},"categories":[5],"tags":[],"class_list":["post-94","post","type-post","status-publish","format-standard","has-post-thumbnail","hentry","category-pele"],"blocksy_meta":[],"_links":{"self":[{"href":"https:\/\/beleza.artereciclada.com.br\/es\/wp-json\/wp\/v2\/posts\/94","targetHints":{"allow":["GET"]}}],"collection":[{"href":"https:\/\/beleza.artereciclada.com.br\/es\/wp-json\/wp\/v2\/posts"}],"about":[{"href":"https:\/\/beleza.artereciclada.com.br\/es\/wp-json\/wp\/v2\/types\/post"}],"author":[{"embeddable":true,"href":"https:\/\/beleza.artereciclada.com.br\/es\/wp-json\/wp\/v2\/users\/4"}],"replies":[{"embeddable":true,"href":"https:\/\/beleza.artereciclada.com.br\/es\/wp-json\/wp\/v2\/comments?post=94"}],"version-history":[{"count":4,"href":"https:\/\/beleza.artereciclada.com.br\/es\/wp-json\/wp\/v2\/posts\/94\/revisions"}],"predecessor-version":[{"id":238,"href":"https:\/\/beleza.artereciclada.com.br\/es\/wp-json\/wp\/v2\/posts\/94\/revisions\/238"}],"wp:featuredmedia":[{"embeddable":true,"href":"https:\/\/beleza.artereciclada.com.br\/es\/wp-json\/wp\/v2\/media\/95"}],"wp:attachment":[{"href":"https:\/\/beleza.artereciclada.com.br\/es\/wp-json\/wp\/v2\/media?parent=94"}],"wp:term":[{"taxonomy":"category","embeddable":true,"href":"https:\/\/beleza.artereciclada.com.br\/es\/wp-json\/wp\/v2\/categories?post=94"},{"taxonomy":"post_tag","embeddable":true,"href":"https:\/\/beleza.artereciclada.com.br\/es\/wp-json\/wp\/v2\/tags?post=94"}],"curies":[{"name":"wp","href":"https:\/\/api.w.org\/{rel}","templated":true}]}}