{"id":167,"date":"2025-02-14T11:04:50","date_gmt":"2025-02-14T17:04:50","guid":{"rendered":"https:\/\/beleza.artereciclada.com.br\/?p=167"},"modified":"2025-02-14T11:04:52","modified_gmt":"2025-02-14T17:04:52","slug":"cortes-para-afinar","status":"publish","type":"post","link":"https:\/\/beleza.artereciclada.com.br\/es\/cabelo\/cortes-para-afinar\/","title":{"rendered":"Cortes adelgazantes: estilos que realzan la forma de cada rostro"},"content":{"rendered":"<p>Encontrar el corte de pelo ideal puede transformar por completo tu aspecto, resaltando la belleza natural de tu rostro. Cuando buscamos <strong>cortes de precisi\u00f3n<\/strong>El objetivo es crear la ilusi\u00f3n de un rostro m\u00e1s estrecho y armonioso equilibrando las proporciones y suavizando los rasgos m\u00e1s anchos o robustos. En este art\u00edculo sobre <strong>Arte de la belleza<\/strong>Aqu\u00ed te presentamos una gu\u00eda completa de los cortes ideales para estilizar el rostro, con consejos sobre estilos que se adaptan a diferentes formas de cara y pueden realzar tu personalidad con sofisticaci\u00f3n.<\/p>\n\n\n\n<figure class=\"wp-block-image size-large\"><img fetchpriority=\"high\" decoding=\"async\" width=\"1024\" height=\"585\" src=\"https:\/\/beleza.artereciclada.com.br\/wp-content\/uploads\/2025\/02\/DALL\u00b7E-2025-02-14-13.59.08-A-stylish-and-modern-composition-featuring-different-flattering-haircut-styles-that-help-create-a-slimming-effect-on-the-face.-The-image-showcases-two-1-1-1024x585.webp\" alt=\"Cortes para afinar\" class=\"wp-image-169\" srcset=\"https:\/\/beleza.artereciclada.com.br\/wp-content\/uploads\/2025\/02\/DALL\u00b7E-2025-02-14-13.59.08-A-stylish-and-modern-composition-featuring-different-flattering-haircut-styles-that-help-create-a-slimming-effect-on-the-face.-The-image-showcases-two-1-1-1024x585.webp 1024w, https:\/\/beleza.artereciclada.com.br\/wp-content\/uploads\/2025\/02\/DALL\u00b7E-2025-02-14-13.59.08-A-stylish-and-modern-composition-featuring-different-flattering-haircut-styles-that-help-create-a-slimming-effect-on-the-face.-The-image-showcases-two-1-1-300x171.webp 300w, https:\/\/beleza.artereciclada.com.br\/wp-content\/uploads\/2025\/02\/DALL\u00b7E-2025-02-14-13.59.08-A-stylish-and-modern-composition-featuring-different-flattering-haircut-styles-that-help-create-a-slimming-effect-on-the-face.-The-image-showcases-two-1-1-768x439.webp 768w, https:\/\/beleza.artereciclada.com.br\/wp-content\/uploads\/2025\/02\/DALL\u00b7E-2025-02-14-13.59.08-A-stylish-and-modern-composition-featuring-different-flattering-haircut-styles-that-help-create-a-slimming-effect-on-the-face.-The-image-showcases-two-1-1-1536x878.webp 1536w, https:\/\/beleza.artereciclada.com.br\/wp-content\/uploads\/2025\/02\/DALL\u00b7E-2025-02-14-13.59.08-A-stylish-and-modern-composition-featuring-different-flattering-haircut-styles-that-help-create-a-slimming-effect-on-the-face.-The-image-showcases-two-1-1-18x10.webp 18w, https:\/\/beleza.artereciclada.com.br\/wp-content\/uploads\/2025\/02\/DALL\u00b7E-2025-02-14-13.59.08-A-stylish-and-modern-composition-featuring-different-flattering-haircut-styles-that-help-create-a-slimming-effect-on-the-face.-The-image-showcases-two-1-1.webp 1792w\" sizes=\"(max-width: 1024px) 100vw, 1024px\" \/><\/figure>\n\n\n\n<div class=\"wp-block-rank-math-toc-block\" id=\"rank-math-toc\"><h2>\u00cdndice<\/h2><nav><ul><li class=\"\"><a href=\"#por-que-investir-em-cortes-para-afinar-o-rosto\">\u00bfPor qu\u00e9 invertir en cortes reductores faciales?<\/a><\/li><li class=\"\"><a href=\"#entendendo-os-diferentes-formatos-de-rosto\">Comprender las diferentes formas de la cara<\/a><ul><li class=\"\"><a href=\"#1-rosto-redondo\">1. Cara redonda<\/a><\/li><li class=\"\"><a href=\"#2-rosto-quadrado\">2. Cara cuadrada<\/a><\/li><li class=\"\"><a href=\"#3-rosto-oval\">3. Cara ovalada<\/a><\/li><li class=\"\"><a href=\"#4-rosto-triangular-ou-coracao\">4. Cara triangular o coraz\u00f3n<\/a><\/li><li class=\"\"><a href=\"#5-rosto-retangular\">5. Cara rectangular<\/a><\/li><\/ul><\/li><li class=\"\"><a href=\"#estilos-de-cortes-para-afinar-o-rosto\">Estilos de corte para estilizar el rostro<\/a><ul><li class=\"\"><a href=\"#1-bob-assimetrico\">1. Bob asim\u00e9trico<\/a><\/li><li class=\"\"><a href=\"#2-corte-longo-em-camadas\">2. Corte largo en capas<\/a><\/li><li class=\"\"><a href=\"#3-pixie-cut-com-franja\">3. Corte Pixie con flequillo<\/a><\/li><li class=\"\"><a href=\"#4-under-cut-com-volume-na-parte-superior\">4. UnderCut con volumen en la parte superior<\/a><\/li><li class=\"\"><a href=\"#5-corte-em-camadas-com-franja-lateral\">5. Corte a capas con flequillo lateral<\/a><\/li><\/ul><\/li><li class=\"\"><a href=\"#dicas-para-manutencao-e-estilo-dos-cortes-para-afinar\">Consejos para mantener y peinar los cortes finos<\/a><ul><li class=\"\"><a href=\"#1-cuidados-diarios\">1. Cuidado diario<\/a><\/li><li class=\"\"><a href=\"#2-visitas-regulares-ao-cabeleireiro\">2. Visitas regulares a la peluquer\u00eda<\/a><\/li><li class=\"\"><a href=\"#3-estilo-e-versatilidade\">3. Estilo y versatilidad<\/a><\/li><li class=\"\"><a href=\"#4-cuidados-com-a-saude-dos-fios\">4. Cuidado de la salud capilar<\/a><\/li><\/ul><\/li><li class=\"\"><a href=\"#conclusao\">Conclusi\u00f3n<\/a><\/li><li class=\"\"><a href=\"#fontes-de-inspiracao\">Fuentes de inspiraci\u00f3n<\/a><\/li><\/ul><\/nav><\/div>\n\n\n\n<h2 class=\"wp-block-heading\" id=\"por-que-investir-em-cortes-para-afinar-o-rosto\"><strong>\u00bfPor qu\u00e9 invertir en cortes reductores faciales?<\/strong><\/h2>\n\n\n\n<p>En <strong>cortes de precisi\u00f3n<\/strong> son m\u00e1s que una tendencia est\u00e9tica; tienen el poder de influir en la confianza en uno mismo y en la forma en que nos presentamos. Un corte bien elegido puede:<\/p>\n\n\n\n<ul class=\"wp-block-list\">\n<li><strong>Equilibrar proporciones:<\/strong> Ajustando el volumen y la forma del cabello, puedes crear un aspecto m\u00e1s proporcionado y armonioso.<\/li>\n\n\n\n<li><strong>Trazos destacados:<\/strong> Los cortes estrat\u00e9gicos pueden resaltar los puntos fuertes del rostro y disimular las zonas que quieras suavizar.<\/li>\n\n\n\n<li><strong>Valorar la personalidad:<\/strong> Independientemente de la forma de su rostro, el corte adecuado transmite estilo, modernidad y personalidad.<\/li>\n<\/ul>\n\n\n\n<p>Invertir en un corte que estilice el rostro es una inversi\u00f3n en autoconocimiento y en valorar tu imagen personal, mostrando al mundo lo mejor de cada detalle.<\/p>\n\n\n\n<hr class=\"wp-block-separator has-alpha-channel-opacity\"\/>\n\n\n\n<h2 class=\"wp-block-heading\" id=\"entendendo-os-diferentes-formatos-de-rosto\"><strong>Comprender las diferentes formas de la cara<\/strong><\/h2>\n\n\n\n<p>Antes de elegir uno de <strong>cortes de precisi\u00f3n<\/strong>Cuando se trata de cortes de pelo, es importante identificar la forma de tu cara. Cada forma tiene caracter\u00edsticas \u00fanicas y se beneficia de cortes espec\u00edficos.<\/p>\n\n\n\n<h3 class=\"wp-block-heading\" id=\"1-rosto-redondo\"><strong>1. Cara redonda<\/strong><\/h3>\n\n\n\n<ul class=\"wp-block-list\">\n<li><strong>Caracter\u00edsticas:<\/strong>\n<ul class=\"wp-block-list\">\n<li>Anchura y longitud similares, con mejillas prominentes.<\/li>\n\n\n\n<li>No hay \u00e1ngulos marcados.<\/li>\n<\/ul>\n<\/li>\n\n\n\n<li><strong>Consejos de ajuste:<\/strong>\n<ul class=\"wp-block-list\">\n<li><strong>Cortes largos o medios:<\/strong> Optar por un cabello que caiga por debajo de los hombros ayuda a alargar el rostro.<\/li>\n\n\n\n<li><strong>Capas trituradas:<\/strong> Los cortes en capas ligeras crean movimiento y desv\u00edan la atenci\u00f3n de la forma redonda.<\/li>\n\n\n\n<li><strong>Flecos laterales:<\/strong> Un flequillo oblicuo puede romper la simetr\u00eda del rostro, creando la ilusi\u00f3n de una forma m\u00e1s alargada.<\/li>\n<\/ul>\n<\/li>\n<\/ul>\n\n\n\n<h3 class=\"wp-block-heading\" id=\"2-rosto-quadrado\"><strong>2. Cara cuadrada<\/strong><\/h3>\n\n\n\n<ul class=\"wp-block-list\">\n<li><strong>Caracter\u00edsticas:<\/strong>\n<ul class=\"wp-block-list\">\n<li>Mand\u00edbula marcada y frente con \u00e1ngulos definidos.<\/li>\n\n\n\n<li>Estructura \u00f3sea fuerte.<\/li>\n<\/ul>\n<\/li>\n\n\n\n<li><strong>Consejos de ajuste:<\/strong>\n<ul class=\"wp-block-list\">\n<li><strong>Cortes con flecos deshilachados:<\/strong> Los flequillos laterales suavizan los \u00e1ngulos y dan un aspecto m\u00e1s delicado.<\/li>\n\n\n\n<li><strong>Cortes en capas:<\/strong> Las capas que crean movimiento y suavizan la estructura \u00f3sea ayudan a estilizar el rostro.<\/li>\n\n\n\n<li><strong>Cortes largos y graduados:<\/strong> Los cortes largos con un ligero adelgazamiento ayudan a alargar el rostro y suavizar los contornos.<\/li>\n<\/ul>\n<\/li>\n<\/ul>\n\n\n\n<h3 class=\"wp-block-heading\" id=\"3-rosto-oval\"><strong>3. Cara ovalada<\/strong><\/h3>\n\n\n\n<ul class=\"wp-block-list\">\n<li><strong>Caracter\u00edsticas:<\/strong>\n<ul class=\"wp-block-list\">\n<li>Considerada la forma ideal por su simetr\u00eda.<\/li>\n\n\n\n<li>Proporciones equilibradas entre longitud y anchura.<\/li>\n<\/ul>\n<\/li>\n\n\n\n<li><strong>Consejos de ajuste:<\/strong>\n<ul class=\"wp-block-list\">\n<li><strong>Versatilidad:<\/strong> Las personas con un rostro ovalado pueden experimentar con diferentes <strong>cortes de precisi\u00f3n<\/strong>Seguro que casi todos los estilos se adaptan bien a \u00e9l.<\/li>\n\n\n\n<li><strong>Ligeros flecos:<\/strong> Los flequillos ladeados o ligeramente deshilachados pueden resaltar tus rasgos sin comprometer el equilibrio.<\/li>\n\n\n\n<li><strong>Cortes largos o medios:<\/strong> Estos peinados realzan la armon\u00eda del rostro ovalado y permiten diferentes variaciones de peinado.<\/li>\n<\/ul>\n<\/li>\n<\/ul>\n\n\n\n<h3 class=\"wp-block-heading\" id=\"4-rosto-triangular-ou-coracao\"><strong>4. Cara triangular o coraz\u00f3n<\/strong><\/h3>\n\n\n\n<ul class=\"wp-block-list\">\n<li><strong>Caracter\u00edsticas:<\/strong>\n<ul class=\"wp-block-list\">\n<li>Frente ancha y barbilla estrecha.<\/li>\n\n\n\n<li>La parte superior de la cara atrae m\u00e1s la atenci\u00f3n.<\/li>\n<\/ul>\n<\/li>\n\n\n\n<li><strong>Consejos de ajuste:<\/strong>\n<ul class=\"wp-block-list\">\n<li><strong>Cortes con volumen en la parte inferior:<\/strong> Los peinados que a\u00f1aden volumen al pelo hasta la barbilla ayudan a equilibrar el rostro.<\/li>\n\n\n\n<li><strong>Flequillo lateral o corto:<\/strong> Un flequillo que caiga suave y deshilachado puede reducir la anchura de la frente.<\/li>\n\n\n\n<li><strong>Cortes en capas:<\/strong> Las capas que crean movimiento y a\u00f1aden textura ayudan a suavizar la transici\u00f3n entre la frente y la barbilla.<\/li>\n<\/ul>\n<\/li>\n<\/ul>\n\n\n\n<h3 class=\"wp-block-heading\" id=\"5-rosto-retangular\"><strong>5. Cara rectangular<\/strong><\/h3>\n\n\n\n<ul class=\"wp-block-list\">\n<li><strong>Caracter\u00edsticas:<\/strong>\n<ul class=\"wp-block-list\">\n<li>Cara m\u00e1s larga que ancha.<\/li>\n\n\n\n<li>Estructura alargada, a menudo con l\u00edneas rectas.<\/li>\n<\/ul>\n<\/li>\n\n\n\n<li><strong>Consejos de ajuste:<\/strong>\n<ul class=\"wp-block-list\">\n<li><strong>Cortes medios y largos:<\/strong> Los cortes que terminan por debajo de la barbilla pueden ayudar a acortar visualmente el rostro.<\/li>\n\n\n\n<li><strong>Flequillo recto o corto:<\/strong> Un flequillo puede reducir la sensaci\u00f3n de alargamiento, aportando equilibrio.<\/li>\n\n\n\n<li><strong>Cortes con ligeros rizos u ondas:<\/strong> Estos estilos ayudan a crear curvas y suavizar la estructura del rostro, ofreciendo un aspecto m\u00e1s armonioso.<\/li>\n<\/ul>\n<\/li>\n<\/ul>\n\n\n\n<hr class=\"wp-block-separator has-alpha-channel-opacity\"\/>\n\n\n\n<h2 class=\"wp-block-heading\" id=\"estilos-de-cortes-para-afinar-o-rosto\"><strong>Estilos de corte para estilizar el rostro<\/strong><\/h2>\n\n\n\n<p>Bas\u00e1ndonos en las diferentes formas faciales, hemos enumerado algunas de las <strong>cortes de precisi\u00f3n<\/strong> m\u00e1s eficaces y populares. Cada estilo tiene caracter\u00edsticas que ayudan a alargar, suavizar y resaltar la belleza de los rasgos.<\/p>\n\n\n\n<h3 class=\"wp-block-heading\" id=\"1-bob-assimetrico\"><strong>1. Bob asim\u00e9trico<\/strong><\/h3>\n\n\n\n<p>El corte bob asim\u00e9trico es una excelente opci\u00f3n para estilizar el rostro, ya que crea una l\u00ednea visual que distrae de la anchura y da un aspecto moderno y elegante.<\/p>\n\n\n\n<ul class=\"wp-block-list\">\n<li><strong>Caracter\u00edsticas:<\/strong>\n<ul class=\"wp-block-list\">\n<li>Ligeramente m\u00e1s largo por un lado, creando una l\u00ednea diagonal que alarga el rostro.<\/li>\n\n\n\n<li>Puede adaptarse a cabellos lisos u ondulados.<\/li>\n\n\n\n<li>Ideal para rostros redondos o cuadrados, ya que rompe la simetr\u00eda y suaviza los contornos.<\/li>\n<\/ul>\n<\/li>\n\n\n\n<li><strong>Ventajas:<\/strong>\n<ul class=\"wp-block-list\">\n<li>Versatilidad y modernidad.<\/li>\n\n\n\n<li>F\u00e1cil mantenimiento y posibilidad de diferentes variaciones de estilo.<\/li>\n<\/ul>\n<\/li>\n<\/ul>\n\n\n\n<h3 class=\"wp-block-heading\" id=\"2-corte-longo-em-camadas\"><strong>2. Corte largo en capas<\/strong><\/h3>\n\n\n\n<p>El pelo largo con capas es perfecto para estilizar el rostro, sobre todo para quienes desean un look natural con movimiento.<\/p>\n\n\n\n<ul class=\"wp-block-list\">\n<li><strong>Caracter\u00edsticas:<\/strong>\n<ul class=\"wp-block-list\">\n<li>Capas distribuidas estrat\u00e9gicamente para crear movimiento y alargar la silueta del rostro.<\/li>\n\n\n\n<li>Funciona bien en cabellos lisos, ondulados y rizados.<\/li>\n\n\n\n<li>Puede combinarse con flequillos de barrido lateral para potenciar a\u00fan m\u00e1s el efecto adelgazante.<\/li>\n<\/ul>\n<\/li>\n\n\n\n<li><strong>Ventajas:<\/strong>\n<ul class=\"wp-block-list\">\n<li>Realza la ligereza y fluidez del cabello.<\/li>\n\n\n\n<li>Ofrece versatilidad para diferentes ocasiones y estilos.<\/li>\n<\/ul>\n<\/li>\n<\/ul>\n\n\n\n<h3 class=\"wp-block-heading\" id=\"3-pixie-cut-com-franja\"><strong>3. Corte Pixie con flequillo<\/strong><\/h3>\n\n\n\n<p>Para las que prefieren los cortes cortos, el corte pixie con flequillo es una excelente opci\u00f3n para estilizar el rostro, especialmente las caras cuadradas y ovaladas.<\/p>\n\n\n\n<ul class=\"wp-block-list\">\n<li><strong>Caracter\u00edsticas:<\/strong>\n<ul class=\"wp-block-list\">\n<li>Un corte corto que resalta los rasgos, combinado con un flequillo que suaviza la frente.<\/li>\n\n\n\n<li>Un estilo atrevido y moderno que aporta personalidad.<\/li>\n\n\n\n<li>El flequillo puede ajustarse para crear un efecto de adelgazamiento, equilibrando los rasgos faciales.<\/li>\n<\/ul>\n<\/li>\n\n\n\n<li><strong>Ventajas:<\/strong>\n<ul class=\"wp-block-list\">\n<li>Practicidad y poco tiempo de mantenimiento.<\/li>\n\n\n\n<li>Resalta los rasgos fuertes y ofrece un aspecto contempor\u00e1neo.<\/li>\n<\/ul>\n<\/li>\n<\/ul>\n\n\n\n<h3 class=\"wp-block-heading\" id=\"4-under-cut-com-volume-na-parte-superior\"><strong>4. UnderCut con volumen en la parte superior<\/strong><\/h3>\n\n\n\n<p>El undercut con volumen en la parte superior es una opci\u00f3n vers\u00e1til que puede adaptarse para estilizar el rostro, especialmente para hombres y mujeres que desean un estilo llamativo.<\/p>\n\n\n\n<ul class=\"wp-block-list\">\n<li><strong>Caracter\u00edsticas:<\/strong>\n<ul class=\"wp-block-list\">\n<li>Laterales cortos y parte superior m\u00e1s larga, que puede peinarse para crear volumen y alargar el rostro.<\/li>\n\n\n\n<li>Ideal para rostros cuadrados y rectangulares, ya que el contraste entre las zonas crea un efecto de alargamiento.<\/li>\n\n\n\n<li>Puede combinarse con flequillos o peinados texturizados para un look m\u00e1s moderno.<\/li>\n<\/ul>\n<\/li>\n\n\n\n<li><strong>Ventajas:<\/strong>\n<ul class=\"wp-block-list\">\n<li>Modelado vers\u00e1til.<\/li>\n\n\n\n<li>Permite muchas variaciones y adaptaciones a la forma de la cara.<\/li>\n<\/ul>\n<\/li>\n<\/ul>\n\n\n\n<h3 class=\"wp-block-heading\" id=\"5-corte-em-camadas-com-franja-lateral\"><strong>5. Corte a capas con flequillo lateral<\/strong><\/h3>\n\n\n\n<p>Este estilo es una de las mejores opciones para estilizar el rostro, ya que combina la ligereza de las capas con el efecto suavizante de los flequillos ladeados.<\/p>\n\n\n\n<ul class=\"wp-block-list\">\n<li><strong>Caracter\u00edsticas:<\/strong>\n<ul class=\"wp-block-list\">\n<li>Capas que crean movimiento y reducen el peso visual del cabello.<\/li>\n\n\n\n<li>Flequillo lateral que ayuda a romper la anchura del rostro y crea una l\u00ednea diagonal, alargando la silueta.<\/li>\n\n\n\n<li>Funciona bien para diferentes tipos de cabello, dando un aspecto natural y sofisticado.<\/li>\n<\/ul>\n<\/li>\n\n\n\n<li><strong>Ventajas:<\/strong>\n<ul class=\"wp-block-list\">\n<li>Un equilibrio entre modernidad y elegancia.<\/li>\n\n\n\n<li>Adecuado para diferentes formas de cara, con gran adaptabilidad.<\/li>\n<\/ul>\n<\/li>\n<\/ul>\n\n\n\n<hr class=\"wp-block-separator has-alpha-channel-opacity\"\/>\n\n\n\n<h2 class=\"wp-block-heading\" id=\"dicas-para-manutencao-e-estilo-dos-cortes-para-afinar\"><strong>Consejos para mantener y peinar los cortes finos<\/strong><\/h2>\n\n\n\n<p>Adem\u00e1s de elegir el corte ideal, el mantenimiento y el peinado del cabello desempe\u00f1an un papel crucial en el efecto adelgazante. He aqu\u00ed algunos consejos esenciales:<\/p>\n\n\n\n<h3 class=\"wp-block-heading\" id=\"1-cuidados-diarios\"><strong>1. Cuidado diario<\/strong><\/h3>\n\n\n\n<ul class=\"wp-block-list\">\n<li><strong>Hidratante y nutritivo:<\/strong>\n<ul class=\"wp-block-list\">\n<li>Utiliza champ\u00fas y acondicionadores espec\u00edficos para tu tipo de cabello. Los productos hidratantes ayudan a mantener el pelo suave y a definir el corte.<\/li>\n<\/ul>\n<\/li>\n\n\n\n<li><strong>Finalizaci\u00f3n:<\/strong>\n<ul class=\"wp-block-list\">\n<li>Invierte en productos de acabado, como cremas y aceites de peinado, que ayudan a controlar el encrespamiento y a mantener la forma del corte.<\/li>\n<\/ul>\n<\/li>\n<\/ul>\n\n\n\n<h3 class=\"wp-block-heading\" id=\"2-visitas-regulares-ao-cabeleireiro\"><strong>2. Visitas regulares a la peluquer\u00eda<\/strong><\/h3>\n\n\n\n<p>Mantener el corte al d\u00eda es esencial para conservar el efecto de adelgazamiento. Los cortes regulares evitan las puntas abiertas y garantizan que la forma elegida siga acentuando las proporciones del rostro.<\/p>\n\n\n\n<ul class=\"wp-block-list\">\n<li><strong>Ajustes y modelizaci\u00f3n:<\/strong>\n<ul class=\"wp-block-list\">\n<li>Habla con tu estilista sobre las mejores t\u00e9cnicas de peinado para la forma de tu cara y estate abierta a ajustes que potencien el efecto adelgazante.<\/li>\n<\/ul>\n<\/li>\n<\/ul>\n\n\n\n<h3 class=\"wp-block-heading\" id=\"3-estilo-e-versatilidade\"><strong>3. Estilo y versatilidad<\/strong><\/h3>\n\n\n\n<ul class=\"wp-block-list\">\n<li><strong>Experimentaci\u00f3n:<\/strong>\n<ul class=\"wp-block-list\">\n<li>No tengas miedo de experimentar con nuevos estilos y variaciones. El look se puede adaptar con diferentes peinados, flequillos o accesorios como sombreros y pa\u00f1uelos, que tambi\u00e9n ayudan a crear la ilusi\u00f3n de un rostro m\u00e1s estilizado.<\/li>\n<\/ul>\n<\/li>\n\n\n\n<li><strong>Confianza:<\/strong>\n<ul class=\"wp-block-list\">\n<li>Un corte que estilice tu rostro debe reflejar tu personalidad. Elegir el estilo que mejor resalte tus rasgos es clave para transmitir seguridad en ti misma.<\/li>\n<\/ul>\n<\/li>\n<\/ul>\n\n\n\n<h3 class=\"wp-block-heading\" id=\"4-cuidados-com-a-saude-dos-fios\"><strong>4. Cuidado de la salud capilar<\/strong><\/h3>\n\n\n\n<ul class=\"wp-block-list\">\n<li><strong>Hidrataci\u00f3n regular:<\/strong>\n<ul class=\"wp-block-list\">\n<li>Independientemente del corte, mantener el pelo hidratado y nutrido es esencial para un look impecable. Invierte en tratamientos de hidrataci\u00f3n profunda y utiliza mascarillas capilares semanalmente.<\/li>\n<\/ul>\n<\/li>\n\n\n\n<li><strong>Protecci\u00f3n t\u00e9rmica:<\/strong>\n<ul class=\"wp-block-list\">\n<li>Si utilizas herramientas t\u00e9rmicas, aplica siempre un protector t\u00e9rmico para evitar da\u00f1os que puedan comprometer el corte y la salud del cabello.<\/li>\n<\/ul>\n<\/li>\n<\/ul>\n\n\n\n<hr class=\"wp-block-separator has-alpha-channel-opacity\"\/>\n\n\n\n<h2 class=\"wp-block-heading\" id=\"conclusao\"><strong>Conclusi\u00f3n<\/strong><\/h2>\n\n\n\n<p>En <strong>cortes de precisi\u00f3n<\/strong> son una poderosa herramienta para transformar el look, realzar la belleza natural del rostro y equilibrar las proporciones. Ya sea un corte bob asim\u00e9trico, un corte largo a capas, un corte pixie con flequillo o un corte undercut con volumen estrat\u00e9gico, hay una gran variedad de estilos que se adaptan a todas las formas de cara.<\/p>\n\n\n\n<p>Invertir en un corte que estilice el rostro va mucho m\u00e1s all\u00e1 de la est\u00e9tica: es una cuesti\u00f3n de autoconocimiento y de valorar los rasgos individuales. Adoptar t\u00e9cnicas de mantenimiento, utilizar productos de calidad y visitar regularmente al peluquero son pasos fundamentales para garantizar que el corte que elijas siga realzando tu aspecto.<\/p>\n\n\n\n<p>No <strong>Arte de la belleza<\/strong>Creemos que cada persona merece un corte que resalte su personalidad y le aporte confianza. Prueba nuestras sugerencias, adapta el estilo a tus necesidades y descubre c\u00f3mo un buen corte puede transformar no solo tu aspecto, sino tambi\u00e9n tu autoestima.<\/p>\n\n\n\n<p>Para obtener m\u00e1s consejos, directrices y productos que pueden ayudarte a mejorar tu aspecto, visita nuestro sitio web <a href=\"https:\/\/beleza.artereciclada.com.br\/es\/\">Arte de la belleza<\/a> y siga nuestras redes sociales. Si necesita asesoramiento personalizado, p\u00f3ngase en contacto con nosotros por correo electr\u00f3nico en la direcci\u00f3n <strong><a href=\"mailto:contato@artereciclada.com.br\">contato@artereciclada.com.br<\/a><\/strong>.<\/p>\n\n\n\n<hr class=\"wp-block-separator has-alpha-channel-opacity\"\/>\n\n\n\n<h2 class=\"wp-block-heading\" id=\"fontes-de-inspiracao\"><strong>Fuentes de inspiraci\u00f3n<\/strong><\/h2>\n\n\n\n<p>Este art\u00edculo se ha elaborado a partir de estudios sobre tendencias de moda y belleza, an\u00e1lisis de profesionales del sector capilar y pr\u00e1cticas establecidas en el mundo del cuidado del cabello. Las pautas que aqu\u00ed se presentan reflejan las \u00faltimas novedades y t\u00e9cnicas para que pueda sacar el m\u00e1ximo partido a la <strong>cortes de precisi\u00f3n<\/strong> y transforma tu look de forma \u00fanica y personalizada.<\/p>\n\n\n\n<p>Invierte en la belleza de tu rostro y descubre c\u00f3mo un corte bien elegido puede marcar la diferencia en tu imagen y confianza.<\/p>\n\n\n\n<p><a href=\"https:\/\/www.youtube.com\/watch?v=-Fxtn3uEOtU\" target=\"_blank\" rel=\"noopener\">Sugerencia de v\u00eddeo<\/a><\/p>\n\n\n\n<p><\/p>","protected":false},"excerpt":{"rendered":"<p>Encontrar o corte de cabelo ideal pode transformar completamente a apar\u00eancia, real\u00e7ando a beleza natural do rosto. Quando buscamos cortes para afinar, o objetivo \u00e9 criar a ilus\u00e3o de um rosto mais estreito e harmonioso, equilibrando as propor\u00e7\u00f5es e suavizando tra\u00e7os mais largos ou robustos. Neste artigo, no Beleza Arte, apresentamos um guia completo sobre [&hellip;]<\/p>","protected":false},"author":4,"featured_media":168,"comment_status":"open","ping_status":"open","sticky":false,"template":"","format":"standard","meta":{"footnotes":""},"categories":[6],"tags":[],"class_list":["post-167","post","type-post","status-publish","format-standard","has-post-thumbnail","hentry","category-cabelo"],"blocksy_meta":[],"_links":{"self":[{"href":"https:\/\/beleza.artereciclada.com.br\/es\/wp-json\/wp\/v2\/posts\/167","targetHints":{"allow":["GET"]}}],"collection":[{"href":"https:\/\/beleza.artereciclada.com.br\/es\/wp-json\/wp\/v2\/posts"}],"about":[{"href":"https:\/\/beleza.artereciclada.com.br\/es\/wp-json\/wp\/v2\/types\/post"}],"author":[{"embeddable":true,"href":"https:\/\/beleza.artereciclada.com.br\/es\/wp-json\/wp\/v2\/users\/4"}],"replies":[{"embeddable":true,"href":"https:\/\/beleza.artereciclada.com.br\/es\/wp-json\/wp\/v2\/comments?post=167"}],"version-history":[{"count":1,"href":"https:\/\/beleza.artereciclada.com.br\/es\/wp-json\/wp\/v2\/posts\/167\/revisions"}],"predecessor-version":[{"id":170,"href":"https:\/\/beleza.artereciclada.com.br\/es\/wp-json\/wp\/v2\/posts\/167\/revisions\/170"}],"wp:featuredmedia":[{"embeddable":true,"href":"https:\/\/beleza.artereciclada.com.br\/es\/wp-json\/wp\/v2\/media\/168"}],"wp:attachment":[{"href":"https:\/\/beleza.artereciclada.com.br\/es\/wp-json\/wp\/v2\/media?parent=167"}],"wp:term":[{"taxonomy":"category","embeddable":true,"href":"https:\/\/beleza.artereciclada.com.br\/es\/wp-json\/wp\/v2\/categories?post=167"},{"taxonomy":"post_tag","embeddable":true,"href":"https:\/\/beleza.artereciclada.com.br\/es\/wp-json\/wp\/v2\/tags?post=167"}],"curies":[{"name":"wp","href":"https:\/\/api.w.org\/{rel}","templated":true}]}}