{"id":163,"date":"2025-02-14T10:56:29","date_gmt":"2025-02-14T16:56:29","guid":{"rendered":"https:\/\/beleza.artereciclada.com.br\/?p=163"},"modified":"2025-02-14T17:08:32","modified_gmt":"2025-02-14T20:08:32","slug":"controle-do-frizz","status":"publish","type":"post","link":"https:\/\/beleza.artereciclada.com.br\/es\/cabelo\/controle-do-frizz\/","title":{"rendered":"Control del encrespamiento: c\u00f3mo prevenirlo y tratarlo eficazmente"},"content":{"rendered":"<p>O frizz \u00e9 um dos maiores desafios para quem busca cabelos lisos, definidos e com apar\u00eancia saud\u00e1vel. O <strong>controle do frizz<\/strong> n\u00e3o apenas melhora a est\u00e9tica dos fios, mas tamb\u00e9m preserva a integridade e a hidrata\u00e7\u00e3o natural do cabelo. Neste artigo, vamos explorar, de forma detalhada e abrangente, as causas do frizz, os melhores m\u00e9todos para evit\u00e1-lo e os tratamentos mais eficazes para manter os cabelos sob controle. Abordaremos desde t\u00e9cnicas de cuidados di\u00e1rios at\u00e9 dicas de produtos e procedimentos profissionais, sempre com foco no <strong>controle do frizz<\/strong>.<\/p>\n\n\n\n<figure class=\"wp-block-image size-large\"><img fetchpriority=\"high\" decoding=\"async\" width=\"1024\" height=\"585\" src=\"https:\/\/beleza.artereciclada.com.br\/wp-content\/uploads\/2025\/02\/DALL\u00b7E-2025-02-14-13.43.38-A-modern-and-stylish-composition-featuring-a-person-with-smooth-frizz-free-hair-gently-applying-an-anti-frizz-serum-or-using-a-wooden-brush.-The-sce-1-1-1024x585.webp\" alt=\"\" class=\"wp-image-165\" srcset=\"https:\/\/beleza.artereciclada.com.br\/wp-content\/uploads\/2025\/02\/DALL\u00b7E-2025-02-14-13.43.38-A-modern-and-stylish-composition-featuring-a-person-with-smooth-frizz-free-hair-gently-applying-an-anti-frizz-serum-or-using-a-wooden-brush.-The-sce-1-1-1024x585.webp 1024w, https:\/\/beleza.artereciclada.com.br\/wp-content\/uploads\/2025\/02\/DALL\u00b7E-2025-02-14-13.43.38-A-modern-and-stylish-composition-featuring-a-person-with-smooth-frizz-free-hair-gently-applying-an-anti-frizz-serum-or-using-a-wooden-brush.-The-sce-1-1-300x171.webp 300w, https:\/\/beleza.artereciclada.com.br\/wp-content\/uploads\/2025\/02\/DALL\u00b7E-2025-02-14-13.43.38-A-modern-and-stylish-composition-featuring-a-person-with-smooth-frizz-free-hair-gently-applying-an-anti-frizz-serum-or-using-a-wooden-brush.-The-sce-1-1-768x439.webp 768w, https:\/\/beleza.artereciclada.com.br\/wp-content\/uploads\/2025\/02\/DALL\u00b7E-2025-02-14-13.43.38-A-modern-and-stylish-composition-featuring-a-person-with-smooth-frizz-free-hair-gently-applying-an-anti-frizz-serum-or-using-a-wooden-brush.-The-sce-1-1-1536x878.webp 1536w, https:\/\/beleza.artereciclada.com.br\/wp-content\/uploads\/2025\/02\/DALL\u00b7E-2025-02-14-13.43.38-A-modern-and-stylish-composition-featuring-a-person-with-smooth-frizz-free-hair-gently-applying-an-anti-frizz-serum-or-using-a-wooden-brush.-The-sce-1-1-18x10.webp 18w, https:\/\/beleza.artereciclada.com.br\/wp-content\/uploads\/2025\/02\/DALL\u00b7E-2025-02-14-13.43.38-A-modern-and-stylish-composition-featuring-a-person-with-smooth-frizz-free-hair-gently-applying-an-anti-frizz-serum-or-using-a-wooden-brush.-The-sce-1-1.webp 1792w\" sizes=\"(max-width: 1024px) 100vw, 1024px\" \/><\/figure>\n\n\n\n<div class=\"wp-block-rank-math-toc-block\" id=\"rank-math-toc\"><h2>\u00cdndice<\/h2><nav><ul><li class=\"\"><a href=\"#entendendo-o-frizz\">Entendendo o Frizz<\/a><ul><li class=\"\"><a href=\"#causas-do-frizz\">Causas do Frizz<\/a><\/li><\/ul><\/li><li class=\"\"><a href=\"#rotina-de-cuidados-diarios-para-o-controle-do-frizz\">Rotina de Cuidados Di\u00e1rios para o Controle do Frizz<\/a><ul><li class=\"\"><a href=\"#1-limpeza-suave-e-hidratacao\">1. Limpeza Suave e Hidrata\u00e7\u00e3o<\/a><\/li><li class=\"\"><a href=\"#2-finalizacao-com-leave-in-e-protetores-termicos\">2. Finaliza\u00e7\u00e3o com Leave-in e Protetores T\u00e9rmicos<\/a><\/li><li class=\"\"><a href=\"#3-secagem-e-finalizacao-com-difusor\">3. Secagem e Finaliza\u00e7\u00e3o com Difusor<\/a><\/li><\/ul><\/li><li class=\"\"><a href=\"#produtos-essenciais-para-o-controle-do-frizz\">Produtos Essenciais para o Controle do Frizz<\/a><ul><li class=\"\"><a href=\"#1-seruns-e-oleos-capilares\">1. S\u00e9runs e \u00d3leos Capilares<\/a><\/li><li class=\"\"><a href=\"#2-mascaras-de-hidratacao-profunda\">2. M\u00e1scaras de Hidrata\u00e7\u00e3o Profunda<\/a><\/li><li class=\"\"><a href=\"#3-leave-ins-e-cremes-de-pentear\">3. Leave-ins e Cremes de Pentear<\/a><\/li><\/ul><\/li><li class=\"\"><a href=\"#tecnicas-e-habitos-para-potencializar-o-controle-do-frizz\">T\u00e9cnicas e H\u00e1bitos para Potencializar o Controle do Frizz<\/a><ul><li class=\"\"><a href=\"#1-aplicacao-correta-dos-produtos\">1. Aplica\u00e7\u00e3o Correta dos Produtos<\/a><\/li><li class=\"\"><a href=\"#2-tecnicas-de-secagem-suave\">2. T\u00e9cnicas de Secagem Suave<\/a><\/li><li class=\"\"><a href=\"#3-protecao-contra-o-calor\">3. Prote\u00e7\u00e3o Contra o Calor<\/a><\/li><li class=\"\"><a href=\"#4-cuidados-com-o-ambiente\">4. Cuidados com o Ambiente<\/a><\/li><\/ul><\/li><li class=\"\"><a href=\"#tratamentos-profissionais-para-o-controle-do-frizz\">Tratamentos Profissionais para o Controle do Frizz<\/a><ul><li class=\"\"><a href=\"#1-escovas-progressivas-e-tratamentos-de-alisamento\">1. Escovas Progressivas e Tratamentos de Alisamento<\/a><\/li><li class=\"\"><a href=\"#2-tratamentos-com-nanotecnologia\">2. Tratamentos com Nanotecnologia<\/a><\/li><li class=\"\"><a href=\"#3-consultas-com-especialistas\">3. Consultas com Especialistas<\/a><\/li><\/ul><\/li><li class=\"\"><a href=\"#dicas-de-manutencao-a-longo-prazo\">Dicas de Manuten\u00e7\u00e3o a Longo Prazo<\/a><ul><li class=\"\"><a href=\"#1-adote-uma-rotina-regular\">1. Adote uma Rotina Regular<\/a><\/li><li class=\"\"><a href=\"#2-invista-em-produtos-de-qualidade\">2. Invista em Produtos de Qualidade<\/a><\/li><li class=\"\"><a href=\"#3-mantenha-um-estilo-de-vida-saudavel\">3. Mantenha um Estilo de Vida Saud\u00e1vel<\/a><\/li><li class=\"\"><a href=\"#4-cuide-do-ambiente-e-proteja-os-fios\">4. Cuide do Ambiente e Proteja os Fios<\/a><\/li><\/ul><\/li><li class=\"\"><a href=\"#conclusao\">Conclusi\u00f3n<\/a><\/li><li class=\"\"><a href=\"#fontes-de-inspiracao\">Fuentes de inspiraci\u00f3n<\/a><\/li><\/ul><\/nav><\/div>\n\n\n\n<h2 class=\"wp-block-heading\" id=\"entendendo-o-frizz\"><strong>Entendendo o Frizz<\/strong><\/h2>\n\n\n\n<p>O frizz \u00e9 o resultado da falta de hidrata\u00e7\u00e3o e do ressecamento dos fios, quando as cut\u00edculas dos cabelos se levantam e absorvem a umidade do ambiente. Esse fen\u00f4meno \u00e9 especialmente comum em climas \u00famidos e em cabelos naturalmente secos ou danificados. O frizz pode prejudicar o aspecto dos cabelos, deixando-os com apar\u00eancia opaca, \u00e1spera e sem defini\u00e7\u00e3o.<\/p>\n\n\n\n<h3 class=\"wp-block-heading\" id=\"causas-do-frizz\"><strong>Causas do Frizz<\/strong><\/h3>\n\n\n\n<p>Alguns fatores s\u00e3o respons\u00e1veis pelo surgimento do frizz:<\/p>\n\n\n\n<ul class=\"wp-block-list\">\n<li><strong>Baixa Hidrata\u00e7\u00e3o:<\/strong> A falta de umidade nos fios faz com que as cut\u00edculas se abram, permitindo a entrada de \u00e1gua e provocando o incha\u00e7o do cabelo.<\/li>\n\n\n\n<li><strong>Danos Qu\u00edmicos:<\/strong> Processos de alisamento, colora\u00e7\u00e3o e outros tratamentos qu\u00edmicos podem comprometer a estrutura do fio, tornando-o mais propenso ao frizz.<\/li>\n\n\n\n<li><strong>Uso Excessivo de Calor:<\/strong> O uso frequente de secadores, chapinhas e modeladores sem a devida prote\u00e7\u00e3o t\u00e9rmica pode ressecar o cabelo e aumentar o frizz.<\/li>\n\n\n\n<li><strong>Clima e Umidade:<\/strong> Em ambientes com alta umidade, os fios tendem a absorver a umidade do ar, causando incha\u00e7o e perda de defini\u00e7\u00e3o.<\/li>\n\n\n\n<li><strong>Produtos Inadequados:<\/strong> Shampoos e condicionadores agressivos, com sulfatos ou outros componentes que removem os \u00f3leos naturais, podem contribuir para o ressecamento e o frizz.<\/li>\n<\/ul>\n\n\n\n<p>O <strong>controle do frizz<\/strong> eficaz passa, portanto, por compreender esses fatores e adotar uma rotina de cuidados que repare, hidrate e proteja os fios.<\/p>\n\n\n\n<hr class=\"wp-block-separator has-alpha-channel-opacity\"\/>\n\n\n\n<h2 class=\"wp-block-heading\" id=\"rotina-de-cuidados-diarios-para-o-controle-do-frizz\"><strong>Rotina de Cuidados Di\u00e1rios para o Controle do Frizz<\/strong><\/h2>\n\n\n\n<p>Manter uma rotina di\u00e1ria \u00e9 fundamental para garantir o <strong>controle do frizz<\/strong> e preservar a sa\u00fade dos cabelos. A seguir, detalhamos as etapas essenciais que devem fazer parte do seu ritual de cuidados capilares.<\/p>\n\n\n\n<h3 class=\"wp-block-heading\" id=\"1-limpeza-suave-e-hidratacao\"><strong>1. Limpeza Suave e Hidrata\u00e7\u00e3o<\/strong><\/h3>\n\n\n\n<p>Uma limpeza adequada \u00e9 o primeiro passo para evitar o frizz. Opte por shampoos sem sulfato e formulados para preservar os \u00f3leos naturais dos cabelos. Produtos suaves ajudam a remover impurezas sem agredir os fios, mantendo a hidrata\u00e7\u00e3o necess\u00e1ria para o <strong>controle do frizz<\/strong>.<\/p>\n\n\n\n<ul class=\"wp-block-list\">\n<li><strong>Shampoo Sem Sulfato:<\/strong> Escolha um shampoo que limpe sem retirar a oleosidade natural dos fios, protegendo a hidrata\u00e7\u00e3o.<\/li>\n\n\n\n<li><strong>Condicionador Hidratante:<\/strong> Utilize um condicionador rico em agentes hidratantes, como pantenol e glicerina, que ajudam a repor a umidade perdida durante a lavagem.<\/li>\n<\/ul>\n\n\n\n<h3 class=\"wp-block-heading\" id=\"2-finalizacao-com-leave-in-e-protetores-termicos\"><strong>2. Finaliza\u00e7\u00e3o com Leave-in e Protetores T\u00e9rmicos<\/strong><\/h3>\n\n\n\n<p>Ap\u00f3s a lavagem, o uso de um leave-in \u00e9 crucial para o <strong>controle do frizz<\/strong>. Esses produtos formam uma camada protetora nos fios, selando a hidrata\u00e7\u00e3o e protegendo contra o calor e a umidade do ambiente.<\/p>\n\n\n\n<ul class=\"wp-block-list\">\n<li><strong>Leave-in para Controle do Frizz:<\/strong> Escolha produtos espec\u00edficos que contenham silicone ou outros ingredientes que proporcionem um efeito liso e disciplinado sem pesar os fios.<\/li>\n\n\n\n<li><strong>Protetor T\u00e9rmico:<\/strong> Se for usar ferramentas de calor, aplique sempre um protetor t\u00e9rmico. Ele cria uma barreira contra os danos do secador, chapinha ou modelador e \u00e9 indispens\u00e1vel para o <strong>controle do frizz<\/strong>.<\/li>\n<\/ul>\n\n\n\n<h3 class=\"wp-block-heading\" id=\"3-secagem-e-finalizacao-com-difusor\"><strong>3. Secagem e Finaliza\u00e7\u00e3o com Difusor<\/strong><\/h3>\n\n\n\n<p>A forma como voc\u00ea seca os cabelos tamb\u00e9m influencia diretamente no <strong>controle do frizz<\/strong>. Evite esfregar os fios com a toalha; em vez disso, pressione suavemente para remover o excesso de \u00e1gua. Se poss\u00edvel, use um difusor acoplado ao secador, pois ele distribui o calor de maneira mais uniforme e ajuda a manter a defini\u00e7\u00e3o dos cachos ou a lisura dos fios.<\/p>\n\n\n\n<ul class=\"wp-block-list\">\n<li><strong>Secagem com Difusor:<\/strong> Ideal para cabelos cacheados e ondulados, o difusor ajuda a preservar a forma natural dos cachos, evitando o frizz.<\/li>\n\n\n\n<li><strong>Toalha de Microfibra:<\/strong> Se n\u00e3o utilizar o difusor, opte por uma toalha de microfibra, que absorve a \u00e1gua de forma suave e reduz a fric\u00e7\u00e3o dos fios.<\/li>\n<\/ul>\n\n\n\n<hr class=\"wp-block-separator has-alpha-channel-opacity\"\/>\n\n\n\n<h2 class=\"wp-block-heading\" id=\"produtos-essenciais-para-o-controle-do-frizz\"><strong>Produtos Essenciais para o Controle do Frizz<\/strong><\/h2>\n\n\n\n<p>Para um <strong>controle do frizz<\/strong> eficaz, \u00e9 importante investir em produtos de qualidade. A seguir, listamos alguns dos itens indispens\u00e1veis para manter os cabelos disciplinados e com brilho.<\/p>\n\n\n\n<h3 class=\"wp-block-heading\" id=\"1-seruns-e-oleos-capilares\"><strong>1. S\u00e9runs e \u00d3leos Capilares<\/strong><\/h3>\n\n\n\n<p>Os s\u00e9runs e \u00f3leos capilares s\u00e3o aliados poderosos para o <strong>controle do frizz<\/strong>. Eles ajudam a selar a hidrata\u00e7\u00e3o, suavizar as cut\u00edculas e conferir um brilho natural aos fios.<\/p>\n\n\n\n<ul class=\"wp-block-list\">\n<li><strong>S\u00e9rum Anti-Frizz:<\/strong> F\u00f3rmulas que ajudam a controlar o frizz sem deixar os cabelos pesados. Ingredientes como silicone e \u00f3leos leves s\u00e3o ideais.<\/li>\n\n\n\n<li><strong>\u00d3leo de Argan:<\/strong> Rico em antioxidantes e vitamina E, o \u00f3leo de argan nutre os fios, promove o brilho e mant\u00e9m o <strong>controle do frizz<\/strong>.<\/li>\n\n\n\n<li><strong>\u00d3leo de Jojoba:<\/strong> Semelhante ao sebo natural, esse \u00f3leo regula a produ\u00e7\u00e3o de \u00f3leo e hidrata sem pesar, sendo uma excelente op\u00e7\u00e3o para quem busca um efeito natural.<\/li>\n<\/ul>\n\n\n\n<h3 class=\"wp-block-heading\" id=\"2-mascaras-de-hidratacao-profunda\"><strong>2. M\u00e1scaras de Hidrata\u00e7\u00e3o Profunda<\/strong><\/h3>\n\n\n\n<p>As m\u00e1scaras capilares s\u00e3o essenciais para repor a umidade e os nutrientes dos fios, prevenindo o frizz e fortalecendo a estrutura dos cabelos.<\/p>\n\n\n\n<ul class=\"wp-block-list\">\n<li><strong>M\u00e1scara Hidratante:<\/strong> Formuladas com \u00e1cido hialur\u00f4nico, pantenol e glicerina, elas s\u00e3o ideais para cabelos ressecados.<\/li>\n\n\n\n<li><strong>M\u00e1scara Nutritiva:<\/strong> Com ingredientes como \u00f3leo de coco, manteiga de karit\u00e9 e \u00f3leo de abacate, essas m\u00e1scaras ajudam a nutrir profundamente e a restaurar a sa\u00fade dos fios.<\/li>\n\n\n\n<li><strong>Frequ\u00eancia de Uso:<\/strong> Recomenda-se utilizar m\u00e1scaras de hidrata\u00e7\u00e3o profunda uma a duas vezes por semana, adaptando a frequ\u00eancia de acordo com o n\u00edvel de ressecamento e danos dos fios.<\/li>\n<\/ul>\n\n\n\n<h3 class=\"wp-block-heading\" id=\"3-leave-ins-e-cremes-de-pentear\"><strong>3. Leave-ins e Cremes de Pentear<\/strong><\/h3>\n\n\n\n<p>Os leave-ins e cremes de pentear s\u00e3o fundamentais para manter o <strong>controle do frizz<\/strong> ao longo do dia. Eles ajudam a definir os fios e a manter a hidrata\u00e7\u00e3o, proporcionando um acabamento suave e brilhante.<\/p>\n\n\n\n<ul class=\"wp-block-list\">\n<li><strong>Leave-in Hidratante:<\/strong> Produtos que selam a umidade e ajudam na defini\u00e7\u00e3o dos fios, especialmente importantes para cabelos cacheados e ondulados.<\/li>\n\n\n\n<li><strong>Cremes de Pentear:<\/strong> Ideais para modelar e dar forma ao cabelo, mantendo os fios disciplinados e controlados.<\/li>\n<\/ul>\n\n\n\n<hr class=\"wp-block-separator has-alpha-channel-opacity\"\/>\n\n\n\n<h2 class=\"wp-block-heading\" id=\"tecnicas-e-habitos-para-potencializar-o-controle-do-frizz\"><strong>T\u00e9cnicas e H\u00e1bitos para Potencializar o Controle do Frizz<\/strong><\/h2>\n\n\n\n<p>Al\u00e9m dos produtos, as t\u00e9cnicas de aplica\u00e7\u00e3o e os h\u00e1bitos di\u00e1rios desempenham um papel fundamental no <strong>controle do frizz<\/strong>. Confira algumas dicas pr\u00e1ticas:<\/p>\n\n\n\n<h3 class=\"wp-block-heading\" id=\"1-aplicacao-correta-dos-produtos\"><strong>1. Aplica\u00e7\u00e3o Correta dos Produtos<\/strong><\/h3>\n\n\n\n<ul class=\"wp-block-list\">\n<li><strong>Distribui\u00e7\u00e3o Uniforme:<\/strong> Ao aplicar leave-ins, s\u00e9runs ou \u00f3leos, certifique-se de distribuir o produto de maneira uniforme, utilizando as pontas dos dedos ou uma escova de cerdas naturais.<\/li>\n\n\n\n<li><strong>N\u00e3o Exagerar na Quantidade:<\/strong> O excesso de produto pode pesar os fios e at\u00e9 mesmo causar ac\u00famulo, prejudicando o visual. Use a quantidade adequada para o seu tipo de cabelo.<\/li>\n<\/ul>\n\n\n\n<h3 class=\"wp-block-heading\" id=\"2-tecnicas-de-secagem-suave\"><strong>2. T\u00e9cnicas de Secagem Suave<\/strong><\/h3>\n\n\n\n<ul class=\"wp-block-list\">\n<li><strong>Secagem Natural:<\/strong> Sempre que poss\u00edvel, deixe os cabelos secarem naturalmente, evitando o uso excessivo do secador.<\/li>\n\n\n\n<li><strong>Evitar Atrito:<\/strong> Ao secar os cabelos, evite esfregar a toalha vigorosamente. Em vez disso, pressione suavemente para absorver a \u00e1gua.<\/li>\n<\/ul>\n\n\n\n<h3 class=\"wp-block-heading\" id=\"3-protecao-contra-o-calor\"><strong>3. Prote\u00e7\u00e3o Contra o Calor<\/strong><\/h3>\n\n\n\n<ul class=\"wp-block-list\">\n<li><strong>Uso de Ferramentas T\u00e9rmicas:<\/strong> Se precisar usar secador, chapinha ou modelador, sempre aplique um protetor t\u00e9rmico. O calor excessivo \u00e9 um dos principais vil\u00f5es do <strong>controle do frizz<\/strong>.<\/li>\n\n\n\n<li><strong>Temperatura Moderada:<\/strong> Ajuste a temperatura das ferramentas para n\u00edveis moderados, evitando danos aos fios.<\/li>\n<\/ul>\n\n\n\n<h3 class=\"wp-block-heading\" id=\"4-cuidados-com-o-ambiente\"><strong>4. Cuidados com o Ambiente<\/strong><\/h3>\n\n\n\n<ul class=\"wp-block-list\">\n<li><strong>Prote\u00e7\u00e3o Contra a Umidade:<\/strong> Em dias \u00famidos, proteja os cabelos com produtos que criem uma barreira contra a umidade, como sprays fixadores leves.<\/li>\n\n\n\n<li><strong>Acess\u00f3rios Adequados:<\/strong> Utilize chap\u00e9us ou len\u00e7os para proteger os cabelos da chuva e do excesso de umidade, que podem agravar o frizz.<\/li>\n<\/ul>\n\n\n\n<hr class=\"wp-block-separator has-alpha-channel-opacity\"\/>\n\n\n\n<h2 class=\"wp-block-heading\" id=\"tratamentos-profissionais-para-o-controle-do-frizz\"><strong>Tratamentos Profissionais para o Controle do Frizz<\/strong><\/h2>\n\n\n\n<p>Quando os cuidados caseiros e a rotina di\u00e1ria n\u00e3o s\u00e3o suficientes, tratamentos profissionais podem ser uma excelente op\u00e7\u00e3o para alcan\u00e7ar um <strong>controle do frizz<\/strong> eficaz e duradouro.<\/p>\n\n\n\n<h3 class=\"wp-block-heading\" id=\"1-escovas-progressivas-e-tratamentos-de-alisamento\"><strong>1. Escovas Progressivas e Tratamentos de Alisamento<\/strong><\/h3>\n\n\n\n<ul class=\"wp-block-list\">\n<li><strong>Tratamentos Qu\u00edmicos:<\/strong> Escovas progressivas e outros tratamentos de alisamento podem reduzir significativamente o frizz, mas devem ser realizados por profissionais qualificados para evitar danos aos fios.<\/li>\n\n\n\n<li><strong>Manuten\u00e7\u00e3o dos Resultados:<\/strong> Esses procedimentos requerem cuidados especiais p\u00f3s-tratamento, como o uso de shampoos e condicionadores espec\u00edficos e a aplica\u00e7\u00e3o regular de hidrata\u00e7\u00f5es intensas.<\/li>\n<\/ul>\n\n\n\n<h3 class=\"wp-block-heading\" id=\"2-tratamentos-com-nanotecnologia\"><strong>2. Tratamentos com Nanotecnologia<\/strong><\/h3>\n\n\n\n<ul class=\"wp-block-list\">\n<li><strong>Tecnologia de Reparo:<\/strong> Alguns sal\u00f5es oferecem tratamentos com nanotecnologia que penetram profundamente na fibra capilar, reparando danos e selando as cut\u00edculas, garantindo um <strong>controle do frizz<\/strong> mais eficaz.<\/li>\n\n\n\n<li><strong>Resultados Duradouros:<\/strong> Esses tratamentos podem prolongar o efeito de redu\u00e7\u00e3o do frizz e melhorar a sa\u00fade geral dos cabelos, proporcionando brilho e maciez.<\/li>\n<\/ul>\n\n\n\n<h3 class=\"wp-block-heading\" id=\"3-consultas-com-especialistas\"><strong>3. Consultas com Especialistas<\/strong><\/h3>\n\n\n\n<ul class=\"wp-block-list\">\n<li><strong>Avalia\u00e7\u00e3o Profissional:<\/strong> Consultar um cabeleireiro especializado ou um dermatologista pode ajudar a identificar as necessidades espec\u00edficas dos seus cabelos e recomendar tratamentos personalizados.<\/li>\n\n\n\n<li><strong>Planos de Tratamento:<\/strong> Com a orienta\u00e7\u00e3o de um profissional, voc\u00ea pode criar um plano de tratamento que combine produtos caseiros, cuidados di\u00e1rios e procedimentos profissionais para um <strong>controle do frizz<\/strong> completo.<\/li>\n<\/ul>\n\n\n\n<hr class=\"wp-block-separator has-alpha-channel-opacity\"\/>\n\n\n\n<h2 class=\"wp-block-heading\" id=\"dicas-de-manutencao-a-longo-prazo\"><strong>Dicas de Manuten\u00e7\u00e3o a Longo Prazo<\/strong><\/h2>\n\n\n\n<p>Manter o <strong>controle do frizz<\/strong> a longo prazo depende de h\u00e1bitos consistentes e cuidados regulares. Aqui est\u00e3o algumas dicas para garantir que seus cabelos permane\u00e7am sempre saud\u00e1veis e disciplinados:<\/p>\n\n\n\n<h3 class=\"wp-block-heading\" id=\"1-adote-uma-rotina-regular\"><strong>1. Adote uma Rotina Regular<\/strong><\/h3>\n\n\n\n<ul class=\"wp-block-list\">\n<li><strong>Consist\u00eancia \u00e9 Chave:<\/strong> A sa\u00fade dos fios melhora com o tempo quando os cuidados s\u00e3o mantidos de forma regular. Estabele\u00e7a uma rotina de cuidados que inclua limpeza, hidrata\u00e7\u00e3o, nutri\u00e7\u00e3o e finaliza\u00e7\u00e3o.<\/li>\n\n\n\n<li><strong>Ajuste a Rotina Conforme Necess\u00e1rio:<\/strong> Com o passar do tempo, as necessidades dos cabelos podem mudar. Monitore a sa\u00fade dos seus fios e ajuste sua rotina para continuar alcan\u00e7ando o <strong>controle do frizz<\/strong>.<\/li>\n<\/ul>\n\n\n\n<h3 class=\"wp-block-heading\" id=\"2-invista-em-produtos-de-qualidade\"><strong>2. Invista em Produtos de Qualidade<\/strong><\/h3>\n\n\n\n<ul class=\"wp-block-list\">\n<li><strong>Produtos Espec\u00edficos:<\/strong> Escolha produtos formulados para o seu tipo de cabelo. Produtos de alta qualidade garantem resultados melhores e contribuem para a sa\u00fade a longo prazo dos fios.<\/li>\n\n\n\n<li><strong>Avalie Ingredientes:<\/strong> Prefira produtos que contenham ingredientes hidratantes, nutritivos e que ajudem a selar as cut\u00edculas, essenciais para o <strong>controle do frizz<\/strong>.<\/li>\n<\/ul>\n\n\n\n<h3 class=\"wp-block-heading\" id=\"3-mantenha-um-estilo-de-vida-saudavel\"><strong>3. Mantenha um Estilo de Vida Saud\u00e1vel<\/strong><\/h3>\n\n\n\n<ul class=\"wp-block-list\">\n<li><strong>Nutrici\u00f3n equilibrada:<\/strong> Uma dieta rica em vitaminas, minerais e prote\u00ednas \u00e9 fundamental para a sa\u00fade dos cabelos. Alimentos que cont\u00eam \u00f4mega-3, biotina e antioxidantes auxiliam na manuten\u00e7\u00e3o do brilho e da vitalidade dos fios.<\/li>\n\n\n\n<li><strong>Hidrata\u00e7\u00e3o Interna:<\/strong> Beber \u00e1gua suficiente diariamente \u00e9 crucial para manter a hidrata\u00e7\u00e3o dos cabelos e favorecer o metabolismo celular.<\/li>\n\n\n\n<li><strong>Reduza o Estresse:<\/strong> Pr\u00e1ticas de relaxamento, exerc\u00edcios f\u00edsicos e um sono de qualidade contribuem para a sa\u00fade capilar, influenciando positivamente o <strong>controle do frizz<\/strong>.<\/li>\n<\/ul>\n\n\n\n<h3 class=\"wp-block-heading\" id=\"4-cuide-do-ambiente-e-proteja-os-fios\"><strong>4. Cuide do Ambiente e Proteja os Fios<\/strong><\/h3>\n\n\n\n<ul class=\"wp-block-list\">\n<li><strong>Evite Exposi\u00e7\u00e3o Excessiva:<\/strong> Proteja os cabelos da exposi\u00e7\u00e3o prolongada a ambientes \u00famidos, polui\u00e7\u00e3o e calor excessivo.<\/li>\n\n\n\n<li><strong>Use Acess\u00f3rios Adequados:<\/strong> Em dias de alta umidade ou quando exposto ao sol, utilize chap\u00e9us, len\u00e7os ou produtos com prote\u00e7\u00e3o UV para manter o <strong>controle do frizz<\/strong>.<\/li>\n<\/ul>\n\n\n\n<hr class=\"wp-block-separator has-alpha-channel-opacity\"\/>\n\n\n\n<h2 class=\"wp-block-heading\" id=\"conclusao\"><strong>Conclusi\u00f3n<\/strong><\/h2>\n\n\n\n<p>O <strong>controle do frizz<\/strong> \u00e9 um desafio que pode ser superado com a combina\u00e7\u00e3o correta de cuidados di\u00e1rios, produtos de qualidade e h\u00e1bitos saud\u00e1veis. Desde a limpeza adequada at\u00e9 t\u00e9cnicas de finaliza\u00e7\u00e3o e tratamentos profissionais, cada etapa do cuidado capilar contribui para a manuten\u00e7\u00e3o de fios disciplinados, hidratados e com brilho natural.<\/p>\n\n\n\n<p>Ao adotar uma rotina consistente e personalizada, voc\u00ea n\u00e3o s\u00f3 melhora a apar\u00eancia dos seus cabelos, mas tamb\u00e9m garante a sa\u00fade e a vitalidade dos fios a longo prazo. Seja atrav\u00e9s do uso de shampoos suaves, leave-ins eficazes, m\u00e1scaras de hidrata\u00e7\u00e3o profunda ou tratamentos profissionais, o <strong>controle do frizz<\/strong> se torna um aliado para alcan\u00e7ar cabelos mais bonitos e bem cuidados.<\/p>\n\n\n\n<p>N\u00f3s, do <strong>Arte de la belleza<\/strong>, acreditamos que investir em um cuidado capilar completo \u00e9 o caminho para transformar o visual e elevar a autoestima. Mantenha-se informado, experimente diferentes t\u00e9cnicas e produtos, e adapte sua rotina \u00e0s necessidades espec\u00edficas dos seus cabelos para obter os melhores resultados.<\/p>\n\n\n\n<p>Para mais dicas, orienta\u00e7\u00f5es e produtos essenciais que auxiliem no <strong>controle do frizz<\/strong>visite nuestro sitio web <a href=\"https:\/\/beleza.artereciclada.com.br\/es\/\">Arte de la belleza<\/a> y siga nuestras redes sociales. Si necesita asesoramiento personalizado, p\u00f3ngase en contacto con nosotros por correo electr\u00f3nico en la direcci\u00f3n <strong><a href=\"mailto:contato@artereciclada.com.br\">contato@artereciclada.com.br<\/a><\/strong>.<\/p>\n\n\n\n<hr class=\"wp-block-separator has-alpha-channel-opacity\"\/>\n\n\n\n<h2 class=\"wp-block-heading\" id=\"fontes-de-inspiracao\"><strong>Fuentes de inspiraci\u00f3n<\/strong><\/h2>\n\n\n\n<p>Este artigo foi elaborado para oferecer um guia completo e atualizado para que voc\u00ea possa alcan\u00e7ar um eficaz controle do frizz e desfrutar de cabelos saud\u00e1veis, brilhantes e cheios de vitalidade.<\/p>\n\n\n\n<p>Invista na sa\u00fade dos seus cabelos e transforme seu visual com o controle do frizz!<\/p>\n\n\n\n<p><a href=\"https:\/\/www.youtube.com\/watch?v=wz0iOvL843g\" target=\"_blank\" rel=\"noopener\">Sugerencia de v\u00eddeo<\/a><\/p>\n\n\n\n<p><\/p>","protected":false},"excerpt":{"rendered":"<p>O frizz \u00e9 um dos maiores desafios para quem busca cabelos lisos, definidos e com apar\u00eancia saud\u00e1vel. O controle do frizz n\u00e3o apenas melhora a est\u00e9tica dos fios, mas tamb\u00e9m preserva a integridade e a hidrata\u00e7\u00e3o natural do cabelo. Neste artigo, vamos explorar, de forma detalhada e abrangente, as causas do frizz, os melhores m\u00e9todos [&hellip;]<\/p>","protected":false},"author":4,"featured_media":164,"comment_status":"open","ping_status":"open","sticky":false,"template":"","format":"standard","meta":{"footnotes":""},"categories":[6],"tags":[],"class_list":["post-163","post","type-post","status-publish","format-standard","has-post-thumbnail","hentry","category-cabelo"],"blocksy_meta":[],"_links":{"self":[{"href":"https:\/\/beleza.artereciclada.com.br\/es\/wp-json\/wp\/v2\/posts\/163","targetHints":{"allow":["GET"]}}],"collection":[{"href":"https:\/\/beleza.artereciclada.com.br\/es\/wp-json\/wp\/v2\/posts"}],"about":[{"href":"https:\/\/beleza.artereciclada.com.br\/es\/wp-json\/wp\/v2\/types\/post"}],"author":[{"embeddable":true,"href":"https:\/\/beleza.artereciclada.com.br\/es\/wp-json\/wp\/v2\/users\/4"}],"replies":[{"embeddable":true,"href":"https:\/\/beleza.artereciclada.com.br\/es\/wp-json\/wp\/v2\/comments?post=163"}],"version-history":[{"count":2,"href":"https:\/\/beleza.artereciclada.com.br\/es\/wp-json\/wp\/v2\/posts\/163\/revisions"}],"predecessor-version":[{"id":229,"href":"https:\/\/beleza.artereciclada.com.br\/es\/wp-json\/wp\/v2\/posts\/163\/revisions\/229"}],"wp:featuredmedia":[{"embeddable":true,"href":"https:\/\/beleza.artereciclada.com.br\/es\/wp-json\/wp\/v2\/media\/164"}],"wp:attachment":[{"href":"https:\/\/beleza.artereciclada.com.br\/es\/wp-json\/wp\/v2\/media?parent=163"}],"wp:term":[{"taxonomy":"category","embeddable":true,"href":"https:\/\/beleza.artereciclada.com.br\/es\/wp-json\/wp\/v2\/categories?post=163"},{"taxonomy":"post_tag","embeddable":true,"href":"https:\/\/beleza.artereciclada.com.br\/es\/wp-json\/wp\/v2\/tags?post=163"}],"curies":[{"name":"wp","href":"https:\/\/api.w.org\/{rel}","templated":true}]}}