{"id":129,"date":"2025-02-14T10:34:59","date_gmt":"2025-02-14T16:34:59","guid":{"rendered":"https:\/\/beleza.artereciclada.com.br\/?p=129"},"modified":"2025-02-14T17:11:17","modified_gmt":"2025-02-14T20:11:17","slug":"cronograma-capilar","status":"publish","type":"post","link":"https:\/\/beleza.artereciclada.com.br\/es\/cabelo\/cronograma-capilar\/","title":{"rendered":"Programa capilar: qu\u00e9 es y c\u00f3mo hacerlo bien"},"content":{"rendered":"<figure class=\"wp-block-image size-large\"><img fetchpriority=\"high\" decoding=\"async\" width=\"1024\" height=\"585\" src=\"https:\/\/beleza.artereciclada.com.br\/wp-content\/uploads\/2025\/02\/DALL\u00b7E-2025-02-14-12.54.34-A-modern-and-stylish-composition-illustrating-a-structured-hair-care-routine-cronograma-capilar.-The-image-features-a-neatly-arranged-set-of-hair-ca-1-1-1024x585.webp\" alt=\"\" class=\"wp-image-131\" srcset=\"https:\/\/beleza.artereciclada.com.br\/wp-content\/uploads\/2025\/02\/DALL\u00b7E-2025-02-14-12.54.34-A-modern-and-stylish-composition-illustrating-a-structured-hair-care-routine-cronograma-capilar.-The-image-features-a-neatly-arranged-set-of-hair-ca-1-1-1024x585.webp 1024w, https:\/\/beleza.artereciclada.com.br\/wp-content\/uploads\/2025\/02\/DALL\u00b7E-2025-02-14-12.54.34-A-modern-and-stylish-composition-illustrating-a-structured-hair-care-routine-cronograma-capilar.-The-image-features-a-neatly-arranged-set-of-hair-ca-1-1-300x171.webp 300w, https:\/\/beleza.artereciclada.com.br\/wp-content\/uploads\/2025\/02\/DALL\u00b7E-2025-02-14-12.54.34-A-modern-and-stylish-composition-illustrating-a-structured-hair-care-routine-cronograma-capilar.-The-image-features-a-neatly-arranged-set-of-hair-ca-1-1-768x439.webp 768w, https:\/\/beleza.artereciclada.com.br\/wp-content\/uploads\/2025\/02\/DALL\u00b7E-2025-02-14-12.54.34-A-modern-and-stylish-composition-illustrating-a-structured-hair-care-routine-cronograma-capilar.-The-image-features-a-neatly-arranged-set-of-hair-ca-1-1-1536x878.webp 1536w, https:\/\/beleza.artereciclada.com.br\/wp-content\/uploads\/2025\/02\/DALL\u00b7E-2025-02-14-12.54.34-A-modern-and-stylish-composition-illustrating-a-structured-hair-care-routine-cronograma-capilar.-The-image-features-a-neatly-arranged-set-of-hair-ca-1-1-18x10.webp 18w, https:\/\/beleza.artereciclada.com.br\/wp-content\/uploads\/2025\/02\/DALL\u00b7E-2025-02-14-12.54.34-A-modern-and-stylish-composition-illustrating-a-structured-hair-care-routine-cronograma-capilar.-The-image-features-a-neatly-arranged-set-of-hair-ca-1-1.webp 1792w\" sizes=\"(max-width: 1024px) 100vw, 1024px\" \/><\/figure>\n\n\n\n<p>O <strong>cronograma capilar<\/strong> \u00e9 uma rotina de cuidados estruturada que tem como objetivo restaurar, nutrir e hidratar os fios de forma personalizada. Essa t\u00e9cnica consiste na realiza\u00e7\u00e3o de tratamentos espec\u00edficos, distribu\u00eddos em fases, para atender \u00e0s necessidades individuais dos cabelos. Ao adotar um cronograma capilar, voc\u00ea promove a recupera\u00e7\u00e3o dos danos, melhora a textura e real\u00e7a a beleza natural dos fios.<\/p>\n\n\n\n<div class=\"wp-block-rank-math-toc-block\" id=\"rank-math-toc\"><h2>\u00cdndice<\/h2><nav><ul><li class=\"\"><a href=\"#o-que-e-o-cronograma-capilar\">O Que \u00e9 o Cronograma Capilar?<\/a><\/li><li class=\"\"><a href=\"#por-que-fazer-um-cronograma-capilar\">Por Que Fazer um Cronograma Capilar?<\/a><\/li><li class=\"\"><a href=\"#como-montar-seu-cronograma-capilar\">Como Montar Seu Cronograma Capilar<\/a><ul><li class=\"\"><a href=\"#1-avaliacao-do-estado-do-cabelo\">1. Avalia\u00e7\u00e3o do Estado do Cabelo<\/a><\/li><li class=\"\"><a href=\"#2-definindo-a-frequencia-dos-tratamentos\">2. Definindo a Frequ\u00eancia dos Tratamentos<\/a><\/li><li class=\"\"><a href=\"#3-escolha-dos-produtos\">3. Escolha dos Produtos<\/a><\/li><li class=\"\"><a href=\"#4-organizacao-da-rotina\">4. Organiza\u00e7\u00e3o da Rotina<\/a><\/li><\/ul><\/li><li class=\"\"><a href=\"#dicas-para-potencializar-o-cronograma-capilar\">Dicas para Potencializar o Cronograma Capilar<\/a><ul><li class=\"\"><a href=\"#1-envolvimento-termico\">1. Envolvimento T\u00e9rmico<\/a><\/li><li class=\"\"><a href=\"#2-massagem-capilar\">2. Massagem Capilar<\/a><\/li><li class=\"\"><a href=\"#3-uso-de-agua-na-temperatura-adequada\">3. Uso de \u00c1gua na Temperatura Adequada<\/a><\/li><li class=\"\"><a href=\"#4-consistencia-e-fundamental\">4. Consist\u00eancia \u00e9 Fundamental<\/a><\/li><\/ul><\/li><li class=\"\"><a href=\"#conclusao\">Conclusi\u00f3n<\/a><\/li><li class=\"\"><a href=\"#fontes-de-inspiracao\">Fuentes de inspiraci\u00f3n<\/a><\/li><\/ul><\/nav><\/div>\n\n\n\n<h2 class=\"wp-block-heading\" id=\"o-que-e-o-cronograma-capilar\"><strong>O Que \u00e9 o Cronograma Capilar?<\/strong><\/h2>\n\n\n\n<p>O <strong>cronograma capilar<\/strong> \u00e9 um m\u00e9todo de cuidado que organiza os tratamentos capilares em tr\u00eas etapas principais:<\/p>\n\n\n\n<ul class=\"wp-block-list\">\n<li><strong>Hidratante:<\/strong> Focada em repor a umidade dos fios, fundamental para manter os cabelos macios e com brilho.<\/li>\n\n\n\n<li><strong>Nutri\u00e7\u00e3o:<\/strong> Visa repor os lip\u00eddios, respons\u00e1veis por dar for\u00e7a e resist\u00eancia aos fios, prevenindo a quebra.<\/li>\n\n\n\n<li><strong>Reconstru\u00e7\u00e3o:<\/strong> Atua na reposi\u00e7\u00e3o das prote\u00ednas e na repara\u00e7\u00e3o da estrutura interna do cabelo, essenciais para cabelos danificados ou quimicamente tratados.<\/li>\n<\/ul>\n\n\n\n<p>Cada etapa do <strong>cronograma capilar<\/strong> possui um papel espec\u00edfico e, quando combinadas, garantem um tratamento completo, adaptado \u00e0s necessidades dos seus cabelos.<\/p>\n\n\n\n<hr class=\"wp-block-separator has-alpha-channel-opacity\"\/>\n\n\n\n<h2 class=\"wp-block-heading\" id=\"por-que-fazer-um-cronograma-capilar\"><strong>Por Que Fazer um Cronograma Capilar?<\/strong><\/h2>\n\n\n\n<p>Implementar um cronograma capilar traz in\u00fameros benef\u00edcios para a sa\u00fade dos fios:<\/p>\n\n\n\n<ul class=\"wp-block-list\">\n<li><strong>Recupera\u00e7\u00e3o dos Danos:<\/strong> Repara os danos causados por processos qu\u00edmicos, exposi\u00e7\u00e3o ao sol, uso excessivo de ferramentas t\u00e9rmicas e fatores ambientais.<\/li>\n\n\n\n<li><strong>Melhora na Textura:<\/strong> Aumenta a maciez, o brilho e a maleabilidade dos cabelos.<\/li>\n\n\n\n<li><strong>Preven\u00e7\u00e3o da Quebra:<\/strong> Fortalece os fios, reduzindo a quebra e o aparecimento de pontas duplas.<\/li>\n\n\n\n<li><strong>Equil\u00edbrio Personalizado:<\/strong> Permite a adapta\u00e7\u00e3o dos tratamentos conforme as necessidades espec\u00edficas de cada tipo de cabelo \u2013 seja ele seco, oleoso, misto ou danificado.<\/li>\n<\/ul>\n\n\n\n<hr class=\"wp-block-separator has-alpha-channel-opacity\"\/>\n\n\n\n<h2 class=\"wp-block-heading\" id=\"como-montar-seu-cronograma-capilar\"><strong>Como Montar Seu Cronograma Capilar<\/strong><\/h2>\n\n\n\n<p>Montar um <strong>cronograma capilar<\/strong> eficaz requer avalia\u00e7\u00e3o e planejamento. Veja as etapas para criar a rotina ideal:<\/p>\n\n\n\n<h3 class=\"wp-block-heading\" id=\"1-avaliacao-do-estado-do-cabelo\"><strong>1. Avalia\u00e7\u00e3o do Estado do Cabelo<\/strong><\/h3>\n\n\n\n<p>Antes de iniciar, observe as condi\u00e7\u00f5es dos seus fios:<\/p>\n\n\n\n<ul class=\"wp-block-list\">\n<li><strong>Hidratante:<\/strong> Seus cabelos est\u00e3o ressecados ou opacos?<\/li>\n\n\n\n<li><strong>Nutri\u00e7\u00e3o:<\/strong> Os fios est\u00e3o sem vida ou com tend\u00eancia \u00e0 quebra?<\/li>\n\n\n\n<li><strong>Reconstru\u00e7\u00e3o:<\/strong> H\u00e1 sinais de danos profundos, como queda de cabelo ou quebra excessiva?<\/li>\n<\/ul>\n\n\n\n<p>Essa an\u00e1lise ajudar\u00e1 a definir a frequ\u00eancia de cada etapa no seu cronograma.<\/p>\n\n\n\n<h3 class=\"wp-block-heading\" id=\"2-definindo-a-frequencia-dos-tratamentos\"><strong>2. Definindo a Frequ\u00eancia dos Tratamentos<\/strong><\/h3>\n\n\n\n<p>Com base na avalia\u00e7\u00e3o, voc\u00ea pode distribuir as sess\u00f5es de cuidados ao longo do m\u00eas. Por exemplo:<\/p>\n\n\n\n<ul class=\"wp-block-list\">\n<li><strong>Cabelos Secos ou Danificados:<\/strong> Pode ser necess\u00e1rio realizar sess\u00f5es de hidrata\u00e7\u00e3o e reconstru\u00e7\u00e3o duas vezes por semana, intercaladas com nutri\u00e7\u00e3o.<\/li>\n\n\n\n<li><strong>Cabelos Oleosos ou Normais:<\/strong> Uma frequ\u00eancia menor, como uma vez por semana para cada etapa, pode ser suficiente.<\/li>\n<\/ul>\n\n\n\n<p>Lembre-se de que o <strong>cronograma capilar<\/strong> \u00e9 flex\u00edvel e deve ser ajustado conforme a resposta dos fios.<\/p>\n\n\n\n<h3 class=\"wp-block-heading\" id=\"3-escolha-dos-produtos\"><strong>3. Escolha dos Produtos<\/strong><\/h3>\n\n\n\n<p>Para cada etapa do <strong>cronograma capilar<\/strong>, escolha produtos espec\u00edficos:<\/p>\n\n\n\n<ul class=\"wp-block-list\">\n<li><strong>Hidratante:<\/strong> M\u00e1scaras e cremes com ingredientes como \u00e1cido hialur\u00f4nico, pantenol e aloe vera.<\/li>\n\n\n\n<li><strong>Nutri\u00e7\u00e3o:<\/strong> Produtos que contenham \u00f3leos naturais (\u00f3leo de coco, \u00f3leo de argan, \u00f3leo de abacate) e manteigas vegetais (manteiga de karit\u00e9).<\/li>\n\n\n\n<li><strong>Reconstru\u00e7\u00e3o:<\/strong> M\u00e1scaras e tratamentos com queratina, col\u00e1geno e amino\u00e1cidos, que ajudam a reparar a estrutura interna dos fios.<\/li>\n<\/ul>\n\n\n\n<h3 class=\"wp-block-heading\" id=\"4-organizacao-da-rotina\"><strong>4. Organiza\u00e7\u00e3o da Rotina<\/strong><\/h3>\n\n\n\n<p>Crie um calend\u00e1rio mensal ou semanal, distribuindo as sess\u00f5es de hidrata\u00e7\u00e3o, nutri\u00e7\u00e3o e reconstru\u00e7\u00e3o. Uma sugest\u00e3o para um m\u00eas pode ser:<\/p>\n\n\n\n<ul class=\"wp-block-list\">\n<li><strong>Semana 1:<\/strong> Hidrata\u00e7\u00e3o, Nutri\u00e7\u00e3o, Hidrata\u00e7\u00e3o, Reconstru\u00e7\u00e3o<\/li>\n\n\n\n<li><strong>Semana 2:<\/strong> Hidrata\u00e7\u00e3o, Nutri\u00e7\u00e3o, Hidrata\u00e7\u00e3o, Nutri\u00e7\u00e3o<\/li>\n\n\n\n<li><strong>Semana 3:<\/strong> Hidrata\u00e7\u00e3o, Reconstru\u00e7\u00e3o, Hidrata\u00e7\u00e3o, Nutri\u00e7\u00e3o<\/li>\n\n\n\n<li><strong>Semana 4:<\/strong> Hidrata\u00e7\u00e3o, Nutri\u00e7\u00e3o, Hidrata\u00e7\u00e3o, Reconstru\u00e7\u00e3o<\/li>\n<\/ul>\n\n\n\n<p>Essa distribui\u00e7\u00e3o pode ser ajustada conforme a evolu\u00e7\u00e3o da sa\u00fade dos seus cabelos.<\/p>\n\n\n\n<hr class=\"wp-block-separator has-alpha-channel-opacity\"\/>\n\n\n\n<h2 class=\"wp-block-heading\" id=\"dicas-para-potencializar-o-cronograma-capilar\"><strong>Dicas para Potencializar o Cronograma Capilar<\/strong><\/h2>\n\n\n\n<h3 class=\"wp-block-heading\" id=\"1-envolvimento-termico\"><strong>1. Envolvimento T\u00e9rmico<\/strong><\/h3>\n\n\n\n<p>Ap\u00f3s a aplica\u00e7\u00e3o dos produtos, envolva os cabelos com uma touca t\u00e9rmica ou uma toalha morna. O calor ajudar\u00e1 a abrir as cut\u00edculas dos fios, permitindo melhor absor\u00e7\u00e3o dos ativos e potencializando os resultados da <strong>hidrata\u00e7\u00e3o capilar<\/strong>, nutri\u00e7\u00e3o e reconstru\u00e7\u00e3o.<\/p>\n\n\n\n<h3 class=\"wp-block-heading\" id=\"2-massagem-capilar\"><strong>2. Massagem Capilar<\/strong><\/h3>\n\n\n\n<p>Durante a aplica\u00e7\u00e3o dos produtos, fa\u00e7a uma leve massagem no couro cabeludo. Essa pr\u00e1tica estimula a circula\u00e7\u00e3o sangu\u00ednea e auxilia na penetra\u00e7\u00e3o dos nutrientes, contribuindo para fios mais fortes e saud\u00e1veis.<\/p>\n\n\n\n<h3 class=\"wp-block-heading\" id=\"3-uso-de-agua-na-temperatura-adequada\"><strong>3. Uso de \u00c1gua na Temperatura Adequada<\/strong><\/h3>\n\n\n\n<p>Lave e enx\u00e1gue os cabelos com \u00e1gua morna para ajudar na absor\u00e7\u00e3o dos produtos, finalizando com um jato de \u00e1gua fria para selar as cut\u00edculas e manter os benef\u00edcios do tratamento.<\/p>\n\n\n\n<h3 class=\"wp-block-heading\" id=\"4-consistencia-e-fundamental\"><strong>4. Consist\u00eancia \u00e9 Fundamental<\/strong><\/h3>\n\n\n\n<p>Para que o <strong>cronograma capilar<\/strong> seja eficaz, \u00e9 essencial manter a regularidade dos tratamentos. A sa\u00fade dos fios melhora com o tempo e a consist\u00eancia dos cuidados.<\/p>\n\n\n\n<hr class=\"wp-block-separator has-alpha-channel-opacity\"\/>\n\n\n\n<h2 class=\"wp-block-heading\" id=\"conclusao\"><strong>Conclusi\u00f3n<\/strong><\/h2>\n\n\n\n<p>O <strong>cronograma capilar<\/strong> \u00e9 uma estrat\u00e9gia personalizada e eficaz para recuperar e manter a sa\u00fade dos cabelos. Ao combinar hidrata\u00e7\u00e3o, nutri\u00e7\u00e3o e reconstru\u00e7\u00e3o, voc\u00ea garante que seus fios recebam os cuidados necess\u00e1rios para se manterem fortes, brilhantes e cheios de vitalidade. Adapte a frequ\u00eancia dos tratamentos conforme as necessidades dos seus cabelos e escolha produtos de qualidade para obter os melhores resultados.<\/p>\n\n\n\n<p>N\u00f3s, do <strong>Arte de la belleza<\/strong>, acreditamos que investir em um cronograma capilar consistente \u00e9 o caminho para transformar a sa\u00fade dos seus fios. Para mais dicas, orienta\u00e7\u00f5es e produtos essenciais para um <strong>cronograma capilar<\/strong> eficaz, visite nosso site <a href=\"https:\/\/beleza.artereciclada.com.br\/es\/\">Arte de la belleza<\/a> y siga nuestras redes sociales. Si necesita asesoramiento personalizado, p\u00f3ngase en contacto con nosotros por correo electr\u00f3nico en la direcci\u00f3n <strong><a href=\"mailto:contato@artereciclada.com.br\">contato@artereciclada.com.br<\/a><\/strong>.<\/p>\n\n\n\n<hr class=\"wp-block-separator has-alpha-channel-opacity\"\/>\n\n\n\n<h2 class=\"wp-block-heading\" id=\"fontes-de-inspiracao\"><strong>Fuentes de inspiraci\u00f3n<\/strong><\/h2>\n\n\n\n<p>Este artigo foi desenvolvido com base em experi\u00eancias pessoais, tend\u00eancias do mercado de beleza e pr\u00e1ticas consagradas no universo dos cuidados capilares. As orienta\u00e7\u00f5es aqui apresentadas visam oferecer um guia completo e atualizado para que voc\u00ea possa implementar um <strong>cronograma capilar<\/strong> eficaz, promovendo cabelos nutridos, fortes e com brilho natural.<\/p>\n\n\n\n<p>Invista na sa\u00fade dos seus cabelos e desfrute dos benef\u00edcios de um tratamento personalizado que realce a beleza dos seus fios!<\/p>\n\n\n\n<p><a href=\"https:\/\/www.youtube.com\/watch?v=pB0r0XUgEII\" target=\"_blank\" rel=\"noopener\">Sugerencia de v\u00eddeo<\/a><\/p>\n\n\n\n<p><\/p>","protected":false},"excerpt":{"rendered":"<p>O cronograma capilar \u00e9 uma rotina de cuidados estruturada que tem como objetivo restaurar, nutrir e hidratar os fios de forma personalizada. Essa t\u00e9cnica consiste na realiza\u00e7\u00e3o de tratamentos espec\u00edficos, distribu\u00eddos em fases, para atender \u00e0s necessidades individuais dos cabelos. Ao adotar um cronograma capilar, voc\u00ea promove a recupera\u00e7\u00e3o dos danos, melhora a textura e [&hellip;]<\/p>","protected":false},"author":4,"featured_media":130,"comment_status":"open","ping_status":"open","sticky":false,"template":"","format":"standard","meta":{"footnotes":""},"categories":[6],"tags":[],"class_list":["post-129","post","type-post","status-publish","format-standard","has-post-thumbnail","hentry","category-cabelo"],"blocksy_meta":[],"_links":{"self":[{"href":"https:\/\/beleza.artereciclada.com.br\/es\/wp-json\/wp\/v2\/posts\/129","targetHints":{"allow":["GET"]}}],"collection":[{"href":"https:\/\/beleza.artereciclada.com.br\/es\/wp-json\/wp\/v2\/posts"}],"about":[{"href":"https:\/\/beleza.artereciclada.com.br\/es\/wp-json\/wp\/v2\/types\/post"}],"author":[{"embeddable":true,"href":"https:\/\/beleza.artereciclada.com.br\/es\/wp-json\/wp\/v2\/users\/4"}],"replies":[{"embeddable":true,"href":"https:\/\/beleza.artereciclada.com.br\/es\/wp-json\/wp\/v2\/comments?post=129"}],"version-history":[{"count":2,"href":"https:\/\/beleza.artereciclada.com.br\/es\/wp-json\/wp\/v2\/posts\/129\/revisions"}],"predecessor-version":[{"id":231,"href":"https:\/\/beleza.artereciclada.com.br\/es\/wp-json\/wp\/v2\/posts\/129\/revisions\/231"}],"wp:featuredmedia":[{"embeddable":true,"href":"https:\/\/beleza.artereciclada.com.br\/es\/wp-json\/wp\/v2\/media\/130"}],"wp:attachment":[{"href":"https:\/\/beleza.artereciclada.com.br\/es\/wp-json\/wp\/v2\/media?parent=129"}],"wp:term":[{"taxonomy":"category","embeddable":true,"href":"https:\/\/beleza.artereciclada.com.br\/es\/wp-json\/wp\/v2\/categories?post=129"},{"taxonomy":"post_tag","embeddable":true,"href":"https:\/\/beleza.artereciclada.com.br\/es\/wp-json\/wp\/v2\/tags?post=129"}],"curies":[{"name":"wp","href":"https:\/\/api.w.org\/{rel}","templated":true}]}}