{"id":117,"date":"2025-02-14T09:33:45","date_gmt":"2025-02-14T15:33:45","guid":{"rendered":"https:\/\/beleza.artereciclada.com.br\/?p=117"},"modified":"2025-02-14T10:22:51","modified_gmt":"2025-02-14T16:22:51","slug":"cabelos-tingidos","status":"publish","type":"post","link":"https:\/\/beleza.artereciclada.com.br\/es\/cabelo\/cabelos-tingidos\/","title":{"rendered":"Cabello te\u00f1ido: c\u00f3mo cuidarlo y evitar que se decolore"},"content":{"rendered":"<figure class=\"wp-block-image size-large\"><img fetchpriority=\"high\" decoding=\"async\" width=\"1024\" height=\"585\" src=\"https:\/\/beleza.artereciclada.com.br\/wp-content\/uploads\/2025\/02\/DALL\u00b7E-2025-02-14-12.26.49-A-modern-and-stylish-composition-featuring-vibrant-well-maintained-colored-hair-with-a-person-applying-a-nourishing-hair-mask-or-serum.-The-scene-inc-1-1-1024x585.webp\" alt=\"\" class=\"wp-image-119\" srcset=\"https:\/\/beleza.artereciclada.com.br\/wp-content\/uploads\/2025\/02\/DALL\u00b7E-2025-02-14-12.26.49-A-modern-and-stylish-composition-featuring-vibrant-well-maintained-colored-hair-with-a-person-applying-a-nourishing-hair-mask-or-serum.-The-scene-inc-1-1-1024x585.webp 1024w, https:\/\/beleza.artereciclada.com.br\/wp-content\/uploads\/2025\/02\/DALL\u00b7E-2025-02-14-12.26.49-A-modern-and-stylish-composition-featuring-vibrant-well-maintained-colored-hair-with-a-person-applying-a-nourishing-hair-mask-or-serum.-The-scene-inc-1-1-300x171.webp 300w, https:\/\/beleza.artereciclada.com.br\/wp-content\/uploads\/2025\/02\/DALL\u00b7E-2025-02-14-12.26.49-A-modern-and-stylish-composition-featuring-vibrant-well-maintained-colored-hair-with-a-person-applying-a-nourishing-hair-mask-or-serum.-The-scene-inc-1-1-768x439.webp 768w, https:\/\/beleza.artereciclada.com.br\/wp-content\/uploads\/2025\/02\/DALL\u00b7E-2025-02-14-12.26.49-A-modern-and-stylish-composition-featuring-vibrant-well-maintained-colored-hair-with-a-person-applying-a-nourishing-hair-mask-or-serum.-The-scene-inc-1-1-1536x878.webp 1536w, https:\/\/beleza.artereciclada.com.br\/wp-content\/uploads\/2025\/02\/DALL\u00b7E-2025-02-14-12.26.49-A-modern-and-stylish-composition-featuring-vibrant-well-maintained-colored-hair-with-a-person-applying-a-nourishing-hair-mask-or-serum.-The-scene-inc-1-1-18x10.webp 18w, https:\/\/beleza.artereciclada.com.br\/wp-content\/uploads\/2025\/02\/DALL\u00b7E-2025-02-14-12.26.49-A-modern-and-stylish-composition-featuring-vibrant-well-maintained-colored-hair-with-a-person-applying-a-nourishing-hair-mask-or-serum.-The-scene-inc-1-1.webp 1792w\" sizes=\"(max-width: 1024px) 100vw, 1024px\" \/><\/figure>\n\n\n\n<p>Manter <strong>cabelos tingidos<\/strong> com apar\u00eancia vibrante e saud\u00e1vel pode ser um desafio, mas com a rotina de cuidados certa \u00e9 poss\u00edvel preservar a cor e a integridade dos fios. Neste artigo, vamos explorar dicas e estrat\u00e9gias para cuidar dos <strong>cabelos<\/strong>, evitar o desbotamento e manter seus fios brilhantes e cheios de vida.<\/p>\n\n\n\n<div class=\"wp-block-rank-math-toc-block\" id=\"rank-math-toc\"><h2>\u00cdndice<\/h2><nav><ul><li class=\"\"><a href=\"#por-que-os-cabelos-tingidos-desbotam\">Por que os Cabelos Tingidos Desbotam?<\/a><\/li><li class=\"\"><a href=\"#dicas-essenciais-para-cuidar-de-cabelos-tingidos\">Dicas Essenciais para Cuidar de Cabelos Tingidos<\/a><ul><li class=\"\"><a href=\"#1-use-produtos-especificos-para-cabelos-tingidos\">1. Use Produtos Espec\u00edficos para Cabelos Tingidos<\/a><\/li><li class=\"\"><a href=\"#2-lave-com-agua-fria-ou-morna\">2. Lave com \u00c1gua Fria ou Morna<\/a><\/li><li class=\"\"><a href=\"#3-protecao-solar-para-cabelos-tingidos\">3. Prote\u00e7\u00e3o Solar para Cabelos Tingidos<\/a><\/li><li class=\"\"><a href=\"#4-evite-o-uso-excessivo-de-ferramentas-de-calor\">4. Evite o Uso Excessivo de Ferramentas de Calor<\/a><\/li><li class=\"\"><a href=\"#5-tratamentos-de-hidratacao-profunda\">5. Tratamentos de Hidrata\u00e7\u00e3o Profunda<\/a><\/li><li class=\"\"><a href=\"#6-reduza-lavagens-excessivas\">6. Reduza Lavagens Excessivas<\/a><\/li><\/ul><\/li><li class=\"\"><a href=\"#dicas-adicionais-para-preservar-a-cor-dos-cabelos-tingidos\">Dicas Adicionais para Preservar a Cor dos Cabelos Tingidos<\/a><\/li><li class=\"\"><a href=\"#conclusao\">Conclusi\u00f3n<\/a><\/li><li class=\"\"><a href=\"#fontes-de-inspiracao\">Fuentes de inspiraci\u00f3n<\/a><\/li><\/ul><\/nav><\/div>\n\n\n\n<hr class=\"wp-block-separator has-alpha-channel-opacity\"\/>\n\n\n\n<h2 class=\"wp-block-heading\" id=\"por-que-os-cabelos-tingidos-desbotam\"><strong>Por que os Cabelos Tingidos Desbotam?<\/strong><\/h2>\n\n\n\n<p>O desbotamento dos <strong>cabelos tingidos<\/strong> pode ocorrer por diversos motivos. Entender esses fatores \u00e9 o primeiro passo para adotar medidas preventivas:<\/p>\n\n\n\n<ul class=\"wp-block-list\">\n<li><strong>Exposi\u00e7\u00e3o ao Sol:<\/strong> A radia\u00e7\u00e3o UV \u00e9 um dos principais respons\u00e1veis pelo desbotamento da cor, pois danifica a cut\u00edcula dos fios.<\/li>\n\n\n\n<li><strong>Uso de \u00c1gua Quente:<\/strong> Lavar os cabelos com \u00e1gua quente pode abrir as cut\u00edculas, permitindo que a cor se dissipe mais facilmente.<\/li>\n\n\n\n<li><strong>Produtos Agressivos:<\/strong> Shampoos e condicionadores com sulfatos podem retirar a cor dos fios e comprometer a sa\u00fade dos cabelos.<\/li>\n\n\n\n<li><strong>Fatores Ambientais:<\/strong> Polui\u00e7\u00e3o e cloro de piscinas tamb\u00e9m podem acelerar o desbotamento, prejudicando a vitalidade dos <strong>cabelos tingidos<\/strong>.<\/li>\n<\/ul>\n\n\n\n<hr class=\"wp-block-separator has-alpha-channel-opacity\"\/>\n\n\n\n<h2 class=\"wp-block-heading\" id=\"dicas-essenciais-para-cuidar-de-cabelos-tingidos\"><strong>Dicas Essenciais para Cuidar de Cabelos Tingidos<\/strong><\/h2>\n\n\n\n<h3 class=\"wp-block-heading\" id=\"1-use-produtos-especificos-para-cabelos-tingidos\"><strong>1. Use Produtos Espec\u00edficos para Cabelos Tingidos<\/strong><\/h3>\n\n\n\n<p>Optar por shampoos, condicionadores e m\u00e1scaras desenvolvidos especialmente para <strong>cabelos tingidos<\/strong> \u00e9 fundamental para proteger e manter a cor:<\/p>\n\n\n\n<ul class=\"wp-block-list\">\n<li><strong>Shampoos Sem Sulfato:<\/strong> Esses produtos limpam suavemente os fios sem retirar a colora\u00e7\u00e3o.<\/li>\n\n\n\n<li><strong>Condicionadores Hidratantes:<\/strong> Ajudam a selar a cut\u00edcula, mantendo a cor e proporcionando brilho.<\/li>\n\n\n\n<li><strong>M\u00e1scaras Nutritivas:<\/strong> Aplicadas semanalmente, elas restauram a hidrata\u00e7\u00e3o e fortalecem os fios, reduzindo o desbotamento.<\/li>\n<\/ul>\n\n\n\n<h3 class=\"wp-block-heading\" id=\"2-lave-com-agua-fria-ou-morna\"><strong>2. Lave com \u00c1gua Fria ou Morna<\/strong><\/h3>\n\n\n\n<p>Evitar o uso de \u00e1gua quente \u00e9 crucial para preservar a colora\u00e7\u00e3o dos <strong>cabelos tingidos<\/strong>:<\/p>\n\n\n\n<ul class=\"wp-block-list\">\n<li><strong>\u00c1gua Fria ou Morna:<\/strong> Lavar os cabelos com temperaturas mais baixas ajuda a fechar as cut\u00edculas e a reter a cor.<\/li>\n\n\n\n<li><strong>Finaliza\u00e7\u00e3o com \u00c1gua Fria:<\/strong> Um jato final de \u00e1gua fria pode ajudar a selar a cut\u00edcula e prolongar a vivacidade da colora\u00e7\u00e3o.<\/li>\n<\/ul>\n\n\n\n<h3 class=\"wp-block-heading\" id=\"3-protecao-solar-para-cabelos-tingidos\"><strong>3. Prote\u00e7\u00e3o Solar para Cabelos Tingidos<\/strong><\/h3>\n\n\n\n<p>Assim como a pele, os cabelos tamb\u00e9m precisam de prote\u00e7\u00e3o contra os raios UV:<\/p>\n\n\n\n<ul class=\"wp-block-list\">\n<li><strong>Produtos com Filtro Solar:<\/strong> Utilize sprays ou leave-ins que contenham prote\u00e7\u00e3o UV para proteger os fios da exposi\u00e7\u00e3o direta ao sol.<\/li>\n\n\n\n<li><strong>Chap\u00e9us e Acess\u00f3rios:<\/strong> Em dias de sol intenso, proteger os cabelos com chap\u00e9us ajuda a evitar o desbotamento e a manter a cor vibrante.<\/li>\n<\/ul>\n\n\n\n<h3 class=\"wp-block-heading\" id=\"4-evite-o-uso-excessivo-de-ferramentas-de-calor\"><strong>4. Evite o Uso Excessivo de Ferramentas de Calor<\/strong><\/h3>\n\n\n\n<p>Ferramentas t\u00e9rmicas podem agravar o desbotamento e causar danos aos <strong>cabelos tingidos<\/strong>:<\/p>\n\n\n\n<ul class=\"wp-block-list\">\n<li><strong>Protetor T\u00e9rmico:<\/strong> Sempre aplique um protetor t\u00e9rmico antes de usar secadores, chapinhas ou modeladores.<\/li>\n\n\n\n<li><strong>Reduza a Frequ\u00eancia:<\/strong> Evite o uso di\u00e1rio de ferramentas de calor para preservar a integridade dos fios e a intensidade da cor.<\/li>\n<\/ul>\n\n\n\n<h3 class=\"wp-block-heading\" id=\"5-tratamentos-de-hidratacao-profunda\"><strong>5. Tratamentos de Hidrata\u00e7\u00e3o Profunda<\/strong><\/h3>\n\n\n\n<p>Investir em hidrata\u00e7\u00f5es regulares \u00e9 essencial para manter os <strong>cabelos tingidos<\/strong> saud\u00e1veis e brilhantes:<\/p>\n\n\n\n<ul class=\"wp-block-list\">\n<li><strong>M\u00e1scaras de Hidrata\u00e7\u00e3o:<\/strong> Utilize tratamentos caseiros ou produtos espec\u00edficos para repor a umidade dos fios.<\/li>\n\n\n\n<li><strong>\u00d3leos Naturais:<\/strong> \u00d3leo de argan, \u00f3leo de coco ou \u00f3leo de jojoba podem ser aplicados como finalizadores para selar a hidrata\u00e7\u00e3o e real\u00e7ar o brilho.<\/li>\n<\/ul>\n\n\n\n<h3 class=\"wp-block-heading\" id=\"6-reduza-lavagens-excessivas\"><strong>6. Reduza Lavagens Excessivas<\/strong><\/h3>\n\n\n\n<p>Lavar os cabelos com muita frequ\u00eancia pode acelerar o desbotamento:<\/p>\n\n\n\n<ul class=\"wp-block-list\">\n<li><strong>Intervalos de Lavagem:<\/strong> Tente espa\u00e7ar as lavagens para preservar os \u00f3leos naturais e a colora\u00e7\u00e3o. Se necess\u00e1rio, utilize shampoos secos entre as lavagens para manter a sensa\u00e7\u00e3o de frescor.<\/li>\n<\/ul>\n\n\n\n<hr class=\"wp-block-separator has-alpha-channel-opacity\"\/>\n\n\n\n<h2 class=\"wp-block-heading\" id=\"dicas-adicionais-para-preservar-a-cor-dos-cabelos-tingidos\"><strong>Dicas Adicionais para Preservar a Cor dos Cabelos Tingidos<\/strong><\/h2>\n\n\n\n<figure class=\"wp-block-image size-large\"><img decoding=\"async\" width=\"1024\" height=\"585\" src=\"https:\/\/beleza.artereciclada.com.br\/wp-content\/uploads\/2025\/02\/DALL\u00b7E-2025-02-14-12.32.43-A-stylish-and-modern-composition-featuring-a-person-with-vibrant-well-maintained-colored-hair-using-a-protective-hair-care-routine.-The-image-include-1-1024x585.webp\" alt=\"\" class=\"wp-image-120\" srcset=\"https:\/\/beleza.artereciclada.com.br\/wp-content\/uploads\/2025\/02\/DALL\u00b7E-2025-02-14-12.32.43-A-stylish-and-modern-composition-featuring-a-person-with-vibrant-well-maintained-colored-hair-using-a-protective-hair-care-routine.-The-image-include-1-1024x585.webp 1024w, https:\/\/beleza.artereciclada.com.br\/wp-content\/uploads\/2025\/02\/DALL\u00b7E-2025-02-14-12.32.43-A-stylish-and-modern-composition-featuring-a-person-with-vibrant-well-maintained-colored-hair-using-a-protective-hair-care-routine.-The-image-include-1-300x171.webp 300w, https:\/\/beleza.artereciclada.com.br\/wp-content\/uploads\/2025\/02\/DALL\u00b7E-2025-02-14-12.32.43-A-stylish-and-modern-composition-featuring-a-person-with-vibrant-well-maintained-colored-hair-using-a-protective-hair-care-routine.-The-image-include-1-768x439.webp 768w, https:\/\/beleza.artereciclada.com.br\/wp-content\/uploads\/2025\/02\/DALL\u00b7E-2025-02-14-12.32.43-A-stylish-and-modern-composition-featuring-a-person-with-vibrant-well-maintained-colored-hair-using-a-protective-hair-care-routine.-The-image-include-1-1536x878.webp 1536w, https:\/\/beleza.artereciclada.com.br\/wp-content\/uploads\/2025\/02\/DALL\u00b7E-2025-02-14-12.32.43-A-stylish-and-modern-composition-featuring-a-person-with-vibrant-well-maintained-colored-hair-using-a-protective-hair-care-routine.-The-image-include-1-18x10.webp 18w, https:\/\/beleza.artereciclada.com.br\/wp-content\/uploads\/2025\/02\/DALL\u00b7E-2025-02-14-12.32.43-A-stylish-and-modern-composition-featuring-a-person-with-vibrant-well-maintained-colored-hair-using-a-protective-hair-care-routine.-The-image-include-1.webp 1792w\" sizes=\"(max-width: 1024px) 100vw, 1024px\" \/><\/figure>\n\n\n\n<ul class=\"wp-block-list\">\n<li><strong>Evite Piscinas Sem Prote\u00e7\u00e3o:<\/strong> O cloro pode danificar a colora\u00e7\u00e3o, por isso, use uma touca de nata\u00e7\u00e3o ou aplique um leave-in protetor antes de mergulhar.<\/li>\n\n\n\n<li><strong>Cuidado com a \u00c1gua Dura:<\/strong> Se a \u00e1gua da sua regi\u00e3o \u00e9 rica em minerais, considere o uso de um filtro ou produtos que combatam o ressecamento causado pela \u00e1gua dura.<\/li>\n\n\n\n<li><strong>Visite um Profissional Regularmente:<\/strong> Manter visitas regulares ao cabeleireiro ajuda a realizar tratamentos de manuten\u00e7\u00e3o, como retoques de cor e hidrata\u00e7\u00f5es profundas.<\/li>\n<\/ul>\n\n\n\n<hr class=\"wp-block-separator has-alpha-channel-opacity\"\/>\n\n\n\n<h2 class=\"wp-block-heading\" id=\"conclusao\"><strong>Conclusi\u00f3n<\/strong><\/h2>\n\n\n\n<p>Cuidar dos <strong>cabelos tingidos<\/strong> e evitar o desbotamento requer uma combina\u00e7\u00e3o de produtos adequados, h\u00e1bitos de lavagem cuidadosos e prote\u00e7\u00e3o contra fatores ambientais agressivos. Adotar uma rotina de cuidados personalizada pode fazer toda a diferen\u00e7a na manuten\u00e7\u00e3o da cor e na sa\u00fade dos fios.<\/p>\n\n\n\n<p>N\u00f3s, do <strong>Arte de la belleza<\/strong>, acreditamos que investir em produtos de qualidade e em uma rotina consistente \u00e9 essencial para que seus <strong>cabelos tingidos<\/strong> permane\u00e7am vibrantes e cheios de vida. Para mais dicas, orienta\u00e7\u00f5es e produtos que ajudam a preservar a cor dos seus cabelos, visite nosso site <a href=\"https:\/\/beleza.artereciclada.com.br\/es\/\">Arte de la belleza<\/a> y siga nuestras redes sociales. Si necesita asesoramiento personalizado, p\u00f3ngase en contacto con nosotros por correo electr\u00f3nico en la direcci\u00f3n <strong><a href=\"mailto:contato@artereciclada.com.br\">contato@artereciclada.com.br<\/a><\/strong>.<\/p>\n\n\n\n<hr class=\"wp-block-separator has-alpha-channel-opacity\"\/>\n\n\n\n<h2 class=\"wp-block-heading\" id=\"fontes-de-inspiracao\"><strong>Fuentes de inspiraci\u00f3n<\/strong><\/h2>\n\n\n\n<p>Este artigo foi desenvolvido com base em estudos dermatol\u00f3gicos, tend\u00eancias do mercado de beleza e pr\u00e1ticas recomendadas para o cuidado de <strong>cabelos tingidos<\/strong>. As orienta\u00e7\u00f5es aqui apresentadas visam oferecer um guia completo e atualizado para que voc\u00ea possa preservar a colora\u00e7\u00e3o e a sa\u00fade dos seus fios de forma eficaz e sustent\u00e1vel.<\/p>\n\n\n\n<p>Investir no cuidado dos <strong>cabelos tingidos<\/strong> \u00e9 investir na sua autoestima e no seu visual. Mantenha-se informado, adapte sua rotina e desfrute dos benef\u00edcios de fios vibrantes e cheios de vida!<\/p>\n\n\n\n<p><a href=\"https:\/\/www.youtube.com\/watch?v=tpNbTK_sL78\" target=\"_blank\" rel=\"noopener\">Sugerencia de v\u00eddeo<\/a><\/p>","protected":false},"excerpt":{"rendered":"<p>Manter cabelos tingidos com apar\u00eancia vibrante e saud\u00e1vel pode ser um desafio, mas com a rotina de cuidados certa \u00e9 poss\u00edvel preservar a cor e a integridade dos fios. Neste artigo, vamos explorar dicas e estrat\u00e9gias para cuidar dos cabelos, evitar o desbotamento e manter seus fios brilhantes e cheios de vida. Por que os [&hellip;]<\/p>","protected":false},"author":4,"featured_media":118,"comment_status":"open","ping_status":"open","sticky":false,"template":"","format":"standard","meta":{"footnotes":""},"categories":[6],"tags":[],"class_list":["post-117","post","type-post","status-publish","format-standard","has-post-thumbnail","hentry","category-cabelo"],"blocksy_meta":[],"_links":{"self":[{"href":"https:\/\/beleza.artereciclada.com.br\/es\/wp-json\/wp\/v2\/posts\/117","targetHints":{"allow":["GET"]}}],"collection":[{"href":"https:\/\/beleza.artereciclada.com.br\/es\/wp-json\/wp\/v2\/posts"}],"about":[{"href":"https:\/\/beleza.artereciclada.com.br\/es\/wp-json\/wp\/v2\/types\/post"}],"author":[{"embeddable":true,"href":"https:\/\/beleza.artereciclada.com.br\/es\/wp-json\/wp\/v2\/users\/4"}],"replies":[{"embeddable":true,"href":"https:\/\/beleza.artereciclada.com.br\/es\/wp-json\/wp\/v2\/comments?post=117"}],"version-history":[{"count":2,"href":"https:\/\/beleza.artereciclada.com.br\/es\/wp-json\/wp\/v2\/posts\/117\/revisions"}],"predecessor-version":[{"id":156,"href":"https:\/\/beleza.artereciclada.com.br\/es\/wp-json\/wp\/v2\/posts\/117\/revisions\/156"}],"wp:featuredmedia":[{"embeddable":true,"href":"https:\/\/beleza.artereciclada.com.br\/es\/wp-json\/wp\/v2\/media\/118"}],"wp:attachment":[{"href":"https:\/\/beleza.artereciclada.com.br\/es\/wp-json\/wp\/v2\/media?parent=117"}],"wp:term":[{"taxonomy":"category","embeddable":true,"href":"https:\/\/beleza.artereciclada.com.br\/es\/wp-json\/wp\/v2\/categories?post=117"},{"taxonomy":"post_tag","embeddable":true,"href":"https:\/\/beleza.artereciclada.com.br\/es\/wp-json\/wp\/v2\/tags?post=117"}],"curies":[{"name":"wp","href":"https:\/\/api.w.org\/{rel}","templated":true}]}}