{"id":106,"date":"2025-02-14T09:10:14","date_gmt":"2025-02-14T15:10:14","guid":{"rendered":"https:\/\/beleza.artereciclada.com.br\/?p=106"},"modified":"2025-02-14T17:15:23","modified_gmt":"2025-02-14T20:15:23","slug":"queda-de-cabelo","status":"publish","type":"post","link":"https:\/\/beleza.artereciclada.com.br\/es\/cabelo\/queda-de-cabelo\/","title":{"rendered":"Ca\u00edda del cabello: C\u00f3mo prevenir la ca\u00edda del cabello y estimular su crecimiento"},"content":{"rendered":"<p>A <strong>queda de cabelo<\/strong> \u00e9 uma preocupa\u00e7\u00e3o comum que afeta milh\u00f5es de pessoas em todo o mundo. Seja por fatores gen\u00e9ticos, estresse, m\u00e1 alimenta\u00e7\u00e3o ou desequil\u00edbrios hormonais, a perda capilar pode impactar a autoestima e a qualidade de vida. Em nosso artigo, no <strong>Arte de la belleza<\/strong>, abordamos estrat\u00e9gias eficazes e tratamentos modernos para evitar a <strong>queda de cabelo<\/strong> e estimular o crescimento capilar, proporcionando uma apar\u00eancia saud\u00e1vel e revitalizada.<\/p>\n\n\n\n<figure class=\"wp-block-image size-large\"><img fetchpriority=\"high\" decoding=\"async\" width=\"1024\" height=\"585\" src=\"https:\/\/beleza.artereciclada.com.br\/wp-content\/uploads\/2025\/02\/DALL\u00b7E-2025-02-14-12.07.03-A-visually-appealing-image-showcasing-healthy-strong-hair-with-a-person-gently-massaging-their-scalp-to-promote-hair-growth.-The-composition-includes-1-1024x585.webp\" alt=\"Queda de cabelo\" class=\"wp-image-107\" srcset=\"https:\/\/beleza.artereciclada.com.br\/wp-content\/uploads\/2025\/02\/DALL\u00b7E-2025-02-14-12.07.03-A-visually-appealing-image-showcasing-healthy-strong-hair-with-a-person-gently-massaging-their-scalp-to-promote-hair-growth.-The-composition-includes-1-1024x585.webp 1024w, https:\/\/beleza.artereciclada.com.br\/wp-content\/uploads\/2025\/02\/DALL\u00b7E-2025-02-14-12.07.03-A-visually-appealing-image-showcasing-healthy-strong-hair-with-a-person-gently-massaging-their-scalp-to-promote-hair-growth.-The-composition-includes-1-300x171.webp 300w, https:\/\/beleza.artereciclada.com.br\/wp-content\/uploads\/2025\/02\/DALL\u00b7E-2025-02-14-12.07.03-A-visually-appealing-image-showcasing-healthy-strong-hair-with-a-person-gently-massaging-their-scalp-to-promote-hair-growth.-The-composition-includes-1-768x439.webp 768w, https:\/\/beleza.artereciclada.com.br\/wp-content\/uploads\/2025\/02\/DALL\u00b7E-2025-02-14-12.07.03-A-visually-appealing-image-showcasing-healthy-strong-hair-with-a-person-gently-massaging-their-scalp-to-promote-hair-growth.-The-composition-includes-1-1536x878.webp 1536w, https:\/\/beleza.artereciclada.com.br\/wp-content\/uploads\/2025\/02\/DALL\u00b7E-2025-02-14-12.07.03-A-visually-appealing-image-showcasing-healthy-strong-hair-with-a-person-gently-massaging-their-scalp-to-promote-hair-growth.-The-composition-includes-1-18x10.webp 18w, https:\/\/beleza.artereciclada.com.br\/wp-content\/uploads\/2025\/02\/DALL\u00b7E-2025-02-14-12.07.03-A-visually-appealing-image-showcasing-healthy-strong-hair-with-a-person-gently-massaging-their-scalp-to-promote-hair-growth.-The-composition-includes-1.webp 1792w\" sizes=\"(max-width: 1024px) 100vw, 1024px\" \/><\/figure>\n\n\n\n<div class=\"wp-block-rank-math-toc-block\" id=\"rank-math-toc\"><h2>\u00cdndice<\/h2><nav><ul><li class=\"\"><a href=\"#entendendo-a-queda-de-cabelo\">Entendendo a Queda de Cabelo<\/a><ul><li class=\"\"><a href=\"#principais-causas-da-queda-de-cabelo\">Principais Causas da Queda de Cabelo<\/a><\/li><\/ul><\/li><li class=\"\"><a href=\"#estrategias-para-prevenir-a-queda-de-cabelo\">Estrat\u00e9gias para Prevenir a Queda de Cabelo<\/a><ul><li class=\"\"><a href=\"#1-alimentacao-balanceada-e-suplementacao\">1. Alimenta\u00e7\u00e3o Balanceada e Suplementa\u00e7\u00e3o<\/a><\/li><li class=\"\"><a href=\"#2-cuidados-com-o-couro-cabeludo\">2. Cuidados com o Couro Cabeludo<\/a><\/li><li class=\"\"><a href=\"#3-controle-do-estresse-e-estilo-de-vida-saudavel\">3. Controle do Estresse e Estilo de Vida Saud\u00e1vel<\/a><\/li><li class=\"\"><a href=\"#4-evitar-exposicao-excessiva-a-calor-e-produtos-quimicos\">4. Evitar Exposi\u00e7\u00e3o Excessiva a Calor e Produtos Qu\u00edmicos<\/a><\/li><\/ul><\/li><li class=\"\"><a href=\"#tratamentos-e-terapias-para-estimular-o-crescimento-capilar\">Tratamentos e Terapias para Estimular o Crescimento Capilar<\/a><ul><li class=\"\"><a href=\"#1-terapia-com-luz-de-baixa-intensidade-lllt\">1. Terapia com Luz de Baixa Intensidade (LLLT)<\/a><\/li><li class=\"\"><a href=\"#2-mesoterapia-capilar\">2. Mesoterapia Capilar<\/a><\/li><li class=\"\"><a href=\"#3-uso-de-minoxidil\">3. Uso de Minoxidil<\/a><\/li><li class=\"\"><a href=\"#4-tratamentos-naturais-e-fitoterapicos\">4. Tratamentos Naturais e Fitoter\u00e1picos<\/a><\/li><\/ul><\/li><li class=\"\"><a href=\"#dicas-praticas-para-a-rotina-capilar\">Dicas Pr\u00e1ticas para a Rotina Capilar<\/a><\/li><li class=\"\"><a href=\"#conclusao\">Conclusi\u00f3n<\/a><\/li><li class=\"\"><a href=\"#fontes-de-inspiracao\">Fuentes de inspiraci\u00f3n<\/a><\/li><\/ul><\/nav><\/div>\n\n\n\n<hr class=\"wp-block-separator has-alpha-channel-opacity\"\/>\n\n\n\n<h2 class=\"wp-block-heading\" id=\"entendendo-a-queda-de-cabelo\"><strong>Entendendo a Queda de Cabelo<\/strong><\/h2>\n\n\n\n<p>A perda de cabelo pode ter diversas causas e se apresentar de diferentes formas, como a alopecia androgen\u00e9tica, efl\u00favio tel\u00f3geno e outras condi\u00e7\u00f5es dermatol\u00f3gicas. Para que possamos combater efetivamente a <strong>queda de cabelo<\/strong>, \u00e9 fundamental compreender os fatores que contribuem para esse problema.<\/p>\n\n\n\n<h3 class=\"wp-block-heading\" id=\"principais-causas-da-queda-de-cabelo\"><strong>Principais Causas da Queda de Cabelo<\/strong><\/h3>\n\n\n\n<ul class=\"wp-block-list\">\n<li><strong>Gen\u00e9tica e Hereditariedade:<\/strong>\n<ul class=\"wp-block-list\">\n<li>A predisposi\u00e7\u00e3o gen\u00e9tica \u00e9 uma das principais causas, especialmente na alopecia androgen\u00e9tica, que afeta homens e mulheres.<\/li>\n<\/ul>\n<\/li>\n\n\n\n<li><strong>Fatores Hormonais:<\/strong>\n<ul class=\"wp-block-list\">\n<li>Oscila\u00e7\u00f5es hormonais, como as ocorridas na gravidez, menopausa ou problemas na tireoide, podem desencadear a queda de cabelo.<\/li>\n<\/ul>\n<\/li>\n\n\n\n<li><strong>Estresse e Ansiedade:<\/strong>\n<ul class=\"wp-block-list\">\n<li>Altos n\u00edveis de estresse podem interromper o ciclo de crescimento capilar, levando a um aumento tempor\u00e1rio na queda.<\/li>\n<\/ul>\n<\/li>\n\n\n\n<li><strong>Alimenta\u00e7\u00e3o e Defici\u00eancias Nutricionais:<\/strong>\n<ul class=\"wp-block-list\">\n<li>A falta de nutrientes essenciais, como ferro, zinco, vitaminas do complexo B e prote\u00ednas, pode prejudicar a sa\u00fade dos fios.<\/li>\n<\/ul>\n<\/li>\n\n\n\n<li><strong>Uso Excessivo de Produtos Qu\u00edmicos e Calor:<\/strong>\n<ul class=\"wp-block-list\">\n<li>Processos qu\u00edmicos, como alisamentos e tinturas, al\u00e9m do uso frequente de secadores e chapinhas, podem danificar os fios e levar \u00e0 queda.<\/li>\n<\/ul>\n<\/li>\n\n\n\n<li><strong>Doen\u00e7as e Condi\u00e7\u00f5es M\u00e9dicas:<\/strong>\n<ul class=\"wp-block-list\">\n<li>Problemas como infec\u00e7\u00f5es do couro cabeludo, doen\u00e7as autoimunes e alguns tratamentos m\u00e9dicos podem contribuir para a <strong>queda de cabelo<\/strong>.<\/li>\n<\/ul>\n<\/li>\n<\/ul>\n\n\n\n<hr class=\"wp-block-separator has-alpha-channel-opacity\"\/>\n\n\n\n<h2 class=\"wp-block-heading\" id=\"estrategias-para-prevenir-a-queda-de-cabelo\"><strong>Estrat\u00e9gias para Prevenir a Queda de Cabelo<\/strong><\/h2>\n\n\n\n<p>A preven\u00e7\u00e3o \u00e9 a melhor forma de combater a <strong>queda de cabelo<\/strong>. A seguir, apresentamos diversas estrat\u00e9gias que, quando combinadas, podem ajudar a preservar a sa\u00fade capilar e reduzir a perda dos fios.<\/p>\n\n\n\n<h3 class=\"wp-block-heading\" id=\"1-alimentacao-balanceada-e-suplementacao\"><strong>1. Alimenta\u00e7\u00e3o Balanceada e Suplementa\u00e7\u00e3o<\/strong><\/h3>\n\n\n\n<p>Uma dieta equilibrada \u00e9 fundamental para manter os cabelos fortes e saud\u00e1veis.<\/p>\n\n\n\n<ul class=\"wp-block-list\">\n<li><strong>Alimentos Ricos em Prote\u00ednas:<\/strong>\n<ul class=\"wp-block-list\">\n<li>Inclua carnes magras, ovos, leguminosas e nozes, que fornecem amino\u00e1cidos essenciais para a forma\u00e7\u00e3o dos fios.<\/li>\n<\/ul>\n<\/li>\n\n\n\n<li><strong>Vitaminas e Minerais:<\/strong>\n<ul class=\"wp-block-list\">\n<li>Alimentos ricos em ferro, zinco, vitaminas A, C, D e E, e do complexo B (especialmente biotina) ajudam a fortalecer o cabelo.<\/li>\n<\/ul>\n<\/li>\n\n\n\n<li><strong>\u00c1cidos Graxos Essenciais:<\/strong>\n<ul class=\"wp-block-list\">\n<li>\u00d4mega-3, encontrado em peixes como salm\u00e3o, chia e linha\u00e7a, auxilia na hidrata\u00e7\u00e3o e na sa\u00fade do couro cabeludo.<\/li>\n<\/ul>\n<\/li>\n\n\n\n<li><strong>Suplementa\u00e7\u00e3o:<\/strong>\n<ul class=\"wp-block-list\">\n<li>Em alguns casos, pode ser necess\u00e1rio o uso de suplementos espec\u00edficos, sempre orientados por um profissional de sa\u00fade.<\/li>\n<\/ul>\n<\/li>\n<\/ul>\n\n\n\n<h3 class=\"wp-block-heading\" id=\"2-cuidados-com-o-couro-cabeludo\"><strong>2. Cuidados com o Couro Cabeludo<\/strong><\/h3>\n\n\n\n<p>Um couro cabeludo saud\u00e1vel \u00e9 a base para o crescimento capilar.<\/p>\n\n\n\n<ul class=\"wp-block-list\">\n<li><strong>Higiene Adequada:<\/strong>\n<ul class=\"wp-block-list\">\n<li>Lave os cabelos com um shampoo suave e adequado ao seu tipo de cabelo para remover impurezas sem agredir a pele.<\/li>\n<\/ul>\n<\/li>\n\n\n\n<li><strong>Massagem Capilar:<\/strong>\n<ul class=\"wp-block-list\">\n<li>Massagens suaves com as pontas dos dedos estimulam a circula\u00e7\u00e3o sangu\u00ednea, favorecendo a nutri\u00e7\u00e3o dos fol\u00edculos.<\/li>\n<\/ul>\n<\/li>\n\n\n\n<li><strong>Evitar Produtos Agressivos:<\/strong>\n<ul class=\"wp-block-list\">\n<li>Opte por produtos livres de sulfatos e parabenos, que podem ressecar o couro cabeludo e comprometer a sa\u00fade dos fios.<\/li>\n<\/ul>\n<\/li>\n\n\n\n<li><strong>Tratamentos T\u00f3picos:<\/strong>\n<ul class=\"wp-block-list\">\n<li>T\u00f4nicos e lo\u00e7\u00f5es espec\u00edficas com ingredientes como cafe\u00edna, niacinamida e extratos naturais podem fortalecer os fol\u00edculos e promover a regenera\u00e7\u00e3o capilar.<\/li>\n<\/ul>\n<\/li>\n<\/ul>\n\n\n\n<h3 class=\"wp-block-heading\" id=\"3-controle-do-estresse-e-estilo-de-vida-saudavel\"><strong>3. Controle do Estresse e Estilo de Vida Saud\u00e1vel<\/strong><\/h3>\n\n\n\n<p>O estresse \u00e9 um dos grandes vil\u00f5es quando se trata de <strong>queda de cabelo<\/strong>.<\/p>\n\n\n\n<ul class=\"wp-block-list\">\n<li><strong>T\u00e9cnicas de Relaxamento:<\/strong>\n<ul class=\"wp-block-list\">\n<li>Pr\u00e1ticas como medita\u00e7\u00e3o, yoga e exerc\u00edcios f\u00edsicos ajudam a reduzir os n\u00edveis de estresse e a equilibrar os horm\u00f4nios.<\/li>\n<\/ul>\n<\/li>\n\n\n\n<li><strong>Sue\u00f1o de calidad:<\/strong>\n<ul class=\"wp-block-list\">\n<li>Um sono reparador (7 a 8 horas por noite) \u00e9 essencial para a regenera\u00e7\u00e3o celular e para a manuten\u00e7\u00e3o da sa\u00fade capilar.<\/li>\n<\/ul>\n<\/li>\n\n\n\n<li><strong>Atividades Prazerosas:<\/strong>\n<ul class=\"wp-block-list\">\n<li>Reserve momentos para atividades que tragam prazer e relaxamento, contribuindo para o bem-estar geral.<\/li>\n<\/ul>\n<\/li>\n<\/ul>\n\n\n\n<h3 class=\"wp-block-heading\" id=\"4-evitar-exposicao-excessiva-a-calor-e-produtos-quimicos\"><strong>4. Evitar Exposi\u00e7\u00e3o Excessiva a Calor e Produtos Qu\u00edmicos<\/strong><\/h3>\n\n\n\n<p>Reduzir o uso de ferramentas e tratamentos agressivos pode prevenir danos aos fios.<\/p>\n\n\n\n<ul class=\"wp-block-list\">\n<li><strong>Secadores e Chapinhas:<\/strong>\n<ul class=\"wp-block-list\">\n<li>Sempre utilize um protetor t\u00e9rmico antes de aplicar calor no cabelo e ajuste a temperatura para n\u00edveis moderados.<\/li>\n<\/ul>\n<\/li>\n\n\n\n<li><strong>Processos Qu\u00edmicos:<\/strong>\n<ul class=\"wp-block-list\">\n<li>D\u00ea intervalos entre tratamentos qu\u00edmicos e invista em produtos de qualidade para minimizar os danos.<\/li>\n<\/ul>\n<\/li>\n<\/ul>\n\n\n\n<hr class=\"wp-block-separator has-alpha-channel-opacity\"\/>\n\n\n\n<h2 class=\"wp-block-heading\" id=\"tratamentos-e-terapias-para-estimular-o-crescimento-capilar\"><strong>Tratamentos e Terapias para Estimular o Crescimento Capilar<\/strong><\/h2>\n\n\n\n<p>Al\u00e9m da preven\u00e7\u00e3o, diversas terapias podem ajudar a estimular o crescimento capilar e reduzir a <strong>queda de cabelo<\/strong>.<\/p>\n\n\n\n<h3 class=\"wp-block-heading\" id=\"1-terapia-com-luz-de-baixa-intensidade-lllt\"><strong>1. Terapia com Luz de Baixa Intensidade (LLLT)<\/strong><\/h3>\n\n\n\n<ul class=\"wp-block-list\">\n<li><strong>Como Funciona:<\/strong>\n<ul class=\"wp-block-list\">\n<li>A terapia com luz de baixa intensidade estimula a circula\u00e7\u00e3o sangu\u00ednea no couro cabeludo, promovendo a regenera\u00e7\u00e3o dos fol\u00edculos e o crescimento dos fios.<\/li>\n<\/ul>\n<\/li>\n\n\n\n<li><strong>Benef\u00edcios:<\/strong>\n<ul class=\"wp-block-list\">\n<li>\u00c9 um tratamento n\u00e3o invasivo e eficaz para diversos tipos de queda capilar.<\/li>\n<\/ul>\n<\/li>\n<\/ul>\n\n\n\n<h3 class=\"wp-block-heading\" id=\"2-mesoterapia-capilar\"><strong>2. Mesoterapia Capilar<\/strong><\/h3>\n\n\n\n<ul class=\"wp-block-list\">\n<li><strong>Procedimento:<\/strong>\n<ul class=\"wp-block-list\">\n<li>Consiste na aplica\u00e7\u00e3o de microinje\u00e7\u00f5es de vitaminas, amino\u00e1cidos e outros nutrientes diretamente no couro cabeludo.<\/li>\n<\/ul>\n<\/li>\n\n\n\n<li><strong>Resultados:<\/strong>\n<ul class=\"wp-block-list\">\n<li>Pode ajudar a melhorar a nutri\u00e7\u00e3o dos fol\u00edculos e estimular o crescimento capilar, al\u00e9m de reduzir a <strong>queda de cabelo<\/strong>.<\/li>\n<\/ul>\n<\/li>\n<\/ul>\n\n\n\n<h3 class=\"wp-block-heading\" id=\"3-uso-de-minoxidil\"><strong>3. Uso de Minoxidil<\/strong><\/h3>\n\n\n\n<ul class=\"wp-block-list\">\n<li><strong>Indica\u00e7\u00e3o:<\/strong>\n<ul class=\"wp-block-list\">\n<li>O minoxidil \u00e9 um dos tratamentos t\u00f3picos mais indicados para estimular o crescimento capilar e prevenir a queda.<\/li>\n<\/ul>\n<\/li>\n\n\n\n<li><strong>Como Usar:<\/strong>\n<ul class=\"wp-block-list\">\n<li>A aplica\u00e7\u00e3o deve ser di\u00e1ria e pode ser combinada com outros tratamentos, sempre sob orienta\u00e7\u00e3o m\u00e9dica.<\/li>\n<\/ul>\n<\/li>\n<\/ul>\n\n\n\n<h3 class=\"wp-block-heading\" id=\"4-tratamentos-naturais-e-fitoterapicos\"><strong>4. Tratamentos Naturais e Fitoter\u00e1picos<\/strong><\/h3>\n\n\n\n<ul class=\"wp-block-list\">\n<li><strong>Extratos Vegetais:<\/strong>\n<ul class=\"wp-block-list\">\n<li>Ingredientes como extrato de saw palmetto, alecrim, urtiga e ch\u00e1 verde possuem propriedades que podem ajudar na preven\u00e7\u00e3o da queda e no est\u00edmulo do crescimento.<\/li>\n<\/ul>\n<\/li>\n\n\n\n<li><strong>\u00d3leos Essenciais:<\/strong>\n<ul class=\"wp-block-list\">\n<li>\u00d3leos como o de lavanda, alecrim e tea tree podem ser dilu\u00eddos em \u00f3leos carreados e aplicados no couro cabeludo, auxiliando na melhora da circula\u00e7\u00e3o e na sa\u00fade dos fol\u00edculos.<\/li>\n<\/ul>\n<\/li>\n<\/ul>\n\n\n\n<hr class=\"wp-block-separator has-alpha-channel-opacity\"\/>\n\n\n\n<h2 class=\"wp-block-heading\" id=\"dicas-praticas-para-a-rotina-capilar\"><strong>Dicas Pr\u00e1ticas para a Rotina Capilar<\/strong><\/h2>\n\n\n\n<figure class=\"wp-block-image size-large\"><img decoding=\"async\" width=\"1024\" height=\"585\" src=\"https:\/\/beleza.artereciclada.com.br\/wp-content\/uploads\/2025\/02\/DALL\u00b7E-2025-02-14-12.09.40-A-modern-and-clean-composition-featuring-essential-hair-care-products-and-tools-arranged-aesthetically-on-a-neutral-background.-The-image-includes-sha-1-1024x585.webp\" alt=\"\" class=\"wp-image-108\" srcset=\"https:\/\/beleza.artereciclada.com.br\/wp-content\/uploads\/2025\/02\/DALL\u00b7E-2025-02-14-12.09.40-A-modern-and-clean-composition-featuring-essential-hair-care-products-and-tools-arranged-aesthetically-on-a-neutral-background.-The-image-includes-sha-1-1024x585.webp 1024w, https:\/\/beleza.artereciclada.com.br\/wp-content\/uploads\/2025\/02\/DALL\u00b7E-2025-02-14-12.09.40-A-modern-and-clean-composition-featuring-essential-hair-care-products-and-tools-arranged-aesthetically-on-a-neutral-background.-The-image-includes-sha-1-300x171.webp 300w, https:\/\/beleza.artereciclada.com.br\/wp-content\/uploads\/2025\/02\/DALL\u00b7E-2025-02-14-12.09.40-A-modern-and-clean-composition-featuring-essential-hair-care-products-and-tools-arranged-aesthetically-on-a-neutral-background.-The-image-includes-sha-1-768x439.webp 768w, https:\/\/beleza.artereciclada.com.br\/wp-content\/uploads\/2025\/02\/DALL\u00b7E-2025-02-14-12.09.40-A-modern-and-clean-composition-featuring-essential-hair-care-products-and-tools-arranged-aesthetically-on-a-neutral-background.-The-image-includes-sha-1-1536x878.webp 1536w, https:\/\/beleza.artereciclada.com.br\/wp-content\/uploads\/2025\/02\/DALL\u00b7E-2025-02-14-12.09.40-A-modern-and-clean-composition-featuring-essential-hair-care-products-and-tools-arranged-aesthetically-on-a-neutral-background.-The-image-includes-sha-1-18x10.webp 18w, https:\/\/beleza.artereciclada.com.br\/wp-content\/uploads\/2025\/02\/DALL\u00b7E-2025-02-14-12.09.40-A-modern-and-clean-composition-featuring-essential-hair-care-products-and-tools-arranged-aesthetically-on-a-neutral-background.-The-image-includes-sha-1.webp 1792w\" sizes=\"(max-width: 1024px) 100vw, 1024px\" \/><\/figure>\n\n\n\n<p>Implementar uma rotina capilar consistente \u00e9 fundamental para evitar a <strong>queda de cabelo<\/strong> e estimular o crescimento dos fios. A seguir, apresentamos algumas dicas pr\u00e1ticas:<\/p>\n\n\n\n<ul class=\"wp-block-list\">\n<li><strong>Estabele\u00e7a um Cronograma de Lavagem:<\/strong>\n<ul class=\"wp-block-list\">\n<li>Lave o cabelo de acordo com as necessidades do seu tipo de fio. Cabelos oleosos podem precisar de lavagens mais frequentes, enquanto cabelos secos se beneficiam de lavagens menos frequentes.<\/li>\n<\/ul>\n<\/li>\n\n\n\n<li><strong>Evite Pentes e Escovas Agressivos:<\/strong>\n<ul class=\"wp-block-list\">\n<li>Opte por escovas de cerdas macias e pentes de dentes largos para desembara\u00e7ar os fios sem causar tra\u00e7\u00e3o excessiva.<\/li>\n<\/ul>\n<\/li>\n\n\n\n<li><strong>Mantenha o Couro Cabeludo Limpo e Hidratado:<\/strong>\n<ul class=\"wp-block-list\">\n<li>Use t\u00f4nicos e lo\u00e7\u00f5es espec\u00edficas para manter a sa\u00fade da regi\u00e3o, estimulando a circula\u00e7\u00e3o e evitando o ac\u00famulo de res\u00edduos.<\/li>\n<\/ul>\n<\/li>\n\n\n\n<li><strong>Alterne o Uso de Produtos T\u00e9rmicos:<\/strong>\n<ul class=\"wp-block-list\">\n<li>D\u00ea intervalos no uso de secadores, chapinhas e modeladores, permitindo que o cabelo se recupere dos danos t\u00e9rmicos.<\/li>\n<\/ul>\n<\/li>\n\n\n\n<li><strong>Consulte um Especialista Regularmente:<\/strong>\n<ul class=\"wp-block-list\">\n<li>Visite um dermatologista ou tricologista para avalia\u00e7\u00f5es peri\u00f3dicas e para ajustar a rotina capilar de acordo com as necessidades individuais.<\/li>\n<\/ul>\n<\/li>\n<\/ul>\n\n\n\n<hr class=\"wp-block-separator has-alpha-channel-opacity\"\/>\n\n\n\n<h2 class=\"wp-block-heading\" id=\"conclusao\"><strong>Conclusi\u00f3n<\/strong><\/h2>\n\n\n\n<p>Combater a <strong>queda de cabelo<\/strong> e estimular o crescimento capilar exige uma abordagem integrada que envolve cuidados di\u00e1rios, ajustes no estilo de vida e, quando necess\u00e1rio, tratamentos terap\u00eauticos espec\u00edficos. Ao adotar uma alimenta\u00e7\u00e3o balanceada, cuidar do couro cabeludo, controlar o estresse e evitar agentes agressivos, \u00e9 poss\u00edvel preservar a sa\u00fade dos fios e promover um crescimento capilar robusto.<\/p>\n\n\n\n<p>N\u00f3s, do <strong>Arte de la belleza<\/strong>, acreditamos que a personaliza\u00e7\u00e3o e a consist\u00eancia s\u00e3o essenciais para resultados duradouros. Cada pessoa possui necessidades \u00fanicas, e a adapta\u00e7\u00e3o da rotina capilar deve ser feita de forma individualizada, sempre com o apoio de profissionais especializados quando necess\u00e1rio.<\/p>\n\n\n\n<p>Para mais dicas, orienta\u00e7\u00f5es e produtos de alta qualidade que podem complementar sua rotina de cuidados capilares, visite nosso site <a href=\"https:\/\/beleza.artereciclada.com.br\/es\/\">Arte de la belleza<\/a> y siga nuestras redes sociales. Si necesita asesoramiento personalizado, p\u00f3ngase en contacto con nosotros por correo electr\u00f3nico en la direcci\u00f3n <strong><a href=\"mailto:contato@artereciclada.com.br\">contato@artereciclada.com.br<\/a><\/strong>.<\/p>\n\n\n\n<hr class=\"wp-block-separator has-alpha-channel-opacity\"\/>\n\n\n\n<h2 class=\"wp-block-heading\" id=\"fontes-de-inspiracao\"><strong>Fuentes de inspiraci\u00f3n<\/strong><\/h2>\n\n\n\n<p>Este artigo foi desenvolvido com base em experi\u00eancias pessoais, pr\u00e1ticas cl\u00ednicas e as mais recentes tend\u00eancias no universo dos cuidados capilares. As orienta\u00e7\u00f5es apresentadas visam oferecer um guia completo e atualizado para que voc\u00ea possa prevenir a <strong>queda de cabelo<\/strong> e estimular o crescimento dos fios de maneira eficaz, saud\u00e1vel e sustent\u00e1vel.<\/p>\n\n\n\n<p>Investir na sa\u00fade capilar \u00e9 um passo importante para uma apar\u00eancia renovada e para a autoestima. Mantenha-se informado, ajuste sua rotina conforme necess\u00e1rio e desfrute dos benef\u00edcios de cabelos mais fortes e bem cuidados.<\/p>\n\n\n\n<p><a href=\"https:\/\/www.youtube.com\/watch?v=k92J-5MQlZI\" target=\"_blank\" rel=\"noopener\">Sugerencia de v\u00eddeo<\/a><\/p>\n\n\n\n<hr class=\"wp-block-separator has-alpha-channel-opacity\"\/>\n\n\n\n<p><\/p>","protected":false},"excerpt":{"rendered":"<p>A queda de cabelo \u00e9 uma preocupa\u00e7\u00e3o comum que afeta milh\u00f5es de pessoas em todo o mundo. Seja por fatores gen\u00e9ticos, estresse, m\u00e1 alimenta\u00e7\u00e3o ou desequil\u00edbrios hormonais, a perda capilar pode impactar a autoestima e a qualidade de vida. Em nosso artigo, no Beleza Arte, abordamos estrat\u00e9gias eficazes e tratamentos modernos para evitar a queda [&hellip;]<\/p>","protected":false},"author":4,"featured_media":107,"comment_status":"open","ping_status":"open","sticky":false,"template":"","format":"standard","meta":{"footnotes":""},"categories":[6],"tags":[],"class_list":["post-106","post","type-post","status-publish","format-standard","has-post-thumbnail","hentry","category-cabelo"],"blocksy_meta":[],"_links":{"self":[{"href":"https:\/\/beleza.artereciclada.com.br\/es\/wp-json\/wp\/v2\/posts\/106","targetHints":{"allow":["GET"]}}],"collection":[{"href":"https:\/\/beleza.artereciclada.com.br\/es\/wp-json\/wp\/v2\/posts"}],"about":[{"href":"https:\/\/beleza.artereciclada.com.br\/es\/wp-json\/wp\/v2\/types\/post"}],"author":[{"embeddable":true,"href":"https:\/\/beleza.artereciclada.com.br\/es\/wp-json\/wp\/v2\/users\/4"}],"replies":[{"embeddable":true,"href":"https:\/\/beleza.artereciclada.com.br\/es\/wp-json\/wp\/v2\/comments?post=106"}],"version-history":[{"count":3,"href":"https:\/\/beleza.artereciclada.com.br\/es\/wp-json\/wp\/v2\/posts\/106\/revisions"}],"predecessor-version":[{"id":236,"href":"https:\/\/beleza.artereciclada.com.br\/es\/wp-json\/wp\/v2\/posts\/106\/revisions\/236"}],"wp:featuredmedia":[{"embeddable":true,"href":"https:\/\/beleza.artereciclada.com.br\/es\/wp-json\/wp\/v2\/media\/107"}],"wp:attachment":[{"href":"https:\/\/beleza.artereciclada.com.br\/es\/wp-json\/wp\/v2\/media?parent=106"}],"wp:term":[{"taxonomy":"category","embeddable":true,"href":"https:\/\/beleza.artereciclada.com.br\/es\/wp-json\/wp\/v2\/categories?post=106"},{"taxonomy":"post_tag","embeddable":true,"href":"https:\/\/beleza.artereciclada.com.br\/es\/wp-json\/wp\/v2\/tags?post=106"}],"curies":[{"name":"wp","href":"https:\/\/api.w.org\/{rel}","templated":true}]}}