{"id":82,"date":"2025-02-14T08:24:47","date_gmt":"2025-02-14T14:24:47","guid":{"rendered":"https:\/\/beleza.artereciclada.com.br\/?p=82"},"modified":"2025-02-14T17:17:40","modified_gmt":"2025-02-14T20:17:40","slug":"protetor-solar","status":"publish","type":"post","link":"https:\/\/beleza.artereciclada.com.br\/en_gb\/pele\/protetor-solar\/","title":{"rendered":"Sunscreen: How to Choose and Apply It Correctly?"},"content":{"rendered":"<p>O <strong>protetor solar<\/strong> \u00e9 um dos aliados mais importantes na rotina de cuidados com a pele. Sua fun\u00e7\u00e3o vai muito al\u00e9m da simples prote\u00e7\u00e3o contra os raios ultravioletas; ele preserva a sa\u00fade da pele, previne o envelhecimento precoce e reduz o risco de c\u00e2ncer de pele. Neste artigo, abordamos de forma detalhada como escolher o <strong>protetor solar<\/strong> ideal para suas necessidades e as melhores t\u00e9cnicas de aplica\u00e7\u00e3o para garantir efic\u00e1cia m\u00e1xima.<\/p>\n\n\n\n<figure class=\"wp-block-image size-large\"><img fetchpriority=\"high\" decoding=\"async\" width=\"1024\" height=\"585\" src=\"https:\/\/beleza.artereciclada.com.br\/wp-content\/uploads\/2025\/02\/DALL\u00b7E-2025-02-14-11.20.00-A-vibrant-and-sunny-scene-featuring-a-person-holding-a-sunscreen-bottle-against-a-bright-blue-sky.-The-composition-is-clean-and-minimalistic-with-a-f-1-1024x585.webp\" alt=\"protetor solar\" class=\"wp-image-83\" srcset=\"https:\/\/beleza.artereciclada.com.br\/wp-content\/uploads\/2025\/02\/DALL\u00b7E-2025-02-14-11.20.00-A-vibrant-and-sunny-scene-featuring-a-person-holding-a-sunscreen-bottle-against-a-bright-blue-sky.-The-composition-is-clean-and-minimalistic-with-a-f-1-1024x585.webp 1024w, https:\/\/beleza.artereciclada.com.br\/wp-content\/uploads\/2025\/02\/DALL\u00b7E-2025-02-14-11.20.00-A-vibrant-and-sunny-scene-featuring-a-person-holding-a-sunscreen-bottle-against-a-bright-blue-sky.-The-composition-is-clean-and-minimalistic-with-a-f-1-300x171.webp 300w, https:\/\/beleza.artereciclada.com.br\/wp-content\/uploads\/2025\/02\/DALL\u00b7E-2025-02-14-11.20.00-A-vibrant-and-sunny-scene-featuring-a-person-holding-a-sunscreen-bottle-against-a-bright-blue-sky.-The-composition-is-clean-and-minimalistic-with-a-f-1-768x439.webp 768w, https:\/\/beleza.artereciclada.com.br\/wp-content\/uploads\/2025\/02\/DALL\u00b7E-2025-02-14-11.20.00-A-vibrant-and-sunny-scene-featuring-a-person-holding-a-sunscreen-bottle-against-a-bright-blue-sky.-The-composition-is-clean-and-minimalistic-with-a-f-1-1536x878.webp 1536w, https:\/\/beleza.artereciclada.com.br\/wp-content\/uploads\/2025\/02\/DALL\u00b7E-2025-02-14-11.20.00-A-vibrant-and-sunny-scene-featuring-a-person-holding-a-sunscreen-bottle-against-a-bright-blue-sky.-The-composition-is-clean-and-minimalistic-with-a-f-1-18x10.webp 18w, https:\/\/beleza.artereciclada.com.br\/wp-content\/uploads\/2025\/02\/DALL\u00b7E-2025-02-14-11.20.00-A-vibrant-and-sunny-scene-featuring-a-person-holding-a-sunscreen-bottle-against-a-bright-blue-sky.-The-composition-is-clean-and-minimalistic-with-a-f-1.webp 1792w\" sizes=\"(max-width: 1024px) 100vw, 1024px\" \/><\/figure>\n\n\n\n<hr class=\"wp-block-separator has-alpha-channel-opacity\"\/>\n\n\n\n<div class=\"wp-block-rank-math-toc-block\" id=\"rank-math-toc\"><h2>Index<\/h2><nav><ul><li class=\"\"><a href=\"#a-importancia-do-protetor-solar-na-rotina-de-cuidados\">A Import\u00e2ncia do Protetor Solar na Rotina de Cuidados<\/a><\/li><li class=\"\"><a href=\"#como-escolher-o-protetor-solar-ideal\">Como Escolher o Protetor Solar Ideal<\/a><ul><li class=\"\"><a href=\"#1-fator-de-protecao-solar-fps\">1. Fator de Prote\u00e7\u00e3o Solar (FPS)<\/a><\/li><li class=\"\"><a href=\"#2-tipos-de-protetor-solar\">2. Tipos de Protetor Solar<\/a><ul><li class=\"\"><a href=\"#protetor-solar-fisico-mineral\">Protetor Solar F\u00edsico (Mineral)<\/a><\/li><li class=\"\"><a href=\"#protetor-solar-quimico\">Protetor Solar Qu\u00edmico<\/a><\/li><li class=\"\"><a href=\"#protetor-solar-hibrido\">Protetor Solar H\u00edbrido<\/a><\/li><\/ul><\/li><li class=\"\"><a href=\"#3-espectro-de-protecao\">3. Espectro de Prote\u00e7\u00e3o<\/a><\/li><li class=\"\"><a href=\"#4-textura-e-sensacao-na-pele\">4. Textura e Sensa\u00e7\u00e3o na Pele<\/a><\/li><li class=\"\"><a href=\"#5-resistencia-a-agua-e-suor\">5. Resist\u00eancia \u00e0 \u00c1gua e Suor<\/a><\/li><\/ul><\/li><li class=\"\"><a href=\"#tecnicas-corretas-para-aplicacao-do-protetor-solar\">T\u00e9cnicas Corretas para Aplica\u00e7\u00e3o do Protetor Solar<\/a><ul><li class=\"\"><a href=\"#1-preparacao-da-pele\">1. Skin Preparation<\/a><\/li><li class=\"\"><a href=\"#2-quantidade-adequada\">2. Quantidade Adequada<\/a><\/li><li class=\"\"><a href=\"#3-tecnicas-de-aplicacao\">3. T\u00e9cnicas de Aplica\u00e7\u00e3o<\/a><\/li><li class=\"\"><a href=\"#4-reaplicacao\">4. Reaplica\u00e7\u00e3o<\/a><\/li><\/ul><\/li><li class=\"\"><a href=\"#dicas-para-maximizar-a-eficacia-do-protetor-solar\">Dicas para Maximizar a Efic\u00e1cia do Protetor Solar<\/a><ul><li class=\"\"><a href=\"#uso-de-acessorios-de-protecao\">Uso de Acess\u00f3rios de Prote\u00e7\u00e3o<\/a><\/li><li class=\"\"><a href=\"#ambiente-de-exposicao\">Ambiente de Exposi\u00e7\u00e3o<\/a><\/li><li class=\"\"><a href=\"#cuidados-especiais-para-criancas-e-peles-sensiveis\">Cuidados Especiais para Crian\u00e7as e Peles Sens\u00edveis<\/a><\/li><\/ul><\/li><li class=\"\"><a href=\"#estudos-e-tendencias-no-uso-do-protetor-solar\">Estudos e Tend\u00eancias no Uso do Protetor Solar<\/a><ul><li class=\"\"><a href=\"#1-formulacoes-de-nova-geracao\">1. Formula\u00e7\u00f5es de Nova Gera\u00e7\u00e3o<\/a><\/li><li class=\"\"><a href=\"#2-personalizacao-e-tecnologia\">2. Personaliza\u00e7\u00e3o e Tecnologia<\/a><\/li><\/ul><\/li><li class=\"\"><a href=\"#integracao-do-protetor-solar-na-rotina-diaria\">Integra\u00e7\u00e3o do Protetor Solar na Rotina Di\u00e1ria<\/a><ul><li class=\"\"><a href=\"#rotina-completa-de-skincare-com-protetor-solar\">Rotina Completa de Skincare com Protetor Solar<\/a><\/li><li class=\"\"><a href=\"#beneficios-de-uma-rotina-consistente\">Benef\u00edcios de uma Rotina Consistente<\/a><\/li><\/ul><\/li><li class=\"\"><a href=\"#consideracoes-finais\">Final considerations<\/a><\/li><li class=\"\"><a href=\"#fontes-de-inspiracao\">Sources of Inspiration<\/a><\/li><\/ul><\/nav><\/div>\n\n\n\n<h2 class=\"wp-block-heading\" id=\"a-importancia-do-protetor-solar-na-rotina-de-cuidados\"><strong>A Import\u00e2ncia do Protetor Solar na Rotina de Cuidados<\/strong><\/h2>\n\n\n\n<p>O uso di\u00e1rio de <strong>protetor solar<\/strong> \u00e9 indispens\u00e1vel para manter a integridade da pele, independentemente do tipo ou cor. A exposi\u00e7\u00e3o prolongada aos raios UV pode causar danos irrevers\u00edveis, como:<\/p>\n\n\n\n<ul class=\"wp-block-list\">\n<li><strong>Envelhecimento Precoce:<\/strong> Rugas, linhas de express\u00e3o e manchas s\u00e3o sinais vis\u00edveis da a\u00e7\u00e3o dos raios solares.<\/li>\n\n\n\n<li><strong>Danos \u00e0 Barreira Cut\u00e2nea:<\/strong> A radia\u00e7\u00e3o ultravioleta compromete a fun\u00e7\u00e3o protetora da pele, facilitando a entrada de agentes agressivos.<\/li>\n\n\n\n<li><strong>Risco de C\u00e2ncer de Pele:<\/strong> A exposi\u00e7\u00e3o sem prote\u00e7\u00e3o aumenta significativamente a probabilidade de desenvolvimento de les\u00f5es pr\u00e9-cancerosas e c\u00e2ncer cut\u00e2neo.<\/li>\n<\/ul>\n\n\n\n<p>Portanto, incorporar o <strong>protetor solar<\/strong> na rotina di\u00e1ria n\u00e3o \u00e9 apenas uma quest\u00e3o est\u00e9tica, mas uma medida preventiva essencial para a sa\u00fade.<\/p>\n\n\n\n<hr class=\"wp-block-separator has-alpha-channel-opacity\"\/>\n\n\n\n<h2 class=\"wp-block-heading\" id=\"como-escolher-o-protetor-solar-ideal\"><strong>Como Escolher o Protetor Solar Ideal<\/strong><\/h2>\n\n\n\n<p>A sele\u00e7\u00e3o de um <strong>protetor solar<\/strong> adequado deve levar em conta diversos fatores, como tipo de pele, intensidade da exposi\u00e7\u00e3o solar e necessidades espec\u00edficas de cada pessoa. A seguir, detalhamos os crit\u00e9rios para uma escolha consciente.<\/p>\n\n\n\n<h3 class=\"wp-block-heading\" id=\"1-fator-de-protecao-solar-fps\"><strong>1. Fator de Prote\u00e7\u00e3o Solar (FPS)<\/strong><\/h3>\n\n\n\n<p>O FPS indica o grau de prote\u00e7\u00e3o que o produto oferece contra os raios UVB, os principais respons\u00e1veis pelas queimaduras solares.<\/p>\n\n\n\n<ul class=\"wp-block-list\">\n<li><strong>Recomenda\u00e7\u00e3o Geral:<\/strong> Um FPS m\u00ednimo de 30 \u00e9 indicado para a maioria dos casos.<\/li>\n\n\n\n<li><strong>Pele Sens\u00edvel ou com Hist\u00f3rico de Queimaduras:<\/strong> Pode ser necess\u00e1rio um FPS mais elevado, como 50 ou superior.<\/li>\n<\/ul>\n\n\n\n<h3 class=\"wp-block-heading\" id=\"2-tipos-de-protetor-solar\"><strong>2. Tipos de Protetor Solar<\/strong><\/h3>\n\n\n\n<p>The <strong>protetores solares<\/strong> podem ser classificados de acordo com sua formula\u00e7\u00e3o e modo de a\u00e7\u00e3o:<\/p>\n\n\n\n<h4 class=\"wp-block-heading\" id=\"protetor-solar-fisico-mineral\"><strong>Protetor Solar F\u00edsico (Mineral)<\/strong><\/h4>\n\n\n\n<ul class=\"wp-block-list\">\n<li><strong>Composi\u00e7\u00e3o:<\/strong> Cont\u00e9m ingredientes como \u00f3xido de zinco e di\u00f3xido de tit\u00e2nio.<\/li>\n\n\n\n<li><strong>Mecanismo:<\/strong> Forma uma barreira na superf\u00edcie da pele, refletindo os raios solares.<\/li>\n\n\n\n<li><strong>Indicado Para:<\/strong> Peles sens\u00edveis, pois causa menos irrita\u00e7\u00e3o e \u00e9 menos propenso a rea\u00e7\u00f5es al\u00e9rgicas.<\/li>\n<\/ul>\n\n\n\n<h4 class=\"wp-block-heading\" id=\"protetor-solar-quimico\"><strong>Protetor Solar Qu\u00edmico<\/strong><\/h4>\n\n\n\n<ul class=\"wp-block-list\">\n<li><strong>Composi\u00e7\u00e3o:<\/strong> Possui ingredientes ativos como avobenzona, octocrileno e oxibenzona.<\/li>\n\n\n\n<li><strong>Mecanismo:<\/strong> Absorve os raios UV e os converte em energia t\u00e9rmica, que \u00e9 dissipada pela pele.<\/li>\n\n\n\n<li><strong>Indicado Para:<\/strong> Peles com tend\u00eancia \u00e0 oleosidade, pois geralmente t\u00eam uma textura mais leve e s\u00e3o de f\u00e1cil absor\u00e7\u00e3o.<\/li>\n<\/ul>\n\n\n\n<h4 class=\"wp-block-heading\" id=\"protetor-solar-hibrido\"><strong>Protetor Solar H\u00edbrido<\/strong><\/h4>\n\n\n\n<ul class=\"wp-block-list\">\n<li><strong>Combina\u00e7\u00e3o:<\/strong> Une os benef\u00edcios dos filtros f\u00edsicos e qu\u00edmicos.<\/li>\n\n\n\n<li><strong>Advantages:<\/strong> Oferece prote\u00e7\u00e3o ampla com boa aceita\u00e7\u00e3o para diferentes tipos de pele.<\/li>\n<\/ul>\n\n\n\n<h3 class=\"wp-block-heading\" id=\"3-espectro-de-protecao\"><strong>3. Espectro de Prote\u00e7\u00e3o<\/strong><\/h3>\n\n\n\n<p>One <strong>protetor solar<\/strong> de qualidade deve oferecer prote\u00e7\u00e3o de amplo espectro, ou seja, contra os raios UVA e UVB.<\/p>\n\n\n\n<ul class=\"wp-block-list\">\n<li><strong>UVB:<\/strong> Respons\u00e1veis por causar queimaduras solares.<\/li>\n\n\n\n<li><strong>UVA:<\/strong> Penetram mais profundamente na pele, contribuindo para o envelhecimento precoce e danos \u00e0 estrutura cut\u00e2nea.<\/li>\n<\/ul>\n\n\n\n<h3 class=\"wp-block-heading\" id=\"4-textura-e-sensacao-na-pele\"><strong>4. Textura e Sensa\u00e7\u00e3o na Pele<\/strong><\/h3>\n\n\n\n<p>A escolha da textura do <strong>protetor solar<\/strong> depende do seu tipo de pele e das prefer\u00eancias pessoais:<\/p>\n\n\n\n<ul class=\"wp-block-list\">\n<li><strong>Pele Oleosa\/Mista:<\/strong> Opte por f\u00f3rmulas oil-free, em gel ou lo\u00e7\u00e3o, que proporcionem acabamento matte e n\u00e3o obstruam os poros.<\/li>\n\n\n\n<li><strong>Pele Seca:<\/strong> Cremes com maior concentra\u00e7\u00e3o de emolientes ajudam a manter a hidrata\u00e7\u00e3o e a suavidade da pele.<\/li>\n\n\n\n<li><strong>Pele Sens\u00edvel:<\/strong> Produtos sem fragr\u00e2ncia e hipoalerg\u00eanicos minimizam o risco de irrita\u00e7\u00e3o.<\/li>\n<\/ul>\n\n\n\n<h3 class=\"wp-block-heading\" id=\"5-resistencia-a-agua-e-suor\"><strong>5. Resist\u00eancia \u00e0 \u00c1gua e Suor<\/strong><\/h3>\n\n\n\n<p>Para atividades ao ar livre ou para quem pratica esportes, \u00e9 fundamental escolher um <strong>protetor solar<\/strong> resistente \u00e0 \u00e1gua e ao suor.<\/p>\n\n\n\n<ul class=\"wp-block-list\">\n<li><strong>Rotulagem:<\/strong> Procure produtos com a indica\u00e7\u00e3o &#8220;water-resistant&#8221; ou &#8220;resistente \u00e0 \u00e1gua&#8221;.<\/li>\n\n\n\n<li><strong>Reaplica\u00e7\u00e3o:<\/strong> Mesmo com f\u00f3rmulas resistentes, a reaplica\u00e7\u00e3o a cada duas horas ou ap\u00f3s contato com a \u00e1gua \u00e9 essencial para manter a prote\u00e7\u00e3o.<\/li>\n<\/ul>\n\n\n\n<hr class=\"wp-block-separator has-alpha-channel-opacity\"\/>\n\n\n\n<h2 class=\"wp-block-heading\" id=\"tecnicas-corretas-para-aplicacao-do-protetor-solar\"><strong>T\u00e9cnicas Corretas para Aplica\u00e7\u00e3o do Protetor Solar<\/strong><\/h2>\n\n\n\n<p>Uma aplica\u00e7\u00e3o correta do <strong>protetor solar<\/strong> potencializa seus benef\u00edcios e garante prote\u00e7\u00e3o cont\u00ednua durante a exposi\u00e7\u00e3o ao sol.<\/p>\n\n\n\n<h3 class=\"wp-block-heading\" id=\"1-preparacao-da-pele\"><strong>1. Skin Preparation<\/strong><\/h3>\n\n\n\n<ul class=\"wp-block-list\">\n<li><strong>Cleaning:<\/strong> Inicie a rotina com uma limpeza adequada para remover impurezas e res\u00edduos de maquiagem. Uma pele limpa potencializa a absor\u00e7\u00e3o do produto.<\/li>\n\n\n\n<li><strong>Moisturising:<\/strong> Se utilizar hidratante, deixe-o absorver completamente antes de aplicar o <strong>protetor solar<\/strong>.<\/li>\n<\/ul>\n\n\n\n<h3 class=\"wp-block-heading\" id=\"2-quantidade-adequada\"><strong>2. Quantidade Adequada<\/strong><\/h3>\n\n\n\n<ul class=\"wp-block-list\">\n<li><strong>Regra Geral:<\/strong> A quantidade recomendada \u00e9 de aproximadamente 2mg de produto por cent\u00edmetro quadrado de pele.<\/li>\n\n\n\n<li><strong>Aplica\u00e7\u00e3o Total:<\/strong> Para o rosto, pescoce e pesco\u00e7o, utilize uma quantidade generosa para garantir uma camada uniforme e protetora.<\/li>\n<\/ul>\n\n\n\n<h3 class=\"wp-block-heading\" id=\"3-tecnicas-de-aplicacao\"><strong>3. T\u00e9cnicas de Aplica\u00e7\u00e3o<\/strong><\/h3>\n\n\n\n<ul class=\"wp-block-list\">\n<li><strong>Movimentos Suaves:<\/strong> Distribua o produto com movimentos circulares e leves, garantindo que todas as \u00e1reas expostas estejam cobertas.<\/li>\n\n\n\n<li><strong>N\u00e3o Esquecer as \u00c1reas Sens\u00edveis:<\/strong> L\u00e1bios, orelhas, pesco\u00e7o e a parte superior do peito s\u00e3o \u00e1reas frequentemente negligenciadas, mas que tamb\u00e9m necessitam de prote\u00e7\u00e3o.<\/li>\n\n\n\n<li><strong>Camada Final:<\/strong> Para melhores resultados, aplique o <strong>protetor solar<\/strong> como o \u00faltimo passo da sua rotina de cuidados, antes de se expor ao sol.<\/li>\n<\/ul>\n\n\n\n<h3 class=\"wp-block-heading\" id=\"4-reaplicacao\"><strong>4. Reaplica\u00e7\u00e3o<\/strong><\/h3>\n\n\n\n<ul class=\"wp-block-list\">\n<li><strong>Frequency:<\/strong> Reaplique a cada duas horas, especialmente se estiver exposto \u00e0 luz solar intensa ou se tiver suado.<\/li>\n\n\n\n<li><strong>Ap\u00f3s o Contato com \u00c1gua:<\/strong> Mesmo que o produto seja resistente \u00e0 \u00e1gua, \u00e9 importante reaplicar logo ap\u00f3s nadar ou suar excessivamente.<\/li>\n<\/ul>\n\n\n\n<hr class=\"wp-block-separator has-alpha-channel-opacity\"\/>\n\n\n\n<h2 class=\"wp-block-heading\" id=\"dicas-para-maximizar-a-eficacia-do-protetor-solar\"><strong>Dicas para Maximizar a Efic\u00e1cia do Protetor Solar<\/strong><\/h2>\n\n\n\n<p>Para garantir que o <strong>protetor solar<\/strong> cumpra sua fun\u00e7\u00e3o de prote\u00e7\u00e3o de maneira eficaz, algumas pr\u00e1ticas complementares podem ser adotadas:<\/p>\n\n\n\n<h3 class=\"wp-block-heading\" id=\"uso-de-acessorios-de-protecao\"><strong>Uso de Acess\u00f3rios de Prote\u00e7\u00e3o<\/strong><\/h3>\n\n\n\n<ul class=\"wp-block-list\">\n<li><strong>Chap\u00e9us e Bon\u00e9s:<\/strong> A utiliza\u00e7\u00e3o de chap\u00e9us de abas largas e bon\u00e9s amplia a prote\u00e7\u00e3o, especialmente no rosto e pesco\u00e7o.<\/li>\n\n\n\n<li><strong>\u00d3culos de Sol:<\/strong> Protegem os olhos e a pele ao redor, que tamb\u00e9m \u00e9 suscet\u00edvel aos danos dos raios UV.<\/li>\n\n\n\n<li><strong>Roupas com Fator de Prote\u00e7\u00e3o:<\/strong> Tecidos com prote\u00e7\u00e3o solar integrada oferecem uma camada extra contra a radia\u00e7\u00e3o.<\/li>\n<\/ul>\n\n\n\n<h3 class=\"wp-block-heading\" id=\"ambiente-de-exposicao\"><strong>Ambiente de Exposi\u00e7\u00e3o<\/strong><\/h3>\n\n\n\n<ul class=\"wp-block-list\">\n<li><strong>Sombra:<\/strong> Sempre que poss\u00edvel, prefira ambientes sombreados para reduzir a exposi\u00e7\u00e3o direta ao sol.<\/li>\n\n\n\n<li><strong>Hor\u00e1rios de Pico:<\/strong> Evite a exposi\u00e7\u00e3o solar entre 10h e 16h, quando os raios UV est\u00e3o mais intensos.<\/li>\n<\/ul>\n\n\n\n<h3 class=\"wp-block-heading\" id=\"cuidados-especiais-para-criancas-e-peles-sensiveis\"><strong>Cuidados Especiais para Crian\u00e7as e Peles Sens\u00edveis<\/strong><\/h3>\n\n\n\n<ul class=\"wp-block-list\">\n<li><strong>Produtos Espec\u00edficos:<\/strong> Utilize <strong>protetores solares<\/strong> formulados para peles sens\u00edveis e para crian\u00e7as, que costumam ser mais suaves e hipoalerg\u00eanicos.<\/li>\n\n\n\n<li><strong>Aplica\u00e7\u00e3o Redobrada:<\/strong> Aplique o produto em camadas finas e uniformes, sempre verificando a rea\u00e7\u00e3o da pele e ajustando conforme necess\u00e1rio.<\/li>\n<\/ul>\n\n\n\n<hr class=\"wp-block-separator has-alpha-channel-opacity\"\/>\n\n\n\n<h2 class=\"wp-block-heading\" id=\"estudos-e-tendencias-no-uso-do-protetor-solar\"><strong>Estudos e Tend\u00eancias no Uso do Protetor Solar<\/strong><\/h2>\n\n\n\n<p>A inova\u00e7\u00e3o no segmento de <strong>protetor solar<\/strong> tem avan\u00e7ado significativamente, com novas tecnologias e formula\u00e7\u00f5es que visam maior efic\u00e1cia e conforto.<\/p>\n\n\n\n<h3 class=\"wp-block-heading\" id=\"1-formulacoes-de-nova-geracao\"><strong>1. Formula\u00e7\u00f5es de Nova Gera\u00e7\u00e3o<\/strong><\/h3>\n\n\n\n<ul class=\"wp-block-list\">\n<li><strong>Nanotecnologia:<\/strong> O uso de part\u00edculas em nanoescala permite uma distribui\u00e7\u00e3o mais uniforme e uma melhor penetra\u00e7\u00e3o dos filtros, aumentando a efici\u00eancia sem deixar res\u00edduos vis\u00edveis.<\/li>\n\n\n\n<li><strong>Ingredientes Naturais:<\/strong> A incorpora\u00e7\u00e3o de extratos bot\u00e2nicos e antioxidantes potencializa a prote\u00e7\u00e3o contra os danos ambientais e promove benef\u00edcios adicionais, como a regenera\u00e7\u00e3o celular.<\/li>\n<\/ul>\n\n\n\n<h3 class=\"wp-block-heading\" id=\"2-personalizacao-e-tecnologia\"><strong>2. Personaliza\u00e7\u00e3o e Tecnologia<\/strong><\/h3>\n\n\n\n<ul class=\"wp-block-list\">\n<li><strong>Testes de An\u00e1lise Cut\u00e2nea:<\/strong> Avan\u00e7os em tecnologia permitiram o desenvolvimento de <strong>protetores solares<\/strong> personalizados, baseados na an\u00e1lise da pele e no n\u00edvel de exposi\u00e7\u00e3o ao sol.<\/li>\n\n\n\n<li><strong>Apps e Dispositivos:<\/strong> Aplicativos que monitoram a exposi\u00e7\u00e3o solar e lembram a reaplica\u00e7\u00e3o do produto ajudam a manter a rotina de prote\u00e7\u00e3o de forma consistente e eficaz.<\/li>\n<\/ul>\n\n\n\n<hr class=\"wp-block-separator has-alpha-channel-opacity\"\/>\n\n\n\n<h2 class=\"wp-block-heading\" id=\"integracao-do-protetor-solar-na-rotina-diaria\"><strong>Integra\u00e7\u00e3o do Protetor Solar na Rotina Di\u00e1ria<\/strong><\/h2>\n\n\n\n<p>Para obter o m\u00e1ximo dos benef\u00edcios do <strong>protetor solar<\/strong>, \u00e9 importante que sua aplica\u00e7\u00e3o seja parte integral da rotina di\u00e1ria de cuidados com a pele.<\/p>\n\n\n\n<h3 class=\"wp-block-heading\" id=\"rotina-completa-de-skincare-com-protetor-solar\"><strong>Rotina Completa de Skincare com Protetor Solar<\/strong><\/h3>\n\n\n\n<ol class=\"wp-block-list\">\n<li><strong>Cleaning:<\/strong> Utilize um sabonete ou gel de limpeza para remover impurezas e preparar a pele.<\/li>\n\n\n\n<li><strong>T\u00f4nico e S\u00e9rum:<\/strong> Aplique um t\u00f4nico facial para equilibrar o pH e, em seguida, um s\u00e9rum com ativos antioxidantes para potencializar a prote\u00e7\u00e3o.<\/li>\n\n\n\n<li><strong>Moisturising:<\/strong> Use um hidratante adequado ao seu tipo de pele para manter a barreira cut\u00e2nea saud\u00e1vel.<\/li>\n\n\n\n<li><strong>Sunscreen:<\/strong> Finalize com o <strong>protetor solar<\/strong>, garantindo uma cobertura uniforme e eficaz.<\/li>\n\n\n\n<li><strong>Reaplica\u00e7\u00e3o:<\/strong> Se a exposi\u00e7\u00e3o for prolongada, lembre-se de reaplicar o produto a cada duas horas.<\/li>\n<\/ol>\n\n\n\n<h3 class=\"wp-block-heading\" id=\"beneficios-de-uma-rotina-consistente\"><strong>Benef\u00edcios de uma Rotina Consistente<\/strong><\/h3>\n\n\n\n<ul class=\"wp-block-list\">\n<li><strong>Prote\u00e7\u00e3o Cont\u00ednua:<\/strong> A integra\u00e7\u00e3o do <strong>protetor solar<\/strong> em sua rotina di\u00e1ria minimiza os danos causados pelos raios UV, protegendo a pele ao longo do dia.<\/li>\n\n\n\n<li><strong>Preven\u00e7\u00e3o do Envelhecimento:<\/strong> O uso regular ajuda a prevenir rugas, manchas e outros sinais de envelhecimento precoce.<\/li>\n\n\n\n<li><strong>Sa\u00fade da Pele:<\/strong> Al\u00e9m de proteger, o <strong>protetor solar<\/strong> contribui para a manuten\u00e7\u00e3o da hidrata\u00e7\u00e3o e integridade da barreira cut\u00e2nea.<\/li>\n<\/ul>\n\n\n\n<hr class=\"wp-block-separator has-alpha-channel-opacity\"\/>\n\n\n\n<h2 class=\"wp-block-heading\" id=\"consideracoes-finais\"><strong>Final considerations<\/strong><\/h2>\n\n\n\n<p>A escolha e a aplica\u00e7\u00e3o correta do <strong>protetor solar<\/strong> s\u00e3o etapas fundamentais para uma rotina de cuidados eficaz e para a manuten\u00e7\u00e3o da sa\u00fade da pele a longo prazo. Ao selecionar um produto adequado, considerando FPS, tipo de f\u00f3rmula, espectro de prote\u00e7\u00e3o e textura, voc\u00ea garante que sua pele esteja protegida contra os efeitos nocivos dos raios UV. Al\u00e9m disso, a t\u00e9cnica de aplica\u00e7\u00e3o \u2013 desde a prepara\u00e7\u00e3o da pele at\u00e9 a reaplica\u00e7\u00e3o \u2013 \u00e9 crucial para maximizar os benef\u00edcios e assegurar uma prote\u00e7\u00e3o cont\u00ednua.<\/p>\n\n\n\n<p>We at <strong>Beauty Art<\/strong>, refor\u00e7amos que o <strong>protetor solar<\/strong> n\u00e3o deve ser encarado apenas como um item de ver\u00e3o, mas sim como um componente indispens\u00e1vel na rotina di\u00e1ria de cuidados com a pele. Investir em um produto de qualidade e seguir as melhores pr\u00e1ticas de aplica\u00e7\u00e3o s\u00e3o atitudes essenciais para prevenir o envelhecimento precoce, proteger contra danos ambientais e promover uma apar\u00eancia saud\u00e1vel e radiante.<\/p>\n\n\n\n<p>Para mais dicas sobre cuidados com a pele e produtos de alta qualidade, convidamos voc\u00ea a visitar nosso site e acompanhar nossas redes sociais. Manter-se informado e adaptar a rotina \u00e0s necessidades individuais \u00e9 o primeiro passo para uma pele protegida, bonita e bem cuidada.<\/p>\n\n\n\n<hr class=\"wp-block-separator has-alpha-channel-opacity\"\/>\n\n\n\n<h2 class=\"wp-block-heading\" id=\"fontes-de-inspiracao\"><strong>Sources of Inspiration<\/strong><\/h2>\n\n\n\n<p>Este artigo foi desenvolvido com base em experi\u00eancias pessoais, pesquisas de tend\u00eancias e pr\u00e1ticas recomendadas no universo do cuidado com a pele. As orienta\u00e7\u00f5es aqui apresentadas visam oferecer informa\u00e7\u00f5es precisas e atualizadas para que voc\u00ea possa escolher e aplicar seu <strong>protetor solar<\/strong> de forma correta e eficaz.<\/p>\n\n\n\n<p>Ao adotar essas pr\u00e1ticas, voc\u00ea estar\u00e1 investindo na sa\u00fade da sua pele, prevenindo danos e garantindo uma prote\u00e7\u00e3o constante contra os efeitos nocivos do sol. Lembre-se: a preven\u00e7\u00e3o \u00e9 o melhor caminho para manter a juventude e a vitalidade da sua pele ao longo dos anos.<\/p>\n\n\n\n<p><a href=\"https:\/\/www.youtube.com\/watch?v=GFWxMmWpmXY\" target=\"_blank\" rel=\"noopener\">Video Suggestion<\/a><\/p>\n\n\n\n<p><\/p>","protected":false},"excerpt":{"rendered":"<p>O protetor solar \u00e9 um dos aliados mais importantes na rotina de cuidados com a pele. Sua fun\u00e7\u00e3o vai muito al\u00e9m da simples prote\u00e7\u00e3o contra os raios ultravioletas; ele preserva a sa\u00fade da pele, previne o envelhecimento precoce e reduz o risco de c\u00e2ncer de pele. Neste artigo, abordamos de forma detalhada como escolher o [&hellip;]<\/p>","protected":false},"author":4,"featured_media":83,"comment_status":"open","ping_status":"open","sticky":false,"template":"","format":"standard","meta":{"footnotes":""},"categories":[5],"tags":[],"class_list":["post-82","post","type-post","status-publish","format-standard","has-post-thumbnail","hentry","category-pele"],"blocksy_meta":[],"_links":{"self":[{"href":"https:\/\/beleza.artereciclada.com.br\/en_gb\/wp-json\/wp\/v2\/posts\/82","targetHints":{"allow":["GET"]}}],"collection":[{"href":"https:\/\/beleza.artereciclada.com.br\/en_gb\/wp-json\/wp\/v2\/posts"}],"about":[{"href":"https:\/\/beleza.artereciclada.com.br\/en_gb\/wp-json\/wp\/v2\/types\/post"}],"author":[{"embeddable":true,"href":"https:\/\/beleza.artereciclada.com.br\/en_gb\/wp-json\/wp\/v2\/users\/4"}],"replies":[{"embeddable":true,"href":"https:\/\/beleza.artereciclada.com.br\/en_gb\/wp-json\/wp\/v2\/comments?post=82"}],"version-history":[{"count":3,"href":"https:\/\/beleza.artereciclada.com.br\/en_gb\/wp-json\/wp\/v2\/posts\/82\/revisions"}],"predecessor-version":[{"id":242,"href":"https:\/\/beleza.artereciclada.com.br\/en_gb\/wp-json\/wp\/v2\/posts\/82\/revisions\/242"}],"wp:featuredmedia":[{"embeddable":true,"href":"https:\/\/beleza.artereciclada.com.br\/en_gb\/wp-json\/wp\/v2\/media\/83"}],"wp:attachment":[{"href":"https:\/\/beleza.artereciclada.com.br\/en_gb\/wp-json\/wp\/v2\/media?parent=82"}],"wp:term":[{"taxonomy":"category","embeddable":true,"href":"https:\/\/beleza.artereciclada.com.br\/en_gb\/wp-json\/wp\/v2\/categories?post=82"},{"taxonomy":"post_tag","embeddable":true,"href":"https:\/\/beleza.artereciclada.com.br\/en_gb\/wp-json\/wp\/v2\/tags?post=82"}],"curies":[{"name":"wp","href":"https:\/\/api.w.org\/{rel}","templated":true}]}}