{"id":181,"date":"2025-02-14T11:39:20","date_gmt":"2025-02-14T17:39:20","guid":{"rendered":"https:\/\/beleza.artereciclada.com.br\/?p=181"},"modified":"2025-02-14T17:01:22","modified_gmt":"2025-02-14T20:01:22","slug":"tendencias-maquiagem","status":"publish","type":"post","link":"https:\/\/beleza.artereciclada.com.br\/en_gb\/maquiagem\/tendencias-maquiagem\/","title":{"rendered":"Make-up Trends: Make-up Trends for Every Season of the Year"},"content":{"rendered":"<p>O universo da beleza est\u00e1 em constante transforma\u00e7\u00e3o, e as <strong>tend\u00eancias maquiagem<\/strong> acompanham o ritmo das esta\u00e7\u00f5es do ano, refletindo n\u00e3o apenas as mudan\u00e7as clim\u00e1ticas, mas tamb\u00e9m as influ\u00eancias culturais e art\u00edsticas de cada per\u00edodo. Cada esta\u00e7\u00e3o traz suas pr\u00f3prias inspira\u00e7\u00f5es, paletas de cores e t\u00e9cnicas que podem ser incorporadas \u00e0 sua rotina de maquiagem para criar looks modernos, sofisticados e que realcem a sua personalidade. Neste artigo, exploraremos as principais tend\u00eancias de maquiagem para a primavera, ver\u00e3o, outono e inverno, oferecendo dicas valiosas para que voc\u00ea possa adaptar seu visual de acordo com cada esta\u00e7\u00e3o e se manter atualizada com as <strong>tend\u00eancias maquiagem<\/strong>.<\/p>\n\n\n\n<figure class=\"wp-block-image size-large\"><img fetchpriority=\"high\" decoding=\"async\" width=\"1024\" height=\"585\" src=\"https:\/\/beleza.artereciclada.com.br\/wp-content\/uploads\/2025\/02\/DALL\u00b7E-2025-02-14-14.34.12-A-stylish-and-modern-composition-showcasing-makeup-trends-for-each-season-of-the-year.-The-image-features-four-different-makeup-looks-representing-spr-1-1024x585.webp\" alt=\"Tend\u00eancias maquiagem\" class=\"wp-image-182\" srcset=\"https:\/\/beleza.artereciclada.com.br\/wp-content\/uploads\/2025\/02\/DALL\u00b7E-2025-02-14-14.34.12-A-stylish-and-modern-composition-showcasing-makeup-trends-for-each-season-of-the-year.-The-image-features-four-different-makeup-looks-representing-spr-1-1024x585.webp 1024w, https:\/\/beleza.artereciclada.com.br\/wp-content\/uploads\/2025\/02\/DALL\u00b7E-2025-02-14-14.34.12-A-stylish-and-modern-composition-showcasing-makeup-trends-for-each-season-of-the-year.-The-image-features-four-different-makeup-looks-representing-spr-1-300x171.webp 300w, https:\/\/beleza.artereciclada.com.br\/wp-content\/uploads\/2025\/02\/DALL\u00b7E-2025-02-14-14.34.12-A-stylish-and-modern-composition-showcasing-makeup-trends-for-each-season-of-the-year.-The-image-features-four-different-makeup-looks-representing-spr-1-768x439.webp 768w, https:\/\/beleza.artereciclada.com.br\/wp-content\/uploads\/2025\/02\/DALL\u00b7E-2025-02-14-14.34.12-A-stylish-and-modern-composition-showcasing-makeup-trends-for-each-season-of-the-year.-The-image-features-four-different-makeup-looks-representing-spr-1-1536x878.webp 1536w, https:\/\/beleza.artereciclada.com.br\/wp-content\/uploads\/2025\/02\/DALL\u00b7E-2025-02-14-14.34.12-A-stylish-and-modern-composition-showcasing-makeup-trends-for-each-season-of-the-year.-The-image-features-four-different-makeup-looks-representing-spr-1-18x10.webp 18w, https:\/\/beleza.artereciclada.com.br\/wp-content\/uploads\/2025\/02\/DALL\u00b7E-2025-02-14-14.34.12-A-stylish-and-modern-composition-showcasing-makeup-trends-for-each-season-of-the-year.-The-image-features-four-different-makeup-looks-representing-spr-1.webp 1792w\" sizes=\"(max-width: 1024px) 100vw, 1024px\" \/><\/figure>\n\n\n\n<div class=\"wp-block-rank-math-toc-block\" id=\"rank-math-toc\"><h2>Table of Contents<\/h2><nav><ul><li><a href=\"#por-que-as-tendencias-de-maquiagem-variam-com-as-estacoes\">Por Que as Tend\u00eancias de Maquiagem Variam com as Esta\u00e7\u00f5es?<\/a><\/li><li><a href=\"#maquiagem-na-primavera-frescor-e-renovacao\">Maquiagem na Primavera: Frescor e Renova\u00e7\u00e3o<\/a><ul><li><a href=\"#paleta-de-cores\">Paleta de Cores<\/a><\/li><li><a href=\"#produtos-e-tecnicas\">Produtos e T\u00e9cnicas<\/a><\/li><li><a href=\"#dicas-de-aplicacao\">Dicas de Aplica\u00e7\u00e3o<\/a><\/li><\/ul><\/li><li><a href=\"#maquiagem-no-verao-leveza-e-resiliencia\">Maquiagem no Ver\u00e3o: Leveza e Resili\u00eancia<\/a><ul><li><a href=\"#paleta-de-cores-1\">Paleta de Cores<\/a><\/li><li><a href=\"#produtos-e-tecnicas-2\">Produtos e T\u00e9cnicas<\/a><\/li><li><a href=\"#dicas-de-aplicacao-3\">Dicas de Aplica\u00e7\u00e3o<\/a><\/li><\/ul><\/li><li><a href=\"#maquiagem-no-outono-elegancia-e-sofisticacao\">Maquiagem no Outono: Eleg\u00e2ncia e Sofistica\u00e7\u00e3o<\/a><ul><li><a href=\"#paleta-de-cores-4\">Paleta de Cores<\/a><\/li><li><a href=\"#produtos-e-tecnicas-5\">Produtos e T\u00e9cnicas<\/a><\/li><li><a href=\"#dicas-de-aplicacao-6\">Dicas de Aplica\u00e7\u00e3o<\/a><\/li><\/ul><\/li><li><a href=\"#maquiagem-no-inverno-intensidade-e-dramaticidade-suave\">Maquiagem no Inverno: Intensidade e Dramaticidade Suave<\/a><ul><li><a href=\"#paleta-de-cores-7\">Paleta de Cores<\/a><\/li><li><a href=\"#produtos-e-tecnicas-8\">Produtos e T\u00e9cnicas<\/a><\/li><li><a href=\"#dicas-de-aplicacao-9\">Dicas de Aplica\u00e7\u00e3o<\/a><\/li><\/ul><\/li><li><a href=\"#conclusao\">Conclusion<\/a><\/li><li><a href=\"#fontes-de-inspiracao\">Sources of Inspiration<\/a><\/li><\/ul><\/nav><\/div>\n\n\n\n<h2 class=\"wp-block-heading\" id=\"por-que-as-tendencias-de-maquiagem-variam-com-as-estacoes\"><strong>Por Que as Tend\u00eancias de Maquiagem Variam com as Esta\u00e7\u00f5es?<\/strong><\/h2>\n\n\n\n<p>The <strong>tend\u00eancias maquiagem<\/strong> s\u00e3o influenciadas por diversos fatores, entre eles:<\/p>\n\n\n\n<ul class=\"wp-block-list\">\n<li><strong>Clima e Ambiente:<\/strong> As condi\u00e7\u00f5es clim\u00e1ticas afetam a pele e os cabelos. Em esta\u00e7\u00f5es mais quentes, a maquiagem tende a ser mais leve e resistente ao calor, enquanto em esta\u00e7\u00f5es frias, produtos que promovem hidrata\u00e7\u00e3o e prote\u00e7\u00e3o contra o ressecamento ganham destaque.<\/li>\n\n\n\n<li><strong>Paletas de Cores:<\/strong> Cada esta\u00e7\u00e3o inspira uma paleta de cores distinta. Tons past\u00e9is e florais marcam a primavera, cores vibrantes e tropicais definem o ver\u00e3o, tons terrosos e quentes caracterizam o outono, e tons profundos e sofisticados s\u00e3o a marca do inverno.<\/li>\n\n\n\n<li><strong>Influ\u00eancias Culturais e Moda:<\/strong> As cole\u00e7\u00f5es de moda de cada esta\u00e7\u00e3o influenciam diretamente as escolhas de maquiagem. Desfiles, editoriais e campanhas publicit\u00e1rias definem as tend\u00eancias que chegam ao mercado e s\u00e3o adaptadas ao gosto pessoal.<\/li>\n\n\n\n<li><strong>Tecnologia e Inova\u00e7\u00e3o:<\/strong> O avan\u00e7o tecnol\u00f3gico na ind\u00fastria cosm\u00e9tica permite o desenvolvimento de produtos que se adaptam \u00e0s necessidades espec\u00edficas de cada esta\u00e7\u00e3o, garantindo maior durabilidade e conforto.<\/li>\n<\/ul>\n\n\n\n<p>Compreender esses fatores \u00e9 essencial para aproveitar ao m\u00e1ximo as <strong>tend\u00eancias maquiagem<\/strong> e escolher os produtos e t\u00e9cnicas ideais para cada \u00e9poca do ano.<\/p>\n\n\n\n<hr class=\"wp-block-separator has-alpha-channel-opacity\"\/>\n\n\n\n<h2 class=\"wp-block-heading\" id=\"maquiagem-na-primavera-frescor-e-renovacao\"><strong>Maquiagem na Primavera: Frescor e Renova\u00e7\u00e3o<\/strong><\/h2>\n\n\n\n<p>A primavera \u00e9 a esta\u00e7\u00e3o do renascimento e da renova\u00e7\u00e3o. A natureza se enche de cores suaves, flores desabrocham e o clima ameno convida a looks leves e naturais. As <strong>tend\u00eancias maquiagem<\/strong> para a primavera enfatizam o frescor e a luminosidade.<\/p>\n\n\n\n<h3 class=\"wp-block-heading\" id=\"paleta-de-cores\"><strong>Paleta de Cores<\/strong><\/h3>\n\n\n\n<ul class=\"wp-block-list\">\n<li><strong>Tons Pastel:<\/strong> Rosas, lilases, azuis claros e verdes menta s\u00e3o escolhas populares para sombras, blushes e batons.<\/li>\n\n\n\n<li><strong>Cores Suaves:<\/strong> Tons neutros com um toque de brilho, como bege perolado e champanhe, s\u00e3o ideais para real\u00e7ar a beleza natural.<\/li>\n<\/ul>\n\n\n\n<h3 class=\"wp-block-heading\" id=\"produtos-e-tecnicas\"><strong>Produtos e T\u00e9cnicas<\/strong><\/h3>\n\n\n\n<ul class=\"wp-block-list\">\n<li><strong>Primer Iluminador:<\/strong> Para garantir uma base radiante, use um primer com part\u00edculas iluminadoras que d\u00eaem \u00e0 pele um aspecto fresco e luminoso.<\/li>\n\n\n\n<li><strong>Bases Leves e L\u00edquidas:<\/strong> Prefira bases de cobertura leve ou m\u00e9dia com acabamento natural, que permitam \u00e0 pele respirar e mantenham o visual suave.<\/li>\n\n\n\n<li><strong>Blush em Creme:<\/strong> Blushes em creme s\u00e3o perfeitos para a primavera, pois se fundem com a pele, criando um efeito &#8220;rosa natural&#8221; que imita o brilho da juventude.<\/li>\n\n\n\n<li><strong>Iluminador Sutil:<\/strong> Aplique iluminador nos pontos altos do rosto, como t\u00eamporas e arco do cupido, para criar um efeito de luz natural e destacar os tra\u00e7os.<\/li>\n<\/ul>\n\n\n\n<h3 class=\"wp-block-heading\" id=\"dicas-de-aplicacao\"><strong>Dicas de Aplica\u00e7\u00e3o<\/strong><\/h3>\n\n\n\n<ul class=\"wp-block-list\">\n<li><strong>Look Natural:<\/strong> Menos \u00e9 mais. Opte por uma maquiagem que realce sua beleza sem parecer carregada.<\/li>\n\n\n\n<li><strong>Pele Bem Preparada:<\/strong> Invista em uma boa rotina de cuidados com a pele para garantir uma base uniforme e hidratada.<\/li>\n\n\n\n<li><strong>Acabamento Transl\u00facido:<\/strong> Finalize com um p\u00f3 transl\u00facido leve para selar a maquiagem sem comprometer o brilho natural.<\/li>\n<\/ul>\n\n\n\n<p>A maquiagem de primavera \u00e9 perfeita para quem busca um visual radiante, com cores que transmitem leveza e renova\u00e7\u00e3o. Experimente misturar tons past\u00e9is com produtos que promovam hidrata\u00e7\u00e3o e luminosidade para criar um look fresco e encantador.<\/p>\n\n\n\n<hr class=\"wp-block-separator has-alpha-channel-opacity\"\/>\n\n\n\n<h2 class=\"wp-block-heading\" id=\"maquiagem-no-verao-leveza-e-resiliencia\"><strong>Maquiagem no Ver\u00e3o: Leveza e Resili\u00eancia<\/strong><\/h2>\n\n\n\n<p>O ver\u00e3o \u00e9 a esta\u00e7\u00e3o do calor, da energia e dos dias ensolarados. As <strong>tend\u00eancias maquiagem<\/strong> para o ver\u00e3o se concentram em produtos que oferecem resist\u00eancia ao calor, \u00e0 transpira\u00e7\u00e3o e \u00e0 exposi\u00e7\u00e3o ao sol, mantendo o visual impec\u00e1vel mesmo nos dias mais intensos.<\/p>\n\n\n\n<h3 class=\"wp-block-heading\" id=\"paleta-de-cores-1\"><strong>Paleta de Cores<\/strong><\/h3>\n\n\n\n<ul class=\"wp-block-list\">\n<li><strong>Tons Vibrantes:<\/strong> Cores como coral, laranja, vermelho e f\u00facsia est\u00e3o em alta, conferindo um toque de ousadia e vitalidade.<\/li>\n\n\n\n<li><strong>Neutros Refrescantes:<\/strong> Para quem prefere um look mais discreto, tons neutros com reflexos dourados ou bronzeados s\u00e3o ideais.<\/li>\n<\/ul>\n\n\n\n<h3 class=\"wp-block-heading\" id=\"produtos-e-tecnicas-2\"><strong>Produtos e T\u00e9cnicas<\/strong><\/h3>\n\n\n\n<ul class=\"wp-block-list\">\n<li><strong>Protetor Solar e Primer:<\/strong> A prote\u00e7\u00e3o solar \u00e9 indispens\u00e1vel. Use um primer com FPS para criar uma base que proteja a pele dos danos causados pelos raios UV.<\/li>\n\n\n\n<li><strong>Bases Oil-Free:<\/strong> Opte por bases com acabamento matte que controlam a oleosidade e n\u00e3o obstruem os poros, garantindo um visual fresco durante todo o dia.<\/li>\n\n\n\n<li><strong>Cremes e S\u00e9runs Leves:<\/strong> Invista em produtos que ofere\u00e7am hidrata\u00e7\u00e3o sem peso, para evitar o aspecto carregado e o ac\u00famulo de produto.<\/li>\n\n\n\n<li><strong>Produtos \u00e0 Prova d\u2019\u00c1gua:<\/strong> M\u00e1scaras de c\u00edlios e delineadores \u00e0 prova d\u2019\u00e1gua s\u00e3o fundamentais para manter a maquiagem intacta mesmo com a transpira\u00e7\u00e3o e a umidade.<\/li>\n<\/ul>\n\n\n\n<h3 class=\"wp-block-heading\" id=\"dicas-de-aplicacao-3\"><strong>Dicas de Aplica\u00e7\u00e3o<\/strong><\/h3>\n\n\n\n<ul class=\"wp-block-list\">\n<li><strong>Moderate application:<\/strong> Durante o ver\u00e3o, evite aplicar camadas pesadas de maquiagem. Prefira uma abordagem minimalista para real\u00e7ar a beleza natural.<\/li>\n\n\n\n<li><strong>Fixing spray:<\/strong> Utilize um spray fixador \u00e0 prova d\u2019\u00e1gua para garantir que sua maquiagem resista \u00e0s altas temperaturas e \u00e0 umidade.<\/li>\n\n\n\n<li><strong>T\u00e9cnica \u201cNo-Makeup\u201d:<\/strong> A maquiagem &#8220;no-makeup&#8221; \u00e9 uma tend\u00eancia popular no ver\u00e3o. Ela consiste em real\u00e7ar os tra\u00e7os com produtos leves que d\u00e3o um aspecto de pele perfeita sem parecer maquiada.<\/li>\n<\/ul>\n\n\n\n<p>A maquiagem de ver\u00e3o deve ser pr\u00e1tica e duradoura, com produtos que se adaptem \u00e0s condi\u00e7\u00f5es clim\u00e1ticas e que protejam a pele dos danos ambientais. Experimente looks que combinem cores vibrantes com uma aplica\u00e7\u00e3o leve para manter um visual moderno e saud\u00e1vel.<\/p>\n\n\n\n<hr class=\"wp-block-separator has-alpha-channel-opacity\"\/>\n\n\n\n<h2 class=\"wp-block-heading\" id=\"maquiagem-no-outono-elegancia-e-sofisticacao\"><strong>Maquiagem no Outono: Eleg\u00e2ncia e Sofistica\u00e7\u00e3o<\/strong><\/h2>\n\n\n\n<p>O outono traz consigo tons quentes e terrosos, inspirando looks sofisticados e elegantes. As <strong>tend\u00eancias maquiagem<\/strong> para essa esta\u00e7\u00e3o valorizam a riqueza dos tons outonais e um acabamento que realce a textura natural da pele.<\/p>\n\n\n\n<h3 class=\"wp-block-heading\" id=\"paleta-de-cores-4\"><strong>Paleta de Cores<\/strong><\/h3>\n\n\n\n<ul class=\"wp-block-list\">\n<li><strong>Tons Terrosos:<\/strong> Marrom, bronze, cobre e dourado dominam as paletas, criando um visual aconchegante e elegante.<\/li>\n\n\n\n<li><strong>Neutros Profundos:<\/strong> Tons como bege, caramelo e malva complementam a paleta outonal, adicionando sofistica\u00e7\u00e3o e calor ao look.<\/li>\n<\/ul>\n\n\n\n<h3 class=\"wp-block-heading\" id=\"produtos-e-tecnicas-5\"><strong>Produtos e T\u00e9cnicas<\/strong><\/h3>\n\n\n\n<ul class=\"wp-block-list\">\n<li><strong>Bases de Cobertura M\u00e9dia:<\/strong> Prefira bases que ofere\u00e7am uma cobertura m\u00e9dia com acabamento natural, ideal para uniformizar o tom da pele sem criar um efeito pesado.<\/li>\n\n\n\n<li><strong>Sombra em Tons Quentes:<\/strong> Utilize sombras em tons terrosos para criar um look harmonioso. Combine cores escuras no c\u00f4ncavo com tons mais claros na p\u00e1lpebra para definir o olhar com eleg\u00e2ncia.<\/li>\n\n\n\n<li><strong>Blush e Iluminador:<\/strong> Blushes em tons de p\u00eassego ou rosa queimado e iluminadores com reflexos dourados ajudam a criar um efeito radiante e sofisticado.<\/li>\n\n\n\n<li><strong>L\u00e1bios:<\/strong> Batons em tons terrosos, como nude, marrom e vinho, s\u00e3o perfeitos para completar o look outonal.<\/li>\n<\/ul>\n\n\n\n<h3 class=\"wp-block-heading\" id=\"dicas-de-aplicacao-6\"><strong>Dicas de Aplica\u00e7\u00e3o<\/strong><\/h3>\n\n\n\n<ul class=\"wp-block-list\">\n<li><strong>Contorno Suave:<\/strong> O contorno pode ser utilizado para real\u00e7ar os tra\u00e7os e criar sombras naturais, definindo a estrutura do rosto de forma sutil.<\/li>\n\n\n\n<li><strong>Mix of tones:<\/strong> Ao aplicar sombras e blush, opte por t\u00e9cnicas de esfumar bem os produtos para evitar linhas marcadas e garantir uma transi\u00e7\u00e3o suave entre as cores.<\/li>\n\n\n\n<li><strong>Acabamento Mate ou Semi-Mate:<\/strong> No outono, um acabamento mate ou semi-mate confere um visual mais sofisticado e elegante.<\/li>\n<\/ul>\n\n\n\n<p>A maquiagem de outono celebra a riqueza das cores quentes e proporciona um visual que combina eleg\u00e2ncia e naturalidade. Invista em produtos com tons terrosos e t\u00e9cnicas de contorno para criar um look que valorize sua beleza de maneira sofisticada.<\/p>\n\n\n\n<hr class=\"wp-block-separator has-alpha-channel-opacity\"\/>\n\n\n\n<h2 class=\"wp-block-heading\" id=\"maquiagem-no-inverno-intensidade-e-dramaticidade-suave\"><strong>Maquiagem no Inverno: Intensidade e Dramaticidade Suave<\/strong><\/h2>\n\n\n\n<p>O inverno \u00e9 a esta\u00e7\u00e3o dos contrastes, onde o frio e a luminosidade baixa criam um cen\u00e1rio ideal para looks mais intensos e dram\u00e1ticos, mas sem perder a naturalidade. As <strong>tend\u00eancias maquiagem<\/strong> para o inverno enfatizam a hidrata\u00e7\u00e3o profunda, cores intensas e acabamento impec\u00e1vel para proteger a pele dos rigores do clima frio.<\/p>\n\n\n\n<h3 class=\"wp-block-heading\" id=\"paleta-de-cores-7\"><strong>Paleta de Cores<\/strong><\/h3>\n\n\n\n<ul class=\"wp-block-list\">\n<li><strong>Tons Profundos:<\/strong> Vermelhos, bord\u00f4s, roxos e azuis escuros s\u00e3o bastante utilizados, criando um visual marcante.<\/li>\n\n\n\n<li><strong>Neutros Sofisticados:<\/strong> Cores como cinza, marrom e preto tamb\u00e9m s\u00e3o populares, conferindo um toque de eleg\u00e2ncia e modernidade.<\/li>\n\n\n\n<li><strong>Acabamento Brilhante:<\/strong> Produtos com acabamento luminoso podem ajudar a criar um visual radiante, compensando a menor luminosidade natural do inverno.<\/li>\n<\/ul>\n\n\n\n<h3 class=\"wp-block-heading\" id=\"produtos-e-tecnicas-8\"><strong>Produtos e T\u00e9cnicas<\/strong><\/h3>\n\n\n\n<ul class=\"wp-block-list\">\n<li><strong>Bases Hidratantes:<\/strong> Durante o inverno, \u00e9 fundamental usar bases que ofere\u00e7am hidrata\u00e7\u00e3o intensa para evitar o ressecamento da pele. F\u00f3rmulas em creme ou l\u00edquidos com acabamento luminoso s\u00e3o ideais.<\/li>\n\n\n\n<li><strong>Iluminadores:<\/strong> Um iluminador potente ajuda a dar brilho e a criar um efeito de &#8220;pele de porcelana&#8221;. Aplique nos pontos altos do rosto para um visual radiante.<\/li>\n\n\n\n<li><strong>Paletas de Sombras Intensos:<\/strong> Invista em sombras com alta pigmenta\u00e7\u00e3o, mas que possam ser esfumadas para criar um look sofisticado sem exageros.<\/li>\n\n\n\n<li><strong>Produtos para L\u00e1bios:<\/strong> Batons com f\u00f3rmulas hidratantes e de longa dura\u00e7\u00e3o s\u00e3o essenciais, pois os l\u00e1bios tendem a ressecar no inverno. Tons intensos podem ser usados para dar um toque dram\u00e1tico.<\/li>\n<\/ul>\n\n\n\n<h3 class=\"wp-block-heading\" id=\"dicas-de-aplicacao-9\"><strong>Dicas de Aplica\u00e7\u00e3o<\/strong><\/h3>\n\n\n\n<ul class=\"wp-block-list\">\n<li><strong>Hidrata\u00e7\u00e3o Pr\u00e9via:<\/strong> A prepara\u00e7\u00e3o da pele \u00e9 ainda mais importante no inverno. Use m\u00e1scaras hidratantes e cremes ricos para garantir uma base adequada para a maquiagem.<\/li>\n\n\n\n<li><strong>T\u00e9cnicas de Esfumado:<\/strong> Ao aplicar sombras e delineadores, invista tempo na esfuma\u00e7\u00e3o para evitar um visual carregado e criar um efeito de transi\u00e7\u00e3o suave.<\/li>\n\n\n\n<li><strong>Finaliza\u00e7\u00e3o com Spray Fixador:<\/strong> Utilize um spray fixador para manter a maquiagem intacta durante o dia, garantindo durabilidade mesmo em ambientes aquecidos ou com ar-condicionado.<\/li>\n<\/ul>\n\n\n\n<p>A maquiagem de inverno \u00e9 uma oportunidade para explorar cores intensas e criar looks marcantes, mas que ainda preservem a naturalidade. Invista em produtos hidratantes e t\u00e9cnicas de aplica\u00e7\u00e3o que realcem a sua beleza, proporcionando um visual sofisticado e duradouro.<\/p>\n\n\n\n<hr class=\"wp-block-separator has-alpha-channel-opacity\"\/>\n\n\n\n<h2 class=\"wp-block-heading\" id=\"conclusao\"><strong>Conclusion<\/strong><\/h2>\n\n\n\n<p>The <strong>tend\u00eancias maquiagem<\/strong> variam de acordo com cada esta\u00e7\u00e3o, refletindo as mudan\u00e7as no clima, nas paletas de cores e nas influ\u00eancias culturais. Desde a leveza e frescor da primavera, passando pela praticidade e resist\u00eancia do ver\u00e3o, at\u00e9 a eleg\u00e2ncia do outono e a intensidade do inverno, cada esta\u00e7\u00e3o oferece oportunidades \u00fanicas para reinventar o visual e expressar a personalidade.<\/p>\n\n\n\n<p>Para aproveitar ao m\u00e1ximo essas tend\u00eancias, \u00e9 fundamental:<\/p>\n\n\n\n<ul class=\"wp-block-list\">\n<li>Adaptar sua rotina de cuidados \u00e0 esta\u00e7\u00e3o do ano.<\/li>\n\n\n\n<li>Investir em produtos que atendam \u00e0s necessidades espec\u00edficas da sua pele e do ambiente.<\/li>\n\n\n\n<li>Experimentar novas t\u00e9cnicas e estar aberta \u00e0s novidades do universo da maquiagem.<\/li>\n<\/ul>\n\n\n\n<p>Lembre-se de que a maquiagem \u00e9 uma forma de express\u00e3o pessoal. Seja qual for a esta\u00e7\u00e3o, o importante \u00e9 que voc\u00ea se sinta confiante e aut\u00eantica com o look escolhido. Com as dicas apresentadas neste guia, voc\u00ea estar\u00e1 pronta para explorar as <strong>tend\u00eancias maquiagem<\/strong> de cada esta\u00e7\u00e3o e criar visuais que realcem sua beleza natural, harmonizem com o seu estilo e se adaptem \u00e0s condi\u00e7\u00f5es do clima.<\/p>\n\n\n\n<p>No <strong>Beauty Art<\/strong>, estamos comprometidos em oferecer orienta\u00e7\u00f5es e produtos que transformem sua rotina de beleza. Para mais dicas, tutoriais e novidades sobre o mundo da maquiagem, visite nosso site <a href=\"https:\/\/beleza.artereciclada.com.br\/en_gb\/\">Beauty Art<\/a> and follow our social networks. If you need personalised advice, please contact us by email at <strong><a href=\"mailto:contato@artereciclada.com.br\">contato@artereciclada.com.br<\/a><\/strong>.<\/p>\n\n\n\n<hr class=\"wp-block-separator has-alpha-channel-opacity\"\/>\n\n\n\n<h2 class=\"wp-block-heading\" id=\"fontes-de-inspiracao\"><strong>Sources of Inspiration<\/strong><\/h2>\n\n\n\n<p>Este artigo foi elaborado com base em tend\u00eancias atuais do mercado de beleza e em pr\u00e1ticas consagradas no universo da maquiagem. As orienta\u00e7\u00f5es aqui apresentadas t\u00eam o objetivo de oferecer um guia completo e atualizado para que voc\u00ea possa explorar as <strong>tend\u00eancias maquiagem<\/strong> em cada esta\u00e7\u00e3o do ano, adaptando seu visual e destacando sua beleza de forma \u00fanica e sofisticada.<\/p>\n\n\n\n<p>Invista em voc\u00ea, experimente novas cores e t\u00e9cnicas, e descubra o poder transformador de uma maquiagem que se adapta \u00e0s esta\u00e7\u00f5es \u2013 cada \u00e9poca do ano merece um look especial e aut\u00eantico!<\/p>\n\n\n\n<p><a href=\"https:\/\/www.youtube.com\/watch?v=7TNCcTnHZOw\" target=\"_blank\" rel=\"noopener\">Video Suggestion<\/a><\/p>\n\n\n\n<p><\/p>","protected":false},"excerpt":{"rendered":"<p>O universo da beleza est\u00e1 em constante transforma\u00e7\u00e3o, e as tend\u00eancias maquiagem acompanham o ritmo das esta\u00e7\u00f5es do ano, refletindo n\u00e3o apenas as mudan\u00e7as clim\u00e1ticas, mas tamb\u00e9m as influ\u00eancias culturais e art\u00edsticas de cada per\u00edodo. Cada esta\u00e7\u00e3o traz suas pr\u00f3prias inspira\u00e7\u00f5es, paletas de cores e t\u00e9cnicas que podem ser incorporadas \u00e0 sua rotina de maquiagem [&hellip;]<\/p>","protected":false},"author":4,"featured_media":182,"comment_status":"open","ping_status":"open","sticky":false,"template":"","format":"standard","meta":{"footnotes":""},"categories":[7],"tags":[],"class_list":["post-181","post","type-post","status-publish","format-standard","has-post-thumbnail","hentry","category-maquiagem"],"blocksy_meta":[],"_links":{"self":[{"href":"https:\/\/beleza.artereciclada.com.br\/en_gb\/wp-json\/wp\/v2\/posts\/181","targetHints":{"allow":["GET"]}}],"collection":[{"href":"https:\/\/beleza.artereciclada.com.br\/en_gb\/wp-json\/wp\/v2\/posts"}],"about":[{"href":"https:\/\/beleza.artereciclada.com.br\/en_gb\/wp-json\/wp\/v2\/types\/post"}],"author":[{"embeddable":true,"href":"https:\/\/beleza.artereciclada.com.br\/en_gb\/wp-json\/wp\/v2\/users\/4"}],"replies":[{"embeddable":true,"href":"https:\/\/beleza.artereciclada.com.br\/en_gb\/wp-json\/wp\/v2\/comments?post=181"}],"version-history":[{"count":2,"href":"https:\/\/beleza.artereciclada.com.br\/en_gb\/wp-json\/wp\/v2\/posts\/181\/revisions"}],"predecessor-version":[{"id":224,"href":"https:\/\/beleza.artereciclada.com.br\/en_gb\/wp-json\/wp\/v2\/posts\/181\/revisions\/224"}],"wp:featuredmedia":[{"embeddable":true,"href":"https:\/\/beleza.artereciclada.com.br\/en_gb\/wp-json\/wp\/v2\/media\/182"}],"wp:attachment":[{"href":"https:\/\/beleza.artereciclada.com.br\/en_gb\/wp-json\/wp\/v2\/media?parent=181"}],"wp:term":[{"taxonomy":"category","embeddable":true,"href":"https:\/\/beleza.artereciclada.com.br\/en_gb\/wp-json\/wp\/v2\/categories?post=181"},{"taxonomy":"post_tag","embeddable":true,"href":"https:\/\/beleza.artereciclada.com.br\/en_gb\/wp-json\/wp\/v2\/tags?post=181"}],"curies":[{"name":"wp","href":"https:\/\/api.w.org\/{rel}","templated":true}]}}