{"id":129,"date":"2025-02-14T10:34:59","date_gmt":"2025-02-14T16:34:59","guid":{"rendered":"https:\/\/beleza.artereciclada.com.br\/?p=129"},"modified":"2025-02-14T17:11:17","modified_gmt":"2025-02-14T20:11:17","slug":"cronograma-capilar","status":"publish","type":"post","link":"https:\/\/beleza.artereciclada.com.br\/en_gb\/cabelo\/cronograma-capilar\/","title":{"rendered":"Hair Schedule: What It Is and How to Do It Right"},"content":{"rendered":"<figure class=\"wp-block-image size-large\"><img fetchpriority=\"high\" decoding=\"async\" width=\"1024\" height=\"585\" src=\"https:\/\/beleza.artereciclada.com.br\/wp-content\/uploads\/2025\/02\/DALL\u00b7E-2025-02-14-12.54.34-A-modern-and-stylish-composition-illustrating-a-structured-hair-care-routine-cronograma-capilar.-The-image-features-a-neatly-arranged-set-of-hair-ca-1-1-1024x585.webp\" alt=\"\" class=\"wp-image-131\" srcset=\"https:\/\/beleza.artereciclada.com.br\/wp-content\/uploads\/2025\/02\/DALL\u00b7E-2025-02-14-12.54.34-A-modern-and-stylish-composition-illustrating-a-structured-hair-care-routine-cronograma-capilar.-The-image-features-a-neatly-arranged-set-of-hair-ca-1-1-1024x585.webp 1024w, https:\/\/beleza.artereciclada.com.br\/wp-content\/uploads\/2025\/02\/DALL\u00b7E-2025-02-14-12.54.34-A-modern-and-stylish-composition-illustrating-a-structured-hair-care-routine-cronograma-capilar.-The-image-features-a-neatly-arranged-set-of-hair-ca-1-1-300x171.webp 300w, https:\/\/beleza.artereciclada.com.br\/wp-content\/uploads\/2025\/02\/DALL\u00b7E-2025-02-14-12.54.34-A-modern-and-stylish-composition-illustrating-a-structured-hair-care-routine-cronograma-capilar.-The-image-features-a-neatly-arranged-set-of-hair-ca-1-1-768x439.webp 768w, https:\/\/beleza.artereciclada.com.br\/wp-content\/uploads\/2025\/02\/DALL\u00b7E-2025-02-14-12.54.34-A-modern-and-stylish-composition-illustrating-a-structured-hair-care-routine-cronograma-capilar.-The-image-features-a-neatly-arranged-set-of-hair-ca-1-1-1536x878.webp 1536w, https:\/\/beleza.artereciclada.com.br\/wp-content\/uploads\/2025\/02\/DALL\u00b7E-2025-02-14-12.54.34-A-modern-and-stylish-composition-illustrating-a-structured-hair-care-routine-cronograma-capilar.-The-image-features-a-neatly-arranged-set-of-hair-ca-1-1-18x10.webp 18w, https:\/\/beleza.artereciclada.com.br\/wp-content\/uploads\/2025\/02\/DALL\u00b7E-2025-02-14-12.54.34-A-modern-and-stylish-composition-illustrating-a-structured-hair-care-routine-cronograma-capilar.-The-image-features-a-neatly-arranged-set-of-hair-ca-1-1.webp 1792w\" sizes=\"(max-width: 1024px) 100vw, 1024px\" \/><\/figure>\n\n\n\n<p>O <strong>hair schedule<\/strong> is a structured care routine that aims to restore, nourish and moisturise hair in a personalised way. This technique consists of carrying out specific treatments, distributed in phases, to meet the hair's individual needs. By adopting a hair schedule, you promote damage recovery, improve texture and enhance the natural beauty of your hair.<\/p>\n\n\n\n<div class=\"wp-block-rank-math-toc-block\" id=\"rank-math-toc\"><h2>Index<\/h2><nav><ul><li class=\"\"><a href=\"#o-que-e-o-cronograma-capilar\">What is the Hair Schedule?<\/a><\/li><li class=\"\"><a href=\"#por-que-fazer-um-cronograma-capilar\">Why Make a Hair Schedule?<\/a><\/li><li class=\"\"><a href=\"#como-montar-seu-cronograma-capilar\">How to Set Up Your Hair Schedule<\/a><ul><li class=\"\"><a href=\"#1-avaliacao-do-estado-do-cabelo\">1. Hair Condition Assessment<\/a><\/li><li class=\"\"><a href=\"#2-definindo-a-frequencia-dos-tratamentos\">2. Defining the Frequency of Treatments<\/a><\/li><li class=\"\"><a href=\"#3-escolha-dos-produtos\">3. Product selection<\/a><\/li><li class=\"\"><a href=\"#4-organizacao-da-rotina\">4. Routine Organisation<\/a><\/li><\/ul><\/li><li class=\"\"><a href=\"#dicas-para-potencializar-o-cronograma-capilar\">Tips for Boosting the Hair Schedule<\/a><ul><li class=\"\"><a href=\"#1-envolvimento-termico\">1. thermal envelopment<\/a><\/li><li class=\"\"><a href=\"#2-massagem-capilar\">2. Hair Massage<\/a><\/li><li class=\"\"><a href=\"#3-uso-de-agua-na-temperatura-adequada\">3. Using Water at the Right Temperature<\/a><\/li><li class=\"\"><a href=\"#4-consistencia-e-fundamental\">4. Consistency is key<\/a><\/li><\/ul><\/li><li class=\"\"><a href=\"#conclusao\">Conclusion<\/a><\/li><li class=\"\"><a href=\"#fontes-de-inspiracao\">Sources of Inspiration<\/a><\/li><\/ul><\/nav><\/div>\n\n\n\n<h2 class=\"wp-block-heading\" id=\"o-que-e-o-cronograma-capilar\"><strong>What is the Hair Schedule?<\/strong><\/h2>\n\n\n\n<p>O <strong>hair schedule<\/strong> is a care method that organises hair treatments into three main stages:<\/p>\n\n\n\n<ul class=\"wp-block-list\">\n<li><strong>Moisturising:<\/strong> Focussed on replenishing moisture in the hair, which is essential for keeping hair soft and shiny.<\/li>\n\n\n\n<li><strong>Nutrition:<\/strong> It aims to replenish the lipids responsible for giving the hair strength and resistance, preventing breakage.<\/li>\n\n\n\n<li><strong>Reconstruction:<\/strong> It works to replenish proteins and repair the hair's internal structure, essential for damaged or chemically treated hair.<\/li>\n<\/ul>\n\n\n\n<p>Each stage of the <strong>hair schedule<\/strong> has a specific role and, when combined, they guarantee a complete treatment, adapted to the needs of your hair.<\/p>\n\n\n\n<hr class=\"wp-block-separator has-alpha-channel-opacity\"\/>\n\n\n\n<h2 class=\"wp-block-heading\" id=\"por-que-fazer-um-cronograma-capilar\"><strong>Why Make a Hair Schedule?<\/strong><\/h2>\n\n\n\n<p>Implementing a hair schedule has numerous benefits for the health of your hair:<\/p>\n\n\n\n<ul class=\"wp-block-list\">\n<li><strong>Damage recovery:<\/strong> Repairs damage caused by chemical processes, sun exposure, excessive use of heat tools and environmental factors.<\/li>\n\n\n\n<li><strong>Improved texture:<\/strong> Increases hair softness, shine and manageability.<\/li>\n\n\n\n<li><strong>Breakage prevention:<\/strong> Strengthens hair, reducing breakage and the appearance of split ends.<\/li>\n\n\n\n<li><strong>Personalised Balance:<\/strong> It allows treatments to be adapted to the specific needs of each hair type - be it dry, oily, mixed or damaged.<\/li>\n<\/ul>\n\n\n\n<hr class=\"wp-block-separator has-alpha-channel-opacity\"\/>\n\n\n\n<h2 class=\"wp-block-heading\" id=\"como-montar-seu-cronograma-capilar\"><strong>How to Set Up Your Hair Schedule<\/strong><\/h2>\n\n\n\n<p>Setting up a <strong>hair schedule<\/strong> An effective routine requires evaluation and planning. Here are the steps to creating the ideal routine:<\/p>\n\n\n\n<h3 class=\"wp-block-heading\" id=\"1-avaliacao-do-estado-do-cabelo\"><strong>1. Hair Condition Assessment<\/strong><\/h3>\n\n\n\n<p>Before you start, check the condition of your hair:<\/p>\n\n\n\n<ul class=\"wp-block-list\">\n<li><strong>Moisturising:<\/strong> Is your hair dry or dull?<\/li>\n\n\n\n<li><strong>Nutrition:<\/strong> Are your hair lifeless or prone to breakage?<\/li>\n\n\n\n<li><strong>Reconstruction:<\/strong> Are there signs of deep damage, such as hair loss or excessive breakage?<\/li>\n<\/ul>\n\n\n\n<p>This analysis will help you define the frequency of each stage in your schedule.<\/p>\n\n\n\n<h3 class=\"wp-block-heading\" id=\"2-definindo-a-frequencia-dos-tratamentos\"><strong>2. Defining the Frequency of Treatments<\/strong><\/h3>\n\n\n\n<p>Based on the assessment, you can distribute the care sessions throughout the month. For example:<\/p>\n\n\n\n<ul class=\"wp-block-list\">\n<li><strong>Dry or damaged hair:<\/strong> Moisturising and reconstruction sessions may be necessary twice a week, interspersed with nutrition.<\/li>\n\n\n\n<li><strong>Oily or normal hair:<\/strong> A lower frequency, such as once a week for each stage, may be sufficient.<\/li>\n<\/ul>\n\n\n\n<p>Remember that <strong>hair schedule<\/strong> is flexible and must be adjusted according to the response of the wires.<\/p>\n\n\n\n<h3 class=\"wp-block-heading\" id=\"3-escolha-dos-produtos\"><strong>3. Product selection<\/strong><\/h3>\n\n\n\n<p>For each stage of the <strong>hair schedule<\/strong>choose specific products:<\/p>\n\n\n\n<ul class=\"wp-block-list\">\n<li><strong>Moisturising:<\/strong> Masks and creams with ingredients such as hyaluronic acid, panthenol and aloe vera.<\/li>\n\n\n\n<li><strong>Nutrition:<\/strong> Products containing natural oils (coconut oil, argan oil, avocado oil) and vegetable butters (shea butter).<\/li>\n\n\n\n<li><strong>Reconstruction:<\/strong> Masks and treatments with keratin, collagen and amino acids, which help repair the hair's internal structure.<\/li>\n<\/ul>\n\n\n\n<h3 class=\"wp-block-heading\" id=\"4-organizacao-da-rotina\"><strong>4. Routine Organisation<\/strong><\/h3>\n\n\n\n<p>Create a monthly or weekly calendar, distributing the moisturising, nourishing and reconstructing sessions. A suggestion for one month could be:<\/p>\n\n\n\n<ul class=\"wp-block-list\">\n<li><strong>Week 1:<\/strong> Hydration, Nutrition, Moisturising, Reconstruction<\/li>\n\n\n\n<li><strong>Week 2:<\/strong> Moisturising, Nutrition, Moisturising, Nutrition<\/li>\n\n\n\n<li><strong>Week 3:<\/strong> Moisturising, Reconstruction, Hydration, Nutrition<\/li>\n\n\n\n<li><strong>Week 4:<\/strong> Hydration, Nutrition, Moisturising, Reconstruction<\/li>\n<\/ul>\n\n\n\n<p>This distribution can be adjusted according to the evolution of your hair's health.<\/p>\n\n\n\n<hr class=\"wp-block-separator has-alpha-channel-opacity\"\/>\n\n\n\n<h2 class=\"wp-block-heading\" id=\"dicas-para-potencializar-o-cronograma-capilar\"><strong>Tips for Boosting the Hair Schedule<\/strong><\/h2>\n\n\n\n<h3 class=\"wp-block-heading\" id=\"1-envolvimento-termico\"><strong>1. thermal envelopment<\/strong><\/h3>\n\n\n\n<p>After applying the products, wrap your hair in a thermal cap or warm towel. The heat will help open the cuticles of the hair, allowing for better absorption of the active ingredients and maximising the results of the treatment. <strong>hair moisturisation<\/strong>nutrition and reconstruction.<\/p>\n\n\n\n<h3 class=\"wp-block-heading\" id=\"2-massagem-capilar\"><strong>2. Hair Massage<\/strong><\/h3>\n\n\n\n<p>When applying the products, gently massage the scalp. This stimulates blood circulation and helps nutrients to penetrate, contributing to stronger, healthier hair.<\/p>\n\n\n\n<h3 class=\"wp-block-heading\" id=\"3-uso-de-agua-na-temperatura-adequada\"><strong>3. Using Water at the Right Temperature<\/strong><\/h3>\n\n\n\n<p>Wash and rinse your hair with lukewarm water to help absorb the products, finishing with a blast of cold water to seal the cuticles and maintain the benefits of the treatment.<\/p>\n\n\n\n<h3 class=\"wp-block-heading\" id=\"4-consistencia-e-fundamental\"><strong>4. Consistency is key<\/strong><\/h3>\n\n\n\n<p>So that <strong>hair schedule<\/strong> is effective, it's essential to maintain regular treatments. Hair health improves with time and consistency of care.<\/p>\n\n\n\n<hr class=\"wp-block-separator has-alpha-channel-opacity\"\/>\n\n\n\n<h2 class=\"wp-block-heading\" id=\"conclusao\"><strong>Conclusion<\/strong><\/h2>\n\n\n\n<p>O <strong>hair schedule<\/strong> is a personalised and effective strategy for restoring and maintaining healthy hair. By combining moisturising, nutrition and reconstruction, you ensure that your hair receives the care it needs to stay strong, shiny and full of vitality. Adapt the frequency of treatments to your hair's needs and choose quality products to get the best results.<\/p>\n\n\n\n<p>We at <strong>Beauty Art<\/strong>We believe that investing in a consistent hair schedule is the way to transform the health of your hair. For more tips, guidelines and essential products for a healthy <strong>hair schedule<\/strong> effective, visit our website <a href=\"https:\/\/beleza.artereciclada.com.br\/en_gb\/\">Beauty Art<\/a> and follow our social networks. If you need personalised advice, please contact us by email at <strong><a href=\"mailto:contato@artereciclada.com.br\">contato@artereciclada.com.br<\/a><\/strong>.<\/p>\n\n\n\n<hr class=\"wp-block-separator has-alpha-channel-opacity\"\/>\n\n\n\n<h2 class=\"wp-block-heading\" id=\"fontes-de-inspiracao\"><strong>Sources of Inspiration<\/strong><\/h2>\n\n\n\n<p>This article has been developed based on personal experiences, beauty market trends and established practices in the world of hair care. The guidelines presented here are intended to offer a complete and up-to-date guide so that you can implement a <strong>hair schedule<\/strong> effective, promoting nourished, strong hair with a natural shine.<\/p>\n\n\n\n<p>Invest in the health of your hair and enjoy the benefits of a personalised treatment that enhances the beauty of your strands!<\/p>\n\n\n\n<p><a href=\"https:\/\/www.youtube.com\/watch?v=pB0r0XUgEII\" target=\"_blank\" rel=\"noopener\">Video Suggestion<\/a><\/p>\n\n\n\n<p><\/p>","protected":false},"excerpt":{"rendered":"<p>O cronograma capilar \u00e9 uma rotina de cuidados estruturada que tem como objetivo restaurar, nutrir e hidratar os fios de forma personalizada. Essa t\u00e9cnica consiste na realiza\u00e7\u00e3o de tratamentos espec\u00edficos, distribu\u00eddos em fases, para atender \u00e0s necessidades individuais dos cabelos. Ao adotar um cronograma capilar, voc\u00ea promove a recupera\u00e7\u00e3o dos danos, melhora a textura e [&hellip;]<\/p>","protected":false},"author":4,"featured_media":130,"comment_status":"open","ping_status":"open","sticky":false,"template":"","format":"standard","meta":{"footnotes":""},"categories":[6],"tags":[],"class_list":["post-129","post","type-post","status-publish","format-standard","has-post-thumbnail","hentry","category-cabelo"],"blocksy_meta":[],"_links":{"self":[{"href":"https:\/\/beleza.artereciclada.com.br\/en_gb\/wp-json\/wp\/v2\/posts\/129","targetHints":{"allow":["GET"]}}],"collection":[{"href":"https:\/\/beleza.artereciclada.com.br\/en_gb\/wp-json\/wp\/v2\/posts"}],"about":[{"href":"https:\/\/beleza.artereciclada.com.br\/en_gb\/wp-json\/wp\/v2\/types\/post"}],"author":[{"embeddable":true,"href":"https:\/\/beleza.artereciclada.com.br\/en_gb\/wp-json\/wp\/v2\/users\/4"}],"replies":[{"embeddable":true,"href":"https:\/\/beleza.artereciclada.com.br\/en_gb\/wp-json\/wp\/v2\/comments?post=129"}],"version-history":[{"count":2,"href":"https:\/\/beleza.artereciclada.com.br\/en_gb\/wp-json\/wp\/v2\/posts\/129\/revisions"}],"predecessor-version":[{"id":231,"href":"https:\/\/beleza.artereciclada.com.br\/en_gb\/wp-json\/wp\/v2\/posts\/129\/revisions\/231"}],"wp:featuredmedia":[{"embeddable":true,"href":"https:\/\/beleza.artereciclada.com.br\/en_gb\/wp-json\/wp\/v2\/media\/130"}],"wp:attachment":[{"href":"https:\/\/beleza.artereciclada.com.br\/en_gb\/wp-json\/wp\/v2\/media?parent=129"}],"wp:term":[{"taxonomy":"category","embeddable":true,"href":"https:\/\/beleza.artereciclada.com.br\/en_gb\/wp-json\/wp\/v2\/categories?post=129"},{"taxonomy":"post_tag","embeddable":true,"href":"https:\/\/beleza.artereciclada.com.br\/en_gb\/wp-json\/wp\/v2\/tags?post=129"}],"curies":[{"name":"wp","href":"https:\/\/api.w.org\/{rel}","templated":true}]}}