{"id":102,"date":"2025-02-14T09:04:56","date_gmt":"2025-02-14T15:04:56","guid":{"rendered":"https:\/\/beleza.artereciclada.com.br\/?p=102"},"modified":"2025-02-14T17:15:11","modified_gmt":"2025-02-14T20:15:11","slug":"cortes-de-cabelo","status":"publish","type":"post","link":"https:\/\/beleza.artereciclada.com.br\/en_gb\/cabelo\/cortes-de-cabelo\/","title":{"rendered":"Haircuts: Men's and Women's Haircuts That Will Be Trending This Year"},"content":{"rendered":"<p>O universo da beleza e da moda est\u00e1 sempre em constante transforma\u00e7\u00e3o, e os <strong>cortes de cabelo<\/strong> n\u00e3o s\u00e3o exce\u00e7\u00e3o. Este ano, observamos uma renova\u00e7\u00e3o nas tend\u00eancias que abra\u00e7am estilos ousados, vers\u00e1teis e que refletem personalidade tanto no p\u00fablico masculino quanto feminino. Neste artigo, no <strong>Beauty Art<\/strong>, n\u00f3s exploramos as principais tend\u00eancias de <strong>cortes de cabelo<\/strong> para homens e mulheres, destacando as caracter\u00edsticas que os tornam \u00fanicos, dicas de manuten\u00e7\u00e3o e sugest\u00f5es para quem deseja experimentar um novo visual.<\/p>\n\n\n\n<figure class=\"wp-block-image size-large\"><img fetchpriority=\"high\" decoding=\"async\" width=\"1024\" height=\"585\" src=\"https:\/\/beleza.artereciclada.com.br\/wp-content\/uploads\/2025\/02\/DALL\u00b7E-2025-02-14-12.01.21-A-stylish-and-modern-composition-showcasing-trendy-mens-and-womens-haircuts-for-the-year.-The-image-features-two-well-groomed-individuals-a-man-and-1-1024x585.webp\" alt=\"Cortes de cabelo\" class=\"wp-image-103\" srcset=\"https:\/\/beleza.artereciclada.com.br\/wp-content\/uploads\/2025\/02\/DALL\u00b7E-2025-02-14-12.01.21-A-stylish-and-modern-composition-showcasing-trendy-mens-and-womens-haircuts-for-the-year.-The-image-features-two-well-groomed-individuals-a-man-and-1-1024x585.webp 1024w, https:\/\/beleza.artereciclada.com.br\/wp-content\/uploads\/2025\/02\/DALL\u00b7E-2025-02-14-12.01.21-A-stylish-and-modern-composition-showcasing-trendy-mens-and-womens-haircuts-for-the-year.-The-image-features-two-well-groomed-individuals-a-man-and-1-300x171.webp 300w, https:\/\/beleza.artereciclada.com.br\/wp-content\/uploads\/2025\/02\/DALL\u00b7E-2025-02-14-12.01.21-A-stylish-and-modern-composition-showcasing-trendy-mens-and-womens-haircuts-for-the-year.-The-image-features-two-well-groomed-individuals-a-man-and-1-768x439.webp 768w, https:\/\/beleza.artereciclada.com.br\/wp-content\/uploads\/2025\/02\/DALL\u00b7E-2025-02-14-12.01.21-A-stylish-and-modern-composition-showcasing-trendy-mens-and-womens-haircuts-for-the-year.-The-image-features-two-well-groomed-individuals-a-man-and-1-1536x878.webp 1536w, https:\/\/beleza.artereciclada.com.br\/wp-content\/uploads\/2025\/02\/DALL\u00b7E-2025-02-14-12.01.21-A-stylish-and-modern-composition-showcasing-trendy-mens-and-womens-haircuts-for-the-year.-The-image-features-two-well-groomed-individuals-a-man-and-1-18x10.webp 18w, https:\/\/beleza.artereciclada.com.br\/wp-content\/uploads\/2025\/02\/DALL\u00b7E-2025-02-14-12.01.21-A-stylish-and-modern-composition-showcasing-trendy-mens-and-womens-haircuts-for-the-year.-The-image-features-two-well-groomed-individuals-a-man-and-1.webp 1792w\" sizes=\"(max-width: 1024px) 100vw, 1024px\" \/><\/figure>\n\n\n\n<div class=\"wp-block-rank-math-toc-block\" id=\"rank-math-toc\"><h2>Index<\/h2><nav><ul><li class=\"\"><a href=\"#tendencias-para-cortes-de-cabelo-masculinos\">Tend\u00eancias para Cortes de Cabelo Masculinos<\/a><ul><li class=\"\"><a href=\"#1-o-corte-fade-com-textura-natural\">1. O Corte Fade com Textura Natural<\/a><\/li><li class=\"\"><a href=\"#2-o-buzz-cut-modernizado\">2. O Buzz Cut Modernizado<\/a><\/li><li class=\"\"><a href=\"#3-o-corte-undercut-com-disconexao\">3. O Corte Undercut com Disconex\u00e3o<\/a><\/li><li class=\"\"><a href=\"#4-o-corte-texturizado-com-franja\">4. O Corte Texturizado com Franja<\/a><\/li><\/ul><\/li><li class=\"\"><a href=\"#tendencias-para-cortes-de-cabelo-femininos\">Tend\u00eancias para Cortes de Cabelo Femininos<\/a><ul><li class=\"\"><a href=\"#1-o-bob-repaginado\">1. O Bob Repaginado<\/a><\/li><li class=\"\"><a href=\"#2-o-long-bob-lob-desestruturado\">2. O Long Bob (Lob) Desestruturado<\/a><\/li><li class=\"\"><a href=\"#3-o-corte-pixie-com-feminilidade\">3. O Corte Pixie com Feminilidade<\/a><\/li><li class=\"\"><a href=\"#4-o-corte-em-camadas-com-volume-natural\">4. O Corte em Camadas com Volume Natural<\/a><\/li><\/ul><\/li><li class=\"\"><a href=\"#dicas-gerais-para-a-escolha-e-manutencao-dos-cortes-de-cabelo\">Dicas Gerais para a Escolha e Manuten\u00e7\u00e3o dos Cortes de Cabelo<\/a><ul><li class=\"\"><a href=\"#1-consultoria-com-profissionais\">1. Consultoria com Profissionais<\/a><\/li><li class=\"\"><a href=\"#2-cuidados-diarios\">2. Cuidados Di\u00e1rios<\/a><\/li><li class=\"\"><a href=\"#3-adaptacao-as-tendencias\">3. Adapta\u00e7\u00e3o \u00e0s Tend\u00eancias<\/a><\/li><\/ul><\/li><li class=\"\"><a href=\"#inspiracao-e-estilo-transformando-o-visual-com-cortes-de-cabelo\">Inspira\u00e7\u00e3o e Estilo: Transformando o Visual com Cortes de Cabelo<\/a><\/li><li class=\"\"><a href=\"#conclusao\">Conclusion<\/a><\/li><li class=\"\"><a href=\"#fontes-de-inspiracao\">Sources of Inspiration<\/a><\/li><\/ul><\/nav><\/div>\n\n\n\n<hr class=\"wp-block-separator has-alpha-channel-opacity\"\/>\n\n\n\n<h2 class=\"wp-block-heading\" id=\"tendencias-para-cortes-de-cabelo-masculinos\"><strong>Tend\u00eancias para Cortes de Cabelo Masculinos<\/strong><\/h2>\n\n\n\n<p>The <strong>cortes de cabelo<\/strong> masculinos deste ano apresentam uma mistura de modernidade com refer\u00eancias cl\u00e1ssicas, adaptadas \u00e0s demandas do homem contempor\u00e2neo que busca praticidade e estilo. A seguir, destacamos algumas das principais tend\u00eancias para o p\u00fablico masculino.<\/p>\n\n\n\n<h3 class=\"wp-block-heading\" id=\"1-o-corte-fade-com-textura-natural\"><strong>1. O Corte Fade com Textura Natural<\/strong><\/h3>\n\n\n\n<p>O corte fade continua sendo uma das maiores apostas para os homens. Atualizado com texturas naturais e linhas suaves, este estilo valoriza o contraste entre o cabelo mais curto nas laterais e a parte superior mais longa e texturizada.<\/p>\n\n\n\n<ul class=\"wp-block-list\">\n<li><strong>Features:<\/strong>\n<ul class=\"wp-block-list\">\n<li>Degrad\u00ea suave que vai se intensificando em dire\u00e7\u00e3o \u00e0 nuca.<\/li>\n\n\n\n<li>Textura natural na parte superior, permitindo varia\u00e7\u00f5es de styling, como o uso de pomadas ou ceras.<\/li>\n\n\n\n<li>Versatilidade para ser adaptado a diferentes tipos de rosto.<\/li>\n<\/ul>\n<\/li>\n\n\n\n<li><strong>Dicas de Manuten\u00e7\u00e3o:<\/strong>\n<ul class=\"wp-block-list\">\n<li>Visite o barbeiro regularmente para manter o degrad\u00ea em dia.<\/li>\n\n\n\n<li>Utilize produtos que enfatizem a textura natural, sem pesar ou deixar o cabelo com aspecto oleoso.<\/li>\n<\/ul>\n<\/li>\n<\/ul>\n\n\n\n<h3 class=\"wp-block-heading\" id=\"2-o-buzz-cut-modernizado\"><strong>2. O Buzz Cut Modernizado<\/strong><\/h3>\n\n\n\n<p>O cl\u00e1ssico buzz cut passa por uma atualiza\u00e7\u00e3o que o torna ainda mais atraente para os homens que buscam um visual minimalista e pr\u00e1tico, sem perder a eleg\u00e2ncia.<\/p>\n\n\n\n<ul class=\"wp-block-list\">\n<li><strong>Features:<\/strong>\n<ul class=\"wp-block-list\">\n<li>Comprimento uniforme em todo o couro cabeludo, mas com leves varia\u00e7\u00f5es para criar nuances.<\/li>\n\n\n\n<li>Ideal para homens com formato de rosto sim\u00e9trico e tra\u00e7os marcantes.<\/li>\n\n\n\n<li>Baixa manuten\u00e7\u00e3o, ideal para quem tem uma rotina agitada.<\/li>\n<\/ul>\n<\/li>\n\n\n\n<li><strong>Dicas de Manuten\u00e7\u00e3o:<\/strong>\n<ul class=\"wp-block-list\">\n<li>Realize a manuten\u00e7\u00e3o do corte a cada 3 a 4 semanas.<\/li>\n\n\n\n<li>Hidrate o couro cabeludo para evitar ressecamento e irrita\u00e7\u00e3o.<\/li>\n<\/ul>\n<\/li>\n<\/ul>\n\n\n\n<h3 class=\"wp-block-heading\" id=\"3-o-corte-undercut-com-disconexao\"><strong>3. O Corte Undercut com Disconex\u00e3o<\/strong><\/h3>\n\n\n\n<p>O undercut com disconex\u00e3o continua em alta, oferecendo um contraste marcante entre a parte superior mais longa e os lados raspados. Este corte \u00e9 perfeito para quem deseja ousar sem sair do cl\u00e1ssico.<\/p>\n\n\n\n<ul class=\"wp-block-list\">\n<li><strong>Features:<\/strong>\n<ul class=\"wp-block-list\">\n<li>Forte contraste entre as \u00e1reas, com linhas definidas e um visual contempor\u00e2neo.<\/li>\n\n\n\n<li>Permite diversas varia\u00e7\u00f5es de penteados na parte superior, desde o cl\u00e1ssico topete at\u00e9 um look bagun\u00e7ado.<\/li>\n\n\n\n<li>Ideal para homens que gostam de experimentar diferentes estilos e texturas.<\/li>\n<\/ul>\n<\/li>\n\n\n\n<li><strong>Dicas de Manuten\u00e7\u00e3o:<\/strong>\n<ul class=\"wp-block-list\">\n<li>A manuten\u00e7\u00e3o regular \u00e9 fundamental para preservar a defini\u00e7\u00e3o da disconex\u00e3o.<\/li>\n\n\n\n<li>Invista em produtos de styling que ajudem a modelar e manter o volume desejado na parte superior.<\/li>\n<\/ul>\n<\/li>\n<\/ul>\n\n\n\n<h3 class=\"wp-block-heading\" id=\"4-o-corte-texturizado-com-franja\"><strong>4. O Corte Texturizado com Franja<\/strong><\/h3>\n\n\n\n<p>Para os homens que preferem um visual mais descontra\u00eddo e moderno, o corte texturizado com franja \u00e9 uma excelente op\u00e7\u00e3o. Este estilo une a praticidade dos cortes curtos com a sofistica\u00e7\u00e3o de um visual levemente despojado.<\/p>\n\n\n\n<ul class=\"wp-block-list\">\n<li><strong>Features:<\/strong>\n<ul class=\"wp-block-list\">\n<li>Franja levemente desfiada que pode ser penteada de forma natural ou modelada.<\/li>\n\n\n\n<li>Textura marcada na parte superior, oferecendo um visual din\u00e2mico.<\/li>\n\n\n\n<li>Adequado para diversos formatos de rosto, valorizando as fei\u00e7\u00f5es e suavizando \u00e2ngulos mais acentuados.<\/li>\n<\/ul>\n<\/li>\n\n\n\n<li><strong>Dicas de Manuten\u00e7\u00e3o:<\/strong>\n<ul class=\"wp-block-list\">\n<li>Utilize produtos que reforcem a textura sem deixar o cabelo ressecado.<\/li>\n\n\n\n<li>Ajuste a franja conforme o formato do seu rosto, buscando um equil\u00edbrio harmonioso.<\/li>\n<\/ul>\n<\/li>\n<\/ul>\n\n\n\n<hr class=\"wp-block-separator has-alpha-channel-opacity\"\/>\n\n\n\n<h2 class=\"wp-block-heading\" id=\"tendencias-para-cortes-de-cabelo-femininos\"><strong>Tend\u00eancias para Cortes de Cabelo Femininos<\/strong><\/h2>\n\n\n\n<p>No universo feminino, os <strong>cortes de cabelo<\/strong> deste ano revelam uma busca por versatilidade, eleg\u00e2ncia e liberdade de express\u00e3o. As tend\u00eancias variam entre estilos cl\u00e1ssicos com um toque contempor\u00e2neo e cortes ousados que valorizam a individualidade.<\/p>\n\n\n\n<h3 class=\"wp-block-heading\" id=\"1-o-bob-repaginado\"><strong>1. O Bob Repaginado<\/strong><\/h3>\n\n\n\n<figure class=\"wp-block-image size-large\"><img decoding=\"async\" width=\"1024\" height=\"585\" src=\"https:\/\/beleza.artereciclada.com.br\/wp-content\/uploads\/2025\/02\/DALL\u00b7E-2025-02-14-12.04.45-A-stylish-and-modern-composition-showcasing-the-revamped-bob-haircut-in-different-variations-from-medium-length-to-short.-The-image-features-a-fashio-1024x585.webp\" alt=\"\" class=\"wp-image-104\" srcset=\"https:\/\/beleza.artereciclada.com.br\/wp-content\/uploads\/2025\/02\/DALL\u00b7E-2025-02-14-12.04.45-A-stylish-and-modern-composition-showcasing-the-revamped-bob-haircut-in-different-variations-from-medium-length-to-short.-The-image-features-a-fashio-1024x585.webp 1024w, https:\/\/beleza.artereciclada.com.br\/wp-content\/uploads\/2025\/02\/DALL\u00b7E-2025-02-14-12.04.45-A-stylish-and-modern-composition-showcasing-the-revamped-bob-haircut-in-different-variations-from-medium-length-to-short.-The-image-features-a-fashio-300x171.webp 300w, https:\/\/beleza.artereciclada.com.br\/wp-content\/uploads\/2025\/02\/DALL\u00b7E-2025-02-14-12.04.45-A-stylish-and-modern-composition-showcasing-the-revamped-bob-haircut-in-different-variations-from-medium-length-to-short.-The-image-features-a-fashio-768x439.webp 768w, https:\/\/beleza.artereciclada.com.br\/wp-content\/uploads\/2025\/02\/DALL\u00b7E-2025-02-14-12.04.45-A-stylish-and-modern-composition-showcasing-the-revamped-bob-haircut-in-different-variations-from-medium-length-to-short.-The-image-features-a-fashio-1536x878.webp 1536w, https:\/\/beleza.artereciclada.com.br\/wp-content\/uploads\/2025\/02\/DALL\u00b7E-2025-02-14-12.04.45-A-stylish-and-modern-composition-showcasing-the-revamped-bob-haircut-in-different-variations-from-medium-length-to-short.-The-image-features-a-fashio-18x10.webp 18w, https:\/\/beleza.artereciclada.com.br\/wp-content\/uploads\/2025\/02\/DALL\u00b7E-2025-02-14-12.04.45-A-stylish-and-modern-composition-showcasing-the-revamped-bob-haircut-in-different-variations-from-medium-length-to-short.-The-image-features-a-fashio.webp 1792w\" sizes=\"(max-width: 1024px) 100vw, 1024px\" \/><\/figure>\n\n\n\n<p>O corte bob, j\u00e1 um cl\u00e1ssico atemporal, volta com for\u00e7a total em vers\u00f5es repaginadas que variam entre o comprimento m\u00e9dio e o curto. Este corte \u00e9 ideal para mulheres que buscam praticidade sem abrir m\u00e3o da sofistica\u00e7\u00e3o.<\/p>\n\n\n\n<ul class=\"wp-block-list\">\n<li><strong>Features:<\/strong>\n<ul class=\"wp-block-list\">\n<li>Linha reta ou levemente assim\u00e9trica, com um caimento elegante.<\/li>\n\n\n\n<li>Pode ser estilizado com franja ou sem, dependendo do gosto pessoal.<\/li>\n\n\n\n<li>Vers\u00e1til para diferentes texturas de cabelo, adaptando-se facilmente a lisos, ondulados ou cacheados.<\/li>\n<\/ul>\n<\/li>\n\n\n\n<li><strong>Dicas de Manuten\u00e7\u00e3o:<\/strong>\n<ul class=\"wp-block-list\">\n<li>Realize cortes regulares para manter a forma e o comprimento desejados.<\/li>\n\n\n\n<li>Utilize tratamentos de hidrata\u00e7\u00e3o profunda para real\u00e7ar o brilho e a suavidade do cabelo.<\/li>\n<\/ul>\n<\/li>\n<\/ul>\n\n\n\n<h3 class=\"wp-block-heading\" id=\"2-o-long-bob-lob-desestruturado\"><strong>2. O Long Bob (Lob) Desestruturado<\/strong><\/h3>\n\n\n\n<p>O long bob, ou lob, \u00e9 uma evolu\u00e7\u00e3o do cl\u00e1ssico bob, com um comprimento que se estende at\u00e9 os ombros, oferecendo um visual mais suave e vers\u00e1til. Esse corte \u00e9 ideal para mulheres que buscam um equil\u00edbrio entre a modernidade e a eleg\u00e2ncia.<\/p>\n\n\n\n<ul class=\"wp-block-list\">\n<li><strong>Features:<\/strong>\n<ul class=\"wp-block-list\">\n<li>Comprimento m\u00e9dio que permite diversas varia\u00e7\u00f5es de styling.<\/li>\n\n\n\n<li>Look desestruturado que valoriza o movimento natural do cabelo.<\/li>\n\n\n\n<li>Pode ser combinado com mechas ou balayage para adicionar dimens\u00e3o e profundidade.<\/li>\n<\/ul>\n<\/li>\n\n\n\n<li><strong>Dicas de Manuten\u00e7\u00e3o:<\/strong>\n<ul class=\"wp-block-list\">\n<li>Invista em produtos que preservem a cor e a sa\u00fade dos fios.<\/li>\n\n\n\n<li>O uso regular de m\u00e1scaras nutritivas \u00e9 essencial para manter o cabelo hidratado e brilhante.<\/li>\n<\/ul>\n<\/li>\n<\/ul>\n\n\n\n<h3 class=\"wp-block-heading\" id=\"3-o-corte-pixie-com-feminilidade\"><strong>3. O Corte Pixie com Feminilidade<\/strong><\/h3>\n\n\n\n<p>O corte pixie, s\u00edmbolo de ousadia e modernidade, volta com adapta\u00e7\u00f5es que ressaltam a feminilidade e a sofistica\u00e7\u00e3o. Ideal para mulheres que desejam um visual pr\u00e1tico e elegante, esse corte enfatiza os tra\u00e7os faciais e destaca a personalidade.<\/p>\n\n\n\n<ul class=\"wp-block-list\">\n<li><strong>Features:<\/strong>\n<ul class=\"wp-block-list\">\n<li>Corte curto com linhas definidas e textura moderna.<\/li>\n\n\n\n<li>Permite a cria\u00e7\u00e3o de estilos vers\u00e1teis, desde um visual mais cl\u00e1ssico at\u00e9 um look mais despojado.<\/li>\n\n\n\n<li>Real\u00e7a as fei\u00e7\u00f5es, sendo ideal para quem deseja evidenciar o rosto.<\/li>\n<\/ul>\n<\/li>\n\n\n\n<li><strong>Dicas de Manuten\u00e7\u00e3o:<\/strong>\n<ul class=\"wp-block-list\">\n<li>A manuten\u00e7\u00e3o regular \u00e9 importante para preservar a forma e a defini\u00e7\u00e3o do corte.<\/li>\n\n\n\n<li>Experimente diferentes produtos de styling para variar o acabamento e a textura dos fios.<\/li>\n<\/ul>\n<\/li>\n<\/ul>\n\n\n\n<h3 class=\"wp-block-heading\" id=\"4-o-corte-em-camadas-com-volume-natural\"><strong>4. O Corte em Camadas com Volume Natural<\/strong><\/h3>\n\n\n\n<p>Para mulheres com cabelos mais longos, o corte em camadas \u00e9 uma tend\u00eancia que valoriza o volume e o movimento natural dos fios. Este estilo permite uma apar\u00eancia mais leve e din\u00e2mica, ideal para quem busca um visual sofisticado e despojado.<\/p>\n\n\n\n<ul class=\"wp-block-list\">\n<li><strong>Features:<\/strong>\n<ul class=\"wp-block-list\">\n<li>Camadas distribu\u00eddas de forma estrat\u00e9gica para criar movimento e dar leveza ao visual.<\/li>\n\n\n\n<li>Pode ser combinado com franjas ou lateral para um toque extra de modernidade.<\/li>\n\n\n\n<li>Funciona bem com diversos tipos de cabelo, desde lisos at\u00e9 cacheados.<\/li>\n<\/ul>\n<\/li>\n\n\n\n<li><strong>Dicas de Manuten\u00e7\u00e3o:<\/strong>\n<ul class=\"wp-block-list\">\n<li>Invista em cortes regulares para evitar pontas duplas e manter o volume controlado.<\/li>\n\n\n\n<li>Utilize produtos que enfatizem a defini\u00e7\u00e3o das camadas sem deixar o cabelo pesado.<\/li>\n<\/ul>\n<\/li>\n<\/ul>\n\n\n\n<hr class=\"wp-block-separator has-alpha-channel-opacity\"\/>\n\n\n\n<h2 class=\"wp-block-heading\" id=\"dicas-gerais-para-a-escolha-e-manutencao-dos-cortes-de-cabelo\"><strong>Dicas Gerais para a Escolha e Manuten\u00e7\u00e3o dos Cortes de Cabelo<\/strong><\/h2>\n\n\n\n<p>Independentemente do estilo escolhido, alguns cuidados s\u00e3o essenciais para que os <strong>cortes de cabelo<\/strong> se mantenham sempre em dia e realcem a beleza dos fios.<\/p>\n\n\n\n<h3 class=\"wp-block-heading\" id=\"1-consultoria-com-profissionais\"><strong>1. Consultoria com Profissionais<\/strong><\/h3>\n\n\n\n<ul class=\"wp-block-list\">\n<li><strong>Avalia\u00e7\u00e3o Personalizada:<\/strong> Antes de optar por um novo corte, \u00e9 importante consultar um cabeleireiro para avaliar o formato do rosto, a textura do cabelo e o estilo de vida. Essa avalia\u00e7\u00e3o ajuda a definir o corte que melhor se adapta \u00e0s suas caracter\u00edsticas.<\/li>\n\n\n\n<li><strong>Tend\u00eancias e Adapta\u00e7\u00f5es:<\/strong> Profissionais atualizados podem oferecer sugest\u00f5es que unam as tend\u00eancias atuais com as particularidades de cada pessoa, garantindo um resultado harmonioso.<\/li>\n<\/ul>\n\n\n\n<h3 class=\"wp-block-heading\" id=\"2-cuidados-diarios\"><strong>2. Cuidados Di\u00e1rios<\/strong><\/h3>\n\n\n\n<ul class=\"wp-block-list\">\n<li><strong>Moisturising and nourishing:<\/strong> Mantenha uma rotina de cuidados que inclua shampoos, condicionadores e m\u00e1scaras de hidrata\u00e7\u00e3o para preservar a sa\u00fade dos fios.<\/li>\n\n\n\n<li><strong>Thermal protection:<\/strong> O uso de ferramentas de calor, como secadores e chapinhas, deve ser acompanhado por produtos que protejam o cabelo dos danos t\u00e9rmicos.<\/li>\n\n\n\n<li><strong>Corte Regular:<\/strong> Manter os cortes em dia n\u00e3o s\u00f3 real\u00e7a a beleza dos fios, mas tamb\u00e9m previne o aparecimento de pontas duplas e mant\u00e9m o visual sempre moderno.<\/li>\n<\/ul>\n\n\n\n<h3 class=\"wp-block-heading\" id=\"3-adaptacao-as-tendencias\"><strong>3. Adapta\u00e7\u00e3o \u00e0s Tend\u00eancias<\/strong><\/h3>\n\n\n\n<ul class=\"wp-block-list\">\n<li><strong>Experimenta\u00e7\u00e3o com Cores:<\/strong> Al\u00e9m do corte, as colora\u00e7\u00f5es e t\u00e9cnicas de mechas, como o balayage, podem transformar o visual e acompanhar as tend\u00eancias dos <strong>cortes de cabelo<\/strong> deste ano.<\/li>\n\n\n\n<li><strong>Estilo Pessoal:<\/strong> \u00c9 fundamental que o corte escolhido reflita a personalidade e o estilo de vida. O autoconhecimento \u00e9 a chave para encontrar o visual que melhor se adapta \u00e0 sua ess\u00eancia.<\/li>\n<\/ul>\n\n\n\n<hr class=\"wp-block-separator has-alpha-channel-opacity\"\/>\n\n\n\n<h2 class=\"wp-block-heading\" id=\"inspiracao-e-estilo-transformando-o-visual-com-cortes-de-cabelo\"><strong>Inspira\u00e7\u00e3o e Estilo: Transformando o Visual com Cortes de Cabelo<\/strong><\/h2>\n\n\n\n<p>The <strong>cortes de cabelo<\/strong> est\u00e3o intrinsecamente ligados \u00e0 identidade e \u00e0 forma como nos apresentamos ao mundo. Adotar um novo corte pode transformar n\u00e3o s\u00f3 a apar\u00eancia, mas tamb\u00e9m a confian\u00e7a e a percep\u00e7\u00e3o pessoal.<\/p>\n\n\n\n<ul class=\"wp-block-list\">\n<li><strong>Para Homens:<\/strong> Os estilos modernos, como o fade, undercut e buzz cut modernizado, oferecem um visual limpo e contempor\u00e2neo, permitindo uma transi\u00e7\u00e3o suave entre o tradicional e o inovador.<\/li>\n\n\n\n<li><strong>Para Mulheres:<\/strong> Cortes como o bob repaginado, o lob, o pixie e o corte em camadas ressaltam a versatilidade e a feminilidade, combinando praticidade com sofistica\u00e7\u00e3o.<\/li>\n<\/ul>\n\n\n\n<p>Ao escolher um novo corte, leve em considera\u00e7\u00e3o a manuten\u00e7\u00e3o, a praticidade e a compatibilidade com a sua rotina di\u00e1ria. Com os cuidados certos, os <strong>cortes de cabelo<\/strong> podem se tornar a principal ferramenta de transforma\u00e7\u00e3o do seu visual, real\u00e7ando a beleza natural e proporcionando um look sempre atual e elegante.<\/p>\n\n\n\n<hr class=\"wp-block-separator has-alpha-channel-opacity\"\/>\n\n\n\n<h2 class=\"wp-block-heading\" id=\"conclusao\"><strong>Conclusion<\/strong><\/h2>\n\n\n\n<p>As tend\u00eancias deste ano mostram que os <strong>cortes de cabelo<\/strong> \u2013 tanto masculinos quanto femininos \u2013 est\u00e3o cada vez mais vers\u00e1teis e personalizados. Seja atrav\u00e9s de um degrad\u00ea texturizado, um undercut ousado ou um bob repaginado, as op\u00e7\u00f5es s\u00e3o vastas e permitem que cada pessoa encontre um estilo que combine com sua personalidade e necessidades.<\/p>\n\n\n\n<p>We at <strong>Beauty Art<\/strong>, acreditamos que a escolha de um corte de cabelo deve ser feita com base na individualidade e na orienta\u00e7\u00e3o de profissionais qualificados. Investir em uma mudan\u00e7a de visual pode ser o primeiro passo para renovar a autoestima e se sentir ainda mais confiante.<\/p>\n\n\n\n<p>Para mais dicas de estilo, cuidados e tend\u00eancias em cortes de cabelo, visite nosso site <a href=\"https:\/\/beleza.artereciclada.com.br\/en_gb\/\">Beauty Art<\/a> e acompanhe nossas redes sociais. Se voc\u00ea deseja uma orienta\u00e7\u00e3o personalizada, entre em contato pelo e-mail <strong><a href=\"mailto:contato@artereciclada.com.br\">contato@artereciclada.com.br<\/a><\/strong>.<\/p>\n\n\n\n<hr class=\"wp-block-separator has-alpha-channel-opacity\"\/>\n\n\n\n<h2 class=\"wp-block-heading\" id=\"fontes-de-inspiracao\"><strong>Sources of Inspiration<\/strong><\/h2>\n\n\n\n<p>Este artigo foi desenvolvido com base em estudos de tend\u00eancias de moda e beleza. As orienta\u00e7\u00f5es aqui apresentadas refletem as mais recentes novidades e pr\u00e1ticas para que os <strong>cortes de cabelo<\/strong> se tornem uma ferramenta de express\u00e3o pessoal e transforma\u00e7\u00e3o est\u00e9tica.<\/p>\n\n\n\n<p>Manter-se atualizado e adaptar as tend\u00eancias ao seu estilo pessoal \u00e9 essencial para aproveitar ao m\u00e1ximo as possibilidades dos cortes de cabelo. Mantenha-se informado, experimente novas tend\u00eancias e celebre sua individualidade atrav\u00e9s do seu visual.<\/p>\n\n\n\n<p><a href=\"https:\/\/www.youtube.com\/watch?v=9jg2GRASnX4\" target=\"_blank\" rel=\"noopener\">Video Suggestion<\/a><\/p>\n\n\n\n<hr class=\"wp-block-separator has-alpha-channel-opacity\"\/>\n\n\n\n<p><\/p>","protected":false},"excerpt":{"rendered":"<p>O universo da beleza e da moda est\u00e1 sempre em constante transforma\u00e7\u00e3o, e os cortes de cabelo n\u00e3o s\u00e3o exce\u00e7\u00e3o. Este ano, observamos uma renova\u00e7\u00e3o nas tend\u00eancias que abra\u00e7am estilos ousados, vers\u00e1teis e que refletem personalidade tanto no p\u00fablico masculino quanto feminino. Neste artigo, no Beleza Arte, n\u00f3s exploramos as principais tend\u00eancias de cortes de [&hellip;]<\/p>","protected":false},"author":4,"featured_media":103,"comment_status":"open","ping_status":"open","sticky":false,"template":"","format":"standard","meta":{"footnotes":""},"categories":[6],"tags":[],"class_list":["post-102","post","type-post","status-publish","format-standard","has-post-thumbnail","hentry","category-cabelo"],"blocksy_meta":[],"_links":{"self":[{"href":"https:\/\/beleza.artereciclada.com.br\/en_gb\/wp-json\/wp\/v2\/posts\/102","targetHints":{"allow":["GET"]}}],"collection":[{"href":"https:\/\/beleza.artereciclada.com.br\/en_gb\/wp-json\/wp\/v2\/posts"}],"about":[{"href":"https:\/\/beleza.artereciclada.com.br\/en_gb\/wp-json\/wp\/v2\/types\/post"}],"author":[{"embeddable":true,"href":"https:\/\/beleza.artereciclada.com.br\/en_gb\/wp-json\/wp\/v2\/users\/4"}],"replies":[{"embeddable":true,"href":"https:\/\/beleza.artereciclada.com.br\/en_gb\/wp-json\/wp\/v2\/comments?post=102"}],"version-history":[{"count":3,"href":"https:\/\/beleza.artereciclada.com.br\/en_gb\/wp-json\/wp\/v2\/posts\/102\/revisions"}],"predecessor-version":[{"id":235,"href":"https:\/\/beleza.artereciclada.com.br\/en_gb\/wp-json\/wp\/v2\/posts\/102\/revisions\/235"}],"wp:featuredmedia":[{"embeddable":true,"href":"https:\/\/beleza.artereciclada.com.br\/en_gb\/wp-json\/wp\/v2\/media\/103"}],"wp:attachment":[{"href":"https:\/\/beleza.artereciclada.com.br\/en_gb\/wp-json\/wp\/v2\/media?parent=102"}],"wp:term":[{"taxonomy":"category","embeddable":true,"href":"https:\/\/beleza.artereciclada.com.br\/en_gb\/wp-json\/wp\/v2\/categories?post=102"},{"taxonomy":"post_tag","embeddable":true,"href":"https:\/\/beleza.artereciclada.com.br\/en_gb\/wp-json\/wp\/v2\/tags?post=102"}],"curies":[{"name":"wp","href":"https:\/\/api.w.org\/{rel}","templated":true}]}}