{"id":64,"date":"2025-02-14T07:39:26","date_gmt":"2025-02-14T13:39:26","guid":{"rendered":"https:\/\/beleza.artereciclada.com.br\/?p=64"},"modified":"2025-02-14T17:18:28","modified_gmt":"2025-02-14T20:18:28","slug":"hidratacao-facial-qual-o-melhor","status":"publish","type":"post","link":"https:\/\/beleza.artereciclada.com.br\/de\/pele\/hidratacao-facial-qual-o-melhor\/","title":{"rendered":"Hidrata\u00e7\u00e3o facial: Qual o Melhor Produto para Seu Tipo de Pele?"},"content":{"rendered":"<p>A <strong>hidrata\u00e7\u00e3o facial<\/strong> \u00e9 um dos pilares essenciais de uma rotina de cuidados com a pele, pois promove o equil\u00edbrio, a sa\u00fade e a luminosidade que todos almejamos. Em nosso artigo, no <strong>Sch\u00f6nheit Kunst<\/strong>, abordamos como escolher o produto ideal para cada tipo de pele, oferecendo um guia completo para que voc\u00ea possa investir de maneira inteligente em sua rotina de beleza.<\/p>\n\n\n\n<p>A seguir, detalhamos os diferentes tipos de pele, os ingredientes e f\u00f3rmulas mais recomendados e as melhores pr\u00e1ticas para potencializar os resultados da <strong>hidrata\u00e7\u00e3o facial<\/strong>. Nosso objetivo \u00e9 que, ao final deste artigo, voc\u00ea esteja preparado para identificar as necessidades espec\u00edficas da sua pele e escolher produtos que garantam um aspecto radiante e saud\u00e1vel.<\/p>\n\n\n\n<figure class=\"wp-block-image size-large\"><img fetchpriority=\"high\" decoding=\"async\" width=\"1024\" height=\"585\" src=\"https:\/\/beleza.artereciclada.com.br\/wp-content\/uploads\/2025\/02\/DALL\u00b7E-2025-02-14-10.37.38-A-minimalistic-and-clean-flat-lay-of-various-facial-moisturizers-each-designed-for-different-skin-types-arranged-aesthetically-on-a-white-background-1-1024x585.webp\" alt=\"hidrata\u00e7\u00e3o facial\" class=\"wp-image-65\" srcset=\"https:\/\/beleza.artereciclada.com.br\/wp-content\/uploads\/2025\/02\/DALL\u00b7E-2025-02-14-10.37.38-A-minimalistic-and-clean-flat-lay-of-various-facial-moisturizers-each-designed-for-different-skin-types-arranged-aesthetically-on-a-white-background-1-1024x585.webp 1024w, https:\/\/beleza.artereciclada.com.br\/wp-content\/uploads\/2025\/02\/DALL\u00b7E-2025-02-14-10.37.38-A-minimalistic-and-clean-flat-lay-of-various-facial-moisturizers-each-designed-for-different-skin-types-arranged-aesthetically-on-a-white-background-1-300x171.webp 300w, https:\/\/beleza.artereciclada.com.br\/wp-content\/uploads\/2025\/02\/DALL\u00b7E-2025-02-14-10.37.38-A-minimalistic-and-clean-flat-lay-of-various-facial-moisturizers-each-designed-for-different-skin-types-arranged-aesthetically-on-a-white-background-1-768x439.webp 768w, https:\/\/beleza.artereciclada.com.br\/wp-content\/uploads\/2025\/02\/DALL\u00b7E-2025-02-14-10.37.38-A-minimalistic-and-clean-flat-lay-of-various-facial-moisturizers-each-designed-for-different-skin-types-arranged-aesthetically-on-a-white-background-1-1536x878.webp 1536w, https:\/\/beleza.artereciclada.com.br\/wp-content\/uploads\/2025\/02\/DALL\u00b7E-2025-02-14-10.37.38-A-minimalistic-and-clean-flat-lay-of-various-facial-moisturizers-each-designed-for-different-skin-types-arranged-aesthetically-on-a-white-background-1-18x10.webp 18w, https:\/\/beleza.artereciclada.com.br\/wp-content\/uploads\/2025\/02\/DALL\u00b7E-2025-02-14-10.37.38-A-minimalistic-and-clean-flat-lay-of-various-facial-moisturizers-each-designed-for-different-skin-types-arranged-aesthetically-on-a-white-background-1.webp 1792w\" sizes=\"(max-width: 1024px) 100vw, 1024px\" \/><\/figure>\n\n\n\n<div class=\"wp-block-rank-math-toc-block\" id=\"rank-math-toc\"><h2>Index<\/h2><nav><ul><li class=\"\"><a href=\"#importancia-da-hidratacao-facial-para-a-saude-da-pele\">Import\u00e2ncia da Hidrata\u00e7\u00e3o Facial para a Sa\u00fade da Pele<\/a><ul><li class=\"\"><a href=\"#beneficios-essenciais-da-hidratacao-facial\">Benef\u00edcios Essenciais da Hidrata\u00e7\u00e3o Facial<\/a><\/li><\/ul><\/li><li class=\"\"><a href=\"#entendendo-os-tipos-de-pele-e-suas-necessidades\">Entendendo os Tipos de Pele e Suas Necessidades<\/a><ul><li class=\"\"><a href=\"#1-pele-seca\">1. Pele Seca<\/a><ul><li class=\"\"><a href=\"#caracteristicas-e-desafios\">Caracter\u00edsticas e Desafios<\/a><\/li><li class=\"\"><a href=\"#melhores-praticas-de-hidratacao-para-pele-seca\">Melhores Pr\u00e1ticas de Hidrata\u00e7\u00e3o para Pele Seca<\/a><\/li><\/ul><\/li><li class=\"\"><a href=\"#2-pele-oleosa\">2. Pele Oleosa<\/a><ul><li class=\"\"><a href=\"#caracteristicas-e-desafios-1\">Caracter\u00edsticas e Desafios<\/a><\/li><li class=\"\"><a href=\"#melhores-praticas-de-hidratacao-para-pele-oleosa\">Melhores Pr\u00e1ticas de Hidrata\u00e7\u00e3o para Pele Oleosa<\/a><\/li><\/ul><\/li><li class=\"\"><a href=\"#3-pele-mista\">3. Pele Mista<\/a><ul><li class=\"\"><a href=\"#caracteristicas-e-desafios-2\">Caracter\u00edsticas e Desafios<\/a><\/li><li class=\"\"><a href=\"#melhores-praticas-de-hidratacao-para-pele-mista\">Melhores Pr\u00e1ticas de Hidrata\u00e7\u00e3o para Pele Mista<\/a><\/li><\/ul><\/li><li class=\"\"><a href=\"#4-pele-sensivel\">4. Pele Sens\u00edvel<\/a><ul><li class=\"\"><a href=\"#caracteristicas-e-desafios-3\">Caracter\u00edsticas e Desafios<\/a><\/li><li class=\"\"><a href=\"#melhores-praticas-de-hidratacao-para-pele-sensivel\">Melhores Pr\u00e1ticas de Hidrata\u00e7\u00e3o para Pele Sens\u00edvel<\/a><\/li><\/ul><\/li><\/ul><\/li><li class=\"\"><a href=\"#como-escolher-o-produto-ideal-para-a-hidratacao-facial\">Como Escolher o Produto Ideal para a Hidrata\u00e7\u00e3o Facial<\/a><ul><li class=\"\"><a href=\"#1-analise-dos-ingredientes\">1. An\u00e1lise dos Ingredientes<\/a><ul><li class=\"\"><a href=\"#principais-ingredientes-para-cada-tipo-de-pele\">Principais Ingredientes para Cada Tipo de Pele<\/a><\/li><\/ul><\/li><li class=\"\"><a href=\"#2-textura-e-consistencia-do-produto\">2. Textura e Consist\u00eancia do Produto<\/a><\/li><li class=\"\"><a href=\"#3-compatibilidade-com-outras-etapas-da-rotina\">3. Compatibilidade com Outras Etapas da Rotina<\/a><\/li><li class=\"\"><a href=\"#4-testes-e-avaliacoes-dermatologicas\">4. Testes e Avalia\u00e7\u00f5es Dermatol\u00f3gicas<\/a><\/li><\/ul><\/li><li class=\"\"><a href=\"#passo-a-passo-para-uma-rotina-de-hidratacao-facial-eficiente\">Passo a Passo para uma Rotina de Hidrata\u00e7\u00e3o Facial Eficiente<\/a><ul><li class=\"\"><a href=\"#etapa-1-limpeza-profunda-e-suave\">Etapa 1: Limpeza Profunda e Suave<\/a><\/li><li class=\"\"><a href=\"#etapa-2-aplicacao-do-tonico-facial\">Etapa 2: Aplica\u00e7\u00e3o do T\u00f4nico Facial<\/a><\/li><li class=\"\"><a href=\"#etapa-3-aplicacao-do-serum-opcional\">Etapa 3: Aplica\u00e7\u00e3o do S\u00e9rum (Opcional)<\/a><\/li><li class=\"\"><a href=\"#etapa-4-aplicacao-do-hidratante\">Etapa 4: Aplica\u00e7\u00e3o do Hidratante<\/a><\/li><li class=\"\"><a href=\"#etapa-5-protecao-e-manutencao-diaria\">Etapa 5: Prote\u00e7\u00e3o e Manuten\u00e7\u00e3o Di\u00e1ria<\/a><\/li><\/ul><\/li><li class=\"\"><a href=\"#dicas-adicionais-para-potencializar-os-resultados-da-hidratacao-facial\">Dicas Adicionais para Potencializar os Resultados da Hidrata\u00e7\u00e3o Facial<\/a><ul><li class=\"\"><a href=\"#1-adaptacao-as-estacoes-do-ano\">1. Adapta\u00e7\u00e3o \u00e0s Esta\u00e7\u00f5es do Ano<\/a><\/li><li class=\"\"><a href=\"#2-alimentacao-e-hidratacao-interna\">2. Alimenta\u00e7\u00e3o e Hidrata\u00e7\u00e3o Interna<\/a><\/li><li class=\"\"><a href=\"#3-rotina-noturna-de-cuidados\">3. Rotina Noturna de Cuidados<\/a><\/li><li class=\"\"><a href=\"#4-monitoramento-dos-resultados\">4. Monitoramento dos Resultados<\/a><\/li><\/ul><\/li><li class=\"\"><a href=\"#tendencias-e-inovacoes-em-hidratacao-facial\">Tend\u00eancias e Inova\u00e7\u00f5es em Hidrata\u00e7\u00e3o Facial<\/a><ul><li class=\"\"><a href=\"#1-produtos-multifuncionais\">1. Produtos Multifuncionais<\/a><\/li><li class=\"\"><a href=\"#2-personalizacao-da-rotina\">2. Personaliza\u00e7\u00e3o da Rotina<\/a><\/li><li class=\"\"><a href=\"#3-sustentabilidade-e-responsabilidade\">3. Sustentabilidade e Responsabilidade<\/a><\/li><\/ul><\/li><li class=\"\"><a href=\"#estudos-de-caso-resultados-comprovados-com-a-hidratacao-facial\">Estudos de Caso: Resultados Comprovados com a Hidrata\u00e7\u00e3o Facial<\/a><\/li><li class=\"\"><a href=\"#recomendacoes-finais-do-beleza-arte\">Recomenda\u00e7\u00f5es Finais do Beleza Arte<\/a><ul><li class=\"\"><a href=\"#onde-encontrar-mais-dicas-e-produtos-de-qualidade\">Onde Encontrar Mais Dicas e Produtos de Qualidade<\/a><\/li><\/ul><\/li><li class=\"\"><a href=\"#consideracoes-finais\">Abschlie\u00dfende \u00dcberlegungen<\/a><\/li><\/ul><\/nav><\/div>\n\n\n\n<h2 class=\"wp-block-heading\" id=\"importancia-da-hidratacao-facial-para-a-saude-da-pele\"><strong>Import\u00e2ncia da Hidrata\u00e7\u00e3o Facial para a Sa\u00fade da Pele<\/strong><\/h2>\n\n\n\n<p>A <strong>hidrata\u00e7\u00e3o facial<\/strong> vai muito al\u00e9m de um simples passo na rotina de cuidados; ela \u00e9 fundamental para manter a barreira cut\u00e2nea protegida contra agentes externos, prevenir o envelhecimento precoce e garantir uma apar\u00eancia mais uniforme e revitalizada.<\/p>\n\n\n\n<h3 class=\"wp-block-heading\" id=\"beneficios-essenciais-da-hidratacao-facial\"><strong>Benef\u00edcios Essenciais da Hidrata\u00e7\u00e3o Facial<\/strong><\/h3>\n\n\n\n<ul class=\"wp-block-list\">\n<li><strong>Equil\u00edbrio da Barreira Cut\u00e2nea:<\/strong> Produtos hidratantes ajudam a manter o equil\u00edbrio do pH da pele e a integridade da camada protetora, prevenindo irrita\u00e7\u00f5es e infec\u00e7\u00f5es.<\/li>\n\n\n\n<li><strong>Preven\u00e7\u00e3o do Envelhecimento:<\/strong> A hidrata\u00e7\u00e3o adequada reduz a forma\u00e7\u00e3o de rugas e linhas de express\u00e3o, proporcionando uma apar\u00eancia mais jovem.<\/li>\n\n\n\n<li><strong>Melhora da Textura e Elasticidade:<\/strong> Com o uso cont\u00ednuo de produtos de qualidade, a pele torna-se mais macia, el\u00e1stica e com uma textura uniforme.<\/li>\n\n\n\n<li><strong>Prote\u00e7\u00e3o contra Agentes Externos:<\/strong> A hidrata\u00e7\u00e3o fortalece a pele, tornando-a mais resistente \u00e0s agress\u00f5es do sol, vento e polui\u00e7\u00e3o.<\/li>\n<\/ul>\n\n\n\n<p>Compreender os benef\u00edcios da <strong>hidrata\u00e7\u00e3o facial<\/strong> \u00e9 o primeiro passo para adotar uma rotina que realmente transforme a sa\u00fade e a apar\u00eancia da sua pele.<\/p>\n\n\n\n<hr class=\"wp-block-separator has-alpha-channel-opacity\"\/>\n\n\n\n<h2 class=\"wp-block-heading\" id=\"entendendo-os-tipos-de-pele-e-suas-necessidades\"><strong>Entendendo os Tipos de Pele e Suas Necessidades<\/strong><\/h2>\n\n\n\n<p>Cada tipo de pele possui caracter\u00edsticas \u00fanicas e, por isso, requer cuidados personalizados. Nesta se\u00e7\u00e3o, exploramos as principais categorias e as melhores abordagens para cada uma.<\/p>\n\n\n\n<h3 class=\"wp-block-heading\" id=\"1-pele-seca\"><strong>1. Pele Seca<\/strong><\/h3>\n\n\n\n<h4 class=\"wp-block-heading\" id=\"caracteristicas-e-desafios\"><strong>Caracter\u00edsticas e Desafios<\/strong><\/h4>\n\n\n\n<p>A pele seca tende a ser \u00e1spera, com descama\u00e7\u00f5es e sensa\u00e7\u00e3o de repuxamento. A falta de lip\u00eddios naturais e de umidade pode levar a desconfortos e at\u00e9 irrita\u00e7\u00f5es, especialmente em climas frios ou em ambientes com baixa umidade.<\/p>\n\n\n\n<h4 class=\"wp-block-heading\" id=\"melhores-praticas-de-hidratacao-para-pele-seca\"><strong>Melhores Pr\u00e1ticas de Hidrata\u00e7\u00e3o para Pele Seca<\/strong><\/h4>\n\n\n\n<ul class=\"wp-block-list\">\n<li><strong>F\u00f3rmulas Ricas em Emolientes:<\/strong> Buscamos produtos com manteigas e \u00f3leos vegetais que ajudem a restaurar a barreira de lip\u00eddios.<\/li>\n\n\n\n<li><strong>Hidratantes com \u00c1cido Hialur\u00f4nico:<\/strong> Este ingrediente \u00e9 capaz de reter a umidade na pele, proporcionando hidrata\u00e7\u00e3o profunda e duradoura.<\/li>\n\n\n\n<li><strong>Uso de S\u00e9runs e Cremes Noturnos:<\/strong> S\u00e9runs intensivos combinados com cremes mais pesados \u00e0 noite s\u00e3o ideais para maximizar a hidrata\u00e7\u00e3o enquanto a pele se regenera durante o sono.<\/li>\n<\/ul>\n\n\n\n<h3 class=\"wp-block-heading\" id=\"2-pele-oleosa\"><strong>2. Pele Oleosa<\/strong><\/h3>\n\n\n\n<h4 class=\"wp-block-heading\" id=\"caracteristicas-e-desafios-1\"><strong>Caracter\u00edsticas e Desafios<\/strong><\/h4>\n\n\n\n<p>A pele oleosa \u00e9 marcada por uma produ\u00e7\u00e3o excessiva de sebo, o que pode resultar em poros dilatados, brilho excessivo e, em alguns casos, acne. O desafio aqui \u00e9 hidratar sem agravar a oleosidade.<\/p>\n\n\n\n<h4 class=\"wp-block-heading\" id=\"melhores-praticas-de-hidratacao-para-pele-oleosa\"><strong>Melhores Pr\u00e1ticas de Hidrata\u00e7\u00e3o para Pele Oleosa<\/strong><\/h4>\n\n\n\n<ul class=\"wp-block-list\">\n<li><strong>Texturas Leves e Oil-Free:<\/strong> Hidratantes em gel ou lo\u00e7\u00f5es s\u00e3o ideais para oferecer hidrata\u00e7\u00e3o sem obstruir os poros.<\/li>\n\n\n\n<li><strong>Ingredientes Matificantes:<\/strong> Produtos que contenham niacinamida ou hamam\u00e9lis ajudam a controlar o brilho e a regular a produ\u00e7\u00e3o de sebo.<\/li>\n\n\n\n<li><strong>Hidrata\u00e7\u00e3o Balanceada:<\/strong> A escolha de um produto que equilibre a umidade sem deixar res\u00edduos oleosos \u00e9 fundamental para manter a pele com aspecto fresco e saud\u00e1vel.<\/li>\n<\/ul>\n\n\n\n<h3 class=\"wp-block-heading\" id=\"3-pele-mista\"><strong>3. Pele Mista<\/strong><\/h3>\n\n\n\n<h4 class=\"wp-block-heading\" id=\"caracteristicas-e-desafios-2\"><strong>Caracter\u00edsticas e Desafios<\/strong><\/h4>\n\n\n\n<p>A pele mista apresenta zonas com caracter\u00edsticas diferentes: \u00e1reas mais secas e outras com oleosidade acentuada. Este tipo de pele exige uma abordagem dual, onde o equil\u00edbrio \u00e9 a palavra-chave.<\/p>\n\n\n\n<h4 class=\"wp-block-heading\" id=\"melhores-praticas-de-hidratacao-para-pele-mista\"><strong>Melhores Pr\u00e1ticas de Hidrata\u00e7\u00e3o para Pele Mista<\/strong><\/h4>\n\n\n\n<ul class=\"wp-block-list\">\n<li><strong>Produtos H\u00edbridos:<\/strong> Hidratantes que possuem uma f\u00f3rmula balanceada, com componentes leves e hidratantes intensivos, permitem uma aplica\u00e7\u00e3o diferenciada conforme a necessidade de cada \u00e1rea.<\/li>\n\n\n\n<li><strong>Aplica\u00e7\u00e3o Localizada:<\/strong> Utilizar produtos espec\u00edficos para cada zona, com um hidratante mais intenso nas \u00e1reas secas e um produto oil-free nas \u00e1reas oleosas, pode trazer resultados mais satisfat\u00f3rios.<\/li>\n\n\n\n<li><strong>Aten\u00e7\u00e3o \u00e0 Formula\u00e7\u00e3o:<\/strong> Optar por produtos que contenham ingredientes como o \u00e1cido hialur\u00f4nico e a vitamina E, que ajudam a uniformizar a textura da pele.<\/li>\n<\/ul>\n\n\n\n<h3 class=\"wp-block-heading\" id=\"4-pele-sensivel\"><strong>4. Pele Sens\u00edvel<\/strong><\/h3>\n\n\n\n<h4 class=\"wp-block-heading\" id=\"caracteristicas-e-desafios-3\"><strong>Caracter\u00edsticas e Desafios<\/strong><\/h4>\n\n\n\n<p>A pele sens\u00edvel reage de forma mais intensa a est\u00edmulos e pode apresentar vermelhid\u00e3o, coceira e irrita\u00e7\u00e3o facilmente. A hidrata\u00e7\u00e3o facial para este tipo de pele deve ser feita com cautela, priorizando produtos com f\u00f3rmulas suaves e sem fragr\u00e2ncias.<\/p>\n\n\n\n<h4 class=\"wp-block-heading\" id=\"melhores-praticas-de-hidratacao-para-pele-sensivel\"><strong>Melhores Pr\u00e1ticas de Hidrata\u00e7\u00e3o para Pele Sens\u00edvel<\/strong><\/h4>\n\n\n\n<ul class=\"wp-block-list\">\n<li><strong>Produtos Hipoalerg\u00eanicos:<\/strong> Escolher hidratantes formulados para peles sens\u00edveis, livres de corantes e fragr\u00e2ncias artificiais.<\/li>\n\n\n\n<li><strong>Ingredientes Calmantes:<\/strong> Aloe vera, camomila e centella asi\u00e1tica s\u00e3o excelentes aliados para reduzir irrita\u00e7\u00f5es e proporcionar um efeito calmante.<\/li>\n\n\n\n<li><strong>Aplica\u00e7\u00e3o Cuidadosa:<\/strong> Realizar testes de sensibilidade e introduzir novos produtos gradualmente \u00e9 fundamental para evitar rea\u00e7\u00f5es adversas.<\/li>\n<\/ul>\n\n\n\n<hr class=\"wp-block-separator has-alpha-channel-opacity\"\/>\n\n\n\n<h2 class=\"wp-block-heading\" id=\"como-escolher-o-produto-ideal-para-a-hidratacao-facial\"><strong>Como Escolher o Produto Ideal para a Hidrata\u00e7\u00e3o Facial<\/strong><\/h2>\n\n\n\n<p>Selecionar o melhor produto para sua <strong>hidrata\u00e7\u00e3o facial<\/strong> envolve uma an\u00e1lise detalhada dos ingredientes, da textura e das necessidades espec\u00edficas da sua pele. A seguir, destacamos os principais aspectos a serem considerados:<\/p>\n\n\n\n<h3 class=\"wp-block-heading\" id=\"1-analise-dos-ingredientes\"><strong>1. An\u00e1lise dos Ingredientes<\/strong><\/h3>\n\n\n\n<h4 class=\"wp-block-heading\" id=\"principais-ingredientes-para-cada-tipo-de-pele\"><strong>Principais Ingredientes para Cada Tipo de Pele<\/strong><\/h4>\n\n\n\n<ul class=\"wp-block-list\">\n<li><strong>Hyalurons\u00e4ure:<\/strong> Essencial para todas as peles, por sua capacidade de reter \u00e1gua e proporcionar hidrata\u00e7\u00e3o duradoura.<\/li>\n\n\n\n<li><strong>Glicerina:<\/strong> Um excelente agente hidratante que atrai umidade e mant\u00e9m a pele suave.<\/li>\n\n\n\n<li><strong>Ceramidas:<\/strong> Importantes para restaurar a barreira cut\u00e2nea, especialmente em peles secas e sens\u00edveis.<\/li>\n\n\n\n<li><strong>Niacinamida:<\/strong> \u00datil para peles oleosas e mistas, pois regula a produ\u00e7\u00e3o de sebo e melhora a textura da pele.<\/li>\n\n\n\n<li><strong>Extratos Naturais:<\/strong> Aloe vera, camomila e outros extratos podem acalmar a pele e reduzir irrita\u00e7\u00f5es.<\/li>\n<\/ul>\n\n\n\n<h3 class=\"wp-block-heading\" id=\"2-textura-e-consistencia-do-produto\"><strong>2. Textura e Consist\u00eancia do Produto<\/strong><\/h3>\n\n\n\n<p>A escolha da textura do hidratante \u00e9 crucial para a efic\u00e1cia da <strong>hidrata\u00e7\u00e3o facial<\/strong>.<\/p>\n\n\n\n<ul class=\"wp-block-list\">\n<li><strong>Gel e Lo\u00e7\u00f5es:<\/strong> Ideais para peles oleosas e mistas, por sua leveza e r\u00e1pida absor\u00e7\u00e3o.<\/li>\n\n\n\n<li><strong>Cremes e Emuls\u00f5es:<\/strong> Recomendados para peles secas e sens\u00edveis, que necessitam de uma hidrata\u00e7\u00e3o mais intensa e uma barreira de prote\u00e7\u00e3o refor\u00e7ada.<\/li>\n\n\n\n<li><strong>S\u00e9runs:<\/strong> Produtos com alta concentra\u00e7\u00e3o de ativos que podem ser incorporados \u00e0 rotina para potencializar os resultados dos hidratantes convencionais.<\/li>\n<\/ul>\n\n\n\n<h3 class=\"wp-block-heading\" id=\"3-compatibilidade-com-outras-etapas-da-rotina\"><strong>3. Compatibilidade com Outras Etapas da Rotina<\/strong><\/h3>\n\n\n\n<p>Para potencializar os efeitos da <strong>hidrata\u00e7\u00e3o facial<\/strong>, \u00e9 fundamental que o hidratante seja compat\u00edvel com os demais produtos utilizados na rotina, como t\u00f4nicos, s\u00e9runs e protetores solares. Uma boa sinergia entre os produtos garantir\u00e1 um resultado mais eficaz e duradouro.<\/p>\n\n\n\n<h3 class=\"wp-block-heading\" id=\"4-testes-e-avaliacoes-dermatologicas\"><strong>4. Testes e Avalia\u00e7\u00f5es Dermatol\u00f3gicas<\/strong><\/h3>\n\n\n\n<p>Optar por produtos testados e aprovados por dermatologistas \u00e9 uma medida que aumenta a seguran\u00e7a e a efic\u00e1cia dos cuidados. Em casos de pele sens\u00edvel ou com hist\u00f3rico de rea\u00e7\u00f5es, a consulta com um especialista \u00e9 indispens\u00e1vel para a escolha adequada dos produtos.<\/p>\n\n\n\n<hr class=\"wp-block-separator has-alpha-channel-opacity\"\/>\n\n\n\n<h2 class=\"wp-block-heading\" id=\"passo-a-passo-para-uma-rotina-de-hidratacao-facial-eficiente\"><strong>Passo a Passo para uma Rotina de Hidrata\u00e7\u00e3o Facial Eficiente<\/strong><\/h2>\n\n\n\n<p>A seguir, apresentamos um guia pr\u00e1tico para incorporar a <strong>hidrata\u00e7\u00e3o facial<\/strong> de forma eficiente na sua rotina di\u00e1ria.<\/p>\n\n\n\n<h3 class=\"wp-block-heading\" id=\"etapa-1-limpeza-profunda-e-suave\"><strong>Etapa 1: Limpeza Profunda e Suave<\/strong><\/h3>\n\n\n\n<p>Uma boa hidrata\u00e7\u00e3o come\u00e7a com a limpeza da pele. Recomendamos:<\/p>\n\n\n\n<ul class=\"wp-block-list\">\n<li><strong>Uso de Produtos Espec\u00edficos:<\/strong> Escolher um sabonete facial ou gel de limpeza adequado ao seu tipo de pele.<\/li>\n\n\n\n<li><strong>Remo\u00e7\u00e3o de Impurezas:<\/strong> Limpar a pele duas vezes ao dia, pela manh\u00e3 e \u00e0 noite, para eliminar res\u00edduos de polui\u00e7\u00e3o, maquiagem e excesso de oleosidade.<\/li>\n\n\n\n<li><strong>\u00c1gua na Temperatura Adequada:<\/strong> Utilizar \u00e1gua morna para n\u00e3o agredir a pele e facilitar a remo\u00e7\u00e3o de impurezas.<\/li>\n<\/ul>\n\n\n\n<h3 class=\"wp-block-heading\" id=\"etapa-2-aplicacao-do-tonico-facial\"><strong>Etapa 2: Aplica\u00e7\u00e3o do T\u00f4nico Facial<\/strong><\/h3>\n\n\n\n<p>Ap\u00f3s a limpeza, o t\u00f4nico ajuda a equilibrar o pH e a preparar a pele para a absor\u00e7\u00e3o dos ativos hidratantes.<\/p>\n\n\n\n<ul class=\"wp-block-list\">\n<li><strong>Escolha de um T\u00f4nico Sem \u00c1lcool:<\/strong> Para evitar ressecamento e irrita\u00e7\u00e3o.<\/li>\n\n\n\n<li><strong>Aplica\u00e7\u00e3o com Algod\u00e3o:<\/strong> Suavemente, garantindo uma distribui\u00e7\u00e3o homog\u00eanea do produto.<\/li>\n<\/ul>\n\n\n\n<h3 class=\"wp-block-heading\" id=\"etapa-3-aplicacao-do-serum-opcional\"><strong>Etapa 3: Aplica\u00e7\u00e3o do S\u00e9rum (Opcional)<\/strong><\/h3>\n\n\n\n<p>Para potencializar a <strong>hidrata\u00e7\u00e3o facial<\/strong>, podemos utilizar um s\u00e9rum com ingredientes ativos como \u00e1cido hialur\u00f4nico, vitamina C ou niacinamida.<\/p>\n\n\n\n<ul class=\"wp-block-list\">\n<li><strong>Passo Adicional:<\/strong> Aplicar o s\u00e9rum logo ap\u00f3s o t\u00f4nico, com movimentos leves e circulares, para garantir uma penetra\u00e7\u00e3o eficaz dos ativos.<\/li>\n<\/ul>\n\n\n\n<h3 class=\"wp-block-heading\" id=\"etapa-4-aplicacao-do-hidratante\"><strong>Etapa 4: Aplica\u00e7\u00e3o do Hidratante<\/strong><\/h3>\n\n\n\n<p>A escolha do hidratante \u00e9 o ponto central da rotina.<\/p>\n\n\n\n<ul class=\"wp-block-list\">\n<li><strong>Sele\u00e7\u00e3o do Produto Ideal:<\/strong> Baseando-se no seu tipo de pele e na an\u00e1lise dos ingredientes, escolha um hidratante que atenda \u00e0s suas necessidades espec\u00edficas.<\/li>\n\n\n\n<li><strong>M\u00e9todo de Aplica\u00e7\u00e3o:<\/strong> Distribua o produto com movimentos ascendentes e suaves, garantindo que ele seja absorvido uniformemente em todo o rosto.<\/li>\n\n\n\n<li><strong>Foco nas \u00c1reas de Maior Necessidade:<\/strong> Preste aten\u00e7\u00e3o especial \u00e0s \u00e1reas mais ressecadas ou propensas a irrita\u00e7\u00f5es, aplicando uma camada extra quando necess\u00e1rio.<\/li>\n<\/ul>\n\n\n\n<h3 class=\"wp-block-heading\" id=\"etapa-5-protecao-e-manutencao-diaria\"><strong>Etapa 5: Prote\u00e7\u00e3o e Manuten\u00e7\u00e3o Di\u00e1ria<\/strong><\/h3>\n\n\n\n<p>Para manter a pele hidratada e protegida ao longo do dia, n\u00e3o esque\u00e7a de aplicar o protetor solar antes da exposi\u00e7\u00e3o ao sol.<\/p>\n\n\n\n<ul class=\"wp-block-list\">\n<li><strong>Combina\u00e7\u00e3o de Produtos:<\/strong> Utilize um hidratante que tamb\u00e9m possua prote\u00e7\u00e3o solar ou combine com um protetor solar oil-free para peles oleosas.<\/li>\n\n\n\n<li><strong>Ritmo Di\u00e1rio:<\/strong> Manter uma rotina consistente \u00e9 essencial para resultados duradouros e uma pele saud\u00e1vel.<\/li>\n<\/ul>\n\n\n\n<hr class=\"wp-block-separator has-alpha-channel-opacity\"\/>\n\n\n\n<h2 class=\"wp-block-heading\" id=\"dicas-adicionais-para-potencializar-os-resultados-da-hidratacao-facial\"><strong>Dicas Adicionais para Potencializar os Resultados da Hidrata\u00e7\u00e3o Facial<\/strong><\/h2>\n\n\n\n<p>Para otimizar os benef\u00edcios da <strong>hidrata\u00e7\u00e3o facial<\/strong>, adotamos algumas pr\u00e1ticas que podem fazer toda a diferen\u00e7a na sa\u00fade da pele.<\/p>\n\n\n\n<h3 class=\"wp-block-heading\" id=\"1-adaptacao-as-estacoes-do-ano\"><strong>1. Adapta\u00e7\u00e3o \u00e0s Esta\u00e7\u00f5es do Ano<\/strong><\/h3>\n\n\n\n<p>As necessidades da pele podem variar conforme as mudan\u00e7as clim\u00e1ticas:<\/p>\n\n\n\n<ul class=\"wp-block-list\">\n<li><strong>Inverno:<\/strong> Pode ser necess\u00e1rio optar por hidratantes mais densos e ricos em emolientes para combater o ressecamento causado pelo ar frio.<\/li>\n\n\n\n<li><strong>Ver\u00e3o:<\/strong> Prefira produtos mais leves, que n\u00e3o deixem a pele com apar\u00eancia oleosa, e que ofere\u00e7am prote\u00e7\u00e3o contra os raios solares intensos.<\/li>\n<\/ul>\n\n\n\n<h3 class=\"wp-block-heading\" id=\"2-alimentacao-e-hidratacao-interna\"><strong>2. Alimenta\u00e7\u00e3o e Hidrata\u00e7\u00e3o Interna<\/strong><\/h3>\n\n\n\n<p>A sa\u00fade da pele est\u00e1 intimamente ligada ao que consumimos e \u00e0 hidrata\u00e7\u00e3o do nosso organismo:<\/p>\n\n\n\n<ul class=\"wp-block-list\">\n<li><strong>Consumo de \u00c1gua:<\/strong> Manter-se hidratado internamente \u00e9 essencial para potencializar os efeitos dos produtos t\u00f3picos.<\/li>\n\n\n\n<li><strong>Dieta Balanceada:<\/strong> Alimentos ricos em antioxidantes, vitaminas e minerais colaboram para uma pele mais saud\u00e1vel e com melhor resposta aos cuidados externos.<\/li>\n<\/ul>\n\n\n\n<h3 class=\"wp-block-heading\" id=\"3-rotina-noturna-de-cuidados\"><strong>3. Rotina Noturna de Cuidados<\/strong><\/h3>\n\n\n\n<p>A noite \u00e9 um momento crucial para a regenera\u00e7\u00e3o da pele:<\/p>\n\n\n\n<ul class=\"wp-block-list\">\n<li><strong>Produtos Noturnos:<\/strong> Invista em cremes ou m\u00e1scaras noturnas que contenham ingredientes regeneradores, como retinol ou pept\u00eddeos.<\/li>\n\n\n\n<li><strong>Ambiente de Descanso:<\/strong> Certifique-se de que o ambiente esteja prop\u00edcio ao descanso, pois um sono reparador reflete diretamente na sa\u00fade da pele.<\/li>\n<\/ul>\n\n\n\n<h3 class=\"wp-block-heading\" id=\"4-monitoramento-dos-resultados\"><strong>4. Monitoramento dos Resultados<\/strong><\/h3>\n\n\n\n<p>Manter um registro dos produtos utilizados e das mudan\u00e7as na pele pode ajudar a identificar o que funciona melhor para voc\u00ea:<\/p>\n\n\n\n<ul class=\"wp-block-list\">\n<li><strong>Di\u00e1rio de Cuidados:<\/strong> Anote as rea\u00e7\u00f5es e os benef\u00edcios observados com o uso cont\u00ednuo dos produtos.<\/li>\n\n\n\n<li><strong>Avalia\u00e7\u00e3o Peri\u00f3dica:<\/strong> Ajuste a rotina conforme necess\u00e1rio, buscando sempre o equil\u00edbrio ideal para sua <strong>hidrata\u00e7\u00e3o facial<\/strong>.<\/li>\n<\/ul>\n\n\n\n<hr class=\"wp-block-separator has-alpha-channel-opacity\"\/>\n\n\n\n<h2 class=\"wp-block-heading\" id=\"tendencias-e-inovacoes-em-hidratacao-facial\"><strong>Tend\u00eancias e Inova\u00e7\u00f5es em Hidrata\u00e7\u00e3o Facial<\/strong><\/h2>\n\n\n\n<p>O mercado de beleza est\u00e1 em constante evolu\u00e7\u00e3o, e novas tecnologias e ingredientes est\u00e3o surgindo para melhorar a efic\u00e1cia dos produtos de <strong>hidrata\u00e7\u00e3o facial<\/strong>.<\/p>\n\n\n\n<h3 class=\"wp-block-heading\" id=\"1-produtos-multifuncionais\"><strong>1. Produtos Multifuncionais<\/strong><\/h3>\n\n\n\n<p>Atualmente, muitos hidratantes incorporam benef\u00edcios adicionais, como:<\/p>\n\n\n\n<ul class=\"wp-block-list\">\n<li><strong>Antioxidantes:<\/strong> Para combater os radicais livres e prevenir o envelhecimento.<\/li>\n\n\n\n<li><strong>Protetores Solares:<\/strong> Combinando hidrata\u00e7\u00e3o e prote\u00e7\u00e3o contra os danos do sol em um \u00fanico produto.<\/li>\n\n\n\n<li><strong>Ingredientes Naturais:<\/strong> Uma tend\u00eancia crescente \u00e9 o uso de f\u00f3rmulas org\u00e2nicas e veganas, que minimizam o risco de irrita\u00e7\u00f5es e respeitam a sa\u00fade da pele.<\/li>\n<\/ul>\n\n\n\n<h3 class=\"wp-block-heading\" id=\"2-personalizacao-da-rotina\"><strong>2. Personaliza\u00e7\u00e3o da Rotina<\/strong><\/h3>\n\n\n\n<p>Com o avan\u00e7o da tecnologia, alguns produtos j\u00e1 oferecem personaliza\u00e7\u00f5es baseadas nas necessidades espec\u00edficas de cada pele:<\/p>\n\n\n\n<ul class=\"wp-block-list\">\n<li><strong>Testes de An\u00e1lise Cut\u00e2nea:<\/strong> Alguns laborat\u00f3rios utilizam m\u00e9todos que analisam a composi\u00e7\u00e3o da pele para recomendar produtos ideais.<\/li>\n\n\n\n<li><strong>Solu\u00e7\u00f5es Customizadas:<\/strong> Marcas inovadoras oferecem kits personalizados, permitindo que cada pessoa monte sua rotina com base em dados reais e em tempo real.<\/li>\n<\/ul>\n\n\n\n<h3 class=\"wp-block-heading\" id=\"3-sustentabilidade-e-responsabilidade\"><strong>3. Sustentabilidade e Responsabilidade<\/strong><\/h3>\n\n\n\n<p>O compromisso com o meio ambiente tem se refletido na ind\u00fastria da beleza, incentivando o desenvolvimento de produtos sustent\u00e1veis:<\/p>\n\n\n\n<ul class=\"wp-block-list\">\n<li><strong>Embalagens Recicl\u00e1veis:<\/strong> Investir em produtos que utilizam materiais ecologicamente corretos.<\/li>\n\n\n\n<li><strong>Ingredientes de Origem Sustent\u00e1vel:<\/strong> Uma tend\u00eancia que une a efic\u00e1cia dos produtos \u00e0 responsabilidade ambiental e social.<\/li>\n<\/ul>\n\n\n\n<hr class=\"wp-block-separator has-alpha-channel-opacity\"\/>\n\n\n\n<h2 class=\"wp-block-heading\" id=\"estudos-de-caso-resultados-comprovados-com-a-hidratacao-facial\"><strong>Estudos de Caso: Resultados Comprovados com a Hidrata\u00e7\u00e3o Facial<\/strong><\/h2>\n\n\n\n<p>Diversos estudos e relatos de usu\u00e1rios demonstram que uma rotina bem estruturada de <strong>hidrata\u00e7\u00e3o facial<\/strong> pode transformar a apar\u00eancia da pele. Entre os principais resultados observados, destacamos:<\/p>\n\n\n\n<ul class=\"wp-block-list\">\n<li><strong>Redu\u00e7\u00e3o Significativa de Rugas e Linhas de Express\u00e3o:<\/strong> A hidrata\u00e7\u00e3o profunda e o uso de ativos anti-idade auxiliam na renova\u00e7\u00e3o celular.<\/li>\n\n\n\n<li><strong>Melhora na Textura e Uniformidade da Pele:<\/strong> Uma rotina consistente reduz imperfei\u00e7\u00f5es e proporciona uma apar\u00eancia mais suave e uniforme.<\/li>\n\n\n\n<li><strong>Aumento da Resist\u00eancia da Pele:<\/strong> Com a barreira cut\u00e2nea fortalecida, a pele torna-se mais resistente \u00e0s agress\u00f5es externas, prevenindo irrita\u00e7\u00f5es e sensibilidades.<\/li>\n<\/ul>\n\n\n\n<p>Relatos de usu\u00e1rios e an\u00e1lises cl\u00ednicas refor\u00e7am que a escolha correta do produto pode fazer toda a diferen\u00e7a na efic\u00e1cia da <strong>hidrata\u00e7\u00e3o facial<\/strong> e, consequentemente, na sa\u00fade e beleza da pele.<\/p>\n\n\n\n<hr class=\"wp-block-separator has-alpha-channel-opacity\"\/>\n\n\n\n<h2 class=\"wp-block-heading\" id=\"recomendacoes-finais-do-beleza-arte\"><strong>Recomenda\u00e7\u00f5es Finais do Beleza Arte<\/strong><\/h2>\n\n\n\n<p>Ao escolher o melhor produto para sua <strong>hidrata\u00e7\u00e3o facial<\/strong>, \u00e9 fundamental considerar o tipo de pele, as necessidades individuais e a compatibilidade dos ingredientes com os demais passos da rotina de cuidados. N\u00f3s, do <strong>Sch\u00f6nheit Kunst<\/strong>, recomendamos que voc\u00ea:<\/p>\n\n\n\n<ul class=\"wp-block-list\">\n<li><strong>Realize uma An\u00e1lise Detalhada:<\/strong> Conhe\u00e7a as especificidades da sua pele e identifique quais s\u00e3o os pontos que precisam ser mais cuidados.<\/li>\n\n\n\n<li><strong>Experimente e Ajuste:<\/strong> N\u00e3o hesite em testar diferentes produtos e ajustar a rotina conforme os resultados obtidos.<\/li>\n\n\n\n<li><strong>Busque Orienta\u00e7\u00e3o Profissional:<\/strong> Em caso de d\u00favidas ou rea\u00e7\u00f5es inesperadas, a consulta com um dermatologista pode oferecer a seguran\u00e7a necess\u00e1ria para aprimorar seus cuidados.<\/li>\n<\/ul>\n\n\n\n<h3 class=\"wp-block-heading\" id=\"onde-encontrar-mais-dicas-e-produtos-de-qualidade\"><strong>Onde Encontrar Mais Dicas e Produtos de Qualidade<\/strong><\/h3>\n\n\n\n<p>Para mais informa\u00e7\u00f5es, novidades e dicas sobre cuidados com a pele, convidamos voc\u00ea a visitar nosso site <a href=\"https:\/\/beleza.artereciclada.com.br\/de\/\">Sch\u00f6nheit Kunst<\/a> e acompanhar nossas redes sociais. Se tiver d\u00favidas ou precisar de uma orienta\u00e7\u00e3o personalizada, entre em contato pelo e-mail <strong><a href=\"mailto:contato@artereciclada.com.br\">contato@artereciclada.com.br<\/a><\/strong>. Nosso compromisso \u00e9 proporcionar conte\u00fados de alta qualidade e ajudar voc\u00ea a alcan\u00e7ar uma pele saud\u00e1vel e radiante.<\/p>\n\n\n\n<hr class=\"wp-block-separator has-alpha-channel-opacity\"\/>\n\n\n\n<h2 class=\"wp-block-heading\" id=\"consideracoes-finais\"><strong>Abschlie\u00dfende \u00dcberlegungen<\/strong><\/h2>\n\n\n\n<p>A <strong>hidrata\u00e7\u00e3o facial<\/strong> \u00e9 um componente vital em qualquer rotina de cuidados com a pele, impactando diretamente na sa\u00fade, na apar\u00eancia e no bem-estar. Seja qual for o seu tipo de pele \u2014 seca, oleosa, mista ou sens\u00edvel \u2014 a escolha do produto certo, aliada a uma rotina bem estruturada, pode transformar significativamente o aspecto e a qualidade da sua pele.<\/p>\n\n\n\n<p>Investir em produtos com ingredientes eficazes, adequados \u00e0 sua realidade e combinados com h\u00e1bitos saud\u00e1veis \u00e9 o caminho para uma pele protegida, rejuvenescida e naturalmente bonita. N\u00f3s, do <strong>Sch\u00f6nheit Kunst<\/strong>, nos dedicamos a trazer informa\u00e7\u00f5es atualizadas e orienta\u00e7\u00f5es pr\u00e1ticas para que voc\u00ea fa\u00e7a escolhas conscientes e alcance os melhores resultados na sua rotina de <strong>hidrata\u00e7\u00e3o facial<\/strong>.<\/p>\n\n\n\n<hr class=\"wp-block-separator has-alpha-channel-opacity\"\/>\n\n\n\n<p><strong>Fontes de Inspira\u00e7\u00e3o:<\/strong><br>Este artigo foi elaborado com base em experi\u00eancias pessoais e nas melhores pr\u00e1ticas de cuidados com a pele, visando oferecer informa\u00e7\u00f5es precisas e orienta\u00e7\u00f5es que ajudem voc\u00ea a selecionar o produto ideal para sua rotina de hidrata\u00e7\u00e3o facial.<\/p>\n\n\n\n<p>Agradecemos por acompanhar nosso conte\u00fado e esperamos que estas dicas contribuam para transformar sua experi\u00eancia com os cuidados di\u00e1rios com a pele. Mantenha-se informado e cuide bem da sua beleza, sempre com confian\u00e7a e conhecimento.<\/p>\n\n\n\n<p><a href=\"https:\/\/www.youtube.com\/watch?v=u_wEIqoT5Zs\" target=\"_blank\" rel=\"noopener\">Video-Vorschlag<\/a><\/p>\n\n\n\n<p><\/p>\n\n\n\n<hr class=\"wp-block-separator has-alpha-channel-opacity\"\/>\n\n\n\n<p><\/p>","protected":false},"excerpt":{"rendered":"<p>A hidrata\u00e7\u00e3o facial \u00e9 um dos pilares essenciais de uma rotina de cuidados com a pele, pois promove o equil\u00edbrio, a sa\u00fade e a luminosidade que todos almejamos. Em nosso artigo, no Beleza Arte, abordamos como escolher o produto ideal para cada tipo de pele, oferecendo um guia completo para que voc\u00ea possa investir de [&hellip;]<\/p>","protected":false},"author":4,"featured_media":65,"comment_status":"open","ping_status":"open","sticky":false,"template":"","format":"standard","meta":{"footnotes":""},"categories":[5],"tags":[],"class_list":["post-64","post","type-post","status-publish","format-standard","has-post-thumbnail","hentry","category-pele"],"blocksy_meta":[],"_links":{"self":[{"href":"https:\/\/beleza.artereciclada.com.br\/de\/wp-json\/wp\/v2\/posts\/64","targetHints":{"allow":["GET"]}}],"collection":[{"href":"https:\/\/beleza.artereciclada.com.br\/de\/wp-json\/wp\/v2\/posts"}],"about":[{"href":"https:\/\/beleza.artereciclada.com.br\/de\/wp-json\/wp\/v2\/types\/post"}],"author":[{"embeddable":true,"href":"https:\/\/beleza.artereciclada.com.br\/de\/wp-json\/wp\/v2\/users\/4"}],"replies":[{"embeddable":true,"href":"https:\/\/beleza.artereciclada.com.br\/de\/wp-json\/wp\/v2\/comments?post=64"}],"version-history":[{"count":5,"href":"https:\/\/beleza.artereciclada.com.br\/de\/wp-json\/wp\/v2\/posts\/64\/revisions"}],"predecessor-version":[{"id":245,"href":"https:\/\/beleza.artereciclada.com.br\/de\/wp-json\/wp\/v2\/posts\/64\/revisions\/245"}],"wp:featuredmedia":[{"embeddable":true,"href":"https:\/\/beleza.artereciclada.com.br\/de\/wp-json\/wp\/v2\/media\/65"}],"wp:attachment":[{"href":"https:\/\/beleza.artereciclada.com.br\/de\/wp-json\/wp\/v2\/media?parent=64"}],"wp:term":[{"taxonomy":"category","embeddable":true,"href":"https:\/\/beleza.artereciclada.com.br\/de\/wp-json\/wp\/v2\/categories?post=64"},{"taxonomy":"post_tag","embeddable":true,"href":"https:\/\/beleza.artereciclada.com.br\/de\/wp-json\/wp\/v2\/tags?post=64"}],"curies":[{"name":"wp","href":"https:\/\/api.w.org\/{rel}","templated":true}]}}