{"id":167,"date":"2025-02-14T11:04:50","date_gmt":"2025-02-14T17:04:50","guid":{"rendered":"https:\/\/beleza.artereciclada.com.br\/?p=167"},"modified":"2025-02-14T11:04:52","modified_gmt":"2025-02-14T17:04:52","slug":"cortes-para-afinar","status":"publish","type":"post","link":"https:\/\/beleza.artereciclada.com.br\/de\/cabelo\/cortes-para-afinar\/","title":{"rendered":"Cortes para afinar: Estilos que Valorizam Cada Formato de Rosto"},"content":{"rendered":"<p>Encontrar o corte de cabelo ideal pode transformar completamente a apar\u00eancia, real\u00e7ando a beleza natural do rosto. Quando buscamos <strong>cortes para afinar<\/strong>, o objetivo \u00e9 criar a ilus\u00e3o de um rosto mais estreito e harmonioso, equilibrando as propor\u00e7\u00f5es e suavizando tra\u00e7os mais largos ou robustos. Neste artigo, no <strong>Sch\u00f6nheit Kunst<\/strong>, apresentamos um guia completo sobre os cortes ideais para afinar o rosto, com dicas de estilos que se adaptam a diferentes formatos faciais e que podem real\u00e7ar sua personalidade com sofistica\u00e7\u00e3o.<\/p>\n\n\n\n<figure class=\"wp-block-image size-large\"><img fetchpriority=\"high\" decoding=\"async\" width=\"1024\" height=\"585\" src=\"https:\/\/beleza.artereciclada.com.br\/wp-content\/uploads\/2025\/02\/DALL\u00b7E-2025-02-14-13.59.08-A-stylish-and-modern-composition-featuring-different-flattering-haircut-styles-that-help-create-a-slimming-effect-on-the-face.-The-image-showcases-two-1-1-1024x585.webp\" alt=\"Cortes para afinar\" class=\"wp-image-169\" srcset=\"https:\/\/beleza.artereciclada.com.br\/wp-content\/uploads\/2025\/02\/DALL\u00b7E-2025-02-14-13.59.08-A-stylish-and-modern-composition-featuring-different-flattering-haircut-styles-that-help-create-a-slimming-effect-on-the-face.-The-image-showcases-two-1-1-1024x585.webp 1024w, https:\/\/beleza.artereciclada.com.br\/wp-content\/uploads\/2025\/02\/DALL\u00b7E-2025-02-14-13.59.08-A-stylish-and-modern-composition-featuring-different-flattering-haircut-styles-that-help-create-a-slimming-effect-on-the-face.-The-image-showcases-two-1-1-300x171.webp 300w, https:\/\/beleza.artereciclada.com.br\/wp-content\/uploads\/2025\/02\/DALL\u00b7E-2025-02-14-13.59.08-A-stylish-and-modern-composition-featuring-different-flattering-haircut-styles-that-help-create-a-slimming-effect-on-the-face.-The-image-showcases-two-1-1-768x439.webp 768w, https:\/\/beleza.artereciclada.com.br\/wp-content\/uploads\/2025\/02\/DALL\u00b7E-2025-02-14-13.59.08-A-stylish-and-modern-composition-featuring-different-flattering-haircut-styles-that-help-create-a-slimming-effect-on-the-face.-The-image-showcases-two-1-1-1536x878.webp 1536w, https:\/\/beleza.artereciclada.com.br\/wp-content\/uploads\/2025\/02\/DALL\u00b7E-2025-02-14-13.59.08-A-stylish-and-modern-composition-featuring-different-flattering-haircut-styles-that-help-create-a-slimming-effect-on-the-face.-The-image-showcases-two-1-1-18x10.webp 18w, https:\/\/beleza.artereciclada.com.br\/wp-content\/uploads\/2025\/02\/DALL\u00b7E-2025-02-14-13.59.08-A-stylish-and-modern-composition-featuring-different-flattering-haircut-styles-that-help-create-a-slimming-effect-on-the-face.-The-image-showcases-two-1-1.webp 1792w\" sizes=\"(max-width: 1024px) 100vw, 1024px\" \/><\/figure>\n\n\n\n<div class=\"wp-block-rank-math-toc-block\" id=\"rank-math-toc\"><h2>Index<\/h2><nav><ul><li class=\"\"><a href=\"#por-que-investir-em-cortes-para-afinar-o-rosto\">Por Que Investir em Cortes para Afinar o Rosto?<\/a><\/li><li class=\"\"><a href=\"#entendendo-os-diferentes-formatos-de-rosto\">Entendendo os Diferentes Formatos de Rosto<\/a><ul><li class=\"\"><a href=\"#1-rosto-redondo\">1. Rosto Redondo<\/a><\/li><li class=\"\"><a href=\"#2-rosto-quadrado\">2. Rosto Quadrado<\/a><\/li><li class=\"\"><a href=\"#3-rosto-oval\">3. Rosto Oval<\/a><\/li><li class=\"\"><a href=\"#4-rosto-triangular-ou-coracao\">4. Rosto Triangular ou Cora\u00e7\u00e3o<\/a><\/li><li class=\"\"><a href=\"#5-rosto-retangular\">5. Rosto Retangular<\/a><\/li><\/ul><\/li><li class=\"\"><a href=\"#estilos-de-cortes-para-afinar-o-rosto\">Estilos de Cortes para Afinar o Rosto<\/a><ul><li class=\"\"><a href=\"#1-bob-assimetrico\">1. Bob Assim\u00e9trico<\/a><\/li><li class=\"\"><a href=\"#2-corte-longo-em-camadas\">2. Corte Longo em Camadas<\/a><\/li><li class=\"\"><a href=\"#3-pixie-cut-com-franja\">3. Pixie Cut com Franja<\/a><\/li><li class=\"\"><a href=\"#4-under-cut-com-volume-na-parte-superior\">4. UnderCut com Volume na Parte Superior<\/a><\/li><li class=\"\"><a href=\"#5-corte-em-camadas-com-franja-lateral\">5. Corte em Camadas com Franja Lateral<\/a><\/li><\/ul><\/li><li class=\"\"><a href=\"#dicas-para-manutencao-e-estilo-dos-cortes-para-afinar\">Dicas para Manuten\u00e7\u00e3o e Estilo dos Cortes para Afinar<\/a><ul><li class=\"\"><a href=\"#1-cuidados-diarios\">1. Cuidados Di\u00e1rios<\/a><\/li><li class=\"\"><a href=\"#2-visitas-regulares-ao-cabeleireiro\">2. Visitas Regulares ao Cabeleireiro<\/a><\/li><li class=\"\"><a href=\"#3-estilo-e-versatilidade\">3. Estilo e Versatilidade<\/a><\/li><li class=\"\"><a href=\"#4-cuidados-com-a-saude-dos-fios\">4. Cuidados com a Sa\u00fade dos Fios<\/a><\/li><\/ul><\/li><li class=\"\"><a href=\"#conclusao\">Schlussfolgerung<\/a><\/li><li class=\"\"><a href=\"#fontes-de-inspiracao\">Quellen der Inspiration<\/a><\/li><\/ul><\/nav><\/div>\n\n\n\n<h2 class=\"wp-block-heading\" id=\"por-que-investir-em-cortes-para-afinar-o-rosto\"><strong>Por Que Investir em Cortes para Afinar o Rosto?<\/strong><\/h2>\n\n\n\n<p>Die <strong>cortes para afinar<\/strong> s\u00e3o mais do que uma tend\u00eancia est\u00e9tica; eles t\u00eam o poder de influenciar a autoconfian\u00e7a e a forma como nos apresentamos. Um corte bem escolhido pode:<\/p>\n\n\n\n<ul class=\"wp-block-list\">\n<li><strong>Equilibrar Propor\u00e7\u00f5es:<\/strong> Ao ajustar o volume e a forma dos fios, \u00e9 poss\u00edvel criar uma apar\u00eancia mais proporcional e harmoniosa.<\/li>\n\n\n\n<li><strong>Real\u00e7ar Tra\u00e7os:<\/strong> Cortes estrat\u00e9gicos podem destacar os pontos fortes do rosto e disfar\u00e7ar \u00e1reas que se deseja suavizar.<\/li>\n\n\n\n<li><strong>Valorizar a Personalidade:<\/strong> Independentemente do formato do rosto, um corte adequado comunica estilo, modernidade e personalidade.<\/li>\n<\/ul>\n\n\n\n<p>Investir em um corte que afine o rosto \u00e9 investir em autoconhecimento e na valoriza\u00e7\u00e3o da imagem pessoal, mostrando ao mundo o melhor de cada detalhe.<\/p>\n\n\n\n<hr class=\"wp-block-separator has-alpha-channel-opacity\"\/>\n\n\n\n<h2 class=\"wp-block-heading\" id=\"entendendo-os-diferentes-formatos-de-rosto\"><strong>Entendendo os Diferentes Formatos de Rosto<\/strong><\/h2>\n\n\n\n<p>Antes de escolher um dos <strong>cortes para afinar<\/strong>, \u00e9 importante identificar qual \u00e9 o formato do seu rosto. Cada formato possui caracter\u00edsticas \u00fanicas e se beneficia de cortes espec\u00edficos.<\/p>\n\n\n\n<h3 class=\"wp-block-heading\" id=\"1-rosto-redondo\"><strong>1. Rosto Redondo<\/strong><\/h3>\n\n\n\n<ul class=\"wp-block-list\">\n<li><strong>Caracter\u00edsticas:<\/strong>\n<ul class=\"wp-block-list\">\n<li>Largura e comprimento semelhantes, com bochechas proeminentes.<\/li>\n\n\n\n<li>Aus\u00eancia de \u00e2ngulos marcados.<\/li>\n<\/ul>\n<\/li>\n\n\n\n<li><strong>Dicas para Afinar:<\/strong>\n<ul class=\"wp-block-list\">\n<li><strong>Cortes Longos ou M\u00e9dios:<\/strong> Optar por cabelos que caiam abaixo dos ombros ajuda a alongar o rosto.<\/li>\n\n\n\n<li><strong>Camadas Desfiadas:<\/strong> Cortes com camadas leves criam movimento e distraem do formato arredondado.<\/li>\n\n\n\n<li><strong>Franja Lateral:<\/strong> Uma franja inclinada pode quebrar a simetria do rosto, criando a ilus\u00e3o de um formato mais alongado.<\/li>\n<\/ul>\n<\/li>\n<\/ul>\n\n\n\n<h3 class=\"wp-block-heading\" id=\"2-rosto-quadrado\"><strong>2. Rosto Quadrado<\/strong><\/h3>\n\n\n\n<ul class=\"wp-block-list\">\n<li><strong>Caracter\u00edsticas:<\/strong>\n<ul class=\"wp-block-list\">\n<li>Linha da mand\u00edbula e testa marcadas e com \u00e2ngulos definidos.<\/li>\n\n\n\n<li>Estrutura \u00f3ssea forte.<\/li>\n<\/ul>\n<\/li>\n\n\n\n<li><strong>Dicas para Afinar:<\/strong>\n<ul class=\"wp-block-list\">\n<li><strong>Cortes com Franja Desfiada:<\/strong> Franja lateral ou desfiada suaviza os \u00e2ngulos e confere um visual mais delicado.<\/li>\n\n\n\n<li><strong>Cortes em Camadas:<\/strong> Camadas que criam movimento e suavizam a estrutura \u00f3ssea ajudam a afinar o rosto.<\/li>\n\n\n\n<li><strong>Cortes Longos e Graduados:<\/strong> Cortes longos com leve desbaste ajudam a alongar a face e a suavizar os contornos.<\/li>\n<\/ul>\n<\/li>\n<\/ul>\n\n\n\n<h3 class=\"wp-block-heading\" id=\"3-rosto-oval\"><strong>3. Rosto Oval<\/strong><\/h3>\n\n\n\n<ul class=\"wp-block-list\">\n<li><strong>Caracter\u00edsticas:<\/strong>\n<ul class=\"wp-block-list\">\n<li>Considerado o formato ideal pela sua simetria.<\/li>\n\n\n\n<li>Propor\u00e7\u00f5es equilibradas entre comprimento e largura.<\/li>\n<\/ul>\n<\/li>\n\n\n\n<li><strong>Dicas para Afinar:<\/strong>\n<ul class=\"wp-block-list\">\n<li><strong>Vielseitigkeit:<\/strong> Pessoas com rosto oval podem experimentar diversos <strong>cortes para afinar<\/strong>, pois quase todos os estilos se adaptam bem.<\/li>\n\n\n\n<li><strong>Franja Ligeira:<\/strong> Uma franja lateral ou levemente desfiada pode real\u00e7ar os tra\u00e7os sem comprometer o equil\u00edbrio.<\/li>\n\n\n\n<li><strong>Cortes Longos ou M\u00e9dios:<\/strong> Esses estilos destacam a harmonia do rosto oval e permitem diversas varia\u00e7\u00f5es de penteados.<\/li>\n<\/ul>\n<\/li>\n<\/ul>\n\n\n\n<h3 class=\"wp-block-heading\" id=\"4-rosto-triangular-ou-coracao\"><strong>4. Rosto Triangular ou Cora\u00e7\u00e3o<\/strong><\/h3>\n\n\n\n<ul class=\"wp-block-list\">\n<li><strong>Caracter\u00edsticas:<\/strong>\n<ul class=\"wp-block-list\">\n<li>Testa larga e queixo estreito.<\/li>\n\n\n\n<li>A parte superior do rosto chama mais aten\u00e7\u00e3o.<\/li>\n<\/ul>\n<\/li>\n\n\n\n<li><strong>Dicas para Afinar:<\/strong>\n<ul class=\"wp-block-list\">\n<li><strong>Cortes com Volume na Parte Inferior:<\/strong> Estilos que adicionam volume nos fios na altura do queixo ajudam a equilibrar o rosto.<\/li>\n\n\n\n<li><strong>Franja Lateral ou Curtinha:<\/strong> Uma franja que caia de forma suave e desfiada pode diminuir a largura da testa.<\/li>\n\n\n\n<li><strong>Cortes em Camadas:<\/strong> Camadas que criam movimento e adicionam textura ajudam a suavizar a transi\u00e7\u00e3o entre a testa e o queixo.<\/li>\n<\/ul>\n<\/li>\n<\/ul>\n\n\n\n<h3 class=\"wp-block-heading\" id=\"5-rosto-retangular\"><strong>5. Rosto Retangular<\/strong><\/h3>\n\n\n\n<ul class=\"wp-block-list\">\n<li><strong>Caracter\u00edsticas:<\/strong>\n<ul class=\"wp-block-list\">\n<li>Rosto mais longo que largo.<\/li>\n\n\n\n<li>Estrutura alongada e, muitas vezes, com linhas retas.<\/li>\n<\/ul>\n<\/li>\n\n\n\n<li><strong>Dicas para Afinar:<\/strong>\n<ul class=\"wp-block-list\">\n<li><strong>Cortes M\u00e9dios a Longos:<\/strong> Cortes que terminam abaixo do queixo podem ajudar a encurtar visualmente o rosto.<\/li>\n\n\n\n<li><strong>Franja Reta ou Curta:<\/strong> Uma franja pode reduzir a sensa\u00e7\u00e3o de alongamento, proporcionando equil\u00edbrio.<\/li>\n\n\n\n<li><strong>Cortes com Ondas ou Cachos Leves:<\/strong> Esses estilos ajudam a criar curvas e suavizam a estrutura do rosto, oferecendo um visual mais harm\u00f4nico.<\/li>\n<\/ul>\n<\/li>\n<\/ul>\n\n\n\n<hr class=\"wp-block-separator has-alpha-channel-opacity\"\/>\n\n\n\n<h2 class=\"wp-block-heading\" id=\"estilos-de-cortes-para-afinar-o-rosto\"><strong>Estilos de Cortes para Afinar o Rosto<\/strong><\/h2>\n\n\n\n<p>Com base nos diferentes formatos faciais, listamos alguns dos <strong>cortes para afinar<\/strong> mais eficazes e populares. Cada estilo possui caracter\u00edsticas que ajudam a alongar, suavizar e real\u00e7ar a beleza dos tra\u00e7os.<\/p>\n\n\n\n<h3 class=\"wp-block-heading\" id=\"1-bob-assimetrico\"><strong>1. Bob Assim\u00e9trico<\/strong><\/h3>\n\n\n\n<p>O corte bob assim\u00e9trico \u00e9 uma excelente op\u00e7\u00e3o para afinar o rosto, pois cria uma linha visual que distrai da largura e confere um aspecto moderno e elegante.<\/p>\n\n\n\n<ul class=\"wp-block-list\">\n<li><strong>Caracter\u00edsticas:<\/strong>\n<ul class=\"wp-block-list\">\n<li>Comprimento ligeiramente maior de um lado, criando uma linha diagonal que alonga o rosto.<\/li>\n\n\n\n<li>Pode ser adaptado para cabelos lisos ou ondulados.<\/li>\n\n\n\n<li>Ideal para rostos redondos ou quadrados, pois quebra a simetria e suaviza os contornos.<\/li>\n<\/ul>\n<\/li>\n\n\n\n<li><strong>Vantagens:<\/strong>\n<ul class=\"wp-block-list\">\n<li>Versatilidade e modernidade.<\/li>\n\n\n\n<li>F\u00e1cil manuten\u00e7\u00e3o e possibilidade de diversas varia\u00e7\u00f5es de styling.<\/li>\n<\/ul>\n<\/li>\n<\/ul>\n\n\n\n<h3 class=\"wp-block-heading\" id=\"2-corte-longo-em-camadas\"><strong>2. Corte Longo em Camadas<\/strong><\/h3>\n\n\n\n<p>Cabelos longos com camadas s\u00e3o perfeitos para afinar o rosto, especialmente para quem deseja um visual natural e com movimento.<\/p>\n\n\n\n<ul class=\"wp-block-list\">\n<li><strong>Caracter\u00edsticas:<\/strong>\n<ul class=\"wp-block-list\">\n<li>Camadas distribu\u00eddas estrategicamente para criar movimento e alongar a silhueta do rosto.<\/li>\n\n\n\n<li>Funciona bem em cabelos lisos, ondulados e cacheados.<\/li>\n\n\n\n<li>Pode ser combinado com franja lateral para aumentar ainda mais o efeito de afinamento.<\/li>\n<\/ul>\n<\/li>\n\n\n\n<li><strong>Vantagens:<\/strong>\n<ul class=\"wp-block-list\">\n<li>Real\u00e7a a leveza e a fluidez dos fios.<\/li>\n\n\n\n<li>Proporciona versatilidade para diferentes ocasi\u00f5es e estilos.<\/li>\n<\/ul>\n<\/li>\n<\/ul>\n\n\n\n<h3 class=\"wp-block-heading\" id=\"3-pixie-cut-com-franja\"><strong>3. Pixie Cut com Franja<\/strong><\/h3>\n\n\n\n<p>Para quem prefere cortes curtos, o pixie cut com franja \u00e9 uma excelente op\u00e7\u00e3o para afinar o rosto, especialmente rostos quadrados e ovais.<\/p>\n\n\n\n<ul class=\"wp-block-list\">\n<li><strong>Caracter\u00edsticas:<\/strong>\n<ul class=\"wp-block-list\">\n<li>Corte curto que destaca as fei\u00e7\u00f5es, combinado com uma franja que suaviza a testa.<\/li>\n\n\n\n<li>Estilo ousado e moderno que confere personalidade.<\/li>\n\n\n\n<li>A franja pode ser ajustada para criar um efeito de afinamento, equilibrando os tra\u00e7os do rosto.<\/li>\n<\/ul>\n<\/li>\n\n\n\n<li><strong>Vantagens:<\/strong>\n<ul class=\"wp-block-list\">\n<li>Praticidade e baixo tempo de manuten\u00e7\u00e3o.<\/li>\n\n\n\n<li>Valoriza tra\u00e7os fortes e oferece um visual contempor\u00e2neo.<\/li>\n<\/ul>\n<\/li>\n<\/ul>\n\n\n\n<h3 class=\"wp-block-heading\" id=\"4-under-cut-com-volume-na-parte-superior\"><strong>4. UnderCut com Volume na Parte Superior<\/strong><\/h3>\n\n\n\n<p>O undercut com volume na parte superior \u00e9 uma op\u00e7\u00e3o vers\u00e1til que pode ser adaptada para afinar o rosto, principalmente para homens e mulheres que desejam um estilo marcante.<\/p>\n\n\n\n<ul class=\"wp-block-list\">\n<li><strong>Caracter\u00edsticas:<\/strong>\n<ul class=\"wp-block-list\">\n<li>Lados curtos e parte superior mais longa, que pode ser estilizada para criar volume e alongar o rosto.<\/li>\n\n\n\n<li>Ideal para rostos quadrados e retangulares, pois o contraste entre as \u00e1reas cria um efeito de alongamento.<\/li>\n\n\n\n<li>Pode ser combinado com franjas ou penteados texturizados para um visual mais moderno.<\/li>\n<\/ul>\n<\/li>\n\n\n\n<li><strong>Vantagens:<\/strong>\n<ul class=\"wp-block-list\">\n<li>Versatilidade na modelagem.<\/li>\n\n\n\n<li>Permite diversas varia\u00e7\u00f5es e adapta\u00e7\u00f5es ao formato do rosto.<\/li>\n<\/ul>\n<\/li>\n<\/ul>\n\n\n\n<h3 class=\"wp-block-heading\" id=\"5-corte-em-camadas-com-franja-lateral\"><strong>5. Corte em Camadas com Franja Lateral<\/strong><\/h3>\n\n\n\n<p>Esse estilo \u00e9 uma das melhores op\u00e7\u00f5es para afinar o rosto, pois combina a leveza das camadas com o efeito suavizante da franja lateral.<\/p>\n\n\n\n<ul class=\"wp-block-list\">\n<li><strong>Caracter\u00edsticas:<\/strong>\n<ul class=\"wp-block-list\">\n<li>Camadas que criam movimento e reduzem o peso visual dos fios.<\/li>\n\n\n\n<li>Franja lateral que ajuda a quebrar a largura do rosto e cria uma linha diagonal, alongando a silhueta.<\/li>\n\n\n\n<li>Funciona bem para diversos tipos de cabelo, proporcionando um visual natural e sofisticado.<\/li>\n<\/ul>\n<\/li>\n\n\n\n<li><strong>Vantagens:<\/strong>\n<ul class=\"wp-block-list\">\n<li>Equil\u00edbrio entre modernidade e eleg\u00e2ncia.<\/li>\n\n\n\n<li>Adequado para diferentes formatos faciais, com alta adaptabilidade.<\/li>\n<\/ul>\n<\/li>\n<\/ul>\n\n\n\n<hr class=\"wp-block-separator has-alpha-channel-opacity\"\/>\n\n\n\n<h2 class=\"wp-block-heading\" id=\"dicas-para-manutencao-e-estilo-dos-cortes-para-afinar\"><strong>Dicas para Manuten\u00e7\u00e3o e Estilo dos Cortes para Afinar<\/strong><\/h2>\n\n\n\n<p>Al\u00e9m de escolher o corte ideal, a manuten\u00e7\u00e3o e o estilo dos fios desempenham um papel crucial no efeito de afinamento. Confira algumas dicas essenciais:<\/p>\n\n\n\n<h3 class=\"wp-block-heading\" id=\"1-cuidados-diarios\"><strong>1. Cuidados Di\u00e1rios<\/strong><\/h3>\n\n\n\n<ul class=\"wp-block-list\">\n<li><strong>Hidrata\u00e7\u00e3o e Nutri\u00e7\u00e3o:<\/strong>\n<ul class=\"wp-block-list\">\n<li>Use shampoos e condicionadores espec\u00edficos para o seu tipo de cabelo. Produtos hidratantes ajudam a manter a suavidade dos fios e a definir o corte.<\/li>\n<\/ul>\n<\/li>\n\n\n\n<li><strong>Finaliza\u00e7\u00e3o:<\/strong>\n<ul class=\"wp-block-list\">\n<li>Invista em produtos de finaliza\u00e7\u00e3o, como cremes para pentear e \u00f3leos, que ajudam a controlar o frizz e manter a forma do corte.<\/li>\n<\/ul>\n<\/li>\n<\/ul>\n\n\n\n<h3 class=\"wp-block-heading\" id=\"2-visitas-regulares-ao-cabeleireiro\"><strong>2. Visitas Regulares ao Cabeleireiro<\/strong><\/h3>\n\n\n\n<p>Manter o corte em dia \u00e9 fundamental para que o efeito de afinamento seja preservado. Cortes regulares evitam pontas duplas e garantem que o formato escolhido continue valorizando as propor\u00e7\u00f5es do rosto.<\/p>\n\n\n\n<ul class=\"wp-block-list\">\n<li><strong>Ajustes e Modelagens:<\/strong>\n<ul class=\"wp-block-list\">\n<li>Converse com seu cabeleireiro sobre as melhores t\u00e9cnicas de modelagem para o seu formato de rosto e esteja aberto a ajustes que potencializem o efeito de afinamento.<\/li>\n<\/ul>\n<\/li>\n<\/ul>\n\n\n\n<h3 class=\"wp-block-heading\" id=\"3-estilo-e-versatilidade\"><strong>3. Estilo e Versatilidade<\/strong><\/h3>\n\n\n\n<ul class=\"wp-block-list\">\n<li><strong>Experimenta\u00e7\u00e3o:<\/strong>\n<ul class=\"wp-block-list\">\n<li>N\u00e3o tenha medo de experimentar novos estilos e varia\u00e7\u00f5es. O visual pode ser adaptado com diferentes penteados, franja ou acess\u00f3rios, como chap\u00e9us e len\u00e7os, que tamb\u00e9m ajudam a criar a ilus\u00e3o de um rosto mais afinado.<\/li>\n<\/ul>\n<\/li>\n\n\n\n<li><strong>Confian\u00e7a:<\/strong>\n<ul class=\"wp-block-list\">\n<li>Um corte para afinar o rosto deve refletir sua personalidade. A escolha do estilo que melhor valoriza suas caracter\u00edsticas \u00e9 fundamental para transmitir autoconfian\u00e7a.<\/li>\n<\/ul>\n<\/li>\n<\/ul>\n\n\n\n<h3 class=\"wp-block-heading\" id=\"4-cuidados-com-a-saude-dos-fios\"><strong>4. Cuidados com a Sa\u00fade dos Fios<\/strong><\/h3>\n\n\n\n<ul class=\"wp-block-list\">\n<li><strong>Hidrata\u00e7\u00e3o Regular:<\/strong>\n<ul class=\"wp-block-list\">\n<li>Independente do corte, manter os cabelos hidratados e nutridos \u00e9 essencial para um visual sempre impec\u00e1vel. Invista em tratamentos de hidrata\u00e7\u00e3o profunda e use m\u00e1scaras capilares semanalmente.<\/li>\n<\/ul>\n<\/li>\n\n\n\n<li><strong>Prote\u00e7\u00e3o T\u00e9rmica:<\/strong>\n<ul class=\"wp-block-list\">\n<li>Se utiliza ferramentas de calor, sempre aplique um protetor t\u00e9rmico para evitar danos que possam comprometer o corte e a sa\u00fade dos fios.<\/li>\n<\/ul>\n<\/li>\n<\/ul>\n\n\n\n<hr class=\"wp-block-separator has-alpha-channel-opacity\"\/>\n\n\n\n<h2 class=\"wp-block-heading\" id=\"conclusao\"><strong>Schlussfolgerung<\/strong><\/h2>\n\n\n\n<p>Die <strong>cortes para afinar<\/strong> s\u00e3o uma ferramenta poderosa para transformar o visual, real\u00e7ando a beleza natural do rosto e equilibrando as propor\u00e7\u00f5es. Seja por meio de um bob assim\u00e9trico, cortes longos em camadas, pixie cut com franja ou undercut com volume estrat\u00e9gico, existe uma variedade de estilos que podem ser adaptados a cada formato facial.<\/p>\n\n\n\n<p>Investir em um corte que afine o rosto vai muito al\u00e9m da est\u00e9tica \u2013 \u00e9 uma quest\u00e3o de autoconhecimento e valoriza\u00e7\u00e3o dos tra\u00e7os individuais. Adotar t\u00e9cnicas de manuten\u00e7\u00e3o, utilizar produtos de qualidade e manter visitas regulares ao cabeleireiro s\u00e3o passos fundamentais para garantir que o corte escolhido continue valorizando seu visual.<\/p>\n\n\n\n<p>Nein <strong>Sch\u00f6nheit Kunst<\/strong>, acreditamos que cada pessoa merece um corte que realce sua personalidade e traga confian\u00e7a. Experimente as sugest\u00f5es apresentadas, adapte o estilo \u00e0s suas necessidades e descubra como um bom corte pode transformar n\u00e3o s\u00f3 a apar\u00eancia, mas tamb\u00e9m a sua autoestima.<\/p>\n\n\n\n<p>Para mais dicas, orienta\u00e7\u00f5es e produtos que podem ajudar a valorizar o seu visual, visite nosso site <a href=\"https:\/\/beleza.artereciclada.com.br\/de\/\">Sch\u00f6nheit Kunst<\/a> und folgen Sie unseren sozialen Netzwerken. Wenn Sie eine pers\u00f6nliche Beratung ben\u00f6tigen, kontaktieren Sie uns bitte per E-Mail unter <strong><a href=\"mailto:contato@artereciclada.com.br\">contato@artereciclada.com.br<\/a><\/strong>.<\/p>\n\n\n\n<hr class=\"wp-block-separator has-alpha-channel-opacity\"\/>\n\n\n\n<h2 class=\"wp-block-heading\" id=\"fontes-de-inspiracao\"><strong>Quellen der Inspiration<\/strong><\/h2>\n\n\n\n<p>Este artigo foi desenvolvido com base em estudos de tend\u00eancias de moda e beleza, an\u00e1lises de profissionais do setor capilar e pr\u00e1ticas consagradas no universo dos cuidados com o cabelo. As orienta\u00e7\u00f5es aqui apresentadas refletem as mais recentes novidades e t\u00e9cnicas para que voc\u00ea possa aproveitar ao m\u00e1ximo os <strong>cortes para afinar<\/strong> e transformar seu visual de maneira \u00fanica e personalizada.<\/p>\n\n\n\n<p>Invista na beleza do seu rosto e descubra como um corte bem escolhido pode fazer toda a diferen\u00e7a na sua imagem e na sua confian\u00e7a!<\/p>\n\n\n\n<p><a href=\"https:\/\/www.youtube.com\/watch?v=-Fxtn3uEOtU\" target=\"_blank\" rel=\"noopener\">Video-Vorschlag<\/a><\/p>\n\n\n\n<p><\/p>","protected":false},"excerpt":{"rendered":"<p>Encontrar o corte de cabelo ideal pode transformar completamente a apar\u00eancia, real\u00e7ando a beleza natural do rosto. Quando buscamos cortes para afinar, o objetivo \u00e9 criar a ilus\u00e3o de um rosto mais estreito e harmonioso, equilibrando as propor\u00e7\u00f5es e suavizando tra\u00e7os mais largos ou robustos. Neste artigo, no Beleza Arte, apresentamos um guia completo sobre [&hellip;]<\/p>","protected":false},"author":4,"featured_media":168,"comment_status":"open","ping_status":"open","sticky":false,"template":"","format":"standard","meta":{"footnotes":""},"categories":[6],"tags":[],"class_list":["post-167","post","type-post","status-publish","format-standard","has-post-thumbnail","hentry","category-cabelo"],"blocksy_meta":[],"_links":{"self":[{"href":"https:\/\/beleza.artereciclada.com.br\/de\/wp-json\/wp\/v2\/posts\/167","targetHints":{"allow":["GET"]}}],"collection":[{"href":"https:\/\/beleza.artereciclada.com.br\/de\/wp-json\/wp\/v2\/posts"}],"about":[{"href":"https:\/\/beleza.artereciclada.com.br\/de\/wp-json\/wp\/v2\/types\/post"}],"author":[{"embeddable":true,"href":"https:\/\/beleza.artereciclada.com.br\/de\/wp-json\/wp\/v2\/users\/4"}],"replies":[{"embeddable":true,"href":"https:\/\/beleza.artereciclada.com.br\/de\/wp-json\/wp\/v2\/comments?post=167"}],"version-history":[{"count":1,"href":"https:\/\/beleza.artereciclada.com.br\/de\/wp-json\/wp\/v2\/posts\/167\/revisions"}],"predecessor-version":[{"id":170,"href":"https:\/\/beleza.artereciclada.com.br\/de\/wp-json\/wp\/v2\/posts\/167\/revisions\/170"}],"wp:featuredmedia":[{"embeddable":true,"href":"https:\/\/beleza.artereciclada.com.br\/de\/wp-json\/wp\/v2\/media\/168"}],"wp:attachment":[{"href":"https:\/\/beleza.artereciclada.com.br\/de\/wp-json\/wp\/v2\/media?parent=167"}],"wp:term":[{"taxonomy":"category","embeddable":true,"href":"https:\/\/beleza.artereciclada.com.br\/de\/wp-json\/wp\/v2\/categories?post=167"},{"taxonomy":"post_tag","embeddable":true,"href":"https:\/\/beleza.artereciclada.com.br\/de\/wp-json\/wp\/v2\/tags?post=167"}],"curies":[{"name":"wp","href":"https:\/\/api.w.org\/{rel}","templated":true}]}}