{"id":158,"date":"2025-02-14T10:42:53","date_gmt":"2025-02-14T16:42:53","guid":{"rendered":"https:\/\/beleza.artereciclada.com.br\/?p=158"},"modified":"2025-02-14T17:10:07","modified_gmt":"2025-02-14T20:10:07","slug":"cuidados-com-a-barba","status":"publish","type":"post","link":"https:\/\/beleza.artereciclada.com.br\/de\/cabelo\/cuidados-com-a-barba\/","title":{"rendered":"Cuidados com a barba: Produtos e T\u00e9cnicas para um Visual Impec\u00e1vel"},"content":{"rendered":"<p>Manter uma barba bem cuidada \u00e9 essencial para um visual moderno e elegante. Os <strong>cuidados com a barba<\/strong> v\u00e3o al\u00e9m do simples ato de deixar os pelos crescerem; eles envolvem uma rotina de limpeza, hidrata\u00e7\u00e3o, nutri\u00e7\u00e3o e modelagem que garante um acabamento impec\u00e1vel e saud\u00e1vel. Neste artigo, no <strong>Sch\u00f6nheit Kunst<\/strong>, apresentamos as melhores t\u00e9cnicas e produtos para cuidar da barba, assegurando um visual alinhado e cheio de personalidade.<\/p>\n\n\n\n<figure class=\"wp-block-image size-large\"><img fetchpriority=\"high\" decoding=\"async\" width=\"1024\" height=\"585\" src=\"https:\/\/beleza.artereciclada.com.br\/wp-content\/uploads\/2025\/02\/DALL\u00b7E-2025-02-14-13.38.53-A-modern-and-stylish-composition-featuring-a-well-groomed-man-applying-beard-oil-or-balm-highlighting-beard-care-and-maintenance.-The-scene-includes-1-1024x585.webp\" alt=\"Cuidados com a barba\" class=\"wp-image-159\" srcset=\"https:\/\/beleza.artereciclada.com.br\/wp-content\/uploads\/2025\/02\/DALL\u00b7E-2025-02-14-13.38.53-A-modern-and-stylish-composition-featuring-a-well-groomed-man-applying-beard-oil-or-balm-highlighting-beard-care-and-maintenance.-The-scene-includes-1-1024x585.webp 1024w, https:\/\/beleza.artereciclada.com.br\/wp-content\/uploads\/2025\/02\/DALL\u00b7E-2025-02-14-13.38.53-A-modern-and-stylish-composition-featuring-a-well-groomed-man-applying-beard-oil-or-balm-highlighting-beard-care-and-maintenance.-The-scene-includes-1-300x171.webp 300w, https:\/\/beleza.artereciclada.com.br\/wp-content\/uploads\/2025\/02\/DALL\u00b7E-2025-02-14-13.38.53-A-modern-and-stylish-composition-featuring-a-well-groomed-man-applying-beard-oil-or-balm-highlighting-beard-care-and-maintenance.-The-scene-includes-1-768x439.webp 768w, https:\/\/beleza.artereciclada.com.br\/wp-content\/uploads\/2025\/02\/DALL\u00b7E-2025-02-14-13.38.53-A-modern-and-stylish-composition-featuring-a-well-groomed-man-applying-beard-oil-or-balm-highlighting-beard-care-and-maintenance.-The-scene-includes-1-1536x878.webp 1536w, https:\/\/beleza.artereciclada.com.br\/wp-content\/uploads\/2025\/02\/DALL\u00b7E-2025-02-14-13.38.53-A-modern-and-stylish-composition-featuring-a-well-groomed-man-applying-beard-oil-or-balm-highlighting-beard-care-and-maintenance.-The-scene-includes-1-18x10.webp 18w, https:\/\/beleza.artereciclada.com.br\/wp-content\/uploads\/2025\/02\/DALL\u00b7E-2025-02-14-13.38.53-A-modern-and-stylish-composition-featuring-a-well-groomed-man-applying-beard-oil-or-balm-highlighting-beard-care-and-maintenance.-The-scene-includes-1.webp 1792w\" sizes=\"(max-width: 1024px) 100vw, 1024px\" \/><\/figure>\n\n\n\n<hr class=\"wp-block-separator has-alpha-channel-opacity\"\/>\n\n\n\n<div class=\"wp-block-rank-math-toc-block\" id=\"rank-math-toc\"><h2>Index<\/h2><nav><ul><li class=\"\"><a href=\"#a-importancia-dos-cuidados-com-a-barba\">A Import\u00e2ncia dos Cuidados com a Barba<\/a><\/li><li class=\"\"><a href=\"#produtos-essenciais-para-os-cuidados-com-a-barba\">Produtos Essenciais para os Cuidados com a Barba<\/a><ul><li class=\"\"><a href=\"#1-shampoo-e-condicionador-para-barba\">1. Shampoo e Condicionador para Barba<\/a><\/li><li class=\"\"><a href=\"#2-oleo-para-barba\">2. \u00d3leo para Barba<\/a><\/li><li class=\"\"><a href=\"#3-balsamo-para-barba\">3. B\u00e1lsamo para Barba<\/a><\/li><li class=\"\"><a href=\"#4-escova-e-pente-para-barba\">4. Escova e Pente para Barba<\/a><\/li><li class=\"\"><a href=\"#5-tesoura-de-barba\">5. Tesoura de Barba<\/a><\/li><\/ul><\/li><li class=\"\"><a href=\"#tecnicas-para-um-visual-impecavel\">T\u00e9cnicas para um Visual Impec\u00e1vel<\/a><ul><li class=\"\"><a href=\"#1-limpeza-diaria\">1. t\u00e4gliche Reinigung<\/a><\/li><li class=\"\"><a href=\"#2-hidratacao-e-nutricao\">2. Hidrata\u00e7\u00e3o e Nutri\u00e7\u00e3o<\/a><\/li><li class=\"\"><a href=\"#3-escovacao-e-penteado\">3. Escova\u00e7\u00e3o e Penteado<\/a><\/li><li class=\"\"><a href=\"#4-aparar-regularmente\">4. Aparar Regularmente<\/a><\/li><li class=\"\"><a href=\"#5-protecao-contra-o-clima\">5. Prote\u00e7\u00e3o Contra o Clima<\/a><\/li><\/ul><\/li><li class=\"\"><a href=\"#dicas-adicionais-para-potencializar-os-cuidados-com-a-barba\">Dicas Adicionais para Potencializar os Cuidados com a Barba<\/a><\/li><li class=\"\"><a href=\"#conclusao\">Schlussfolgerung<\/a><\/li><li class=\"\"><a href=\"#fontes-de-inspiracao\">Quellen der Inspiration<\/a><\/li><\/ul><\/nav><\/div>\n\n\n\n<h2 class=\"wp-block-heading\" id=\"a-importancia-dos-cuidados-com-a-barba\"><strong>A Import\u00e2ncia dos Cuidados com a Barba<\/strong><\/h2>\n\n\n\n<p>Die <strong>cuidados com a barba<\/strong> s\u00e3o fundamentais n\u00e3o apenas para a est\u00e9tica, mas tamb\u00e9m para a sa\u00fade da pele e dos pelos faciais. Uma barba bem tratada proporciona:<\/p>\n\n\n\n<ul class=\"wp-block-list\">\n<li><strong>Higiene e Sa\u00fade:<\/strong> Remove impurezas e res\u00edduos, prevenindo irrita\u00e7\u00f5es e dermatites.<\/li>\n\n\n\n<li><strong>Estilo e Personalidade:<\/strong> Real\u00e7a as fei\u00e7\u00f5es e complementa o visual, valorizando a imagem pessoal.<\/li>\n\n\n\n<li><strong>Conforto:<\/strong> Uma barba bem cuidada evita coceiras e desconforto na pele, mantendo a hidrata\u00e7\u00e3o e a nutri\u00e7\u00e3o dos fios.<\/li>\n<\/ul>\n\n\n\n<hr class=\"wp-block-separator has-alpha-channel-opacity\"\/>\n\n\n\n<h2 class=\"wp-block-heading\" id=\"produtos-essenciais-para-os-cuidados-com-a-barba\"><strong>Produtos Essenciais para os Cuidados com a Barba<\/strong><\/h2>\n\n\n\n<p>Investir em produtos de qualidade \u00e9 o primeiro passo para alcan\u00e7ar um visual impec\u00e1vel. Veja alguns dos itens indispens\u00e1veis para os <strong>cuidados com a barba<\/strong>:<\/p>\n\n\n\n<h3 class=\"wp-block-heading\" id=\"1-shampoo-e-condicionador-para-barba\"><strong>1. Shampoo e Condicionador para Barba<\/strong><\/h3>\n\n\n\n<ul class=\"wp-block-list\">\n<li><strong>Shampoo para Barba:<\/strong> Espec\u00edfico para os pelos faciais, remove a sujeira sem agredir a pele. Produtos sem sulfato s\u00e3o ideais, pois preservam a hidrata\u00e7\u00e3o natural.<\/li>\n\n\n\n<li><strong>Condicionador:<\/strong> Ajuda a desembara\u00e7ar e amaciar os fios, tornando a barba mais male\u00e1vel e com um toque sedoso.<\/li>\n<\/ul>\n\n\n\n<h3 class=\"wp-block-heading\" id=\"2-oleo-para-barba\"><strong>2. \u00d3leo para Barba<\/strong><\/h3>\n\n\n\n<ul class=\"wp-block-list\">\n<li><strong>Ern\u00e4hrung und Fl\u00fcssigkeitszufuhr:<\/strong> \u00d3leos de argan, jojoba e vitamina E s\u00e3o excelentes para hidratar os pelos e a pele, prevenindo a irrita\u00e7\u00e3o e promovendo um brilho natural.<\/li>\n\n\n\n<li><strong>Aplica\u00e7\u00e3o:<\/strong> Algumas gotas distribu\u00eddas uniformemente ao longo da barba, massageando suavemente para estimular a circula\u00e7\u00e3o.<\/li>\n<\/ul>\n\n\n\n<h3 class=\"wp-block-heading\" id=\"3-balsamo-para-barba\"><strong>3. B\u00e1lsamo para Barba<\/strong><\/h3>\n\n\n\n<ul class=\"wp-block-list\">\n<li><strong>Modelagem e Fixa\u00e7\u00e3o:<\/strong> O b\u00e1lsamo para barba atua como um condicionador mais denso, ajudando a controlar os fios rebeldes e a modelar a barba com um acabamento natural.<\/li>\n\n\n\n<li><strong>Prote\u00e7\u00e3o:<\/strong> Forma uma barreira protetora contra fatores ambientais, como vento e polui\u00e7\u00e3o, mantendo os fios disciplinados.<\/li>\n<\/ul>\n\n\n\n<h3 class=\"wp-block-heading\" id=\"4-escova-e-pente-para-barba\"><strong>4. Escova e Pente para Barba<\/strong><\/h3>\n\n\n\n<ul class=\"wp-block-list\">\n<li><strong>Gleichm\u00e4\u00dfige Verteilung:<\/strong> Uma escova de cerdas naturais e um pente de dentes largos s\u00e3o ferramentas essenciais para desembara\u00e7ar e alinhar os fios.<\/li>\n\n\n\n<li><strong>Estimula\u00e7\u00e3o:<\/strong> A escova\u00e7\u00e3o regular estimula a circula\u00e7\u00e3o sangu\u00ednea no rosto, auxiliando no crescimento saud\u00e1vel da barba.<\/li>\n<\/ul>\n\n\n\n<h3 class=\"wp-block-heading\" id=\"5-tesoura-de-barba\"><strong>5. Tesoura de Barba<\/strong><\/h3>\n\n\n\n<ul class=\"wp-block-list\">\n<li><strong>Corte Preciso:<\/strong> Para aparar e definir os contornos, uma tesoura de precis\u00e3o \u00e9 indispens\u00e1vel. Ela permite retirar pontas duplas e manter o comprimento ideal.<\/li>\n<\/ul>\n\n\n\n<hr class=\"wp-block-separator has-alpha-channel-opacity\"\/>\n\n\n\n<h2 class=\"wp-block-heading\" id=\"tecnicas-para-um-visual-impecavel\"><strong>T\u00e9cnicas para um Visual Impec\u00e1vel<\/strong><\/h2>\n\n\n\n<p>Al\u00e9m dos produtos, adotar as t\u00e9cnicas corretas \u00e9 fundamental para garantir os melhores resultados nos <strong>cuidados com a barba<\/strong>.<\/p>\n\n\n\n<h3 class=\"wp-block-heading\" id=\"1-limpeza-diaria\"><strong>1. t\u00e4gliche Reinigung<\/strong><\/h3>\n\n\n\n<ul class=\"wp-block-list\">\n<li><strong>Rotina de Lavagem:<\/strong> Lave a barba diariamente com um shampoo espec\u00edfico para barba para remover sujeiras e oleosidade acumulada.<\/li>\n\n\n\n<li><strong>Sanfte Massage:<\/strong> Durante a lavagem, massageie o couro cabeludo e a pele do rosto com movimentos circulares para melhorar a circula\u00e7\u00e3o e estimular o crescimento.<\/li>\n<\/ul>\n\n\n\n<h3 class=\"wp-block-heading\" id=\"2-hidratacao-e-nutricao\"><strong>2. Hidrata\u00e7\u00e3o e Nutri\u00e7\u00e3o<\/strong><\/h3>\n\n\n\n<ul class=\"wp-block-list\">\n<li><strong>Aplica\u00e7\u00e3o de \u00d3leo:<\/strong> Ap\u00f3s lavar e secar a barba, aplique \u00f3leo ou b\u00e1lsamo para hidratar os fios. Essa etapa \u00e9 essencial para manter os pelos macios e evitar ressecamento.<\/li>\n\n\n\n<li><strong>Combina\u00e7\u00e3o de Produtos:<\/strong> Utilize \u00f3leo para hidrata\u00e7\u00e3o e, se necess\u00e1rio, complemente com b\u00e1lsamo para modelar e fixar a barba, criando um visual polido.<\/li>\n<\/ul>\n\n\n\n<h3 class=\"wp-block-heading\" id=\"3-escovacao-e-penteado\"><strong>3. Escova\u00e7\u00e3o e Penteado<\/strong><\/h3>\n\n\n\n<ul class=\"wp-block-list\">\n<li><strong>Uso da Escova:<\/strong> Escove a barba diariamente para distribuir os \u00f3leos naturais e os produtos aplicados, al\u00e9m de ajudar a alinhar os fios e remover n\u00f3s.<\/li>\n\n\n\n<li><strong>Penteado com Pente:<\/strong> Ap\u00f3s escovar, utilize um pente de dentes largos para finalizar o penteado, garantindo que a barba fique bem definida e sem frizz.<\/li>\n<\/ul>\n\n\n\n<h3 class=\"wp-block-heading\" id=\"4-aparar-regularmente\"><strong>4. Aparar Regularmente<\/strong><\/h3>\n\n\n\n<ul class=\"wp-block-list\">\n<li><strong>Manuten\u00e7\u00e3o do Comprimento:<\/strong> Aparar os fios regularmente com tesoura de precis\u00e3o mant\u00e9m a barba com um formato sim\u00e9trico e evita o surgimento de pontas duplas.<\/li>\n\n\n\n<li><strong>Defini\u00e7\u00e3o dos Contornos:<\/strong> Utilize a tesoura para definir as linhas da barba e manter o visual limpo e alinhado.<\/li>\n<\/ul>\n\n\n\n<h3 class=\"wp-block-heading\" id=\"5-protecao-contra-o-clima\"><strong>5. Prote\u00e7\u00e3o Contra o Clima<\/strong><\/h3>\n\n\n\n<ul class=\"wp-block-list\">\n<li><strong>Uso de B\u00e1lsamo:<\/strong> Em dias de vento ou frio intenso, aplique um b\u00e1lsamo para criar uma barreira protetora, evitando que os fios se tornem arrepiados e ressecados.<\/li>\n\n\n\n<li><strong>Acess\u00f3rios:<\/strong> Se necess\u00e1rio, use len\u00e7os ou bon\u00e9s para proteger a barba de condi\u00e7\u00f5es clim\u00e1ticas adversas.<\/li>\n<\/ul>\n\n\n\n<hr class=\"wp-block-separator has-alpha-channel-opacity\"\/>\n\n\n\n<h2 class=\"wp-block-heading\" id=\"dicas-adicionais-para-potencializar-os-cuidados-com-a-barba\"><strong>Dicas Adicionais para Potencializar os Cuidados com a Barba<\/strong><\/h2>\n\n\n\n<ul class=\"wp-block-list\">\n<li><strong>Consist\u00eancia:<\/strong> Manter uma rotina regular de <strong>cuidados com a barba<\/strong> \u00e9 a chave para um visual sempre impec\u00e1vel. Pequenos cuidados di\u00e1rios fazem uma grande diferen\u00e7a a longo prazo.<\/li>\n\n\n\n<li><strong>Consulta com Profissionais:<\/strong> Se necess\u00e1rio, visite um barbeiro profissional para ajustes e dicas personalizadas. Um bom profissional pode orientar sobre o formato e os produtos ideais para o seu tipo de barba.<\/li>\n\n\n\n<li><strong>Alimenta\u00e7\u00e3o Saud\u00e1vel:<\/strong> Lembre-se de que a sa\u00fade dos fios tamb\u00e9m vem de dentro. Uma alimenta\u00e7\u00e3o rica em vitaminas e prote\u00ednas contribui para o crescimento e fortalecimento da barba.<\/li>\n\n\n\n<li><strong>Hidrata\u00e7\u00e3o Interna:<\/strong> Beber bastante \u00e1gua ajuda a manter a hidrata\u00e7\u00e3o da pele e dos pelos, resultando em uma barba mais macia e com aspecto natural.<\/li>\n<\/ul>\n\n\n\n<hr class=\"wp-block-separator has-alpha-channel-opacity\"\/>\n\n\n\n<h2 class=\"wp-block-heading\" id=\"conclusao\"><strong>Schlussfolgerung<\/strong><\/h2>\n\n\n\n<p>Die <strong>cuidados com a barba<\/strong> v\u00e3o muito al\u00e9m de deixar os pelos crescerem. Com os produtos certos e as t\u00e9cnicas adequadas, \u00e9 poss\u00edvel alcan\u00e7ar um visual impec\u00e1vel, elegante e saud\u00e1vel. Invista em shampoos, \u00f3leos, b\u00e1lsamos, escovas e tesouras de qualidade para transformar sua rotina e real\u00e7ar a personalidade atrav\u00e9s da sua barba.<\/p>\n\n\n\n<p>Nein <strong>Sch\u00f6nheit Kunst<\/strong>, acreditamos que uma barba bem cuidada \u00e9 sin\u00f4nimo de autoconfian\u00e7a e estilo. Para mais dicas, orienta\u00e7\u00f5es e produtos de alta qualidade que podem aprimorar seus <strong>cuidados com a barba<\/strong>, besuchen Sie unsere Website <a href=\"https:\/\/beleza.artereciclada.com.br\/de\/\">Sch\u00f6nheit Kunst<\/a> und folgen Sie unseren sozialen Netzwerken. Wenn Sie eine pers\u00f6nliche Beratung ben\u00f6tigen, kontaktieren Sie uns bitte per E-Mail unter <strong><a href=\"mailto:contato@artereciclada.com.br\">contato@artereciclada.com.br<\/a><\/strong>.<\/p>\n\n\n\n<hr class=\"wp-block-separator has-alpha-channel-opacity\"\/>\n\n\n\n<h2 class=\"wp-block-heading\" id=\"fontes-de-inspiracao\"><strong>Quellen der Inspiration<\/strong><\/h2>\n\n\n\n<p>Este artigo foi desenvolvido com base em tend\u00eancias do mercado de beleza, pr\u00e1ticas consagradas no universo dos cuidados pessoais. As orienta\u00e7\u00f5es aqui apresentadas refletem o compromisso de oferecer um guia completo e atualizado para que voc\u00ea possa conquistar uma barba sempre bem cuidada e com um visual impec\u00e1vel.<\/p>\n\n\n\n<p>Invista nos <strong>cuidados com a barba<\/strong> e descubra como pequenos detalhes podem transformar seu visual e elevar sua autoestima!<\/p>\n\n\n\n<p><a href=\"https:\/\/www.youtube.com\/watch?v=Fm-aDFK9Ol4\" target=\"_blank\" rel=\"noopener\">Video-Vorschlag<\/a><\/p>\n\n\n\n<p><\/p>","protected":false},"excerpt":{"rendered":"<p>Manter uma barba bem cuidada \u00e9 essencial para um visual moderno e elegante. Os cuidados com a barba v\u00e3o al\u00e9m do simples ato de deixar os pelos crescerem; eles envolvem uma rotina de limpeza, hidrata\u00e7\u00e3o, nutri\u00e7\u00e3o e modelagem que garante um acabamento impec\u00e1vel e saud\u00e1vel. Neste artigo, no Beleza Arte, apresentamos as melhores t\u00e9cnicas e [&hellip;]<\/p>","protected":false},"author":4,"featured_media":159,"comment_status":"open","ping_status":"open","sticky":false,"template":"","format":"standard","meta":{"footnotes":""},"categories":[6],"tags":[],"class_list":["post-158","post","type-post","status-publish","format-standard","has-post-thumbnail","hentry","category-cabelo"],"blocksy_meta":[],"_links":{"self":[{"href":"https:\/\/beleza.artereciclada.com.br\/de\/wp-json\/wp\/v2\/posts\/158","targetHints":{"allow":["GET"]}}],"collection":[{"href":"https:\/\/beleza.artereciclada.com.br\/de\/wp-json\/wp\/v2\/posts"}],"about":[{"href":"https:\/\/beleza.artereciclada.com.br\/de\/wp-json\/wp\/v2\/types\/post"}],"author":[{"embeddable":true,"href":"https:\/\/beleza.artereciclada.com.br\/de\/wp-json\/wp\/v2\/users\/4"}],"replies":[{"embeddable":true,"href":"https:\/\/beleza.artereciclada.com.br\/de\/wp-json\/wp\/v2\/comments?post=158"}],"version-history":[{"count":2,"href":"https:\/\/beleza.artereciclada.com.br\/de\/wp-json\/wp\/v2\/posts\/158\/revisions"}],"predecessor-version":[{"id":230,"href":"https:\/\/beleza.artereciclada.com.br\/de\/wp-json\/wp\/v2\/posts\/158\/revisions\/230"}],"wp:featuredmedia":[{"embeddable":true,"href":"https:\/\/beleza.artereciclada.com.br\/de\/wp-json\/wp\/v2\/media\/159"}],"wp:attachment":[{"href":"https:\/\/beleza.artereciclada.com.br\/de\/wp-json\/wp\/v2\/media?parent=158"}],"wp:term":[{"taxonomy":"category","embeddable":true,"href":"https:\/\/beleza.artereciclada.com.br\/de\/wp-json\/wp\/v2\/categories?post=158"},{"taxonomy":"post_tag","embeddable":true,"href":"https:\/\/beleza.artereciclada.com.br\/de\/wp-json\/wp\/v2\/tags?post=158"}],"curies":[{"name":"wp","href":"https:\/\/api.w.org\/{rel}","templated":true}]}}