{"id":122,"date":"2025-02-14T09:47:05","date_gmt":"2025-02-14T15:47:05","guid":{"rendered":"https:\/\/beleza.artereciclada.com.br\/?p=122"},"modified":"2025-02-14T17:11:38","modified_gmt":"2025-02-14T20:11:38","slug":"finalizacao-capilar","status":"publish","type":"post","link":"https:\/\/beleza.artereciclada.com.br\/de\/cabelo\/finalizacao-capilar\/","title":{"rendered":"Finaliza\u00e7\u00e3o capilar: Dicas para Cabelos Cacheados e Lisos"},"content":{"rendered":"<p>A <strong>finaliza\u00e7\u00e3o capilar<\/strong> \u00e9 a etapa crucial que define o visual e o toque final de qualquer penteado, seja para cabelos cacheados ou lisos. Uma boa finaliza\u00e7\u00e3o n\u00e3o s\u00f3 potencializa a beleza natural dos fios, mas tamb\u00e9m garante durabilidade e prote\u00e7\u00e3o contra os danos do dia a dia. No <strong>Sch\u00f6nheit Kunst<\/strong>, reunimos dicas especializadas para que voc\u00ea possa alcan\u00e7ar uma finaliza\u00e7\u00e3o perfeita, independentemente do seu tipo de cabelo.<\/p>\n\n\n\n<figure class=\"wp-block-image size-large\"><img fetchpriority=\"high\" decoding=\"async\" width=\"1024\" height=\"585\" src=\"https:\/\/beleza.artereciclada.com.br\/wp-content\/uploads\/2025\/02\/DALL\u00b7E-2025-02-14-12.46.01-A-stylish-and-modern-composition-featuring-a-person-with-beautifully-styled-shiny-and-well-defined-hair.-The-image-highlights-the-final-steps-of-a-h-1-1-1024x585.webp\" alt=\"Finaliza\u00e7\u00e3o capilar\" class=\"wp-image-126\" srcset=\"https:\/\/beleza.artereciclada.com.br\/wp-content\/uploads\/2025\/02\/DALL\u00b7E-2025-02-14-12.46.01-A-stylish-and-modern-composition-featuring-a-person-with-beautifully-styled-shiny-and-well-defined-hair.-The-image-highlights-the-final-steps-of-a-h-1-1-1024x585.webp 1024w, https:\/\/beleza.artereciclada.com.br\/wp-content\/uploads\/2025\/02\/DALL\u00b7E-2025-02-14-12.46.01-A-stylish-and-modern-composition-featuring-a-person-with-beautifully-styled-shiny-and-well-defined-hair.-The-image-highlights-the-final-steps-of-a-h-1-1-300x171.webp 300w, https:\/\/beleza.artereciclada.com.br\/wp-content\/uploads\/2025\/02\/DALL\u00b7E-2025-02-14-12.46.01-A-stylish-and-modern-composition-featuring-a-person-with-beautifully-styled-shiny-and-well-defined-hair.-The-image-highlights-the-final-steps-of-a-h-1-1-768x439.webp 768w, https:\/\/beleza.artereciclada.com.br\/wp-content\/uploads\/2025\/02\/DALL\u00b7E-2025-02-14-12.46.01-A-stylish-and-modern-composition-featuring-a-person-with-beautifully-styled-shiny-and-well-defined-hair.-The-image-highlights-the-final-steps-of-a-h-1-1-1536x878.webp 1536w, https:\/\/beleza.artereciclada.com.br\/wp-content\/uploads\/2025\/02\/DALL\u00b7E-2025-02-14-12.46.01-A-stylish-and-modern-composition-featuring-a-person-with-beautifully-styled-shiny-and-well-defined-hair.-The-image-highlights-the-final-steps-of-a-h-1-1-18x10.webp 18w, https:\/\/beleza.artereciclada.com.br\/wp-content\/uploads\/2025\/02\/DALL\u00b7E-2025-02-14-12.46.01-A-stylish-and-modern-composition-featuring-a-person-with-beautifully-styled-shiny-and-well-defined-hair.-The-image-highlights-the-final-steps-of-a-h-1-1.webp 1792w\" sizes=\"(max-width: 1024px) 100vw, 1024px\" \/><\/figure>\n\n\n\n<div class=\"wp-block-rank-math-toc-block\" id=\"rank-math-toc\"><h2>Index<\/h2><nav><ul><li class=\"\"><a href=\"#a-importancia-da-finalizacao-capilar\">A Import\u00e2ncia da Finaliza\u00e7\u00e3o Capilar<\/a><\/li><li class=\"\"><a href=\"#dicas-de-finalizacao-capilar-para-cabelos-cacheados\">Dicas de Finaliza\u00e7\u00e3o Capilar para Cabelos Cacheados<\/a><ul><li class=\"\"><a href=\"#1-hidratacao-profunda\">1. Hidrata\u00e7\u00e3o Profunda<\/a><\/li><li class=\"\"><a href=\"#2-tecnicas-de-finalizacao\">2. T\u00e9cnicas de Finaliza\u00e7\u00e3o<\/a><\/li><li class=\"\"><a href=\"#3-produtos-especificos\">3. Produtos Espec\u00edficos<\/a><\/li><\/ul><\/li><li class=\"\"><a href=\"#dicas-de-finalizacao-capilar-para-cabelos-lisos\">Dicas de Finaliza\u00e7\u00e3o Capilar para Cabelos Lisos<\/a><ul><li class=\"\"><a href=\"#1-controle-do-frizz\">1. Controle do Frizz<\/a><\/li><li class=\"\"><a href=\"#2-tecnicas-de-finalizacao-1\">2. T\u00e9cnicas de Finaliza\u00e7\u00e3o<\/a><\/li><li class=\"\"><a href=\"#3-produtos-essenciais\">3. Produtos Essenciais<\/a><\/li><\/ul><\/li><li class=\"\"><a href=\"#dicas-gerais-para-uma-finalizacao-capilar-perfeita\">Dicas Gerais para uma Finaliza\u00e7\u00e3o Capilar Perfeita<\/a><\/li><li class=\"\"><a href=\"#conclusao\">Schlussfolgerung<\/a><\/li><li class=\"\"><a href=\"#fontes-de-inspiracao\">Quellen der Inspiration<\/a><\/li><\/ul><\/nav><\/div>\n\n\n\n<h2 class=\"wp-block-heading\" id=\"a-importancia-da-finalizacao-capilar\"><strong>A Import\u00e2ncia da Finaliza\u00e7\u00e3o Capilar<\/strong><\/h2>\n\n\n\n<p>A <strong>finaliza\u00e7\u00e3o capilar<\/strong> \u00e9 respons\u00e1vel por:<\/p>\n\n\n\n<ul class=\"wp-block-list\">\n<li><strong>Definir a Textura:<\/strong> Real\u00e7a a forma natural dos cachos ou o aspecto liso e disciplinado dos fios.<\/li>\n\n\n\n<li><strong>Proteger os Fios:<\/strong> Selar a hidrata\u00e7\u00e3o e formar uma barreira contra agress\u00f5es externas, como polui\u00e7\u00e3o e calor.<\/li>\n\n\n\n<li><strong>Adicionar Brilho e Vitalidade:<\/strong> Um acabamento bem executado confere luminosidade e sa\u00fade aos cabelos.<\/li>\n\n\n\n<li><strong>Facilitar o Penteado:<\/strong> Produtos de finaliza\u00e7\u00e3o ajudam a manter o estilo por mais tempo, reduzindo o frizz e os fios rebeldes.<\/li>\n<\/ul>\n\n\n\n<hr class=\"wp-block-separator has-alpha-channel-opacity\"\/>\n\n\n\n<h2 class=\"wp-block-heading\" id=\"dicas-de-finalizacao-capilar-para-cabelos-cacheados\"><strong>Dicas de Finaliza\u00e7\u00e3o Capilar para Cabelos Cacheados<\/strong><\/h2>\n\n\n\n<p>Cabelos cacheados possuem uma estrutura \u00fanica que exige cuidados espec\u00edficos na hora da finaliza\u00e7\u00e3o. Confira algumas dicas essenciais:<\/p>\n\n\n\n<h3 class=\"wp-block-heading\" id=\"1-hidratacao-profunda\"><strong>1. Hidrata\u00e7\u00e3o Profunda<\/strong><\/h3>\n\n\n\n<ul class=\"wp-block-list\">\n<li><strong>Pr\u00e9-finaliza\u00e7\u00e3o:<\/strong> Antes de finalizar, garanta que seus cachos estejam bem hidratados com um leave-in ou creme para pentear. A <strong>finaliza\u00e7\u00e3o capilar<\/strong> dos cabelos cacheados depende da hidrata\u00e7\u00e3o para definir os cachos e reduzir o frizz.<\/li>\n\n\n\n<li><strong>M\u00e1scaras e Tratamentos:<\/strong> Utilize m\u00e1scaras nutritivas semanalmente para manter a sa\u00fade dos fios e potencializar a defini\u00e7\u00e3o dos cachos.<\/li>\n<\/ul>\n\n\n\n<h3 class=\"wp-block-heading\" id=\"2-tecnicas-de-finalizacao\"><strong>2. T\u00e9cnicas de Finaliza\u00e7\u00e3o<\/strong><\/h3>\n\n\n\n<ul class=\"wp-block-list\">\n<li><strong>Fitagem ou Scrunching:<\/strong> Aplique o produto de finaliza\u00e7\u00e3o com as m\u00e3os, fazendo movimentos de &#8220;scrunch&#8221; para ajudar na forma\u00e7\u00e3o dos cachos. Essa t\u00e9cnica ajuda a distribuir uniformemente o creme ou gel, real\u00e7ando a defini\u00e7\u00e3o.<\/li>\n\n\n\n<li><strong>Diffuser:<\/strong> Se utilizar secador, acople um difusor para secar os cabelos cacheados sem agredir os fios. Isso ajuda a manter a forma natural dos cachos e evita o frizz.<\/li>\n<\/ul>\n\n\n\n<h3 class=\"wp-block-heading\" id=\"3-produtos-especificos\"><strong>3. Produtos Espec\u00edficos<\/strong><\/h3>\n\n\n\n<ul class=\"wp-block-list\">\n<li><strong>Gel para Cachos:<\/strong> Gel com boa fixa\u00e7\u00e3o, por\u00e9m sem deixar os fios r\u00edgidos, \u00e9 ideal para controlar o frizz e definir os cachos. Opte por f\u00f3rmulas que contenham ingredientes hidratantes.<\/li>\n\n\n\n<li><strong>Creme para Pentear:<\/strong> Cremes que proporcionam hidrata\u00e7\u00e3o e defini\u00e7\u00e3o s\u00e3o indispens\u00e1veis para a <strong>finaliza\u00e7\u00e3o capilar<\/strong> de cabelos cacheados. Eles ajudam a manter os cachos macios e com movimento natural.<\/li>\n\n\n\n<li><strong>\u00d3leos Leves:<\/strong> Aplicar algumas gotas de \u00f3leo, como o \u00f3leo de argan ou de coco, pode selar a hidrata\u00e7\u00e3o e aumentar o brilho sem pesar os fios.<\/li>\n<\/ul>\n\n\n\n<hr class=\"wp-block-separator has-alpha-channel-opacity\"\/>\n\n\n\n<h2 class=\"wp-block-heading\" id=\"dicas-de-finalizacao-capilar-para-cabelos-lisos\"><strong>Dicas de Finaliza\u00e7\u00e3o Capilar para Cabelos Lisos<\/strong><\/h2>\n\n\n\n<figure class=\"wp-block-image size-large\"><img decoding=\"async\" width=\"1024\" height=\"585\" src=\"https:\/\/beleza.artereciclada.com.br\/wp-content\/uploads\/2025\/02\/DALL\u00b7E-2025-02-14-12.50.06-A-stylish-and-modern-composition-featuring-a-person-with-sleek-shiny-and-well-defined-straight-hair.-The-image-highlights-the-final-steps-of-a-hair-1-1024x585.webp\" alt=\"\" class=\"wp-image-127\" srcset=\"https:\/\/beleza.artereciclada.com.br\/wp-content\/uploads\/2025\/02\/DALL\u00b7E-2025-02-14-12.50.06-A-stylish-and-modern-composition-featuring-a-person-with-sleek-shiny-and-well-defined-straight-hair.-The-image-highlights-the-final-steps-of-a-hair-1-1024x585.webp 1024w, https:\/\/beleza.artereciclada.com.br\/wp-content\/uploads\/2025\/02\/DALL\u00b7E-2025-02-14-12.50.06-A-stylish-and-modern-composition-featuring-a-person-with-sleek-shiny-and-well-defined-straight-hair.-The-image-highlights-the-final-steps-of-a-hair-1-300x171.webp 300w, https:\/\/beleza.artereciclada.com.br\/wp-content\/uploads\/2025\/02\/DALL\u00b7E-2025-02-14-12.50.06-A-stylish-and-modern-composition-featuring-a-person-with-sleek-shiny-and-well-defined-straight-hair.-The-image-highlights-the-final-steps-of-a-hair-1-768x439.webp 768w, https:\/\/beleza.artereciclada.com.br\/wp-content\/uploads\/2025\/02\/DALL\u00b7E-2025-02-14-12.50.06-A-stylish-and-modern-composition-featuring-a-person-with-sleek-shiny-and-well-defined-straight-hair.-The-image-highlights-the-final-steps-of-a-hair-1-1536x878.webp 1536w, https:\/\/beleza.artereciclada.com.br\/wp-content\/uploads\/2025\/02\/DALL\u00b7E-2025-02-14-12.50.06-A-stylish-and-modern-composition-featuring-a-person-with-sleek-shiny-and-well-defined-straight-hair.-The-image-highlights-the-final-steps-of-a-hair-1-18x10.webp 18w, https:\/\/beleza.artereciclada.com.br\/wp-content\/uploads\/2025\/02\/DALL\u00b7E-2025-02-14-12.50.06-A-stylish-and-modern-composition-featuring-a-person-with-sleek-shiny-and-well-defined-straight-hair.-The-image-highlights-the-final-steps-of-a-hair-1.webp 1792w\" sizes=\"(max-width: 1024px) 100vw, 1024px\" \/><\/figure>\n\n\n\n<p>Cabelos lisos demandam t\u00e9cnicas e produtos que garantam um visual disciplinado e com brilho, mantendo a suavidade e o movimento natural.<\/p>\n\n\n\n<h3 class=\"wp-block-heading\" id=\"1-controle-do-frizz\"><strong>1. Controle do Frizz<\/strong><\/h3>\n\n\n\n<ul class=\"wp-block-list\">\n<li><strong>Leave-in Antifrizz:<\/strong> Utilize um leave-in com prote\u00e7\u00e3o t\u00e9rmica e controle do frizz para manter os fios alinhados. A <strong>finaliza\u00e7\u00e3o capilar<\/strong> de cabelos lisos depende de produtos que controlem a oleosidade e evitem o efeito arrepiado.<\/li>\n\n\n\n<li><strong>Protetor T\u00e9rmico:<\/strong> Antes de usar secador ou chapinha, aplique um protetor t\u00e9rmico para preservar a sa\u00fade dos fios e evitar danos causados pelo calor.<\/li>\n<\/ul>\n\n\n\n<h3 class=\"wp-block-heading\" id=\"2-tecnicas-de-finalizacao-1\"><strong>2. T\u00e9cnicas de Finaliza\u00e7\u00e3o<\/strong><\/h3>\n\n\n\n<ul class=\"wp-block-list\">\n<li><strong>Penteado com Escova:<\/strong> Ap\u00f3s lavar, seque os cabelos com uma escova redonda para modelar os fios e garantir um visual liso e polido.<\/li>\n\n\n\n<li><strong>Alisamento Natural:<\/strong> Se preferir um acabamento mais liso, utilize um creme alisante ou finalizador espec\u00edfico para cabelos lisos, que ajudam a manter o penteado sem deix\u00e1-lo com aspecto artificial.<\/li>\n<\/ul>\n\n\n\n<h3 class=\"wp-block-heading\" id=\"3-produtos-essenciais\"><strong>3. Produtos Essenciais<\/strong><\/h3>\n\n\n\n<ul class=\"wp-block-list\">\n<li><strong>S\u00e9rum de Brilho:<\/strong> Um s\u00e9rum finalizador pode proporcionar brilho instant\u00e2neo e reduzir o frizz, deixando os cabelos lisos com aspecto sedoso.<\/li>\n\n\n\n<li><strong>Spray de Fixa Leve:<\/strong> Finalizadores em spray ajudam a manter o penteado intacto durante o dia, sem pesar os fios.<\/li>\n\n\n\n<li><strong>\u00d3leos Capilares:<\/strong> Aplicar uma pequena quantidade de \u00f3leo de argan ou \u00f3leo de jojoba nos fios secos pode dar um toque final de brilho e maciez.<\/li>\n<\/ul>\n\n\n\n<hr class=\"wp-block-separator has-alpha-channel-opacity\"\/>\n\n\n\n<h2 class=\"wp-block-heading\" id=\"dicas-gerais-para-uma-finalizacao-capilar-perfeita\"><strong>Dicas Gerais para uma Finaliza\u00e7\u00e3o Capilar Perfeita<\/strong><\/h2>\n\n\n\n<p>Independente do tipo de cabelo, alguns cuidados gerais podem elevar a qualidade da <strong>finaliza\u00e7\u00e3o capilar<\/strong>:<\/p>\n\n\n\n<ul class=\"wp-block-list\">\n<li><strong>Produtos de Qualidade:<\/strong> Invista em produtos de alta qualidade espec\u00edficos para o seu tipo de cabelo. A escolha correta dos produtos \u00e9 essencial para resultados duradouros.<\/li>\n\n\n\n<li><strong>Consist\u00eancia na Rotina:<\/strong> Manter uma rotina capilar regular, que inclua limpeza, hidrata\u00e7\u00e3o e finaliza\u00e7\u00e3o, \u00e9 o segredo para fios sempre bem cuidados e com apar\u00eancia saud\u00e1vel.<\/li>\n\n\n\n<li><strong>Adapta\u00e7\u00e3o \u00e0s Necessidades:<\/strong> Cada cabelo \u00e9 \u00fanico. Teste diferentes produtos e t\u00e9cnicas at\u00e9 encontrar a combina\u00e7\u00e3o que melhor atende \u00e0s suas necessidades.<\/li>\n\n\n\n<li><strong>Cuidado com o Calor:<\/strong> Evite o uso excessivo de ferramentas t\u00e9rmicas e sempre utilize protetores t\u00e9rmicos antes de modelar os cabelos.<\/li>\n<\/ul>\n\n\n\n<hr class=\"wp-block-separator has-alpha-channel-opacity\"\/>\n\n\n\n<h2 class=\"wp-block-heading\" id=\"conclusao\"><strong>Schlussfolgerung<\/strong><\/h2>\n\n\n\n<p>A <strong>finaliza\u00e7\u00e3o capilar<\/strong> \u00e9 o toque final que transforma a sa\u00fade e a apar\u00eancia dos cabelos, seja voc\u00ea cacheada ou lisa. Com as dicas e produtos certos, \u00e9 poss\u00edvel alcan\u00e7ar um visual perfeito, com fios disciplinados, brilhantes e cheios de vitalidade.<\/p>\n\n\n\n<p>Nein <strong>Sch\u00f6nheit Kunst<\/strong>, acreditamos que a chave para uma finaliza\u00e7\u00e3o capilar impec\u00e1vel est\u00e1 na combina\u00e7\u00e3o de t\u00e9cnicas adequadas e produtos de qualidade. Invista em uma rotina personalizada e descubra a transforma\u00e7\u00e3o que uma boa finaliza\u00e7\u00e3o pode proporcionar ao seu visual.<\/p>\n\n\n\n<p>Para mais dicas, orienta\u00e7\u00f5es e produtos que podem elevar a sua <strong>finaliza\u00e7\u00e3o capilar<\/strong>, besuchen Sie unsere Website <a href=\"https:\/\/beleza.artereciclada.com.br\/de\/\">Sch\u00f6nheit Kunst<\/a> und folgen Sie unseren sozialen Netzwerken. Wenn Sie eine pers\u00f6nliche Beratung ben\u00f6tigen, kontaktieren Sie uns bitte per E-Mail unter <strong><a href=\"mailto:contato@artereciclada.com.br\">contato@artereciclada.com.br<\/a><\/strong>.<\/p>\n\n\n\n<hr class=\"wp-block-separator has-alpha-channel-opacity\"\/>\n\n\n\n<h2 class=\"wp-block-heading\" id=\"fontes-de-inspiracao\"><strong>Quellen der Inspiration<\/strong><\/h2>\n\n\n\n<p>Este artigo foi desenvolvido com base em tend\u00eancias do mercado de beleza, experi\u00eancias pessoais e pr\u00e1ticas consagradas no universo dos cuidados capilares. As orienta\u00e7\u00f5es aqui apresentadas refletem o compromisso em oferecer um guia completo e atualizado para que voc\u00ea possa conquistar a finaliza\u00e7\u00e3o capilar perfeita, real\u00e7ando a beleza natural dos seus cabelos.<\/p>\n\n\n\n<p><a href=\"https:\/\/www.youtube.com\/watch?v=VRkrPjzVpqE\" target=\"_blank\" rel=\"noopener\">Video-Vorschlag<\/a><\/p>\n\n\n\n<p><\/p>","protected":false},"excerpt":{"rendered":"<p>A finaliza\u00e7\u00e3o capilar \u00e9 a etapa crucial que define o visual e o toque final de qualquer penteado, seja para cabelos cacheados ou lisos. Uma boa finaliza\u00e7\u00e3o n\u00e3o s\u00f3 potencializa a beleza natural dos fios, mas tamb\u00e9m garante durabilidade e prote\u00e7\u00e3o contra os danos do dia a dia. No Beleza Arte, reunimos dicas especializadas para [&hellip;]<\/p>","protected":false},"author":4,"featured_media":123,"comment_status":"open","ping_status":"open","sticky":false,"template":"","format":"standard","meta":{"footnotes":""},"categories":[6],"tags":[],"class_list":["post-122","post","type-post","status-publish","format-standard","has-post-thumbnail","hentry","category-cabelo"],"blocksy_meta":[],"_links":{"self":[{"href":"https:\/\/beleza.artereciclada.com.br\/de\/wp-json\/wp\/v2\/posts\/122","targetHints":{"allow":["GET"]}}],"collection":[{"href":"https:\/\/beleza.artereciclada.com.br\/de\/wp-json\/wp\/v2\/posts"}],"about":[{"href":"https:\/\/beleza.artereciclada.com.br\/de\/wp-json\/wp\/v2\/types\/post"}],"author":[{"embeddable":true,"href":"https:\/\/beleza.artereciclada.com.br\/de\/wp-json\/wp\/v2\/users\/4"}],"replies":[{"embeddable":true,"href":"https:\/\/beleza.artereciclada.com.br\/de\/wp-json\/wp\/v2\/comments?post=122"}],"version-history":[{"count":4,"href":"https:\/\/beleza.artereciclada.com.br\/de\/wp-json\/wp\/v2\/posts\/122\/revisions"}],"predecessor-version":[{"id":232,"href":"https:\/\/beleza.artereciclada.com.br\/de\/wp-json\/wp\/v2\/posts\/122\/revisions\/232"}],"wp:featuredmedia":[{"embeddable":true,"href":"https:\/\/beleza.artereciclada.com.br\/de\/wp-json\/wp\/v2\/media\/123"}],"wp:attachment":[{"href":"https:\/\/beleza.artereciclada.com.br\/de\/wp-json\/wp\/v2\/media?parent=122"}],"wp:term":[{"taxonomy":"category","embeddable":true,"href":"https:\/\/beleza.artereciclada.com.br\/de\/wp-json\/wp\/v2\/categories?post=122"},{"taxonomy":"post_tag","embeddable":true,"href":"https:\/\/beleza.artereciclada.com.br\/de\/wp-json\/wp\/v2\/tags?post=122"}],"curies":[{"name":"wp","href":"https:\/\/api.w.org\/{rel}","templated":true}]}}