{"id":110,"date":"2025-02-14T09:21:32","date_gmt":"2025-02-14T15:21:32","guid":{"rendered":"https:\/\/beleza.artereciclada.com.br\/?p=110"},"modified":"2025-02-14T17:14:13","modified_gmt":"2025-02-14T20:14:13","slug":"cabelos-saudaveis","status":"publish","type":"post","link":"https:\/\/beleza.artereciclada.com.br\/de\/cabelo\/cabelos-saudaveis\/","title":{"rendered":"Cabelos saud\u00e1veis: Produtos Essenciais para Manter o Cabelo Saud\u00e1vel e Brilhante"},"content":{"rendered":"<p>Manter <strong>cabelos saud\u00e1veis<\/strong>, <strong>cabelo brilhante<\/strong> e bem nutrido \u00e9 o objetivo de muitas pessoas que buscam n\u00e3o apenas uma apar\u00eancia bonita, mas tamb\u00e9m a sa\u00fade dos fios e do couro cabeludo. No <strong>Sch\u00f6nheit Kunst<\/strong>, acreditamos que uma rotina de <strong>cuidados capilares<\/strong> bem estruturada, com o uso de <strong>produtos capilares essenciais<\/strong>, pode transformar seu visual e elevar sua autoestima. Neste artigo, apresentamos uma sele\u00e7\u00e3o dos produtos essenciais para alcan\u00e7ar e manter <strong>cabelos saud\u00e1veis<\/strong>, abordando desde a limpeza at\u00e9 os tratamentos de finaliza\u00e7\u00e3o e prote\u00e7\u00e3o.<\/p>\n\n\n\n<figure class=\"wp-block-image size-large\"><img fetchpriority=\"high\" decoding=\"async\" width=\"1024\" height=\"585\" src=\"https:\/\/beleza.artereciclada.com.br\/wp-content\/uploads\/2025\/02\/DALL\u00b7E-2025-02-14-12.11.27-A-clean-and-modern-flat-lay-composition-featuring-essential-hair-care-products-for-healthy-and-shiny-hair.-The-arrangement-includes-shampoo-condition-1-1024x585.webp\" alt=\"cabelos saud\u00e1veis\" class=\"wp-image-111\" srcset=\"https:\/\/beleza.artereciclada.com.br\/wp-content\/uploads\/2025\/02\/DALL\u00b7E-2025-02-14-12.11.27-A-clean-and-modern-flat-lay-composition-featuring-essential-hair-care-products-for-healthy-and-shiny-hair.-The-arrangement-includes-shampoo-condition-1-1024x585.webp 1024w, https:\/\/beleza.artereciclada.com.br\/wp-content\/uploads\/2025\/02\/DALL\u00b7E-2025-02-14-12.11.27-A-clean-and-modern-flat-lay-composition-featuring-essential-hair-care-products-for-healthy-and-shiny-hair.-The-arrangement-includes-shampoo-condition-1-300x171.webp 300w, https:\/\/beleza.artereciclada.com.br\/wp-content\/uploads\/2025\/02\/DALL\u00b7E-2025-02-14-12.11.27-A-clean-and-modern-flat-lay-composition-featuring-essential-hair-care-products-for-healthy-and-shiny-hair.-The-arrangement-includes-shampoo-condition-1-768x439.webp 768w, https:\/\/beleza.artereciclada.com.br\/wp-content\/uploads\/2025\/02\/DALL\u00b7E-2025-02-14-12.11.27-A-clean-and-modern-flat-lay-composition-featuring-essential-hair-care-products-for-healthy-and-shiny-hair.-The-arrangement-includes-shampoo-condition-1-1536x878.webp 1536w, https:\/\/beleza.artereciclada.com.br\/wp-content\/uploads\/2025\/02\/DALL\u00b7E-2025-02-14-12.11.27-A-clean-and-modern-flat-lay-composition-featuring-essential-hair-care-products-for-healthy-and-shiny-hair.-The-arrangement-includes-shampoo-condition-1-18x10.webp 18w, https:\/\/beleza.artereciclada.com.br\/wp-content\/uploads\/2025\/02\/DALL\u00b7E-2025-02-14-12.11.27-A-clean-and-modern-flat-lay-composition-featuring-essential-hair-care-products-for-healthy-and-shiny-hair.-The-arrangement-includes-shampoo-condition-1.webp 1792w\" sizes=\"(max-width: 1024px) 100vw, 1024px\" \/><\/figure>\n\n\n\n<div class=\"wp-block-rank-math-toc-block\" id=\"rank-math-toc\"><h2>Index<\/h2><nav><ul><li class=\"\"><a href=\"#a-importancia-de-uma-rotina-capilar-completa\">A Import\u00e2ncia de uma Rotina Capilar Completa<\/a><\/li><li class=\"\"><a href=\"#1-produtos-de-limpeza-shampoos-e-condicionadores\">1. Produtos de Limpeza: Shampoos e Condicionadores<\/a><ul><li class=\"\"><a href=\"#shampoos-suaves\">Shampoos Suaves<\/a><\/li><li class=\"\"><a href=\"#condicionadores-nutritivos\">Condicionadores Nutritivos<\/a><\/li><\/ul><\/li><li class=\"\"><a href=\"#2-mascaras-e-tratamentos-profundos\">2. M\u00e1scaras e Tratamentos Profundos<\/a><ul><li class=\"\"><a href=\"#mascaras-de-hidratacao-e-nutricao\">M\u00e1scaras de Hidrata\u00e7\u00e3o e Nutri\u00e7\u00e3o<\/a><\/li><li class=\"\"><a href=\"#tratamentos-semanais\">Tratamentos Semanais<\/a><\/li><\/ul><\/li><li class=\"\"><a href=\"#3-leave-ins-e-cremes-de-pentear\">3. Leave-ins e Cremes de Pentear<\/a><ul><li class=\"\"><a href=\"#leave-in-para-protecao-e-facilidade-de-desembaraco\">Leave-in para Prote\u00e7\u00e3o e Facilidade de Desembara\u00e7o<\/a><\/li><li class=\"\"><a href=\"#cremes-de-pentear-para-definicao-e-controle\">Cremes de Pentear para Defini\u00e7\u00e3o e Controle<\/a><\/li><\/ul><\/li><li class=\"\"><a href=\"#4-oleos-e-seruns-nutricao-extra-e-brilho\">4. \u00d3leos e S\u00e9runs: Nutri\u00e7\u00e3o Extra e Brilho<\/a><ul><li class=\"\"><a href=\"#oleos-capilares-para-finalizacao\">\u00d3leos Capilares para Finaliza\u00e7\u00e3o<\/a><\/li><li class=\"\"><a href=\"#seruns-para-reparacao-e-brilho\">S\u00e9runs para Repara\u00e7\u00e3o e Brilho<\/a><\/li><\/ul><\/li><li class=\"\"><a href=\"#5-protetores-termicos-e-produtos-de-finalizacao\">5. Protetores T\u00e9rmicos e Produtos de Finaliza\u00e7\u00e3o<\/a><ul><li class=\"\"><a href=\"#protetores-termicos-para-uso-diario\">Protetores T\u00e9rmicos para Uso Di\u00e1rio<\/a><\/li><li class=\"\"><a href=\"#produtos-de-finalizacao-para-um-toque-extra-de-brilho\">Produtos de Finaliza\u00e7\u00e3o para um Toque Extra de Brilho<\/a><\/li><\/ul><\/li><li class=\"\"><a href=\"#6-dicas-complementares-para-manutencao-dos-cabelos-saudaveis\">6. Dicas Complementares para Manuten\u00e7\u00e3o dos Cabelos Saud\u00e1veis<\/a><ul><li class=\"\"><a href=\"#rotina-de-lavagem-adequada\">Rotina de Lavagem Adequada<\/a><\/li><li class=\"\"><a href=\"#cuidados-com-o-couro-cabeludo\">Cuidados com o Couro Cabeludo<\/a><\/li><li class=\"\"><a href=\"#corte-e-manutencao-regular\">Corte e Manuten\u00e7\u00e3o Regular<\/a><\/li><li class=\"\"><a href=\"#estilo-de-vida-e-alimentacao\">Estilo de Vida e Alimenta\u00e7\u00e3o<\/a><\/li><\/ul><\/li><li class=\"\"><a href=\"#conclusao\">Schlussfolgerung<\/a><\/li><li class=\"\"><a href=\"#fontes-de-inspiracao\">Quellen der Inspiration<\/a><\/li><\/ul><\/nav><\/div>\n\n\n\n<hr class=\"wp-block-separator has-alpha-channel-opacity\"\/>\n\n\n\n<h2 class=\"wp-block-heading\" id=\"a-importancia-de-uma-rotina-capilar-completa\"><strong>A Import\u00e2ncia de uma Rotina Capilar Completa<\/strong><\/h2>\n\n\n\n<p>Uma rotina capilar eficaz vai muito al\u00e9m do simples ato de lavar o cabelo. Cada etapa do cuidado possui um papel fundamental para garantir que os fios permane\u00e7am nutridos, protegidos e com aspecto luminoso.<\/p>\n\n\n\n<ul class=\"wp-block-list\">\n<li><strong>Richtige Hygiene:<\/strong> A limpeza remove impurezas, excesso de oleosidade e res\u00edduos de produtos, preparando os fios para absorver os nutrientes dos tratamentos.<\/li>\n\n\n\n<li><strong>Ern\u00e4hrung und Fl\u00fcssigkeitszufuhr:<\/strong> S\u00e3o etapas essenciais para repor a umidade e os lip\u00eddios naturais do cabelo, prevenindo o ressecamento e a quebra.<\/li>\n\n\n\n<li><strong>Prote\u00e7\u00e3o e Finaliza\u00e7\u00e3o:<\/strong> Produtos como protetores t\u00e9rmicos e finalizadores ajudam a selar a hidrata\u00e7\u00e3o, proteger os fios dos danos ambientais e conferir brilho.<\/li>\n\n\n\n<li><strong>Manuten\u00e7\u00e3o e Tratamentos Espec\u00edficos:<\/strong> M\u00e1scaras, \u00f3leos e leave-ins s\u00e3o fundamentais para reparar danos e manter a sa\u00fade dos fios a longo prazo.<\/li>\n<\/ul>\n\n\n\n<p>Uma rotina completa e consistente \u00e9 a chave para transformar a <strong>sa\u00fade do cabelo<\/strong> e fazer com que cada fio se torne mais resistente, brilhante e cheio de vitalidade mantendo os seus <strong>cabelos saud\u00e1veis<\/strong><\/p>\n\n\n\n<hr class=\"wp-block-separator has-alpha-channel-opacity\"\/>\n\n\n\n<h2 class=\"wp-block-heading\" id=\"1-produtos-de-limpeza-shampoos-e-condicionadores\"><strong>1. Produtos de Limpeza: Shampoos e Condicionadores<\/strong><\/h2>\n\n\n\n<h3 class=\"wp-block-heading\" id=\"shampoos-suaves\"><strong>Shampoos Suaves<\/strong><\/h3>\n\n\n\n<p>O primeiro passo para <strong>cabelos saud\u00e1veis<\/strong> \u00e9 uma limpeza adequada. A escolha de um shampoo deve ser baseada no tipo de cabelo e nas necessidades espec\u00edficas dos fios:<\/p>\n\n\n\n<ul class=\"wp-block-list\">\n<li><strong>Shampoo Sem Sulfato:<\/strong> Ideal para quem possui couro cabeludo sens\u00edvel ou cabelos quimicamente tratados. Esses shampoos limpam sem retirar a oleosidade natural, preservando a hidrata\u00e7\u00e3o.<\/li>\n\n\n\n<li><strong>Shampoo Hidratante:<\/strong> Formulado com ativos que ajudam a manter a umidade dos fios, sendo perfeito para cabelos secos ou danificados.<\/li>\n\n\n\n<li><strong>Shampoo Anticaspa e Equilibrante:<\/strong> Para quem sofre com descama\u00e7\u00e3o ou couro cabeludo oleoso, essas f\u00f3rmulas ajudam a regular a produ\u00e7\u00e3o de sebo e a manter a sa\u00fade do couro cabeludo.<\/li>\n<\/ul>\n\n\n\n<h3 class=\"wp-block-heading\" id=\"condicionadores-nutritivos\"><strong>Condicionadores Nutritivos<\/strong><\/h3>\n\n\n\n<p>Ap\u00f3s a limpeza, o condicionador \u00e9 fundamental para desembara\u00e7ar e nutrir os fios:<\/p>\n\n\n\n<ul class=\"wp-block-list\">\n<li><strong>Condicionadores Ricos em \u00d3leos Naturais:<\/strong> Ingredientes como \u00f3leo de argan, \u00f3leo de coco e manteiga de karit\u00e9 ajudam a repor a hidrata\u00e7\u00e3o e a nutrir profundamente os cabelos.<\/li>\n\n\n\n<li><strong>Condicionadores Leves para Cabelos Finos:<\/strong> F\u00f3rmulas menos densas que n\u00e3o pesam os fios, mantendo o volume e a leveza.<\/li>\n\n\n\n<li><strong>Condicionadores com Prote\u00edna:<\/strong> Para cabelos quimicamente tratados ou danificados, produtos com queratina e col\u00e1geno ajudam a reparar a estrutura capilar.<\/li>\n<\/ul>\n\n\n\n<hr class=\"wp-block-separator has-alpha-channel-opacity\"\/>\n\n\n\n<h2 class=\"wp-block-heading\" id=\"2-mascaras-e-tratamentos-profundos\"><strong>2. M\u00e1scaras e Tratamentos Profundos<\/strong><\/h2>\n\n\n\n<h3 class=\"wp-block-heading\" id=\"mascaras-de-hidratacao-e-nutricao\"><strong>M\u00e1scaras de Hidrata\u00e7\u00e3o e Nutri\u00e7\u00e3o<\/strong><\/h3>\n\n\n\n<p>As m\u00e1scaras capilares s\u00e3o tratamentos intensivos que restauram a sa\u00fade dos fios em poucos minutos:<\/p>\n\n\n\n<ul class=\"wp-block-list\">\n<li><strong>M\u00e1scaras Hidratantes:<\/strong> Indicadas para cabelos secos e sem vida, essas m\u00e1scaras geralmente cont\u00eam \u00e1cido hialur\u00f4nico, pantenol e glicerina, que ajudam a repor a umidade.<\/li>\n\n\n\n<li><strong>M\u00e1scaras Nutritivas:<\/strong> Ricas em \u00f3leos e manteigas, como \u00f3leo de argan, \u00f3leo de abacate e manteiga de karit\u00e9, essas m\u00e1scaras s\u00e3o ideais para reparar cabelos danificados, quimicamente tratados ou com pontas duplas.<\/li>\n\n\n\n<li><strong>M\u00e1scaras Reconstrutoras:<\/strong> Formuladas com prote\u00ednas, col\u00e1geno e queratina, ajudam a restaurar a estrutura interna do fio, fortalecendo-o e prevenindo a quebra.<\/li>\n<\/ul>\n\n\n\n<h3 class=\"wp-block-heading\" id=\"tratamentos-semanais\"><strong>Tratamentos Semanais<\/strong><\/h3>\n\n\n\n<p>Para potencializar os resultados, a utiliza\u00e7\u00e3o de m\u00e1scaras e tratamentos deve ser feita semanalmente, adaptando a frequ\u00eancia \u00e0s necessidades individuais dos fios.<\/p>\n\n\n\n<ul class=\"wp-block-list\">\n<li><strong>Aplica\u00e7\u00e3o Correta:<\/strong> Aplique a m\u00e1scara ap\u00f3s a lavagem, deixando agir pelo tempo indicado na embalagem para uma absor\u00e7\u00e3o completa dos nutrientes.<\/li>\n\n\n\n<li><strong>Enx\u00e1gue com Cuidado:<\/strong> Remova todos os res\u00edduos com \u00e1gua morna e finalize com \u00e1gua fria para fechar as cut\u00edculas e potencializar o brilho.<\/li>\n<\/ul>\n\n\n\n<hr class=\"wp-block-separator has-alpha-channel-opacity\"\/>\n\n\n\n<h2 class=\"wp-block-heading\" id=\"3-leave-ins-e-cremes-de-pentear\"><strong>3. Leave-ins e Cremes de Pentear<\/strong><\/h2>\n\n\n\n<h3 class=\"wp-block-heading\" id=\"leave-in-para-protecao-e-facilidade-de-desembaraco\"><strong>Leave-in para Prote\u00e7\u00e3o e Facilidade de Desembara\u00e7o<\/strong><\/h3>\n\n\n\n<p>Os leave-ins s\u00e3o produtos sem enx\u00e1gue que ajudam a manter os fios hidratados e protegidos ao longo do dia:<\/p>\n\n\n\n<ul class=\"wp-block-list\">\n<li><strong>Leave-ins Hidratantes:<\/strong> Cont\u00eam ativos que selam a hidrata\u00e7\u00e3o e deixam os cabelos macios e brilhantes, facilitando o penteado.<\/li>\n\n\n\n<li><strong>Leave-ins com Prote\u00e7\u00e3o T\u00e9rmica:<\/strong> Essenciais para quem utiliza ferramentas de calor, esses produtos criam uma barreira protetora contra o calor do secador, chapinha ou modelador.<\/li>\n\n\n\n<li><strong>Leave-ins com Fatores Antioxidantes:<\/strong> F\u00f3rmulas com vitamina E, pantenol e extratos bot\u00e2nicos ajudam a proteger os fios dos danos causados pelos radicais livres e pela polui\u00e7\u00e3o.<\/li>\n<\/ul>\n\n\n\n<h3 class=\"wp-block-heading\" id=\"cremes-de-pentear-para-definicao-e-controle\"><strong>Cremes de Pentear para Defini\u00e7\u00e3o e Controle<\/strong><\/h3>\n\n\n\n<p>Para cabelos com textura cacheada ou ondulada, os cremes de pentear s\u00e3o fundamentais:<\/p>\n\n\n\n<ul class=\"wp-block-list\">\n<li><strong>Defini\u00e7\u00e3o dos Cachos:<\/strong> Cremes que ajudam a definir os cachos sem deix\u00e1-los pesados, mantendo a forma natural dos fios.<\/li>\n\n\n\n<li><strong>Controle do Frizz:<\/strong> Produtos que combatem o frizz e proporcionam um acabamento liso e disciplinado, sem agredir os fios.<\/li>\n\n\n\n<li><strong>Vielseitigkeit:<\/strong> Podem ser usados tanto em cabelos secos quanto \u00famidos, facilitando o estilo do dia a dia.<\/li>\n<\/ul>\n\n\n\n<hr class=\"wp-block-separator has-alpha-channel-opacity\"\/>\n\n\n\n<h2 class=\"wp-block-heading\" id=\"4-oleos-e-seruns-nutricao-extra-e-brilho\"><strong>4. \u00d3leos e S\u00e9runs: Nutri\u00e7\u00e3o Extra e Brilho<\/strong><\/h2>\n\n\n\n<h3 class=\"wp-block-heading\" id=\"oleos-capilares-para-finalizacao\"><strong>\u00d3leos Capilares para Finaliza\u00e7\u00e3o<\/strong><\/h3>\n\n\n\n<p>Os \u00f3leos capilares s\u00e3o excelentes para nutrir e conferir brilho aos cabelos, funcionando como um toque final na rotina de <strong>cabelos saud\u00e1veis<\/strong>:<\/p>\n\n\n\n<ul class=\"wp-block-list\">\n<li><strong>\u00d3leo de Argan:<\/strong> Rico em antioxidantes, vitamina E e \u00e1cidos graxos, este \u00f3leo \u00e9 perfeito para nutrir e dar brilho sem pesar.<\/li>\n\n\n\n<li><strong>\u00d3leo de Coco:<\/strong> Com propriedades hidratantes e antimicrobianas, \u00e9 ideal para cabelos secos e danificados.<\/li>\n\n\n\n<li><strong>\u00d3leo de Jojoba:<\/strong> Semelhante ao sebo natural, auxilia no equil\u00edbrio da produ\u00e7\u00e3o de \u00f3leo no couro cabeludo e nos fios.<\/li>\n\n\n\n<li><strong>Modo de Aplica\u00e7\u00e3o:<\/strong> Aplique algumas gotas nos fios \u00famidos ou secos, concentrando na parte final para selar a hidrata\u00e7\u00e3o e reduzir o frizz.<\/li>\n<\/ul>\n\n\n\n<h3 class=\"wp-block-heading\" id=\"seruns-para-reparacao-e-brilho\"><strong>S\u00e9runs para Repara\u00e7\u00e3o e Brilho<\/strong><\/h3>\n\n\n\n<p>Os s\u00e9runs s\u00e3o produtos concentrados que atuam diretamente na superf\u00edcie dos fios, promovendo repara\u00e7\u00e3o e brilho instant\u00e2neo.<\/p>\n\n\n\n<ul class=\"wp-block-list\">\n<li><strong>S\u00e9rum de Vitamina C:<\/strong> Ajuda a clarear e uniformizar o tom dos fios, al\u00e9m de combater os radicais livres.<\/li>\n\n\n\n<li><strong>S\u00e9rum com \u00c1cido Hialur\u00f4nico:<\/strong> Proporciona hidrata\u00e7\u00e3o profunda, mantendo os cabelos macios e brilhantes.<\/li>\n\n\n\n<li><strong>S\u00e9rum Antifrizz:<\/strong> Ideal para controlar o frizz e proteger os fios do ambiente, oferecendo um acabamento liso e disciplinado.<\/li>\n<\/ul>\n\n\n\n<hr class=\"wp-block-separator has-alpha-channel-opacity\"\/>\n\n\n\n<h2 class=\"wp-block-heading\" id=\"5-protetores-termicos-e-produtos-de-finalizacao\"><strong>5. Protetores T\u00e9rmicos e Produtos de Finaliza\u00e7\u00e3o<\/strong><\/h2>\n\n\n\n<h3 class=\"wp-block-heading\" id=\"protetores-termicos-para-uso-diario\"><strong>Protetores T\u00e9rmicos para Uso Di\u00e1rio<\/strong><\/h3>\n\n\n\n<p>Para quem utiliza frequentemente secadores, chapinhas ou modeladores, os protetores t\u00e9rmicos s\u00e3o indispens\u00e1veis:<\/p>\n\n\n\n<ul class=\"wp-block-list\">\n<li><strong>Fun\u00e7\u00e3o de Barreira:<\/strong> Criam uma camada protetora que reduz os danos causados pelo calor, preservando a estrutura e a hidrata\u00e7\u00e3o dos fios.<\/li>\n\n\n\n<li><strong>F\u00e1cil Aplica\u00e7\u00e3o:<\/strong> Normalmente aplicados sobre os cabelos \u00famidos antes do uso de ferramentas de calor.<\/li>\n\n\n\n<li><strong>Benef\u00edcios Adicionais:<\/strong> Alguns protetores t\u00e9rmicos tamb\u00e9m possuem agentes que ajudam a reduzir o frizz e a manter o brilho natural dos cabelos.<\/li>\n<\/ul>\n\n\n\n<h3 class=\"wp-block-heading\" id=\"produtos-de-finalizacao-para-um-toque-extra-de-brilho\"><strong>Produtos de Finaliza\u00e7\u00e3o para um Toque Extra de Brilho<\/strong><\/h3>\n\n\n\n<p>Al\u00e9m dos \u00f3leos e s\u00e9runs, alguns produtos de finaliza\u00e7\u00e3o podem real\u00e7ar o visual e manter os <strong>cabelos saud\u00e1veis<\/strong> ao longo do dia:<\/p>\n\n\n\n<ul class=\"wp-block-list\">\n<li><strong>Sprays de Brilho:<\/strong> Finalizadores que conferem luminosidade instant\u00e2nea aos fios, ideais para um look de acabamento perfeito.<\/li>\n\n\n\n<li><strong>Fixadores Leves:<\/strong> Produtos que ajudam a manter o penteado sem agredir ou ressecar os fios, garantindo durabilidade e movimento natural.<\/li>\n\n\n\n<li><strong>Pomadas e Ceras:<\/strong> Para estilos mais definidos e controle de frizz, sem deixar os cabelos com aspecto pesado.<\/li>\n<\/ul>\n\n\n\n<hr class=\"wp-block-separator has-alpha-channel-opacity\"\/>\n\n\n\n<h2 class=\"wp-block-heading\" id=\"6-dicas-complementares-para-manutencao-dos-cabelos-saudaveis\"><strong>6. Dicas Complementares para Manuten\u00e7\u00e3o dos Cabelos Saud\u00e1veis<\/strong><\/h2>\n\n\n\n<h3 class=\"wp-block-heading\" id=\"rotina-de-lavagem-adequada\"><strong>Rotina de Lavagem Adequada<\/strong><\/h3>\n\n\n\n<ul class=\"wp-block-list\">\n<li><strong>Frequ\u00eancia Personalizada:<\/strong> A quantidade de lavagens deve ser adaptada ao tipo de cabelo. Cabelos oleosos podem precisar de lavagens mais frequentes, enquanto cabelos secos se beneficiam de uma rotina mais espa\u00e7ada.<\/li>\n\n\n\n<li><strong>Temperatura da \u00c1gua:<\/strong> Prefira \u00e1gua morna, pois a \u00e1gua quente pode ressecar os fios e o couro cabeludo, enquanto a \u00e1gua fria pode n\u00e3o remover todas as impurezas.<\/li>\n<\/ul>\n\n\n\n<h3 class=\"wp-block-heading\" id=\"cuidados-com-o-couro-cabeludo\"><strong>Cuidados com o Couro Cabeludo<\/strong><\/h3>\n\n\n\n<ul class=\"wp-block-list\">\n<li><strong>Haar-Massage:<\/strong> Durante a lavagem, massageie o couro cabeludo com as pontas dos dedos para estimular a circula\u00e7\u00e3o e promover a sa\u00fade dos fol\u00edculos.<\/li>\n\n\n\n<li><strong>Higiene e Nutri\u00e7\u00e3o:<\/strong> Utilize produtos espec\u00edficos para o couro cabeludo, evitando o ac\u00famulo de res\u00edduos que podem levar a irrita\u00e7\u00f5es e at\u00e9 \u00e0 queda dos fios.<\/li>\n<\/ul>\n\n\n\n<h3 class=\"wp-block-heading\" id=\"corte-e-manutencao-regular\"><strong>Corte e Manuten\u00e7\u00e3o Regular<\/strong><\/h3>\n\n\n\n<ul class=\"wp-block-list\">\n<li><strong>Visitas ao Cabeleireiro:<\/strong> Manter o corte em dia ajuda a prevenir pontas duplas e a manter os fios com aspecto saud\u00e1vel e bem cuidados.<\/li>\n\n\n\n<li><strong>Avalia\u00e7\u00e3o Peri\u00f3dica:<\/strong> Consulte um profissional para avaliar a sa\u00fade dos seus cabelos e ajustar a rotina de cuidados conforme necess\u00e1rio.<\/li>\n<\/ul>\n\n\n\n<h3 class=\"wp-block-heading\" id=\"estilo-de-vida-e-alimentacao\"><strong>Estilo de Vida e Alimenta\u00e7\u00e3o<\/strong><\/h3>\n\n\n\n<ul class=\"wp-block-list\">\n<li><strong>Alimenta\u00e7\u00e3o Balanceada:<\/strong> Uma dieta rica em vitaminas, minerais e prote\u00ednas \u00e9 fundamental para a sa\u00fade dos cabelos. Inclua frutas, vegetais, oleaginosas e prote\u00ednas magras na sua alimenta\u00e7\u00e3o.<\/li>\n\n\n\n<li><strong>Hidrata\u00e7\u00e3o Interna:<\/strong> Beber bastante \u00e1gua \u00e9 crucial para manter os cabelos hidratados e favorecer o metabolismo celular.<\/li>\n\n\n\n<li><strong>Redu\u00e7\u00e3o do Estresse:<\/strong> Pr\u00e1ticas de relaxamento, exerc\u00edcios f\u00edsicos e uma rotina de sono adequada contribuem para a sa\u00fade capilar.<\/li>\n<\/ul>\n\n\n\n<hr class=\"wp-block-separator has-alpha-channel-opacity\"\/>\n\n\n\n<h2 class=\"wp-block-heading\" id=\"conclusao\"><strong>Schlussfolgerung<\/strong><\/h2>\n\n\n\n<p>Manter <strong>cabelos saud\u00e1veis<\/strong> e brilhantes requer uma abordagem integrada que envolve a escolha dos produtos certos, uma rotina de cuidados bem estruturada e h\u00e1bitos saud\u00e1veis no dia a dia. Do shampoo ao protetor t\u00e9rmico, cada etapa desempenha um papel fundamental para preservar a integridade dos fios e real\u00e7ar sua beleza natural. Siga todos essas dicas que as chances de ter seus <strong>cabelos saud\u00e1veis<\/strong> ser\u00e1 muito maior!<\/p>\n\n\n\n<p>Wir bei <strong>Sch\u00f6nheit Kunst<\/strong>, acreditamos que investir em <strong>produtos essenciais para cabelos saud\u00e1veis<\/strong>, adaptando a rotina \u00e0s necessidades individuais dos seus cabelos, \u00e9 o caminho para resultados duradouros. Se voc\u00ea deseja transformar a sa\u00fade dos seus fios e alcan\u00e7ar um visual mais luminoso e cheio de vida, comece implementando essas dicas e observe a diferen\u00e7a! E viva os <strong>cabelos saud\u00e1veis<\/strong>!<\/p>\n\n\n\n<p>Para mais informa\u00e7\u00f5es, orienta\u00e7\u00f5es e dicas de beleza, visite nosso site <a href=\"https:\/\/beleza.artereciclada.com.br\/de\/\">Sch\u00f6nheit Kunst<\/a> und folgen Sie unseren sozialen Netzwerken. Wenn Sie eine pers\u00f6nliche Beratung ben\u00f6tigen, kontaktieren Sie uns bitte per E-Mail unter <strong><a href=\"mailto:contato@artereciclada.com.br\">contato@artereciclada.com.br<\/a><\/strong>.<\/p>\n\n\n\n<hr class=\"wp-block-separator has-alpha-channel-opacity\"\/>\n\n\n\n<h2 class=\"wp-block-heading\" id=\"fontes-de-inspiracao\"><strong>Quellen der Inspiration<\/strong><\/h2>\n\n\n\n<p>Este artigo foi desenvolvido com base em experi\u00eancias pessoais, tend\u00eancias do mercado de beleza e experi\u00eancias pr\u00e1ticas no cuidado capilar. As orienta\u00e7\u00f5es apresentadas visam oferecer um guia completo e atualizado para que voc\u00ea possa conquistar e manter <strong>cabelos saud\u00e1veis<\/strong>, cheios de brilho e vitalidade.<\/p>\n\n\n\n<p>Investir na sa\u00fade capilar \u00e9 investir na sua autoestima. Mantenha-se informado, ajuste sua rotina conforme necess\u00e1rio e desfrute dos benef\u00edcios de fios bem cuidados e mantenha seus <strong>cabelos saud\u00e1veis<\/strong>!<\/p>\n\n\n\n<hr class=\"wp-block-separator has-alpha-channel-opacity\"\/>\n\n\n\n<p><a href=\"https:\/\/www.youtube.com\/watch?v=aH4jY6J4kvE\" target=\"_blank\" rel=\"noopener\">Video-Vorschlag<\/a><\/p>\n\n\n\n<p><\/p>","protected":false},"excerpt":{"rendered":"<p>Manter cabelos saud\u00e1veis, cabelo brilhante e bem nutrido \u00e9 o objetivo de muitas pessoas que buscam n\u00e3o apenas uma apar\u00eancia bonita, mas tamb\u00e9m a sa\u00fade dos fios e do couro cabeludo. No Beleza Arte, acreditamos que uma rotina de cuidados capilares bem estruturada, com o uso de produtos capilares essenciais, pode transformar seu visual e [&hellip;]<\/p>","protected":false},"author":4,"featured_media":111,"comment_status":"open","ping_status":"open","sticky":false,"template":"","format":"standard","meta":{"footnotes":""},"categories":[6],"tags":[],"class_list":["post-110","post","type-post","status-publish","format-standard","has-post-thumbnail","hentry","category-cabelo"],"blocksy_meta":[],"_links":{"self":[{"href":"https:\/\/beleza.artereciclada.com.br\/de\/wp-json\/wp\/v2\/posts\/110","targetHints":{"allow":["GET"]}}],"collection":[{"href":"https:\/\/beleza.artereciclada.com.br\/de\/wp-json\/wp\/v2\/posts"}],"about":[{"href":"https:\/\/beleza.artereciclada.com.br\/de\/wp-json\/wp\/v2\/types\/post"}],"author":[{"embeddable":true,"href":"https:\/\/beleza.artereciclada.com.br\/de\/wp-json\/wp\/v2\/users\/4"}],"replies":[{"embeddable":true,"href":"https:\/\/beleza.artereciclada.com.br\/de\/wp-json\/wp\/v2\/comments?post=110"}],"version-history":[{"count":4,"href":"https:\/\/beleza.artereciclada.com.br\/de\/wp-json\/wp\/v2\/posts\/110\/revisions"}],"predecessor-version":[{"id":234,"href":"https:\/\/beleza.artereciclada.com.br\/de\/wp-json\/wp\/v2\/posts\/110\/revisions\/234"}],"wp:featuredmedia":[{"embeddable":true,"href":"https:\/\/beleza.artereciclada.com.br\/de\/wp-json\/wp\/v2\/media\/111"}],"wp:attachment":[{"href":"https:\/\/beleza.artereciclada.com.br\/de\/wp-json\/wp\/v2\/media?parent=110"}],"wp:term":[{"taxonomy":"category","embeddable":true,"href":"https:\/\/beleza.artereciclada.com.br\/de\/wp-json\/wp\/v2\/categories?post=110"},{"taxonomy":"post_tag","embeddable":true,"href":"https:\/\/beleza.artereciclada.com.br\/de\/wp-json\/wp\/v2\/tags?post=110"}],"curies":[{"name":"wp","href":"https:\/\/api.w.org\/{rel}","templated":true}]}}